{"id":555,"date":"2013-11-06T14:45:13","date_gmt":"2013-11-06T14:45:13","guid":{"rendered":"https:\/\/die-wetterversicherung.de\/?p=555"},"modified":"2013-11-06T14:45:13","modified_gmt":"2013-11-06T14:45:13","slug":"groenland-gletscher-keine-klare-linie-in-der-entwicklung","status":"publish","type":"post","link":"https:\/\/die-wetterversicherung.de\/blog\/groenland-gletscher-keine-klare-linie-in-der-entwicklung\/","title":{"rendered":"Gr\u00f6nland-Gletscher: Keine klare Linie in der Entwicklung"},"content":{"rendered":"<div id=\"attachment_556\" style=\"width: 300px\" class=\"wp-caption alignleft\"><a href=\"http:\/\/wetterversicherung.gvf.s17263673.onlinehome-server.info\/wp-content\/uploads\/2013\/11\/Icy_waters_in_Greenland1.jpg\"><img loading=\"lazy\" decoding=\"async\" aria-describedby=\"caption-attachment-556\" class=\"size-medium wp-image-556\" alt=\"Dass Gr\u00f6nlands Gletscher in Richtung Meer wandert, ist man sich einig. \u00dcber die Geschwindigkeit diskutieren Wissenschaftler noch. Foto: esa\" src=\"http:\/\/wetterversicherung.gvf.s17263673.onlinehome-server.info\/wp-content\/uploads\/2013\/11\/Icy_waters_in_Greenland1-300x300.jpg\" width=\"300\" height=\"300\" srcset=\"https:\/\/die-wetterversicherung.de\/blog\/wp-content\/uploads\/2013\/11\/Icy_waters_in_Greenland1-300x300.jpg 300w, https:\/\/die-wetterversicherung.de\/blog\/wp-content\/uploads\/2013\/11\/Icy_waters_in_Greenland1-150x150.jpg 150w, https:\/\/die-wetterversicherung.de\/blog\/wp-content\/uploads\/2013\/11\/Icy_waters_in_Greenland1.jpg 1000w\" sizes=\"auto, (max-width: 300px) 100vw, 300px\" \/><\/a><p id=\"caption-attachment-556\" class=\"wp-caption-text\">Dass Gr\u00f6nlands Gletscher in Richtung Meer wandert, ist man sich einig. \u00dcber die Geschwindigkeit diskutieren Wissenschaftler noch. Foto: esa<\/p><\/div>\n<p dir=\"ltr\">Der Name \u201eGr\u00f6nland\u201c f\u00fcr die gr\u00f6\u00dfte Insel der Welt t\u00e4uscht. Er bedeutet n\u00e4mlich auf Deutsch \u201egr\u00fcnes Land\u201c. Das zum nordamerikanischen Kontinent geh\u00f6rende Eiland ist gro\u00dfteils noch von Gletschern bedeckt. Die Betonung liegt auf \u201enoch\u201c. Der Klimawandel hat die politisch zu D\u00e4nemark geh\u00f6rende Insel in Bewegung versetzt.<\/p>\n<p>Die European Space Agency (ESA) mit dem Kontrollzentrum im hessischen Darmstadt fungiert als Beobachter unter anderem dessen, was sich in Gr\u00f6nland abspielt. Die Satelliten ERS-1 und ERS-2, beide nicht mehr aktiv, lieferten seit den 80er Jahren st\u00e4ndig Daten \u00fcber die Entwicklung des Meereises am Nordpol und der Gletscher am S\u00fcdpol und in Gr\u00f6nland. Der Zeitraum von einigen Jahrzehnten ist allerdings im Vergleich zum Erdalter viel zu kurz, um hundertprozentig sagen zu k\u00f6nnen, was sich da abspielt. Klar ist nur, da tut sich was.<\/p>\n<p>&nbsp;<\/p>\n<p>Die landl\u00e4ufige Meinung ist, die Gletscher schmelzen aufgrund der Klimaerw\u00e4rmung, die ohne Zweifel schon seit L\u00e4ngerem stattfindet. Doch die Entwicklung der Eismassen ist komplexer. Bis 2003 wurde sogar eine Zunahme beobachtet. Vermehrte Verdunstungen \u00fcber dem Meer durch eine w\u00e4rmere Atmosph\u00e4re sorgen f\u00fcr einen st\u00e4rkeren Schneefall im n\u00f6rdlichen Polarkreis, was f\u00fcr die Verst\u00e4rkung des Eispanzers, der \u00fcber Gr\u00f6nland liegt, sorgt. Von 1992 bis 2003 hat dieser um 45 Milliarden Tonnen zugenommen. Das entspricht einem j\u00e4hrlichen Wachstum von 1,8 Zentimeter. Unklar ist jedoch, wie sich diese gegens\u00e4tzlichen Bewegungen auf den Meeresspiegel auswirken werden. 2012 brach ein etwa 120 Quadratkilometer gro\u00dfer Eisbrocken vom Gr\u00f6nland-Gletscher ab und wurde zum schwimmenden Eisberg, was wiederum Auswirkungen auf den Meeresspiegel hat; die Folge: mehr Wasser, mehr Schnee. Ein Kreislauf, der in den letzten zwanzig Jahren von der Wissenschaft nicht ber\u00fccksichtigt wurde, kommt laut ESA zum Greifen.<\/p>\n<p>\u201eAuf den aktuellen Satellitenbildern sieht man zwar, dass sich Gr\u00f6nlands Gletscher in Richtung Meer bewegt, aber langsamer, als bisher angenommen.\u201c, so Prof. Frank-J\u00fcrgen Diekmann, Flugleiter im ESA-Kontrollzentrum Darmstadt.<\/p>\n<p>Gro\u00dfe Hoffnung setzen die Wissenschaftler auf den Satelliten \u201eCryoSat-2\u201c, der 2010 gestartet ist und bis 2017 Daten in einer bisher unerreichten Genauigkeit liefern soll. Aus den laufenden Auswertungen erhofft man sich, der Entwicklung von Gletschergr\u00f6\u00dfen und dem Anstieg des globalen Meeresspiegels einen roten Faden zu verleihen.<\/p>\n<p>&nbsp;<\/p>\n","protected":false},"excerpt":{"rendered":"<p>Der Name \u201eGr\u00f6nland\u201c f\u00fcr die gr\u00f6\u00dfte Insel der Welt t\u00e4uscht. Er bedeutet n\u00e4mlich auf Deutsch \u201egr\u00fcnes Land\u201c. Das zum nordamerikanischen Kontinent geh\u00f6rende Eiland ist gro\u00dfteils noch von Gletschern bedeckt. Die Betonung liegt auf \u201enoch\u201c. Der Klimawandel hat die politisch zu D\u00e4nemark geh\u00f6rende Insel in Bewegung versetzt. Die European Space Agency (ESA) mit dem Kontrollzentrum im &hellip; <\/p>\n<p><a class=\"more-link btn\" href=\"https:\/\/die-wetterversicherung.de\/blog\/groenland-gletscher-keine-klare-linie-in-der-entwicklung\/\">Weiterlesen<\/a><\/p>\n","protected":false},"author":5,"featured_media":556,"comment_status":"open","ping_status":"closed","sticky":false,"template":"","format":"standard","meta":{"footnotes":""},"categories":[4],"tags":[],"class_list":["post-555","post","type-post","status-publish","format-standard","has-post-thumbnail","hentry","category-lasst-uns-ubers-wetter-reden","item-wrap"],"yoast_head":"<!-- This site is optimized with the Yoast SEO plugin v26.4 - https:\/\/yoast.com\/wordpress\/plugins\/seo\/ -->\n<title>Gr\u00f6nland-Gletscher: Keine klare Linie in der Entwicklung - die-wetterversicherung.de<\/title>\n<meta name=\"robots\" content=\"index, follow, max-snippet:-1, max-image-preview:large, max-video-preview:-1\" \/>\n<link rel=\"canonical\" href=\"https:\/\/die-wetterversicherung.de\/blog\/groenland-gletscher-keine-klare-linie-in-der-entwicklung\/\" \/>\n<meta property=\"og:locale\" content=\"de_DE\" \/>\n<meta property=\"og:type\" content=\"article\" \/>\n<meta property=\"og:title\" content=\"Gr\u00f6nland-Gletscher: Keine klare Linie in der Entwicklung - die-wetterversicherung.de\" \/>\n<meta property=\"og:description\" content=\"Der Name \u201eGr\u00f6nland\u201c f\u00fcr die gr\u00f6\u00dfte Insel der Welt t\u00e4uscht. Er bedeutet n\u00e4mlich auf Deutsch \u201egr\u00fcnes Land\u201c. Das zum nordamerikanischen Kontinent geh\u00f6rende Eiland ist gro\u00dfteils noch von Gletschern bedeckt. Die Betonung liegt auf \u201enoch\u201c. Der Klimawandel hat die politisch zu D\u00e4nemark geh\u00f6rende Insel in Bewegung versetzt. Die European Space Agency (ESA) mit dem Kontrollzentrum im &hellip; Weiterlesen\" \/>\n<meta property=\"og:url\" content=\"https:\/\/die-wetterversicherung.de\/blog\/groenland-gletscher-keine-klare-linie-in-der-entwicklung\/\" \/>\n<meta property=\"og:site_name\" content=\"die-wetterversicherung.de\" \/>\n<meta property=\"article:publisher\" content=\"https:\/\/www.facebook.com\/diewetterversicherung\" \/>\n<meta property=\"article:published_time\" content=\"2013-11-06T14:45:13+00:00\" \/>\n<meta property=\"og:image\" content=\"https:\/\/die-wetterversicherung.de\/blog\/wp-content\/uploads\/2013\/11\/Icy_waters_in_Greenland1.jpg\" \/>\n\t<meta property=\"og:image:width\" content=\"1000\" \/>\n\t<meta property=\"og:image:height\" content=\"1003\" \/>\n\t<meta property=\"og:image:type\" content=\"image\/jpeg\" \/>\n<meta name=\"author\" content=\"admin\" \/>\n<meta name=\"twitter:card\" content=\"summary_large_image\" \/>\n<meta name=\"twitter:label1\" content=\"Verfasst von\" \/>\n\t<meta name=\"twitter:data1\" content=\"admin\" \/>\n\t<meta name=\"twitter:label2\" content=\"Gesch\u00e4tzte Lesezeit\" \/>\n\t<meta name=\"twitter:data2\" content=\"2\u00a0Minuten\" \/>\n<script type=\"application\/ld+json\" class=\"yoast-schema-graph\">{\"@context\":\"https:\/\/schema.org\",\"@graph\":[{\"@type\":\"WebPage\",\"@id\":\"https:\/\/die-wetterversicherung.de\/blog\/groenland-gletscher-keine-klare-linie-in-der-entwicklung\/\",\"url\":\"https:\/\/die-wetterversicherung.de\/blog\/groenland-gletscher-keine-klare-linie-in-der-entwicklung\/\",\"name\":\"Gr\u00f6nland-Gletscher: Keine klare Linie in der Entwicklung - die-wetterversicherung.de\",\"isPartOf\":{\"@id\":\"https:\/\/die-wetterversicherung.de\/blog\/#website\"},\"primaryImageOfPage\":{\"@id\":\"https:\/\/die-wetterversicherung.de\/blog\/groenland-gletscher-keine-klare-linie-in-der-entwicklung\/#primaryimage\"},\"image\":{\"@id\":\"https:\/\/die-wetterversicherung.de\/blog\/groenland-gletscher-keine-klare-linie-in-der-entwicklung\/#primaryimage\"},\"thumbnailUrl\":\"https:\/\/die-wetterversicherung.de\/blog\/wp-content\/uploads\/2013\/11\/Icy_waters_in_Greenland1.jpg\",\"datePublished\":\"2013-11-06T14:45:13+00:00\",\"author\":{\"@id\":\"https:\/\/die-wetterversicherung.de\/blog\/#\/schema\/person\/ece359d1fb2756d4f371d523c75b881a\"},\"breadcrumb\":{\"@id\":\"https:\/\/die-wetterversicherung.de\/blog\/groenland-gletscher-keine-klare-linie-in-der-entwicklung\/#breadcrumb\"},\"inLanguage\":\"de\",\"potentialAction\":[{\"@type\":\"ReadAction\",\"target\":[\"https:\/\/die-wetterversicherung.de\/blog\/groenland-gletscher-keine-klare-linie-in-der-entwicklung\/\"]}]},{\"@type\":\"ImageObject\",\"inLanguage\":\"de\",\"@id\":\"https:\/\/die-wetterversicherung.de\/blog\/groenland-gletscher-keine-klare-linie-in-der-entwicklung\/#primaryimage\",\"url\":\"https:\/\/die-wetterversicherung.de\/blog\/wp-content\/uploads\/2013\/11\/Icy_waters_in_Greenland1.jpg\",\"contentUrl\":\"https:\/\/die-wetterversicherung.de\/blog\/wp-content\/uploads\/2013\/11\/Icy_waters_in_Greenland1.jpg\",\"width\":1000,\"height\":1003,\"caption\":\"Dass Gr\u00f6nlands Gletscher in Richtung Meer wandert, ist man sich einig. \u00dcber die Geschwindigkeit diskutieren Wissenschaftler noch. Foto: esa\"},{\"@type\":\"BreadcrumbList\",\"@id\":\"https:\/\/die-wetterversicherung.de\/blog\/groenland-gletscher-keine-klare-linie-in-der-entwicklung\/#breadcrumb\",\"itemListElement\":[{\"@type\":\"ListItem\",\"position\":1,\"name\":\"Startseite\",\"item\":\"https:\/\/die-wetterversicherung.de\/blog\/\"},{\"@type\":\"ListItem\",\"position\":2,\"name\":\"Gr\u00f6nland-Gletscher: Keine klare Linie in der Entwicklung\"}]},{\"@type\":\"WebSite\",\"@id\":\"https:\/\/die-wetterversicherung.de\/blog\/#website\",\"url\":\"https:\/\/die-wetterversicherung.de\/blog\/\",\"name\":\"die-wetterversicherung.de\",\"description\":\"Wetterversicherung-Blog\",\"potentialAction\":[{\"@type\":\"SearchAction\",\"target\":{\"@type\":\"EntryPoint\",\"urlTemplate\":\"https:\/\/die-wetterversicherung.de\/blog\/?s={search_term_string}\"},\"query-input\":{\"@type\":\"PropertyValueSpecification\",\"valueRequired\":true,\"valueName\":\"search_term_string\"}}],\"inLanguage\":\"de\"},{\"@type\":\"Person\",\"@id\":\"https:\/\/die-wetterversicherung.de\/blog\/#\/schema\/person\/ece359d1fb2756d4f371d523c75b881a\",\"name\":\"admin\",\"url\":\"https:\/\/die-wetterversicherung.de\/blog\/author\/admin\/\"}]}<\/script>\n<!-- \/ Yoast SEO plugin. -->","yoast_head_json":{"title":"Gr\u00f6nland-Gletscher: Keine klare Linie in der Entwicklung - die-wetterversicherung.de","robots":{"index":"index","follow":"follow","max-snippet":"max-snippet:-1","max-image-preview":"max-image-preview:large","max-video-preview":"max-video-preview:-1"},"canonical":"https:\/\/die-wetterversicherung.de\/blog\/groenland-gletscher-keine-klare-linie-in-der-entwicklung\/","og_locale":"de_DE","og_type":"article","og_title":"Gr\u00f6nland-Gletscher: Keine klare Linie in der Entwicklung - die-wetterversicherung.de","og_description":"Der Name \u201eGr\u00f6nland\u201c f\u00fcr die gr\u00f6\u00dfte Insel der Welt t\u00e4uscht. Er bedeutet n\u00e4mlich auf Deutsch \u201egr\u00fcnes Land\u201c. Das zum nordamerikanischen Kontinent geh\u00f6rende Eiland ist gro\u00dfteils noch von Gletschern bedeckt. Die Betonung liegt auf \u201enoch\u201c. Der Klimawandel hat die politisch zu D\u00e4nemark geh\u00f6rende Insel in Bewegung versetzt. Die European Space Agency (ESA) mit dem Kontrollzentrum im &hellip; Weiterlesen","og_url":"https:\/\/die-wetterversicherung.de\/blog\/groenland-gletscher-keine-klare-linie-in-der-entwicklung\/","og_site_name":"die-wetterversicherung.de","article_publisher":"https:\/\/www.facebook.com\/diewetterversicherung","article_published_time":"2013-11-06T14:45:13+00:00","og_image":[{"width":1000,"height":1003,"url":"https:\/\/die-wetterversicherung.de\/blog\/wp-content\/uploads\/2013\/11\/Icy_waters_in_Greenland1.jpg","type":"image\/jpeg"}],"author":"admin","twitter_card":"summary_large_image","twitter_misc":{"Verfasst von":"admin","Gesch\u00e4tzte Lesezeit":"2\u00a0Minuten"},"schema":{"@context":"https:\/\/schema.org","@graph":[{"@type":"WebPage","@id":"https:\/\/die-wetterversicherung.de\/blog\/groenland-gletscher-keine-klare-linie-in-der-entwicklung\/","url":"https:\/\/die-wetterversicherung.de\/blog\/groenland-gletscher-keine-klare-linie-in-der-entwicklung\/","name":"Gr\u00f6nland-Gletscher: Keine klare Linie in der Entwicklung - die-wetterversicherung.de","isPartOf":{"@id":"https:\/\/die-wetterversicherung.de\/blog\/#website"},"primaryImageOfPage":{"@id":"https:\/\/die-wetterversicherung.de\/blog\/groenland-gletscher-keine-klare-linie-in-der-entwicklung\/#primaryimage"},"image":{"@id":"https:\/\/die-wetterversicherung.de\/blog\/groenland-gletscher-keine-klare-linie-in-der-entwicklung\/#primaryimage"},"thumbnailUrl":"https:\/\/die-wetterversicherung.de\/blog\/wp-content\/uploads\/2013\/11\/Icy_waters_in_Greenland1.jpg","datePublished":"2013-11-06T14:45:13+00:00","author":{"@id":"https:\/\/die-wetterversicherung.de\/blog\/#\/schema\/person\/ece359d1fb2756d4f371d523c75b881a"},"breadcrumb":{"@id":"https:\/\/die-wetterversicherung.de\/blog\/groenland-gletscher-keine-klare-linie-in-der-entwicklung\/#breadcrumb"},"inLanguage":"de","potentialAction":[{"@type":"ReadAction","target":["https:\/\/die-wetterversicherung.de\/blog\/groenland-gletscher-keine-klare-linie-in-der-entwicklung\/"]}]},{"@type":"ImageObject","inLanguage":"de","@id":"https:\/\/die-wetterversicherung.de\/blog\/groenland-gletscher-keine-klare-linie-in-der-entwicklung\/#primaryimage","url":"https:\/\/die-wetterversicherung.de\/blog\/wp-content\/uploads\/2013\/11\/Icy_waters_in_Greenland1.jpg","contentUrl":"https:\/\/die-wetterversicherung.de\/blog\/wp-content\/uploads\/2013\/11\/Icy_waters_in_Greenland1.jpg","width":1000,"height":1003,"caption":"Dass Gr\u00f6nlands Gletscher in Richtung Meer wandert, ist man sich einig. \u00dcber die Geschwindigkeit diskutieren Wissenschaftler noch. Foto: esa"},{"@type":"BreadcrumbList","@id":"https:\/\/die-wetterversicherung.de\/blog\/groenland-gletscher-keine-klare-linie-in-der-entwicklung\/#breadcrumb","itemListElement":[{"@type":"ListItem","position":1,"name":"Startseite","item":"https:\/\/die-wetterversicherung.de\/blog\/"},{"@type":"ListItem","position":2,"name":"Gr\u00f6nland-Gletscher: Keine klare Linie in der Entwicklung"}]},{"@type":"WebSite","@id":"https:\/\/die-wetterversicherung.de\/blog\/#website","url":"https:\/\/die-wetterversicherung.de\/blog\/","name":"die-wetterversicherung.de","description":"Wetterversicherung-Blog","potentialAction":[{"@type":"SearchAction","target":{"@type":"EntryPoint","urlTemplate":"https:\/\/die-wetterversicherung.de\/blog\/?s={search_term_string}"},"query-input":{"@type":"PropertyValueSpecification","valueRequired":true,"valueName":"search_term_string"}}],"inLanguage":"de"},{"@type":"Person","@id":"https:\/\/die-wetterversicherung.de\/blog\/#\/schema\/person\/ece359d1fb2756d4f371d523c75b881a","name":"admin","url":"https:\/\/die-wetterversicherung.de\/blog\/author\/admin\/"}]}},"_links":{"self":[{"href":"https:\/\/die-wetterversicherung.de\/blog\/wp-json\/wp\/v2\/posts\/555","targetHints":{"allow":["GET"]}}],"collection":[{"href":"https:\/\/die-wetterversicherung.de\/blog\/wp-json\/wp\/v2\/posts"}],"about":[{"href":"https:\/\/die-wetterversicherung.de\/blog\/wp-json\/wp\/v2\/types\/post"}],"author":[{"embeddable":true,"href":"https:\/\/die-wetterversicherung.de\/blog\/wp-json\/wp\/v2\/users\/5"}],"replies":[{"embeddable":true,"href":"https:\/\/die-wetterversicherung.de\/blog\/wp-json\/wp\/v2\/comments?post=555"}],"version-history":[{"count":0,"href":"https:\/\/die-wetterversicherung.de\/blog\/wp-json\/wp\/v2\/posts\/555\/revisions"}],"wp:featuredmedia":[{"embeddable":true,"href":"https:\/\/die-wetterversicherung.de\/blog\/wp-json\/wp\/v2\/media\/556"}],"wp:attachment":[{"href":"https:\/\/die-wetterversicherung.de\/blog\/wp-json\/wp\/v2\/media?parent=555"}],"wp:term":[{"taxonomy":"category","embeddable":true,"href":"https:\/\/die-wetterversicherung.de\/blog\/wp-json\/wp\/v2\/categories?post=555"},{"taxonomy":"post_tag","embeddable":true,"href":"https:\/\/die-wetterversicherung.de\/blog\/wp-json\/wp\/v2\/tags?post=555"}],"curies":[{"name":"wp","href":"https:\/\/api.w.org\/{rel}","templated":true}]}}