{"id":549,"date":"2013-10-30T13:39:44","date_gmt":"2013-10-30T13:39:44","guid":{"rendered":"https:\/\/die-wetterversicherung.de\/?p=549"},"modified":"2013-10-30T13:39:44","modified_gmt":"2013-10-30T13:39:44","slug":"sturmtief-christian-wer-zahlt-die-schaeden","status":"publish","type":"post","link":"https:\/\/die-wetterversicherung.de\/blog\/sturmtief-christian-wer-zahlt-die-schaeden\/","title":{"rendered":"Sturmtief Christian: Wer zahlt die Sch\u00e4den?"},"content":{"rendered":"<div id=\"attachment_550\" style=\"width: 300px\" class=\"wp-caption alignleft\"><a href=\"http:\/\/wetterversicherung.gvf.s17263673.onlinehome-server.info\/wp-content\/uploads\/2013\/10\/schaden1.jpg\" target=\"_blank\"><img loading=\"lazy\" decoding=\"async\" aria-describedby=\"caption-attachment-550\" class=\"size-medium wp-image-550 \" alt=\"Foto: fotolia.com\" src=\"http:\/\/wetterversicherung.gvf.s17263673.onlinehome-server.info\/wp-content\/uploads\/2013\/10\/schaden1-300x190.jpg\" width=\"300\" height=\"190\" srcset=\"https:\/\/die-wetterversicherung.de\/blog\/wp-content\/uploads\/2013\/10\/schaden1-300x190.jpg 300w, https:\/\/die-wetterversicherung.de\/blog\/wp-content\/uploads\/2013\/10\/schaden1.jpg 434w\" sizes=\"auto, (max-width: 300px) 100vw, 300px\" \/><\/a><p id=\"caption-attachment-550\" class=\"wp-caption-text\">Foto: fotolia.com<\/p><\/div>\n<p dir=\"ltr\" id=\"docs-internal-guid-26e4e1c0-0994-4d4c-cee4-e97705913f44\">In den vergangenen Tagen erreichten uns Horrorbilder aus dem Norden der Bundesrepublik \u00fcber die Medien. Das Tief, das Meteorologen lapidar \u201eChristian\u201c tauften, brachte die heftigsten St\u00fcrme seit 14 Jahren nach Deutschland. Die Nordfriesen sind Sturm gewohnt, doch was da \u00fcber die K\u00fcstenregionen fegte, bereitete sogar den wetterresistenten Nordlichtern Angst. Auf der<\/p>\n<p dir=\"ltr\" id=\"docs-internal-guid-26e4e1c0-0994-4d4c-cee4-e97705913f44\">Ferieninsel Sylt wurden Windgeschwindigkeiten von bis zu 157 km\/h gemessen.<\/p>\n<p dir=\"ltr\">Das Unwetter machte sogar vor dem Landesinneren nicht halt. Es forderte in Nord- und Westdeutschland insgesamt sieben Todesopfer, abgesehen von den enormen wirtschaftlichen Sch\u00e4den. Bahn- und Flugbetrieb kamen in weiten Regionen zum Erliegen, die Stadt Hamburg rief am Montag sogar den Ausnahmezustand aus.<\/p>\n<p dir=\"ltr\"><strong>Was bezahlen die Versicherungen?<\/strong><\/p>\n<p dir=\"ltr\">Das Unwetter hinterlie\u00df demolierte Autos, abgedeckte D\u00e4cher, quer im Garten liegende B\u00e4ume. Nach ersten Sch\u00e4tzungen ist von Millionensch\u00e4den die Rede. Sch\u00e4den im Haus \u00fcbernimmt die Hausratversicherung. Zu den abgedeckten Schadensf\u00e4llen z\u00e4hlen aber auch am Haus au\u00dfen montierte Dinge, wie zum Beispiel Satellitensch\u00fcsseln. F\u00fcr Sch\u00e4den im Garten tritt im Regelfall die Wohngeb\u00e4udeversicherung ein.<\/p>\n<p dir=\"ltr\">F\u00fcr Sch\u00e4den am Auto durch beispielsweise herumfliegende Dachziegel \u00fcbernimmt die Sch\u00e4den die Kaskoversicherung. Nicht haftbar gemacht werden kann der Hausbesitzer, vor dessen Geb\u00e4ude man geparkt hat.<\/p>\n<p dir=\"ltr\">Im Falle von Bahnversp\u00e4tungen treten die \u00fcblichen Erstattungsrichtlinien der Deutschen Bundesbahn in Kraft, obwohl es sich bei Sturm um \u201eH\u00f6here Gewalt\u201c handelt.<\/p>\n","protected":false},"excerpt":{"rendered":"<p>In den vergangenen Tagen erreichten uns Horrorbilder aus dem Norden der Bundesrepublik \u00fcber die Medien. Das Tief, das Meteorologen lapidar \u201eChristian\u201c tauften, brachte die heftigsten St\u00fcrme seit 14 Jahren nach Deutschland. Die Nordfriesen sind Sturm gewohnt, doch was da \u00fcber die K\u00fcstenregionen fegte, bereitete sogar den wetterresistenten Nordlichtern Angst. Auf der Ferieninsel Sylt wurden Windgeschwindigkeiten &hellip; <\/p>\n<p><a class=\"more-link btn\" href=\"https:\/\/die-wetterversicherung.de\/blog\/sturmtief-christian-wer-zahlt-die-schaeden\/\">Weiterlesen<\/a><\/p>\n","protected":false},"author":5,"featured_media":550,"comment_status":"open","ping_status":"closed","sticky":false,"template":"","format":"standard","meta":{"footnotes":""},"categories":[4],"tags":[],"class_list":["post-549","post","type-post","status-publish","format-standard","has-post-thumbnail","hentry","category-lasst-uns-ubers-wetter-reden","item-wrap"],"yoast_head":"<!-- This site is optimized with the Yoast SEO plugin v26.4 - https:\/\/yoast.com\/wordpress\/plugins\/seo\/ -->\n<title>Sturmtief Christian: Wer zahlt die Sch\u00e4den? - die-wetterversicherung.de<\/title>\n<meta name=\"robots\" content=\"index, follow, max-snippet:-1, max-image-preview:large, max-video-preview:-1\" \/>\n<link rel=\"canonical\" href=\"https:\/\/die-wetterversicherung.de\/blog\/sturmtief-christian-wer-zahlt-die-schaeden\/\" \/>\n<meta property=\"og:locale\" content=\"de_DE\" \/>\n<meta property=\"og:type\" content=\"article\" \/>\n<meta property=\"og:title\" content=\"Sturmtief Christian: Wer zahlt die Sch\u00e4den? - die-wetterversicherung.de\" \/>\n<meta property=\"og:description\" content=\"In den vergangenen Tagen erreichten uns Horrorbilder aus dem Norden der Bundesrepublik \u00fcber die Medien. Das Tief, das Meteorologen lapidar \u201eChristian\u201c tauften, brachte die heftigsten St\u00fcrme seit 14 Jahren nach Deutschland. Die Nordfriesen sind Sturm gewohnt, doch was da \u00fcber die K\u00fcstenregionen fegte, bereitete sogar den wetterresistenten Nordlichtern Angst. Auf der Ferieninsel Sylt wurden Windgeschwindigkeiten &hellip; Weiterlesen\" \/>\n<meta property=\"og:url\" content=\"https:\/\/die-wetterversicherung.de\/blog\/sturmtief-christian-wer-zahlt-die-schaeden\/\" \/>\n<meta property=\"og:site_name\" content=\"die-wetterversicherung.de\" \/>\n<meta property=\"article:publisher\" content=\"https:\/\/www.facebook.com\/diewetterversicherung\" \/>\n<meta property=\"article:published_time\" content=\"2013-10-30T13:39:44+00:00\" \/>\n<meta property=\"og:image\" content=\"https:\/\/die-wetterversicherung.de\/blog\/wp-content\/uploads\/2013\/10\/schaden1.jpg\" \/>\n\t<meta property=\"og:image:width\" content=\"434\" \/>\n\t<meta property=\"og:image:height\" content=\"276\" \/>\n\t<meta property=\"og:image:type\" content=\"image\/jpeg\" \/>\n<meta name=\"author\" content=\"admin\" \/>\n<meta name=\"twitter:card\" content=\"summary_large_image\" \/>\n<meta name=\"twitter:label1\" content=\"Verfasst von\" \/>\n\t<meta name=\"twitter:data1\" content=\"admin\" \/>\n\t<meta name=\"twitter:label2\" content=\"Gesch\u00e4tzte Lesezeit\" \/>\n\t<meta name=\"twitter:data2\" content=\"1\u00a0Minute\" \/>\n<script type=\"application\/ld+json\" class=\"yoast-schema-graph\">{\"@context\":\"https:\/\/schema.org\",\"@graph\":[{\"@type\":\"WebPage\",\"@id\":\"https:\/\/die-wetterversicherung.de\/blog\/sturmtief-christian-wer-zahlt-die-schaeden\/\",\"url\":\"https:\/\/die-wetterversicherung.de\/blog\/sturmtief-christian-wer-zahlt-die-schaeden\/\",\"name\":\"Sturmtief Christian: Wer zahlt die Sch\u00e4den? - die-wetterversicherung.de\",\"isPartOf\":{\"@id\":\"https:\/\/die-wetterversicherung.de\/blog\/#website\"},\"primaryImageOfPage\":{\"@id\":\"https:\/\/die-wetterversicherung.de\/blog\/sturmtief-christian-wer-zahlt-die-schaeden\/#primaryimage\"},\"image\":{\"@id\":\"https:\/\/die-wetterversicherung.de\/blog\/sturmtief-christian-wer-zahlt-die-schaeden\/#primaryimage\"},\"thumbnailUrl\":\"https:\/\/die-wetterversicherung.de\/blog\/wp-content\/uploads\/2013\/10\/schaden1.jpg\",\"datePublished\":\"2013-10-30T13:39:44+00:00\",\"author\":{\"@id\":\"https:\/\/die-wetterversicherung.de\/blog\/#\/schema\/person\/ece359d1fb2756d4f371d523c75b881a\"},\"breadcrumb\":{\"@id\":\"https:\/\/die-wetterversicherung.de\/blog\/sturmtief-christian-wer-zahlt-die-schaeden\/#breadcrumb\"},\"inLanguage\":\"de\",\"potentialAction\":[{\"@type\":\"ReadAction\",\"target\":[\"https:\/\/die-wetterversicherung.de\/blog\/sturmtief-christian-wer-zahlt-die-schaeden\/\"]}]},{\"@type\":\"ImageObject\",\"inLanguage\":\"de\",\"@id\":\"https:\/\/die-wetterversicherung.de\/blog\/sturmtief-christian-wer-zahlt-die-schaeden\/#primaryimage\",\"url\":\"https:\/\/die-wetterversicherung.de\/blog\/wp-content\/uploads\/2013\/10\/schaden1.jpg\",\"contentUrl\":\"https:\/\/die-wetterversicherung.de\/blog\/wp-content\/uploads\/2013\/10\/schaden1.jpg\",\"width\":434,\"height\":276,\"caption\":\"Foto: fotolia.com\"},{\"@type\":\"BreadcrumbList\",\"@id\":\"https:\/\/die-wetterversicherung.de\/blog\/sturmtief-christian-wer-zahlt-die-schaeden\/#breadcrumb\",\"itemListElement\":[{\"@type\":\"ListItem\",\"position\":1,\"name\":\"Startseite\",\"item\":\"https:\/\/die-wetterversicherung.de\/blog\/\"},{\"@type\":\"ListItem\",\"position\":2,\"name\":\"Sturmtief Christian: Wer zahlt die Sch\u00e4den?\"}]},{\"@type\":\"WebSite\",\"@id\":\"https:\/\/die-wetterversicherung.de\/blog\/#website\",\"url\":\"https:\/\/die-wetterversicherung.de\/blog\/\",\"name\":\"die-wetterversicherung.de\",\"description\":\"Wetterversicherung-Blog\",\"potentialAction\":[{\"@type\":\"SearchAction\",\"target\":{\"@type\":\"EntryPoint\",\"urlTemplate\":\"https:\/\/die-wetterversicherung.de\/blog\/?s={search_term_string}\"},\"query-input\":{\"@type\":\"PropertyValueSpecification\",\"valueRequired\":true,\"valueName\":\"search_term_string\"}}],\"inLanguage\":\"de\"},{\"@type\":\"Person\",\"@id\":\"https:\/\/die-wetterversicherung.de\/blog\/#\/schema\/person\/ece359d1fb2756d4f371d523c75b881a\",\"name\":\"admin\",\"url\":\"https:\/\/die-wetterversicherung.de\/blog\/author\/admin\/\"}]}<\/script>\n<!-- \/ Yoast SEO plugin. -->","yoast_head_json":{"title":"Sturmtief Christian: Wer zahlt die Sch\u00e4den? - die-wetterversicherung.de","robots":{"index":"index","follow":"follow","max-snippet":"max-snippet:-1","max-image-preview":"max-image-preview:large","max-video-preview":"max-video-preview:-1"},"canonical":"https:\/\/die-wetterversicherung.de\/blog\/sturmtief-christian-wer-zahlt-die-schaeden\/","og_locale":"de_DE","og_type":"article","og_title":"Sturmtief Christian: Wer zahlt die Sch\u00e4den? - die-wetterversicherung.de","og_description":"In den vergangenen Tagen erreichten uns Horrorbilder aus dem Norden der Bundesrepublik \u00fcber die Medien. Das Tief, das Meteorologen lapidar \u201eChristian\u201c tauften, brachte die heftigsten St\u00fcrme seit 14 Jahren nach Deutschland. Die Nordfriesen sind Sturm gewohnt, doch was da \u00fcber die K\u00fcstenregionen fegte, bereitete sogar den wetterresistenten Nordlichtern Angst. Auf der Ferieninsel Sylt wurden Windgeschwindigkeiten &hellip; Weiterlesen","og_url":"https:\/\/die-wetterversicherung.de\/blog\/sturmtief-christian-wer-zahlt-die-schaeden\/","og_site_name":"die-wetterversicherung.de","article_publisher":"https:\/\/www.facebook.com\/diewetterversicherung","article_published_time":"2013-10-30T13:39:44+00:00","og_image":[{"width":434,"height":276,"url":"https:\/\/die-wetterversicherung.de\/blog\/wp-content\/uploads\/2013\/10\/schaden1.jpg","type":"image\/jpeg"}],"author":"admin","twitter_card":"summary_large_image","twitter_misc":{"Verfasst von":"admin","Gesch\u00e4tzte Lesezeit":"1\u00a0Minute"},"schema":{"@context":"https:\/\/schema.org","@graph":[{"@type":"WebPage","@id":"https:\/\/die-wetterversicherung.de\/blog\/sturmtief-christian-wer-zahlt-die-schaeden\/","url":"https:\/\/die-wetterversicherung.de\/blog\/sturmtief-christian-wer-zahlt-die-schaeden\/","name":"Sturmtief Christian: Wer zahlt die Sch\u00e4den? - die-wetterversicherung.de","isPartOf":{"@id":"https:\/\/die-wetterversicherung.de\/blog\/#website"},"primaryImageOfPage":{"@id":"https:\/\/die-wetterversicherung.de\/blog\/sturmtief-christian-wer-zahlt-die-schaeden\/#primaryimage"},"image":{"@id":"https:\/\/die-wetterversicherung.de\/blog\/sturmtief-christian-wer-zahlt-die-schaeden\/#primaryimage"},"thumbnailUrl":"https:\/\/die-wetterversicherung.de\/blog\/wp-content\/uploads\/2013\/10\/schaden1.jpg","datePublished":"2013-10-30T13:39:44+00:00","author":{"@id":"https:\/\/die-wetterversicherung.de\/blog\/#\/schema\/person\/ece359d1fb2756d4f371d523c75b881a"},"breadcrumb":{"@id":"https:\/\/die-wetterversicherung.de\/blog\/sturmtief-christian-wer-zahlt-die-schaeden\/#breadcrumb"},"inLanguage":"de","potentialAction":[{"@type":"ReadAction","target":["https:\/\/die-wetterversicherung.de\/blog\/sturmtief-christian-wer-zahlt-die-schaeden\/"]}]},{"@type":"ImageObject","inLanguage":"de","@id":"https:\/\/die-wetterversicherung.de\/blog\/sturmtief-christian-wer-zahlt-die-schaeden\/#primaryimage","url":"https:\/\/die-wetterversicherung.de\/blog\/wp-content\/uploads\/2013\/10\/schaden1.jpg","contentUrl":"https:\/\/die-wetterversicherung.de\/blog\/wp-content\/uploads\/2013\/10\/schaden1.jpg","width":434,"height":276,"caption":"Foto: fotolia.com"},{"@type":"BreadcrumbList","@id":"https:\/\/die-wetterversicherung.de\/blog\/sturmtief-christian-wer-zahlt-die-schaeden\/#breadcrumb","itemListElement":[{"@type":"ListItem","position":1,"name":"Startseite","item":"https:\/\/die-wetterversicherung.de\/blog\/"},{"@type":"ListItem","position":2,"name":"Sturmtief Christian: Wer zahlt die Sch\u00e4den?"}]},{"@type":"WebSite","@id":"https:\/\/die-wetterversicherung.de\/blog\/#website","url":"https:\/\/die-wetterversicherung.de\/blog\/","name":"die-wetterversicherung.de","description":"Wetterversicherung-Blog","potentialAction":[{"@type":"SearchAction","target":{"@type":"EntryPoint","urlTemplate":"https:\/\/die-wetterversicherung.de\/blog\/?s={search_term_string}"},"query-input":{"@type":"PropertyValueSpecification","valueRequired":true,"valueName":"search_term_string"}}],"inLanguage":"de"},{"@type":"Person","@id":"https:\/\/die-wetterversicherung.de\/blog\/#\/schema\/person\/ece359d1fb2756d4f371d523c75b881a","name":"admin","url":"https:\/\/die-wetterversicherung.de\/blog\/author\/admin\/"}]}},"_links":{"self":[{"href":"https:\/\/die-wetterversicherung.de\/blog\/wp-json\/wp\/v2\/posts\/549","targetHints":{"allow":["GET"]}}],"collection":[{"href":"https:\/\/die-wetterversicherung.de\/blog\/wp-json\/wp\/v2\/posts"}],"about":[{"href":"https:\/\/die-wetterversicherung.de\/blog\/wp-json\/wp\/v2\/types\/post"}],"author":[{"embeddable":true,"href":"https:\/\/die-wetterversicherung.de\/blog\/wp-json\/wp\/v2\/users\/5"}],"replies":[{"embeddable":true,"href":"https:\/\/die-wetterversicherung.de\/blog\/wp-json\/wp\/v2\/comments?post=549"}],"version-history":[{"count":0,"href":"https:\/\/die-wetterversicherung.de\/blog\/wp-json\/wp\/v2\/posts\/549\/revisions"}],"wp:featuredmedia":[{"embeddable":true,"href":"https:\/\/die-wetterversicherung.de\/blog\/wp-json\/wp\/v2\/media\/550"}],"wp:attachment":[{"href":"https:\/\/die-wetterversicherung.de\/blog\/wp-json\/wp\/v2\/media?parent=549"}],"wp:term":[{"taxonomy":"category","embeddable":true,"href":"https:\/\/die-wetterversicherung.de\/blog\/wp-json\/wp\/v2\/categories?post=549"},{"taxonomy":"post_tag","embeddable":true,"href":"https:\/\/die-wetterversicherung.de\/blog\/wp-json\/wp\/v2\/tags?post=549"}],"curies":[{"name":"wp","href":"https:\/\/api.w.org\/{rel}","templated":true}]}}