{"id":4276,"date":"2022-02-02T17:58:45","date_gmt":"2022-02-02T16:58:45","guid":{"rendered":"https:\/\/die-wetterversicherung.de\/blog\/?p=4276"},"modified":"2022-02-02T18:26:07","modified_gmt":"2022-02-02T17:26:07","slug":"gesunder-boden-wichtig-fuer-klima-und-welternaehrung","status":"publish","type":"post","link":"https:\/\/die-wetterversicherung.de\/blog\/gesunder-boden-wichtig-fuer-klima-und-welternaehrung\/","title":{"rendered":"Gesunder Boden: Wichtig f\u00fcr Klima und Weltern\u00e4hrung"},"content":{"rendered":"\n<h4 class=\"wp-block-heading\" id=\"gesunde-boden-sind-sowohl-fur-das-klima-als-auch-fur-die-eindammung-des-welthungers-von-enormer-bedeutung-zu-dem-ergebnis-kamen-die-teilnehmer-des-global-forum-for-food-and-agriculture\"><strong>Gesunde B\u00f6den<\/strong><strong> sind sowohl f\u00fcr das Klima als auch f\u00fcr die Eind\u00e4mmung des Welthungers von enormer Bedeutung. Zu dem Ergebnis kamen die Teilnehmer des Global Forum for Food and Agriculture.<\/strong><\/h4>\n\n\n\n<!--more-->\n\n\n\n<figure class=\"wp-block-image size-large\"><a href=\"https:\/\/die-wetterversicherung.de\/blog\/wp-content\/uploads\/2022\/02\/gesunder-boden-klimawandel-klimaschutz-hunger-welt-ernaehrungssicherheit-ernaehrung-landwirtschaft.jpg\"><img loading=\"lazy\" decoding=\"async\" width=\"1024\" height=\"683\" src=\"https:\/\/die-wetterversicherung.de\/blog\/wp-content\/uploads\/2022\/02\/gesunder-boden-klimawandel-klimaschutz-hunger-welt-ernaehrungssicherheit-ernaehrung-landwirtschaft-1024x683.jpg\" alt=\"gesunder boden\" class=\"wp-image-4277\" srcset=\"https:\/\/die-wetterversicherung.de\/blog\/wp-content\/uploads\/2022\/02\/gesunder-boden-klimawandel-klimaschutz-hunger-welt-ernaehrungssicherheit-ernaehrung-landwirtschaft-1024x683.jpg 1024w, https:\/\/die-wetterversicherung.de\/blog\/wp-content\/uploads\/2022\/02\/gesunder-boden-klimawandel-klimaschutz-hunger-welt-ernaehrungssicherheit-ernaehrung-landwirtschaft-300x200.jpg 300w, https:\/\/die-wetterversicherung.de\/blog\/wp-content\/uploads\/2022\/02\/gesunder-boden-klimawandel-klimaschutz-hunger-welt-ernaehrungssicherheit-ernaehrung-landwirtschaft-768x512.jpg 768w, https:\/\/die-wetterversicherung.de\/blog\/wp-content\/uploads\/2022\/02\/gesunder-boden-klimawandel-klimaschutz-hunger-welt-ernaehrungssicherheit-ernaehrung-landwirtschaft-1536x1024.jpg 1536w, https:\/\/die-wetterversicherung.de\/blog\/wp-content\/uploads\/2022\/02\/gesunder-boden-klimawandel-klimaschutz-hunger-welt-ernaehrungssicherheit-ernaehrung-landwirtschaft-750x500.jpg 750w, https:\/\/die-wetterversicherung.de\/blog\/wp-content\/uploads\/2022\/02\/gesunder-boden-klimawandel-klimaschutz-hunger-welt-ernaehrungssicherheit-ernaehrung-landwirtschaft.jpg 1920w\" sizes=\"auto, (max-width: 1024px) 100vw, 1024px\" \/><\/a><figcaption>Foto: JpLenio\/pixabay.com (Symbolbild)<\/figcaption><\/figure>\n\n\n\n<p>Beim<a href=\"https:\/\/www.gffa-berlin.de\/de\/\" target=\"_blank\" rel=\"noreferrer noopener\"> Global Forum for Food and Agriculture (GFFA)<\/a> stand in diesem Jahr die Rolle von B\u00f6den zur Bew\u00e4ltigung der globalen Herausforderungen unserer Zeit im Mittelpunkt. Das Fazit der 80 Agrarministerinnen und -minister sowie Vertretern von internationalen Organisationen: Gesunde B\u00f6den sind der Schl\u00fcssel zu ausreichend sicheren und gesunden Lebensmitteln, zur Anpassung an den <a href=\"https:\/\/die-wetterversicherung.de\/blog\/bzl-informiert-umfassend-ueber-klimawandel-und-landwirtschaft\/\" target=\"_blank\" rel=\"noreferrer noopener\">Klimawandel<\/a> und zum Erhalt der biologischen Vielfalt.<\/p>\n\n\n\n<h4 class=\"wp-block-heading\" id=\"ozdemir-boden-unter-druck\"><strong>\u00d6zdemir: \u201eBoden unter Druck\u201c<\/strong><\/h4>\n\n\n\n<p>\u201eEin gesunder Boden ist unser Verb\u00fcndeter im Kampf gegen den Hunger in der Welt, die Klimakrise und das Artensterben\u201c, sagte Bundeslandwirtschaftsminister Cem \u00d6zdemir. Aber er stehe unter Druck: Fl\u00e4chenversiegelung und Bodendegradation setzten ihm zu. \u201eEssentiell f\u00fcr B\u00e4uerinnen und Bauern weltweit ist au\u00dferdem, dass sie auch Zugang zu Land haben und B\u00f6den langfristig bewirtschaften k\u00f6nnen\u201c, so der Bundesminister. Er fordert, sofort zu handeln. Dazu geh\u00f6re Bodendegeneration einzud\u00e4mmen und gesunde B\u00f6den wiederherzustellen. Mit Blick auf den Klimawandel hob \u00d6zdemir den Boden als Kohlenstoffspeicher hervor.<\/p>\n\n\n\n<h4 class=\"wp-block-heading\" id=\"gesunde-boden-gffa-teilnehmer-einigen-sich-auf-massnahmen\"><strong>Gesunde B\u00f6den<\/strong><strong>: GFFA-Teilnehmer einigen sich auf Ma\u00dfnahmen<\/strong><\/h4>\n\n\n\n<p>Unter anderem einigten sich die Experten darauf, dass die Bodenbelastung bei der Bearbeitung geringer werden m\u00fcsse und durch nachhaltige landwirtschaftliche Praktiken Humus erhalten und aufgebaut werden k\u00f6nne. Des Weiteren sind sich die Teilnehmer des GFFA einig, dass gerade durch \u00d6kolandbau die Bodendiversit\u00e4t erhalten bleibe, die wiederum f\u00fcr die Bodengesundheit sei. Auch der faire Zugang zu landwirtschaftlichen Fl\u00e4chen solle verbessert werden.<\/p>\n\n\n\n<p>Weitere Informationen zu den beim GFFA vereinbarten Ma\u00dfnahmen erhalten Sie auf der <a href=\"https:\/\/www.bmel.de\/SharedDocs\/Pressemitteilungen\/DE\/2022\/12-gffa-agrarministerkonferenz-2022.html\" target=\"_blank\" rel=\"noreferrer noopener\">Internetseite des Bundeslandwirtschaftsministeriums<\/a>.<\/p>\n","protected":false},"excerpt":{"rendered":"<p>Gesunde B\u00f6den sind sowohl f\u00fcr das Klima als auch f\u00fcr die Eind\u00e4mmung des Welthungers von enormer Bedeutung. Zu dem Ergebnis kamen die Teilnehmer des Global Forum for Food and Agriculture.<\/p><p><a class=\"more-link btn\" href=\"https:\/\/die-wetterversicherung.de\/blog\/gesunder-boden-wichtig-fuer-klima-und-welternaehrung\/\">Weiterlesen<\/a><\/p>\n","protected":false},"author":5,"featured_media":4277,"comment_status":"open","ping_status":"closed","sticky":false,"template":"","format":"standard","meta":{"footnotes":""},"categories":[4],"tags":[107,273,344,345,108,230,84,37],"class_list":["post-4276","post","type-post","status-publish","format-standard","has-post-thumbnail","hentry","category-lasst-uns-ubers-wetter-reden","tag-acker","tag-ackerbau","tag-artenvielfalt","tag-biodiverstitaet","tag-boden","tag-klimaschutz","tag-klimawandel","tag-landwirtschaft","item-wrap"],"yoast_head":"<!-- This site is optimized with the Yoast SEO plugin v26.4 - https:\/\/yoast.com\/wordpress\/plugins\/seo\/ -->\n<title>Gesunder Boden: Wichtig f\u00fcr Klima und Weltern\u00e4hrung - die-wetterversicherung.de<\/title>\n<meta name=\"description\" content=\"Gesunde B\u00f6den sind sowohl f\u00fcr das Klima als auch f\u00fcr die Eind\u00e4mmung des Welthungers von enormer Bedeutung. Zu dem Ergebnis kamen die Teilnehmer des Global Forum for Food and Agriculture.\" \/>\n<meta name=\"robots\" content=\"index, follow, max-snippet:-1, max-image-preview:large, max-video-preview:-1\" \/>\n<link rel=\"canonical\" href=\"https:\/\/die-wetterversicherung.de\/blog\/gesunder-boden-wichtig-fuer-klima-und-welternaehrung\/\" \/>\n<meta property=\"og:locale\" content=\"de_DE\" \/>\n<meta property=\"og:type\" content=\"article\" \/>\n<meta property=\"og:title\" content=\"Gesunder Boden: Wichtig f\u00fcr Klima und Weltern\u00e4hrung - die-wetterversicherung.de\" \/>\n<meta property=\"og:description\" content=\"Gesunde B\u00f6den sind sowohl f\u00fcr das Klima als auch f\u00fcr die Eind\u00e4mmung des Welthungers von enormer Bedeutung. Zu dem Ergebnis kamen die Teilnehmer des Global Forum for Food and Agriculture.\" \/>\n<meta property=\"og:url\" content=\"https:\/\/die-wetterversicherung.de\/blog\/gesunder-boden-wichtig-fuer-klima-und-welternaehrung\/\" \/>\n<meta property=\"og:site_name\" content=\"die-wetterversicherung.de\" \/>\n<meta property=\"article:publisher\" content=\"https:\/\/www.facebook.com\/diewetterversicherung\" \/>\n<meta property=\"article:published_time\" content=\"2022-02-02T16:58:45+00:00\" \/>\n<meta property=\"article:modified_time\" content=\"2022-02-02T17:26:07+00:00\" \/>\n<meta property=\"og:image\" content=\"https:\/\/die-wetterversicherung.de\/blog\/wp-content\/uploads\/2022\/02\/gesunder-boden-klimawandel-klimaschutz-hunger-welt-ernaehrungssicherheit-ernaehrung-landwirtschaft.jpg\" \/>\n\t<meta property=\"og:image:width\" content=\"1920\" \/>\n\t<meta property=\"og:image:height\" content=\"1280\" \/>\n\t<meta property=\"og:image:type\" content=\"image\/jpeg\" \/>\n<meta name=\"author\" content=\"admin\" \/>\n<meta name=\"twitter:card\" content=\"summary_large_image\" \/>\n<meta name=\"twitter:label1\" content=\"Verfasst von\" \/>\n\t<meta name=\"twitter:data1\" content=\"admin\" \/>\n\t<meta name=\"twitter:label2\" content=\"Gesch\u00e4tzte Lesezeit\" \/>\n\t<meta name=\"twitter:data2\" content=\"2\u00a0Minuten\" \/>\n<script type=\"application\/ld+json\" class=\"yoast-schema-graph\">{\"@context\":\"https:\/\/schema.org\",\"@graph\":[{\"@type\":\"WebPage\",\"@id\":\"https:\/\/die-wetterversicherung.de\/blog\/gesunder-boden-wichtig-fuer-klima-und-welternaehrung\/\",\"url\":\"https:\/\/die-wetterversicherung.de\/blog\/gesunder-boden-wichtig-fuer-klima-und-welternaehrung\/\",\"name\":\"Gesunder Boden: Wichtig f\u00fcr Klima und Weltern\u00e4hrung - die-wetterversicherung.de\",\"isPartOf\":{\"@id\":\"https:\/\/die-wetterversicherung.de\/blog\/#website\"},\"primaryImageOfPage\":{\"@id\":\"https:\/\/die-wetterversicherung.de\/blog\/gesunder-boden-wichtig-fuer-klima-und-welternaehrung\/#primaryimage\"},\"image\":{\"@id\":\"https:\/\/die-wetterversicherung.de\/blog\/gesunder-boden-wichtig-fuer-klima-und-welternaehrung\/#primaryimage\"},\"thumbnailUrl\":\"https:\/\/die-wetterversicherung.de\/blog\/wp-content\/uploads\/2022\/02\/gesunder-boden-klimawandel-klimaschutz-hunger-welt-ernaehrungssicherheit-ernaehrung-landwirtschaft.jpg\",\"datePublished\":\"2022-02-02T16:58:45+00:00\",\"dateModified\":\"2022-02-02T17:26:07+00:00\",\"author\":{\"@id\":\"https:\/\/die-wetterversicherung.de\/blog\/#\/schema\/person\/ece359d1fb2756d4f371d523c75b881a\"},\"description\":\"Gesunde B\u00f6den sind sowohl f\u00fcr das Klima als auch f\u00fcr die Eind\u00e4mmung des Welthungers von enormer Bedeutung. Zu dem Ergebnis kamen die Teilnehmer des Global Forum for Food and Agriculture.\",\"breadcrumb\":{\"@id\":\"https:\/\/die-wetterversicherung.de\/blog\/gesunder-boden-wichtig-fuer-klima-und-welternaehrung\/#breadcrumb\"},\"inLanguage\":\"de\",\"potentialAction\":[{\"@type\":\"ReadAction\",\"target\":[\"https:\/\/die-wetterversicherung.de\/blog\/gesunder-boden-wichtig-fuer-klima-und-welternaehrung\/\"]}]},{\"@type\":\"ImageObject\",\"inLanguage\":\"de\",\"@id\":\"https:\/\/die-wetterversicherung.de\/blog\/gesunder-boden-wichtig-fuer-klima-und-welternaehrung\/#primaryimage\",\"url\":\"https:\/\/die-wetterversicherung.de\/blog\/wp-content\/uploads\/2022\/02\/gesunder-boden-klimawandel-klimaschutz-hunger-welt-ernaehrungssicherheit-ernaehrung-landwirtschaft.jpg\",\"contentUrl\":\"https:\/\/die-wetterversicherung.de\/blog\/wp-content\/uploads\/2022\/02\/gesunder-boden-klimawandel-klimaschutz-hunger-welt-ernaehrungssicherheit-ernaehrung-landwirtschaft.jpg\",\"width\":1920,\"height\":1280,\"caption\":\"Foto: JpLenio\/pixabay.com (Symbolbild)\"},{\"@type\":\"BreadcrumbList\",\"@id\":\"https:\/\/die-wetterversicherung.de\/blog\/gesunder-boden-wichtig-fuer-klima-und-welternaehrung\/#breadcrumb\",\"itemListElement\":[{\"@type\":\"ListItem\",\"position\":1,\"name\":\"Startseite\",\"item\":\"https:\/\/die-wetterversicherung.de\/blog\/\"},{\"@type\":\"ListItem\",\"position\":2,\"name\":\"Gesunder Boden: Wichtig f\u00fcr Klima und Weltern\u00e4hrung\"}]},{\"@type\":\"WebSite\",\"@id\":\"https:\/\/die-wetterversicherung.de\/blog\/#website\",\"url\":\"https:\/\/die-wetterversicherung.de\/blog\/\",\"name\":\"die-wetterversicherung.de\",\"description\":\"Wetterversicherung-Blog\",\"potentialAction\":[{\"@type\":\"SearchAction\",\"target\":{\"@type\":\"EntryPoint\",\"urlTemplate\":\"https:\/\/die-wetterversicherung.de\/blog\/?s={search_term_string}\"},\"query-input\":{\"@type\":\"PropertyValueSpecification\",\"valueRequired\":true,\"valueName\":\"search_term_string\"}}],\"inLanguage\":\"de\"},{\"@type\":\"Person\",\"@id\":\"https:\/\/die-wetterversicherung.de\/blog\/#\/schema\/person\/ece359d1fb2756d4f371d523c75b881a\",\"name\":\"admin\",\"url\":\"https:\/\/die-wetterversicherung.de\/blog\/author\/admin\/\"}]}<\/script>\n<!-- \/ Yoast SEO plugin. -->","yoast_head_json":{"title":"Gesunder Boden: Wichtig f\u00fcr Klima und Weltern\u00e4hrung - die-wetterversicherung.de","description":"Gesunde B\u00f6den sind sowohl f\u00fcr das Klima als auch f\u00fcr die Eind\u00e4mmung des Welthungers von enormer Bedeutung. Zu dem Ergebnis kamen die Teilnehmer des Global Forum for Food and Agriculture.","robots":{"index":"index","follow":"follow","max-snippet":"max-snippet:-1","max-image-preview":"max-image-preview:large","max-video-preview":"max-video-preview:-1"},"canonical":"https:\/\/die-wetterversicherung.de\/blog\/gesunder-boden-wichtig-fuer-klima-und-welternaehrung\/","og_locale":"de_DE","og_type":"article","og_title":"Gesunder Boden: Wichtig f\u00fcr Klima und Weltern\u00e4hrung - die-wetterversicherung.de","og_description":"Gesunde B\u00f6den sind sowohl f\u00fcr das Klima als auch f\u00fcr die Eind\u00e4mmung des Welthungers von enormer Bedeutung. Zu dem Ergebnis kamen die Teilnehmer des Global Forum for Food and Agriculture.","og_url":"https:\/\/die-wetterversicherung.de\/blog\/gesunder-boden-wichtig-fuer-klima-und-welternaehrung\/","og_site_name":"die-wetterversicherung.de","article_publisher":"https:\/\/www.facebook.com\/diewetterversicherung","article_published_time":"2022-02-02T16:58:45+00:00","article_modified_time":"2022-02-02T17:26:07+00:00","og_image":[{"width":1920,"height":1280,"url":"https:\/\/die-wetterversicherung.de\/blog\/wp-content\/uploads\/2022\/02\/gesunder-boden-klimawandel-klimaschutz-hunger-welt-ernaehrungssicherheit-ernaehrung-landwirtschaft.jpg","type":"image\/jpeg"}],"author":"admin","twitter_card":"summary_large_image","twitter_misc":{"Verfasst von":"admin","Gesch\u00e4tzte Lesezeit":"2\u00a0Minuten"},"schema":{"@context":"https:\/\/schema.org","@graph":[{"@type":"WebPage","@id":"https:\/\/die-wetterversicherung.de\/blog\/gesunder-boden-wichtig-fuer-klima-und-welternaehrung\/","url":"https:\/\/die-wetterversicherung.de\/blog\/gesunder-boden-wichtig-fuer-klima-und-welternaehrung\/","name":"Gesunder Boden: Wichtig f\u00fcr Klima und Weltern\u00e4hrung - die-wetterversicherung.de","isPartOf":{"@id":"https:\/\/die-wetterversicherung.de\/blog\/#website"},"primaryImageOfPage":{"@id":"https:\/\/die-wetterversicherung.de\/blog\/gesunder-boden-wichtig-fuer-klima-und-welternaehrung\/#primaryimage"},"image":{"@id":"https:\/\/die-wetterversicherung.de\/blog\/gesunder-boden-wichtig-fuer-klima-und-welternaehrung\/#primaryimage"},"thumbnailUrl":"https:\/\/die-wetterversicherung.de\/blog\/wp-content\/uploads\/2022\/02\/gesunder-boden-klimawandel-klimaschutz-hunger-welt-ernaehrungssicherheit-ernaehrung-landwirtschaft.jpg","datePublished":"2022-02-02T16:58:45+00:00","dateModified":"2022-02-02T17:26:07+00:00","author":{"@id":"https:\/\/die-wetterversicherung.de\/blog\/#\/schema\/person\/ece359d1fb2756d4f371d523c75b881a"},"description":"Gesunde B\u00f6den sind sowohl f\u00fcr das Klima als auch f\u00fcr die Eind\u00e4mmung des Welthungers von enormer Bedeutung. Zu dem Ergebnis kamen die Teilnehmer des Global Forum for Food and Agriculture.","breadcrumb":{"@id":"https:\/\/die-wetterversicherung.de\/blog\/gesunder-boden-wichtig-fuer-klima-und-welternaehrung\/#breadcrumb"},"inLanguage":"de","potentialAction":[{"@type":"ReadAction","target":["https:\/\/die-wetterversicherung.de\/blog\/gesunder-boden-wichtig-fuer-klima-und-welternaehrung\/"]}]},{"@type":"ImageObject","inLanguage":"de","@id":"https:\/\/die-wetterversicherung.de\/blog\/gesunder-boden-wichtig-fuer-klima-und-welternaehrung\/#primaryimage","url":"https:\/\/die-wetterversicherung.de\/blog\/wp-content\/uploads\/2022\/02\/gesunder-boden-klimawandel-klimaschutz-hunger-welt-ernaehrungssicherheit-ernaehrung-landwirtschaft.jpg","contentUrl":"https:\/\/die-wetterversicherung.de\/blog\/wp-content\/uploads\/2022\/02\/gesunder-boden-klimawandel-klimaschutz-hunger-welt-ernaehrungssicherheit-ernaehrung-landwirtschaft.jpg","width":1920,"height":1280,"caption":"Foto: JpLenio\/pixabay.com (Symbolbild)"},{"@type":"BreadcrumbList","@id":"https:\/\/die-wetterversicherung.de\/blog\/gesunder-boden-wichtig-fuer-klima-und-welternaehrung\/#breadcrumb","itemListElement":[{"@type":"ListItem","position":1,"name":"Startseite","item":"https:\/\/die-wetterversicherung.de\/blog\/"},{"@type":"ListItem","position":2,"name":"Gesunder Boden: Wichtig f\u00fcr Klima und Weltern\u00e4hrung"}]},{"@type":"WebSite","@id":"https:\/\/die-wetterversicherung.de\/blog\/#website","url":"https:\/\/die-wetterversicherung.de\/blog\/","name":"die-wetterversicherung.de","description":"Wetterversicherung-Blog","potentialAction":[{"@type":"SearchAction","target":{"@type":"EntryPoint","urlTemplate":"https:\/\/die-wetterversicherung.de\/blog\/?s={search_term_string}"},"query-input":{"@type":"PropertyValueSpecification","valueRequired":true,"valueName":"search_term_string"}}],"inLanguage":"de"},{"@type":"Person","@id":"https:\/\/die-wetterversicherung.de\/blog\/#\/schema\/person\/ece359d1fb2756d4f371d523c75b881a","name":"admin","url":"https:\/\/die-wetterversicherung.de\/blog\/author\/admin\/"}]}},"_links":{"self":[{"href":"https:\/\/die-wetterversicherung.de\/blog\/wp-json\/wp\/v2\/posts\/4276","targetHints":{"allow":["GET"]}}],"collection":[{"href":"https:\/\/die-wetterversicherung.de\/blog\/wp-json\/wp\/v2\/posts"}],"about":[{"href":"https:\/\/die-wetterversicherung.de\/blog\/wp-json\/wp\/v2\/types\/post"}],"author":[{"embeddable":true,"href":"https:\/\/die-wetterversicherung.de\/blog\/wp-json\/wp\/v2\/users\/5"}],"replies":[{"embeddable":true,"href":"https:\/\/die-wetterversicherung.de\/blog\/wp-json\/wp\/v2\/comments?post=4276"}],"version-history":[{"count":1,"href":"https:\/\/die-wetterversicherung.de\/blog\/wp-json\/wp\/v2\/posts\/4276\/revisions"}],"predecessor-version":[{"id":4278,"href":"https:\/\/die-wetterversicherung.de\/blog\/wp-json\/wp\/v2\/posts\/4276\/revisions\/4278"}],"wp:featuredmedia":[{"embeddable":true,"href":"https:\/\/die-wetterversicherung.de\/blog\/wp-json\/wp\/v2\/media\/4277"}],"wp:attachment":[{"href":"https:\/\/die-wetterversicherung.de\/blog\/wp-json\/wp\/v2\/media?parent=4276"}],"wp:term":[{"taxonomy":"category","embeddable":true,"href":"https:\/\/die-wetterversicherung.de\/blog\/wp-json\/wp\/v2\/categories?post=4276"},{"taxonomy":"post_tag","embeddable":true,"href":"https:\/\/die-wetterversicherung.de\/blog\/wp-json\/wp\/v2\/tags?post=4276"}],"curies":[{"name":"wp","href":"https:\/\/api.w.org\/{rel}","templated":true}]}}