{"id":3835,"date":"2021-06-23T16:13:39","date_gmt":"2021-06-23T14:13:39","guid":{"rendered":"https:\/\/die-wetterversicherung.de\/blog\/?p=3835"},"modified":"2021-06-23T16:13:41","modified_gmt":"2021-06-23T14:13:41","slug":"klimawandel-erde-speichert-mehr-waerme-als-gedacht","status":"publish","type":"post","link":"https:\/\/die-wetterversicherung.de\/blog\/klimawandel-erde-speichert-mehr-waerme-als-gedacht\/","title":{"rendered":"Klimawandel: Erde speichert mehr W\u00e4rme als gedacht"},"content":{"rendered":"\n<h4 class=\"wp-block-heading\"><strong>Laut einer aktuellen Studie zum <\/strong><strong>Klimawandel<\/strong><strong> hat die Erde in den vergangenen 15 Jahren mehr W\u00e4rme gespeichert als zuvor.<\/strong><\/h4>\n\n\n\n<!--more-->\n\n\n\n<figure class=\"wp-block-image size-large\"><a href=\"https:\/\/die-wetterversicherung.de\/blog\/wp-content\/uploads\/2021\/06\/klimawandel-erderwaermung-folgen-temperatur-anstieg-2021-studie-co2-forschung-waerme-speichern-globus-erde.jpg\"><img loading=\"lazy\" decoding=\"async\" width=\"1024\" height=\"576\" src=\"https:\/\/die-wetterversicherung.de\/blog\/wp-content\/uploads\/2021\/06\/klimawandel-erderwaermung-folgen-temperatur-anstieg-2021-studie-co2-forschung-waerme-speichern-globus-erde-1024x576.jpg\" alt=\"klimawandel\" class=\"wp-image-3836\" srcset=\"https:\/\/die-wetterversicherung.de\/blog\/wp-content\/uploads\/2021\/06\/klimawandel-erderwaermung-folgen-temperatur-anstieg-2021-studie-co2-forschung-waerme-speichern-globus-erde-1024x576.jpg 1024w, https:\/\/die-wetterversicherung.de\/blog\/wp-content\/uploads\/2021\/06\/klimawandel-erderwaermung-folgen-temperatur-anstieg-2021-studie-co2-forschung-waerme-speichern-globus-erde-300x169.jpg 300w, https:\/\/die-wetterversicherung.de\/blog\/wp-content\/uploads\/2021\/06\/klimawandel-erderwaermung-folgen-temperatur-anstieg-2021-studie-co2-forschung-waerme-speichern-globus-erde-768x432.jpg 768w, https:\/\/die-wetterversicherung.de\/blog\/wp-content\/uploads\/2021\/06\/klimawandel-erderwaermung-folgen-temperatur-anstieg-2021-studie-co2-forschung-waerme-speichern-globus-erde-1536x864.jpg 1536w, https:\/\/die-wetterversicherung.de\/blog\/wp-content\/uploads\/2021\/06\/klimawandel-erderwaermung-folgen-temperatur-anstieg-2021-studie-co2-forschung-waerme-speichern-globus-erde-750x422.jpg 750w, https:\/\/die-wetterversicherung.de\/blog\/wp-content\/uploads\/2021\/06\/klimawandel-erderwaermung-folgen-temperatur-anstieg-2021-studie-co2-forschung-waerme-speichern-globus-erde.jpg 1920w\" sizes=\"auto, (max-width: 1024px) 100vw, 1024px\" \/><\/a><figcaption>Foto: PIRO4D\/pixabay.com (Symbolbild)<\/figcaption><\/figure>\n\n\n\n<p>Die Erde hat in den vergangenen 15 Jahren deutlich mehr W\u00e4rme absorbiert. Das schreiben laut <a href=\"https:\/\/www.deutschlandfunk.de\/\" target=\"_blank\" rel=\"noreferrer noopener\">Deutschlandfunk (DLF)<\/a> Wissenschaftler der US-amerikanischen Klimabeh\u00f6rde NOAA und der Raumfahrtbeh\u00f6rde NASA in der Fachzeitschrift <a href=\"https:\/\/agupubs.onlinelibrary.wiley.com\/doi\/epdf\/10.1029\/2021GL093047\" target=\"_blank\" rel=\"noreferrer noopener\">Geophysical Research Letters<\/a>. Laut der Forscher ist das nur teilweise auf den Klimawandel zur\u00fcckzuf\u00fchren.<\/p>\n\n\n\n<h4 class=\"wp-block-heading\"><strong>Weniger Meereis und Wolken<\/strong><\/h4>\n\n\n\n<p>Der Studie zufolge hat sich zwischen 2005 und 2019 das sogenannte Energieungleichgewicht der Erde fast verdoppelt. Laut DLF gehen die Wissenschaftler davon aus, dass die Entwicklung auf eine Zunahme der absorbierten Sonnenstrahlung zur\u00fcckzuf\u00fchren ist. Der Grund: Verringerte Reflexion durch Wolken und Meereis. Gleichzeitig habe die langwellige Strahlung von der Erde ins All unter anderem durch mehr Treibhausgase in der Atmosph\u00e4re abgenommen, schreibt <a href=\"https:\/\/docs.google.com\/document\/u\/0\/d\/1uIvwvnoDN4XBYJNkZVLchMcJqV_xH5bdnK3U56QAeqQ\/edit\" target=\"_blank\" rel=\"noreferrer noopener\">dlf.de<\/a>.<\/p>\n\n\n\n<h4 class=\"wp-block-heading\"><strong>Menschengemachter <\/strong><strong>Klimawandel<\/strong><strong> und nat\u00fcrliche Entwicklung<\/strong><\/h4>\n\n\n\n<p>Das verst\u00e4rkte Energieungleichgewicht sei vermutlich auf eine Mischung aus menschlichen Faktoren und internen Ver\u00e4nderungen der Erde zur\u00fcckzuf\u00fchren, so Studienleiter Norman Loeb. Zusammen verursachten sie eine beispiellose Zunahme des Energieungleichgewichts. In Bezug auf den langfristigen <a href=\"https:\/\/die-wetterversicherung.de\/blog\/?s=klimawandel\" target=\"_blank\" rel=\"noreferrer noopener\">Klimawandel<\/a> sieht der NASA-Wissenschaftler allerdings nur eine Momentaufnahme. Es sei nicht m\u00f6glich, mit Sicherheit vorherzusagen, wie der Energiehaushalt der Erde in den kommenden Jahrzehnten aussehen werde, zitiert der DLF den Forscher.<\/p>\n","protected":false},"excerpt":{"rendered":"<p>Laut einer aktuellen Studie zum Klimawandel hat die Erde in den vergangenen 15 Jahren mehr W\u00e4rme gespeichert als zuvor.<\/p><p><a class=\"more-link btn\" href=\"https:\/\/die-wetterversicherung.de\/blog\/klimawandel-erde-speichert-mehr-waerme-als-gedacht\/\">Weiterlesen<\/a><\/p>\n","protected":false},"author":5,"featured_media":3836,"comment_status":"open","ping_status":"closed","sticky":false,"template":"","format":"standard","meta":{"footnotes":""},"categories":[4,5],"tags":[82,263,85,84,401,13,400],"class_list":["post-3835","post","type-post","status-publish","format-standard","has-post-thumbnail","hentry","category-lasst-uns-ubers-wetter-reden","category-wetter-extrem","tag-erde","tag-erderwaermung","tag-forschung","tag-klimawandel","tag-nasa","tag-studie","tag-wissenschaftler","item-wrap"],"yoast_head":"<!-- This site is optimized with the Yoast SEO plugin v26.4 - https:\/\/yoast.com\/wordpress\/plugins\/seo\/ -->\n<title>Klimawandel: Erde speichert mehr W\u00e4rme als gedacht - die-wetterversicherung.de<\/title>\n<meta name=\"description\" content=\"Laut einer aktuellen Studie zum Klimawandel hat die Erde in den vergangenen 15 Jahren mehr W\u00e4rme gespeichert als zuvor.\" \/>\n<meta name=\"robots\" content=\"index, follow, max-snippet:-1, max-image-preview:large, max-video-preview:-1\" \/>\n<link rel=\"canonical\" href=\"https:\/\/die-wetterversicherung.de\/blog\/klimawandel-erde-speichert-mehr-waerme-als-gedacht\/\" \/>\n<meta property=\"og:locale\" content=\"de_DE\" \/>\n<meta property=\"og:type\" content=\"article\" \/>\n<meta property=\"og:title\" content=\"Klimawandel: Erde speichert mehr W\u00e4rme als gedacht - die-wetterversicherung.de\" \/>\n<meta property=\"og:description\" content=\"Laut einer aktuellen Studie zum Klimawandel hat die Erde in den vergangenen 15 Jahren mehr W\u00e4rme gespeichert als zuvor.\" \/>\n<meta property=\"og:url\" content=\"https:\/\/die-wetterversicherung.de\/blog\/klimawandel-erde-speichert-mehr-waerme-als-gedacht\/\" \/>\n<meta property=\"og:site_name\" content=\"die-wetterversicherung.de\" \/>\n<meta property=\"article:publisher\" content=\"https:\/\/www.facebook.com\/diewetterversicherung\" \/>\n<meta property=\"article:published_time\" content=\"2021-06-23T14:13:39+00:00\" \/>\n<meta property=\"article:modified_time\" content=\"2021-06-23T14:13:41+00:00\" \/>\n<meta property=\"og:image\" content=\"https:\/\/die-wetterversicherung.de\/blog\/wp-content\/uploads\/2021\/06\/klimawandel-erderwaermung-folgen-temperatur-anstieg-2021-studie-co2-forschung-waerme-speichern-globus-erde.jpg\" \/>\n\t<meta property=\"og:image:width\" content=\"1920\" \/>\n\t<meta property=\"og:image:height\" content=\"1080\" \/>\n\t<meta property=\"og:image:type\" content=\"image\/jpeg\" \/>\n<meta name=\"author\" content=\"admin\" \/>\n<meta name=\"twitter:card\" content=\"summary_large_image\" \/>\n<meta name=\"twitter:label1\" content=\"Verfasst von\" \/>\n\t<meta name=\"twitter:data1\" content=\"admin\" \/>\n\t<meta name=\"twitter:label2\" content=\"Gesch\u00e4tzte Lesezeit\" \/>\n\t<meta name=\"twitter:data2\" content=\"2\u00a0Minuten\" \/>\n<script type=\"application\/ld+json\" class=\"yoast-schema-graph\">{\"@context\":\"https:\/\/schema.org\",\"@graph\":[{\"@type\":\"WebPage\",\"@id\":\"https:\/\/die-wetterversicherung.de\/blog\/klimawandel-erde-speichert-mehr-waerme-als-gedacht\/\",\"url\":\"https:\/\/die-wetterversicherung.de\/blog\/klimawandel-erde-speichert-mehr-waerme-als-gedacht\/\",\"name\":\"Klimawandel: Erde speichert mehr W\u00e4rme als gedacht - die-wetterversicherung.de\",\"isPartOf\":{\"@id\":\"https:\/\/die-wetterversicherung.de\/blog\/#website\"},\"primaryImageOfPage\":{\"@id\":\"https:\/\/die-wetterversicherung.de\/blog\/klimawandel-erde-speichert-mehr-waerme-als-gedacht\/#primaryimage\"},\"image\":{\"@id\":\"https:\/\/die-wetterversicherung.de\/blog\/klimawandel-erde-speichert-mehr-waerme-als-gedacht\/#primaryimage\"},\"thumbnailUrl\":\"https:\/\/die-wetterversicherung.de\/blog\/wp-content\/uploads\/2021\/06\/klimawandel-erderwaermung-folgen-temperatur-anstieg-2021-studie-co2-forschung-waerme-speichern-globus-erde.jpg\",\"datePublished\":\"2021-06-23T14:13:39+00:00\",\"dateModified\":\"2021-06-23T14:13:41+00:00\",\"author\":{\"@id\":\"https:\/\/die-wetterversicherung.de\/blog\/#\/schema\/person\/ece359d1fb2756d4f371d523c75b881a\"},\"description\":\"Laut einer aktuellen Studie zum Klimawandel hat die Erde in den vergangenen 15 Jahren mehr W\u00e4rme gespeichert als zuvor.\",\"breadcrumb\":{\"@id\":\"https:\/\/die-wetterversicherung.de\/blog\/klimawandel-erde-speichert-mehr-waerme-als-gedacht\/#breadcrumb\"},\"inLanguage\":\"de\",\"potentialAction\":[{\"@type\":\"ReadAction\",\"target\":[\"https:\/\/die-wetterversicherung.de\/blog\/klimawandel-erde-speichert-mehr-waerme-als-gedacht\/\"]}]},{\"@type\":\"ImageObject\",\"inLanguage\":\"de\",\"@id\":\"https:\/\/die-wetterversicherung.de\/blog\/klimawandel-erde-speichert-mehr-waerme-als-gedacht\/#primaryimage\",\"url\":\"https:\/\/die-wetterversicherung.de\/blog\/wp-content\/uploads\/2021\/06\/klimawandel-erderwaermung-folgen-temperatur-anstieg-2021-studie-co2-forschung-waerme-speichern-globus-erde.jpg\",\"contentUrl\":\"https:\/\/die-wetterversicherung.de\/blog\/wp-content\/uploads\/2021\/06\/klimawandel-erderwaermung-folgen-temperatur-anstieg-2021-studie-co2-forschung-waerme-speichern-globus-erde.jpg\",\"width\":1920,\"height\":1080,\"caption\":\"Foto: PIRO4D\/pixabay.com (Symbolbild)\"},{\"@type\":\"BreadcrumbList\",\"@id\":\"https:\/\/die-wetterversicherung.de\/blog\/klimawandel-erde-speichert-mehr-waerme-als-gedacht\/#breadcrumb\",\"itemListElement\":[{\"@type\":\"ListItem\",\"position\":1,\"name\":\"Startseite\",\"item\":\"https:\/\/die-wetterversicherung.de\/blog\/\"},{\"@type\":\"ListItem\",\"position\":2,\"name\":\"Klimawandel: Erde speichert mehr W\u00e4rme als gedacht\"}]},{\"@type\":\"WebSite\",\"@id\":\"https:\/\/die-wetterversicherung.de\/blog\/#website\",\"url\":\"https:\/\/die-wetterversicherung.de\/blog\/\",\"name\":\"die-wetterversicherung.de\",\"description\":\"Wetterversicherung-Blog\",\"potentialAction\":[{\"@type\":\"SearchAction\",\"target\":{\"@type\":\"EntryPoint\",\"urlTemplate\":\"https:\/\/die-wetterversicherung.de\/blog\/?s={search_term_string}\"},\"query-input\":{\"@type\":\"PropertyValueSpecification\",\"valueRequired\":true,\"valueName\":\"search_term_string\"}}],\"inLanguage\":\"de\"},{\"@type\":\"Person\",\"@id\":\"https:\/\/die-wetterversicherung.de\/blog\/#\/schema\/person\/ece359d1fb2756d4f371d523c75b881a\",\"name\":\"admin\",\"url\":\"https:\/\/die-wetterversicherung.de\/blog\/author\/admin\/\"}]}<\/script>\n<!-- \/ Yoast SEO plugin. -->","yoast_head_json":{"title":"Klimawandel: Erde speichert mehr W\u00e4rme als gedacht - die-wetterversicherung.de","description":"Laut einer aktuellen Studie zum Klimawandel hat die Erde in den vergangenen 15 Jahren mehr W\u00e4rme gespeichert als zuvor.","robots":{"index":"index","follow":"follow","max-snippet":"max-snippet:-1","max-image-preview":"max-image-preview:large","max-video-preview":"max-video-preview:-1"},"canonical":"https:\/\/die-wetterversicherung.de\/blog\/klimawandel-erde-speichert-mehr-waerme-als-gedacht\/","og_locale":"de_DE","og_type":"article","og_title":"Klimawandel: Erde speichert mehr W\u00e4rme als gedacht - die-wetterversicherung.de","og_description":"Laut einer aktuellen Studie zum Klimawandel hat die Erde in den vergangenen 15 Jahren mehr W\u00e4rme gespeichert als zuvor.","og_url":"https:\/\/die-wetterversicherung.de\/blog\/klimawandel-erde-speichert-mehr-waerme-als-gedacht\/","og_site_name":"die-wetterversicherung.de","article_publisher":"https:\/\/www.facebook.com\/diewetterversicherung","article_published_time":"2021-06-23T14:13:39+00:00","article_modified_time":"2021-06-23T14:13:41+00:00","og_image":[{"width":1920,"height":1080,"url":"https:\/\/die-wetterversicherung.de\/blog\/wp-content\/uploads\/2021\/06\/klimawandel-erderwaermung-folgen-temperatur-anstieg-2021-studie-co2-forschung-waerme-speichern-globus-erde.jpg","type":"image\/jpeg"}],"author":"admin","twitter_card":"summary_large_image","twitter_misc":{"Verfasst von":"admin","Gesch\u00e4tzte Lesezeit":"2\u00a0Minuten"},"schema":{"@context":"https:\/\/schema.org","@graph":[{"@type":"WebPage","@id":"https:\/\/die-wetterversicherung.de\/blog\/klimawandel-erde-speichert-mehr-waerme-als-gedacht\/","url":"https:\/\/die-wetterversicherung.de\/blog\/klimawandel-erde-speichert-mehr-waerme-als-gedacht\/","name":"Klimawandel: Erde speichert mehr W\u00e4rme als gedacht - die-wetterversicherung.de","isPartOf":{"@id":"https:\/\/die-wetterversicherung.de\/blog\/#website"},"primaryImageOfPage":{"@id":"https:\/\/die-wetterversicherung.de\/blog\/klimawandel-erde-speichert-mehr-waerme-als-gedacht\/#primaryimage"},"image":{"@id":"https:\/\/die-wetterversicherung.de\/blog\/klimawandel-erde-speichert-mehr-waerme-als-gedacht\/#primaryimage"},"thumbnailUrl":"https:\/\/die-wetterversicherung.de\/blog\/wp-content\/uploads\/2021\/06\/klimawandel-erderwaermung-folgen-temperatur-anstieg-2021-studie-co2-forschung-waerme-speichern-globus-erde.jpg","datePublished":"2021-06-23T14:13:39+00:00","dateModified":"2021-06-23T14:13:41+00:00","author":{"@id":"https:\/\/die-wetterversicherung.de\/blog\/#\/schema\/person\/ece359d1fb2756d4f371d523c75b881a"},"description":"Laut einer aktuellen Studie zum Klimawandel hat die Erde in den vergangenen 15 Jahren mehr W\u00e4rme gespeichert als zuvor.","breadcrumb":{"@id":"https:\/\/die-wetterversicherung.de\/blog\/klimawandel-erde-speichert-mehr-waerme-als-gedacht\/#breadcrumb"},"inLanguage":"de","potentialAction":[{"@type":"ReadAction","target":["https:\/\/die-wetterversicherung.de\/blog\/klimawandel-erde-speichert-mehr-waerme-als-gedacht\/"]}]},{"@type":"ImageObject","inLanguage":"de","@id":"https:\/\/die-wetterversicherung.de\/blog\/klimawandel-erde-speichert-mehr-waerme-als-gedacht\/#primaryimage","url":"https:\/\/die-wetterversicherung.de\/blog\/wp-content\/uploads\/2021\/06\/klimawandel-erderwaermung-folgen-temperatur-anstieg-2021-studie-co2-forschung-waerme-speichern-globus-erde.jpg","contentUrl":"https:\/\/die-wetterversicherung.de\/blog\/wp-content\/uploads\/2021\/06\/klimawandel-erderwaermung-folgen-temperatur-anstieg-2021-studie-co2-forschung-waerme-speichern-globus-erde.jpg","width":1920,"height":1080,"caption":"Foto: PIRO4D\/pixabay.com (Symbolbild)"},{"@type":"BreadcrumbList","@id":"https:\/\/die-wetterversicherung.de\/blog\/klimawandel-erde-speichert-mehr-waerme-als-gedacht\/#breadcrumb","itemListElement":[{"@type":"ListItem","position":1,"name":"Startseite","item":"https:\/\/die-wetterversicherung.de\/blog\/"},{"@type":"ListItem","position":2,"name":"Klimawandel: Erde speichert mehr W\u00e4rme als gedacht"}]},{"@type":"WebSite","@id":"https:\/\/die-wetterversicherung.de\/blog\/#website","url":"https:\/\/die-wetterversicherung.de\/blog\/","name":"die-wetterversicherung.de","description":"Wetterversicherung-Blog","potentialAction":[{"@type":"SearchAction","target":{"@type":"EntryPoint","urlTemplate":"https:\/\/die-wetterversicherung.de\/blog\/?s={search_term_string}"},"query-input":{"@type":"PropertyValueSpecification","valueRequired":true,"valueName":"search_term_string"}}],"inLanguage":"de"},{"@type":"Person","@id":"https:\/\/die-wetterversicherung.de\/blog\/#\/schema\/person\/ece359d1fb2756d4f371d523c75b881a","name":"admin","url":"https:\/\/die-wetterversicherung.de\/blog\/author\/admin\/"}]}},"_links":{"self":[{"href":"https:\/\/die-wetterversicherung.de\/blog\/wp-json\/wp\/v2\/posts\/3835","targetHints":{"allow":["GET"]}}],"collection":[{"href":"https:\/\/die-wetterversicherung.de\/blog\/wp-json\/wp\/v2\/posts"}],"about":[{"href":"https:\/\/die-wetterversicherung.de\/blog\/wp-json\/wp\/v2\/types\/post"}],"author":[{"embeddable":true,"href":"https:\/\/die-wetterversicherung.de\/blog\/wp-json\/wp\/v2\/users\/5"}],"replies":[{"embeddable":true,"href":"https:\/\/die-wetterversicherung.de\/blog\/wp-json\/wp\/v2\/comments?post=3835"}],"version-history":[{"count":1,"href":"https:\/\/die-wetterversicherung.de\/blog\/wp-json\/wp\/v2\/posts\/3835\/revisions"}],"predecessor-version":[{"id":3837,"href":"https:\/\/die-wetterversicherung.de\/blog\/wp-json\/wp\/v2\/posts\/3835\/revisions\/3837"}],"wp:featuredmedia":[{"embeddable":true,"href":"https:\/\/die-wetterversicherung.de\/blog\/wp-json\/wp\/v2\/media\/3836"}],"wp:attachment":[{"href":"https:\/\/die-wetterversicherung.de\/blog\/wp-json\/wp\/v2\/media?parent=3835"}],"wp:term":[{"taxonomy":"category","embeddable":true,"href":"https:\/\/die-wetterversicherung.de\/blog\/wp-json\/wp\/v2\/categories?post=3835"},{"taxonomy":"post_tag","embeddable":true,"href":"https:\/\/die-wetterversicherung.de\/blog\/wp-json\/wp\/v2\/tags?post=3835"}],"curies":[{"name":"wp","href":"https:\/\/api.w.org\/{rel}","templated":true}]}}