{"id":3826,"date":"2021-06-09T17:24:46","date_gmt":"2021-06-09T15:24:46","guid":{"rendered":"https:\/\/die-wetterversicherung.de\/blog\/?p=3826"},"modified":"2021-06-09T17:24:47","modified_gmt":"2021-06-09T15:24:47","slug":"nutztiere-vor-hitzestress-bewahren","status":"publish","type":"post","link":"https:\/\/die-wetterversicherung.de\/blog\/nutztiere-vor-hitzestress-bewahren\/","title":{"rendered":"Nutztiere vor Hitzestress bewahren"},"content":{"rendered":"\n<h4 class=\"wp-block-heading\"><strong>K\u00fche und Schweine gehen unterschiedlich mit Hitze um. Der Bundesverband f\u00fcr Tiergesundheit informiert \u00fcber mildernde Ma\u00dfnahmen gegen <\/strong><strong>Hitzestress<\/strong><strong>.<\/strong><\/h4>\n\n\n\n<!--more-->\n\n\n\n<figure class=\"wp-block-image size-large\"><a href=\"https:\/\/die-wetterversicherung.de\/blog\/wp-content\/uploads\/2021\/06\/hitzestress-kuehe-schweine-landwirte-tierhalter-sommer-klimawandel-was-tun-massnahmen.jpg\"><img loading=\"lazy\" decoding=\"async\" width=\"1024\" height=\"809\" src=\"https:\/\/die-wetterversicherung.de\/blog\/wp-content\/uploads\/2021\/06\/hitzestress-kuehe-schweine-landwirte-tierhalter-sommer-klimawandel-was-tun-massnahmen-1024x809.jpg\" alt=\"hitzestress\" class=\"wp-image-3827\" srcset=\"https:\/\/die-wetterversicherung.de\/blog\/wp-content\/uploads\/2021\/06\/hitzestress-kuehe-schweine-landwirte-tierhalter-sommer-klimawandel-was-tun-massnahmen-1024x809.jpg 1024w, https:\/\/die-wetterversicherung.de\/blog\/wp-content\/uploads\/2021\/06\/hitzestress-kuehe-schweine-landwirte-tierhalter-sommer-klimawandel-was-tun-massnahmen-300x237.jpg 300w, https:\/\/die-wetterversicherung.de\/blog\/wp-content\/uploads\/2021\/06\/hitzestress-kuehe-schweine-landwirte-tierhalter-sommer-klimawandel-was-tun-massnahmen-768x606.jpg 768w, https:\/\/die-wetterversicherung.de\/blog\/wp-content\/uploads\/2021\/06\/hitzestress-kuehe-schweine-landwirte-tierhalter-sommer-klimawandel-was-tun-massnahmen-1536x1213.jpg 1536w, https:\/\/die-wetterversicherung.de\/blog\/wp-content\/uploads\/2021\/06\/hitzestress-kuehe-schweine-landwirte-tierhalter-sommer-klimawandel-was-tun-massnahmen-750x592.jpg 750w, https:\/\/die-wetterversicherung.de\/blog\/wp-content\/uploads\/2021\/06\/hitzestress-kuehe-schweine-landwirte-tierhalter-sommer-klimawandel-was-tun-massnahmen.jpg 1920w\" sizes=\"auto, (max-width: 1024px) 100vw, 1024px\" \/><\/a><figcaption>Foto: RitaE\/pixabay.com (Symbolbild)<\/figcaption><\/figure>\n\n\n\n<p>Der Klimawandel f\u00fchrt auch in Deutschland zu immer l\u00e4ngeren und hei\u00dferen Hitzeperioden. Extreme Temperaturen belasten nicht nur die Menschen, sondern auch Tiere leiden unter Hitzestress.<\/p>\n\n\n\n<h4 class=\"wp-block-heading\"><strong>Hitzestress<\/strong><strong> verdirbt den Appetit<\/strong><\/h4>\n\n\n\n<p>Bei extremen Wettersituationen wird es schwierig, die notwendigen Futtermengen einzufahren. Dies hat unmittelbare Auswirkungen auf die Grundfutterversorgung von Rindern. Hier ist es in der Vergangenheit wegen fehlender Aufw\u00fcchse bereits zu Engp\u00e4ssen gekommen. Auch die Futterqualit\u00e4t leidet bei ung\u00fcnstigen Erntebedingungen. Vor allem Milchk\u00fche reagieren bei Hitzestress mit geringerer Futteraufnahme. Die Folgen sind sinkende Leistungen bis hin zu gesundheitlichen Problemen wie Geb\u00e4rmutter- und Euterentz\u00fcndungen.<\/p>\n\n\n\n<h4 class=\"wp-block-heading\"><strong>Stallmanagement wird wichtiger<\/strong><\/h4>\n\n\n\n<p>Durch vermehrte und l\u00e4ngere Hitzeperioden gewinnt entsprechendes Stallmanagement an Bedeutung. Neben Rinderduschen sollten zum Beispiel Beschattung und Luftf\u00fchrung fest beim Stallbau und -umbau eingeplant werden. Der <a href=\"https:\/\/www.bft-online.de\/\" target=\"_blank\" rel=\"noreferrer noopener\">Bundesverband f\u00fcr Tiergesundheit<\/a> empfiehlt auch ausreichend Tr\u00e4nken mit entsprechender Durchlaufgeschwindigkeit. Um ihren Wasserbedarf zu stillen, gehen K\u00fche im Schnitt neun Mal am Tag zur Tr\u00e4nke und saufen dabei 18 bis 25 Liter Wasser pro Minute. T\u00e4glich ben\u00f6tigen K\u00fche rund 120 Liter Wasser, im Sommer auch deutlich mehr.\u00a0<\/p>\n\n\n\n<p>Obwohl K\u00e4lber recht gut mit Hitze bis zu 26 Grad Celsius zurechtkommen, sind Nachkommen hitzegestresster K\u00fche oft schon vorgesch\u00e4digt. Direkte Sonneneinstrahlung sollte vermieden werden. Hitzestress bei K\u00e4lbern \u00e4u\u00dfert sich beispielsweise darin, dass sie mehr stehen als liegen oder stark atmen. Auch f\u00fcr K\u00e4lber sollte auf ausreichend Wasser und Beschattung geachtet werden. Zus\u00e4tzliche Belastungen wie Umstallen sollten m\u00f6glichst vermieden oder in k\u00fchlere Tageszeiten verlegt werden.<\/p>\n\n\n\n<h4 class=\"wp-block-heading\"><strong>Schweine brauchen k\u00fchle Ecken<\/strong><\/h4>\n\n\n\n<p>F\u00fcr <a href=\"https:\/\/blog.gruuna.com\/?s=schweine\" target=\"_blank\" rel=\"noreferrer noopener\">Schweine<\/a> wird es ab 25 Grad Celsius kritisch. Leichtere Tiere sind weniger anf\u00e4llig als schwere. Dem Schwein stehen nur wenige funktionsf\u00e4hige Schwei\u00dfdr\u00fcsen zur Verf\u00fcgung. Sie sind deshalb auf k\u00fchle Liegefl\u00e4chen angewiesen. Zudem k\u00fchlen sich Schweine durch verst\u00e4rkte Atmung, was zu Wasserverlust und verminderter Futteraufnahme f\u00fchrt.<\/p>\n\n\n\n<p>Die Folgen des Hitzestresses bei Schweinen kann man mit dem richtigen Futter abmildern. Blut wird zur weiteren K\u00fchlung in den Extremit\u00e4ten ben\u00f6tigt und es setzt sich ein Kreislauf in Gang. Dieser f\u00fchrt zur Unterversorgung der Darmzellen und zu einer erh\u00f6hten Durchl\u00e4ssigkeit des Darms. Deshalb sollte m\u00f6glichst unbelastetes Futter gef\u00fcttert werden. Es hat sich auch bew\u00e4hrt, Rohproteingehalte zu reduzieren, den St\u00e4rkeanteil im Futter durch Fett als Energiequelle zu ersetzen und die Rohfasergehalte abzusenken.<\/p>\n","protected":false},"excerpt":{"rendered":"<p>K\u00fche und Schweine gehen unterschiedlich mit Hitze um. Der Bundesverband f\u00fcr Tiergesundheit informiert \u00fcber mildernde Ma\u00dfnahmen gegen Hitzestress.<\/p><p><a class=\"more-link btn\" href=\"https:\/\/die-wetterversicherung.de\/blog\/nutztiere-vor-hitzestress-bewahren\/\">Weiterlesen<\/a><\/p>\n","protected":false},"author":5,"featured_media":3827,"comment_status":"open","ping_status":"closed","sticky":false,"template":"","format":"standard","meta":{"footnotes":""},"categories":[4,5],"tags":[268,396,84,332,196,395,31,397,394,28],"class_list":["post-3826","post","type-post","status-publish","format-standard","has-post-thumbnail","hentry","category-lasst-uns-ubers-wetter-reden","category-wetter-extrem","tag-duerre","tag-hitzt","tag-klimawandel","tag-kuehe","tag-nutztiere","tag-schweine","tag-sommer","tag-stall","tag-tiergesundheit","tag-trockenheit","item-wrap"],"yoast_head":"<!-- This site is optimized with the Yoast SEO plugin v26.4 - https:\/\/yoast.com\/wordpress\/plugins\/seo\/ -->\n<title>Nutztiere vor Hitzestress bewahren - die-wetterversicherung.de<\/title>\n<meta name=\"description\" content=\"K\u00fche und Schweine gehen unterschiedlich mit Hitze um. Der Bundesverband f\u00fcr Tiergesundheit informiert \u00fcber mildernde Ma\u00dfnahmen gegen Hitzestress.\" \/>\n<meta name=\"robots\" content=\"index, follow, max-snippet:-1, max-image-preview:large, max-video-preview:-1\" \/>\n<link rel=\"canonical\" href=\"https:\/\/die-wetterversicherung.de\/blog\/nutztiere-vor-hitzestress-bewahren\/\" \/>\n<meta property=\"og:locale\" content=\"de_DE\" \/>\n<meta property=\"og:type\" content=\"article\" \/>\n<meta property=\"og:title\" content=\"Nutztiere vor Hitzestress bewahren - die-wetterversicherung.de\" \/>\n<meta property=\"og:description\" content=\"K\u00fche und Schweine gehen unterschiedlich mit Hitze um. Der Bundesverband f\u00fcr Tiergesundheit informiert \u00fcber mildernde Ma\u00dfnahmen gegen Hitzestress.\" \/>\n<meta property=\"og:url\" content=\"https:\/\/die-wetterversicherung.de\/blog\/nutztiere-vor-hitzestress-bewahren\/\" \/>\n<meta property=\"og:site_name\" content=\"die-wetterversicherung.de\" \/>\n<meta property=\"article:publisher\" content=\"https:\/\/www.facebook.com\/diewetterversicherung\" \/>\n<meta property=\"article:published_time\" content=\"2021-06-09T15:24:46+00:00\" \/>\n<meta property=\"article:modified_time\" content=\"2021-06-09T15:24:47+00:00\" \/>\n<meta property=\"og:image\" content=\"https:\/\/die-wetterversicherung.de\/blog\/wp-content\/uploads\/2021\/06\/hitzestress-kuehe-schweine-landwirte-tierhalter-sommer-klimawandel-was-tun-massnahmen.jpg\" \/>\n\t<meta property=\"og:image:width\" content=\"1920\" \/>\n\t<meta property=\"og:image:height\" content=\"1516\" \/>\n\t<meta property=\"og:image:type\" content=\"image\/jpeg\" \/>\n<meta name=\"author\" content=\"admin\" \/>\n<meta name=\"twitter:card\" content=\"summary_large_image\" \/>\n<meta name=\"twitter:label1\" content=\"Verfasst von\" \/>\n\t<meta name=\"twitter:data1\" content=\"admin\" \/>\n\t<meta name=\"twitter:label2\" content=\"Gesch\u00e4tzte Lesezeit\" \/>\n\t<meta name=\"twitter:data2\" content=\"2\u00a0Minuten\" \/>\n<script type=\"application\/ld+json\" class=\"yoast-schema-graph\">{\"@context\":\"https:\/\/schema.org\",\"@graph\":[{\"@type\":\"WebPage\",\"@id\":\"https:\/\/die-wetterversicherung.de\/blog\/nutztiere-vor-hitzestress-bewahren\/\",\"url\":\"https:\/\/die-wetterversicherung.de\/blog\/nutztiere-vor-hitzestress-bewahren\/\",\"name\":\"Nutztiere vor Hitzestress bewahren - die-wetterversicherung.de\",\"isPartOf\":{\"@id\":\"https:\/\/die-wetterversicherung.de\/blog\/#website\"},\"primaryImageOfPage\":{\"@id\":\"https:\/\/die-wetterversicherung.de\/blog\/nutztiere-vor-hitzestress-bewahren\/#primaryimage\"},\"image\":{\"@id\":\"https:\/\/die-wetterversicherung.de\/blog\/nutztiere-vor-hitzestress-bewahren\/#primaryimage\"},\"thumbnailUrl\":\"https:\/\/die-wetterversicherung.de\/blog\/wp-content\/uploads\/2021\/06\/hitzestress-kuehe-schweine-landwirte-tierhalter-sommer-klimawandel-was-tun-massnahmen.jpg\",\"datePublished\":\"2021-06-09T15:24:46+00:00\",\"dateModified\":\"2021-06-09T15:24:47+00:00\",\"author\":{\"@id\":\"https:\/\/die-wetterversicherung.de\/blog\/#\/schema\/person\/ece359d1fb2756d4f371d523c75b881a\"},\"description\":\"K\u00fche und Schweine gehen unterschiedlich mit Hitze um. Der Bundesverband f\u00fcr Tiergesundheit informiert \u00fcber mildernde Ma\u00dfnahmen gegen Hitzestress.\",\"breadcrumb\":{\"@id\":\"https:\/\/die-wetterversicherung.de\/blog\/nutztiere-vor-hitzestress-bewahren\/#breadcrumb\"},\"inLanguage\":\"de\",\"potentialAction\":[{\"@type\":\"ReadAction\",\"target\":[\"https:\/\/die-wetterversicherung.de\/blog\/nutztiere-vor-hitzestress-bewahren\/\"]}]},{\"@type\":\"ImageObject\",\"inLanguage\":\"de\",\"@id\":\"https:\/\/die-wetterversicherung.de\/blog\/nutztiere-vor-hitzestress-bewahren\/#primaryimage\",\"url\":\"https:\/\/die-wetterversicherung.de\/blog\/wp-content\/uploads\/2021\/06\/hitzestress-kuehe-schweine-landwirte-tierhalter-sommer-klimawandel-was-tun-massnahmen.jpg\",\"contentUrl\":\"https:\/\/die-wetterversicherung.de\/blog\/wp-content\/uploads\/2021\/06\/hitzestress-kuehe-schweine-landwirte-tierhalter-sommer-klimawandel-was-tun-massnahmen.jpg\",\"width\":1920,\"height\":1516,\"caption\":\"Foto: RitaE\/pixabay.com (Symbolbild)\"},{\"@type\":\"BreadcrumbList\",\"@id\":\"https:\/\/die-wetterversicherung.de\/blog\/nutztiere-vor-hitzestress-bewahren\/#breadcrumb\",\"itemListElement\":[{\"@type\":\"ListItem\",\"position\":1,\"name\":\"Startseite\",\"item\":\"https:\/\/die-wetterversicherung.de\/blog\/\"},{\"@type\":\"ListItem\",\"position\":2,\"name\":\"Nutztiere vor Hitzestress bewahren\"}]},{\"@type\":\"WebSite\",\"@id\":\"https:\/\/die-wetterversicherung.de\/blog\/#website\",\"url\":\"https:\/\/die-wetterversicherung.de\/blog\/\",\"name\":\"die-wetterversicherung.de\",\"description\":\"Wetterversicherung-Blog\",\"potentialAction\":[{\"@type\":\"SearchAction\",\"target\":{\"@type\":\"EntryPoint\",\"urlTemplate\":\"https:\/\/die-wetterversicherung.de\/blog\/?s={search_term_string}\"},\"query-input\":{\"@type\":\"PropertyValueSpecification\",\"valueRequired\":true,\"valueName\":\"search_term_string\"}}],\"inLanguage\":\"de\"},{\"@type\":\"Person\",\"@id\":\"https:\/\/die-wetterversicherung.de\/blog\/#\/schema\/person\/ece359d1fb2756d4f371d523c75b881a\",\"name\":\"admin\",\"url\":\"https:\/\/die-wetterversicherung.de\/blog\/author\/admin\/\"}]}<\/script>\n<!-- \/ Yoast SEO plugin. -->","yoast_head_json":{"title":"Nutztiere vor Hitzestress bewahren - die-wetterversicherung.de","description":"K\u00fche und Schweine gehen unterschiedlich mit Hitze um. Der Bundesverband f\u00fcr Tiergesundheit informiert \u00fcber mildernde Ma\u00dfnahmen gegen Hitzestress.","robots":{"index":"index","follow":"follow","max-snippet":"max-snippet:-1","max-image-preview":"max-image-preview:large","max-video-preview":"max-video-preview:-1"},"canonical":"https:\/\/die-wetterversicherung.de\/blog\/nutztiere-vor-hitzestress-bewahren\/","og_locale":"de_DE","og_type":"article","og_title":"Nutztiere vor Hitzestress bewahren - die-wetterversicherung.de","og_description":"K\u00fche und Schweine gehen unterschiedlich mit Hitze um. Der Bundesverband f\u00fcr Tiergesundheit informiert \u00fcber mildernde Ma\u00dfnahmen gegen Hitzestress.","og_url":"https:\/\/die-wetterversicherung.de\/blog\/nutztiere-vor-hitzestress-bewahren\/","og_site_name":"die-wetterversicherung.de","article_publisher":"https:\/\/www.facebook.com\/diewetterversicherung","article_published_time":"2021-06-09T15:24:46+00:00","article_modified_time":"2021-06-09T15:24:47+00:00","og_image":[{"width":1920,"height":1516,"url":"https:\/\/die-wetterversicherung.de\/blog\/wp-content\/uploads\/2021\/06\/hitzestress-kuehe-schweine-landwirte-tierhalter-sommer-klimawandel-was-tun-massnahmen.jpg","type":"image\/jpeg"}],"author":"admin","twitter_card":"summary_large_image","twitter_misc":{"Verfasst von":"admin","Gesch\u00e4tzte Lesezeit":"2\u00a0Minuten"},"schema":{"@context":"https:\/\/schema.org","@graph":[{"@type":"WebPage","@id":"https:\/\/die-wetterversicherung.de\/blog\/nutztiere-vor-hitzestress-bewahren\/","url":"https:\/\/die-wetterversicherung.de\/blog\/nutztiere-vor-hitzestress-bewahren\/","name":"Nutztiere vor Hitzestress bewahren - die-wetterversicherung.de","isPartOf":{"@id":"https:\/\/die-wetterversicherung.de\/blog\/#website"},"primaryImageOfPage":{"@id":"https:\/\/die-wetterversicherung.de\/blog\/nutztiere-vor-hitzestress-bewahren\/#primaryimage"},"image":{"@id":"https:\/\/die-wetterversicherung.de\/blog\/nutztiere-vor-hitzestress-bewahren\/#primaryimage"},"thumbnailUrl":"https:\/\/die-wetterversicherung.de\/blog\/wp-content\/uploads\/2021\/06\/hitzestress-kuehe-schweine-landwirte-tierhalter-sommer-klimawandel-was-tun-massnahmen.jpg","datePublished":"2021-06-09T15:24:46+00:00","dateModified":"2021-06-09T15:24:47+00:00","author":{"@id":"https:\/\/die-wetterversicherung.de\/blog\/#\/schema\/person\/ece359d1fb2756d4f371d523c75b881a"},"description":"K\u00fche und Schweine gehen unterschiedlich mit Hitze um. Der Bundesverband f\u00fcr Tiergesundheit informiert \u00fcber mildernde Ma\u00dfnahmen gegen Hitzestress.","breadcrumb":{"@id":"https:\/\/die-wetterversicherung.de\/blog\/nutztiere-vor-hitzestress-bewahren\/#breadcrumb"},"inLanguage":"de","potentialAction":[{"@type":"ReadAction","target":["https:\/\/die-wetterversicherung.de\/blog\/nutztiere-vor-hitzestress-bewahren\/"]}]},{"@type":"ImageObject","inLanguage":"de","@id":"https:\/\/die-wetterversicherung.de\/blog\/nutztiere-vor-hitzestress-bewahren\/#primaryimage","url":"https:\/\/die-wetterversicherung.de\/blog\/wp-content\/uploads\/2021\/06\/hitzestress-kuehe-schweine-landwirte-tierhalter-sommer-klimawandel-was-tun-massnahmen.jpg","contentUrl":"https:\/\/die-wetterversicherung.de\/blog\/wp-content\/uploads\/2021\/06\/hitzestress-kuehe-schweine-landwirte-tierhalter-sommer-klimawandel-was-tun-massnahmen.jpg","width":1920,"height":1516,"caption":"Foto: RitaE\/pixabay.com (Symbolbild)"},{"@type":"BreadcrumbList","@id":"https:\/\/die-wetterversicherung.de\/blog\/nutztiere-vor-hitzestress-bewahren\/#breadcrumb","itemListElement":[{"@type":"ListItem","position":1,"name":"Startseite","item":"https:\/\/die-wetterversicherung.de\/blog\/"},{"@type":"ListItem","position":2,"name":"Nutztiere vor Hitzestress bewahren"}]},{"@type":"WebSite","@id":"https:\/\/die-wetterversicherung.de\/blog\/#website","url":"https:\/\/die-wetterversicherung.de\/blog\/","name":"die-wetterversicherung.de","description":"Wetterversicherung-Blog","potentialAction":[{"@type":"SearchAction","target":{"@type":"EntryPoint","urlTemplate":"https:\/\/die-wetterversicherung.de\/blog\/?s={search_term_string}"},"query-input":{"@type":"PropertyValueSpecification","valueRequired":true,"valueName":"search_term_string"}}],"inLanguage":"de"},{"@type":"Person","@id":"https:\/\/die-wetterversicherung.de\/blog\/#\/schema\/person\/ece359d1fb2756d4f371d523c75b881a","name":"admin","url":"https:\/\/die-wetterversicherung.de\/blog\/author\/admin\/"}]}},"_links":{"self":[{"href":"https:\/\/die-wetterversicherung.de\/blog\/wp-json\/wp\/v2\/posts\/3826","targetHints":{"allow":["GET"]}}],"collection":[{"href":"https:\/\/die-wetterversicherung.de\/blog\/wp-json\/wp\/v2\/posts"}],"about":[{"href":"https:\/\/die-wetterversicherung.de\/blog\/wp-json\/wp\/v2\/types\/post"}],"author":[{"embeddable":true,"href":"https:\/\/die-wetterversicherung.de\/blog\/wp-json\/wp\/v2\/users\/5"}],"replies":[{"embeddable":true,"href":"https:\/\/die-wetterversicherung.de\/blog\/wp-json\/wp\/v2\/comments?post=3826"}],"version-history":[{"count":1,"href":"https:\/\/die-wetterversicherung.de\/blog\/wp-json\/wp\/v2\/posts\/3826\/revisions"}],"predecessor-version":[{"id":3828,"href":"https:\/\/die-wetterversicherung.de\/blog\/wp-json\/wp\/v2\/posts\/3826\/revisions\/3828"}],"wp:featuredmedia":[{"embeddable":true,"href":"https:\/\/die-wetterversicherung.de\/blog\/wp-json\/wp\/v2\/media\/3827"}],"wp:attachment":[{"href":"https:\/\/die-wetterversicherung.de\/blog\/wp-json\/wp\/v2\/media?parent=3826"}],"wp:term":[{"taxonomy":"category","embeddable":true,"href":"https:\/\/die-wetterversicherung.de\/blog\/wp-json\/wp\/v2\/categories?post=3826"},{"taxonomy":"post_tag","embeddable":true,"href":"https:\/\/die-wetterversicherung.de\/blog\/wp-json\/wp\/v2\/tags?post=3826"}],"curies":[{"name":"wp","href":"https:\/\/api.w.org\/{rel}","templated":true}]}}