{"id":3797,"date":"2021-05-12T16:40:01","date_gmt":"2021-05-12T14:40:01","guid":{"rendered":"https:\/\/die-wetterversicherung.de\/blog\/?p=3797"},"modified":"2021-05-12T16:40:04","modified_gmt":"2021-05-12T14:40:04","slug":"abgetrocknete-aecker-lassen-gefahr-fuer-sandstuerme-und-duerre-steigen","status":"publish","type":"post","link":"https:\/\/die-wetterversicherung.de\/blog\/abgetrocknete-aecker-lassen-gefahr-fuer-sandstuerme-und-duerre-steigen\/","title":{"rendered":"Abgetrocknete \u00c4cker lassen Gefahr f\u00fcr Sandst\u00fcrme und D\u00fcrre steigen"},"content":{"rendered":"\n<h4 class=\"wp-block-heading\"><strong>Das Agrarministerium beobachtet die Situation auf Mecklenburg-Vorpommerns <\/strong><strong>\u00c4ckern<\/strong><strong> besorgt.<\/strong><\/h4>\n\n\n\n<!--more-->\n\n\n\n<figure class=\"wp-block-image size-large\"><a href=\"https:\/\/die-wetterversicherung.de\/blog\/wp-content\/uploads\/2021\/05\/Sandsturm-Deutschland-Sandstuerme-moeglich-Acker-Wiese-Landwirtschaft-Meckelnburg-Vorpommern-Duerre-klimawandel-Sommer-Hitze.jpg\"><img loading=\"lazy\" decoding=\"async\" width=\"1024\" height=\"683\" src=\"https:\/\/die-wetterversicherung.de\/blog\/wp-content\/uploads\/2021\/05\/Sandsturm-Deutschland-Sandstuerme-moeglich-Acker-Wiese-Landwirtschaft-Meckelnburg-Vorpommern-Duerre-klimawandel-Sommer-Hitze-1024x683.jpg\" alt=\"\u00e4cker\" class=\"wp-image-3798\" srcset=\"https:\/\/die-wetterversicherung.de\/blog\/wp-content\/uploads\/2021\/05\/Sandsturm-Deutschland-Sandstuerme-moeglich-Acker-Wiese-Landwirtschaft-Meckelnburg-Vorpommern-Duerre-klimawandel-Sommer-Hitze-1024x683.jpg 1024w, https:\/\/die-wetterversicherung.de\/blog\/wp-content\/uploads\/2021\/05\/Sandsturm-Deutschland-Sandstuerme-moeglich-Acker-Wiese-Landwirtschaft-Meckelnburg-Vorpommern-Duerre-klimawandel-Sommer-Hitze-300x200.jpg 300w, https:\/\/die-wetterversicherung.de\/blog\/wp-content\/uploads\/2021\/05\/Sandsturm-Deutschland-Sandstuerme-moeglich-Acker-Wiese-Landwirtschaft-Meckelnburg-Vorpommern-Duerre-klimawandel-Sommer-Hitze-768x512.jpg 768w, https:\/\/die-wetterversicherung.de\/blog\/wp-content\/uploads\/2021\/05\/Sandsturm-Deutschland-Sandstuerme-moeglich-Acker-Wiese-Landwirtschaft-Meckelnburg-Vorpommern-Duerre-klimawandel-Sommer-Hitze-1536x1024.jpg 1536w, https:\/\/die-wetterversicherung.de\/blog\/wp-content\/uploads\/2021\/05\/Sandsturm-Deutschland-Sandstuerme-moeglich-Acker-Wiese-Landwirtschaft-Meckelnburg-Vorpommern-Duerre-klimawandel-Sommer-Hitze-750x500.jpg 750w, https:\/\/die-wetterversicherung.de\/blog\/wp-content\/uploads\/2021\/05\/Sandsturm-Deutschland-Sandstuerme-moeglich-Acker-Wiese-Landwirtschaft-Meckelnburg-Vorpommern-Duerre-klimawandel-Sommer-Hitze.jpg 1920w\" sizes=\"auto, (max-width: 1024px) 100vw, 1024px\" \/><\/a><figcaption>Foto: Vadym Sliusarchuk\/pixabay.com (Symbolbild)<\/figcaption><\/figure>\n\n\n\n<p>In Mecklenburg-Vorpommern wurden in letzter Zeit erneut punktuell Sandst\u00fcrme beobachtet. Das hat das <a href=\"https:\/\/www.regierung-mv.de\/Landesregierung\/lm\/\" target=\"_blank\" rel=\"noreferrer noopener\">Agrarministerium<\/a> dazu veranlasst, auf das Problem und dessen Ursachen hinzuweisen. Laut Landwirtschaftsminister Till Backhaus zeigt das, dass die oberen Bodenschichten der \u00c4cker durch die geringen Niederschl\u00e4ge, die hohe Sonneneinstrahlung und die starken Winde im April teilweise schon wieder deutlich ausgetrocknet sind. \u201eLandwirte berichten von Anzeichen beginnenden <a href=\"https:\/\/die-wetterversicherung.de\/blog\/?s=trockenheit\" target=\"_blank\" rel=\"noreferrer noopener\">Trockenstresses<\/a>. Punktuell ist die Situation ins\u00adbesondere f\u00fcr den \u00d6kolandbau und auf Sandb\u00f6den besorgniserregend\u201d, so Backhaus. \u201cInsgesamt jedoch sch\u00e4tzen wir die Lage noch nicht so problematisch ein. Ende Mai werden wir die Situation betreffs Wasser in den oberen Boden\u00adschichten neu bewerten\u201d, k\u00fcndigte der Minister an. Dann werde man eventuell die 2018 ins Leben gerufene D\u00fcrre-AG reaktivieren.<\/p>\n\n\n\n<h4 class=\"wp-block-heading\"><strong>\u00c4cker<\/strong><strong> trotz Winterniederschl\u00e4ge zu trocken<\/strong><\/h4>\n\n\n\n<p>Die Einsch\u00e4tzung des Agrarministers basiert auf einem Bericht der <a href=\"https:\/\/www.landwirtschaft-mv.de\/\" target=\"_blank\" rel=\"noreferrer noopener\">Landesforschungsanstalt f\u00fcr Landwirtschaft und Fischerei (LFA) <\/a>zum Stand der Ackerkulturen. Diese beinhaltet auch eine Analyse der Witterung. Die Winter\u00adniederschl\u00e4ge 2020\/21 haben demnach nach den trockenen Sommern der letzten Jahre zwar eine leichte Entspannung gebracht, konnten jedoch die Wasser\u00adspeicher im Boden nicht vollst\u00e4ndig wieder auff\u00fcllen.\u00a0<\/p>\n\n\n\n<h4 class=\"wp-block-heading\"><strong>Ministerium will noch abwarten<\/strong><\/h4>\n\n\n\n<p>Im April sanken die Temperaturen nachts regelm\u00e4\u00dfig in den Frostbereich. Frostsch\u00e4den wurden jedoch nur vereinzelt von fr\u00fch ges\u00e4ten Lupinen\u00adbest\u00e4nden berichtet. Die meisten Kulturpflanzen und Obstb\u00e4ume befanden sich noch nicht in kritischen Entwicklungsstadien. Starke Strahlungsintensit\u00e4t und hohe Windgeschwindigkeiten lie\u00dfen die Winderosions\u00adgefahr nicht nur auf den abgetrockneten Sandb\u00f6den steigen. Ob sich die Situation zuspitzt oder entsch\u00e4rft, h\u00e4ngt ma\u00dfgeblich vom weiteren Witterungsverlauf bis Mitte Mai ab. Laut Ministerium sei es insgesamt zu fr\u00fch, auch nur vage Empfehlungen zu kurzfristigen Kompen\u00adsations- und Hilfsma\u00dfnahmen f\u00fcr das Anbaujahr 2021 zu geben.<\/p>\n","protected":false},"excerpt":{"rendered":"<p>Das Agrarministerium beobachtet die Situation auf Mecklenburg-Vorpommerns \u00c4ckern besorgt.<\/p><p><a class=\"more-link btn\" href=\"https:\/\/die-wetterversicherung.de\/blog\/abgetrocknete-aecker-lassen-gefahr-fuer-sandstuerme-und-duerre-steigen\/\">Weiterlesen<\/a><\/p>\n","protected":false},"author":5,"featured_media":3798,"comment_status":"open","ping_status":"closed","sticky":false,"template":"","format":"standard","meta":{"footnotes":""},"categories":[4,5],"tags":[107,268,88,83,84,391,390,28,142],"class_list":["post-3797","post","type-post","status-publish","format-standard","has-post-thumbnail","hentry","category-lasst-uns-ubers-wetter-reden","category-wetter-extrem","tag-acker","tag-duerre","tag-hitze","tag-klima","tag-klimawandel","tag-mecklenburg-vorpommern","tag-sandstuerme","tag-trockenheit","tag-wasser","item-wrap"],"yoast_head":"<!-- This site is optimized with the Yoast SEO plugin v26.4 - https:\/\/yoast.com\/wordpress\/plugins\/seo\/ -->\n<title>Abgetrocknete \u00c4cker lassen Gefahr f\u00fcr Sandst\u00fcrme und D\u00fcrre steigen - die-wetterversicherung.de<\/title>\n<meta name=\"description\" content=\"Das Agrarministerium beobachtet die Situation auf Mecklenburg-Vorpommerns \u00c4ckern besorgt.\" \/>\n<meta name=\"robots\" content=\"index, follow, max-snippet:-1, max-image-preview:large, max-video-preview:-1\" \/>\n<link rel=\"canonical\" href=\"https:\/\/die-wetterversicherung.de\/blog\/abgetrocknete-aecker-lassen-gefahr-fuer-sandstuerme-und-duerre-steigen\/\" \/>\n<meta property=\"og:locale\" content=\"de_DE\" \/>\n<meta property=\"og:type\" content=\"article\" \/>\n<meta property=\"og:title\" content=\"Abgetrocknete \u00c4cker lassen Gefahr f\u00fcr Sandst\u00fcrme und D\u00fcrre steigen - die-wetterversicherung.de\" \/>\n<meta property=\"og:description\" content=\"Das Agrarministerium beobachtet die Situation auf Mecklenburg-Vorpommerns \u00c4ckern besorgt.\" \/>\n<meta property=\"og:url\" content=\"https:\/\/die-wetterversicherung.de\/blog\/abgetrocknete-aecker-lassen-gefahr-fuer-sandstuerme-und-duerre-steigen\/\" \/>\n<meta property=\"og:site_name\" content=\"die-wetterversicherung.de\" \/>\n<meta property=\"article:publisher\" content=\"https:\/\/www.facebook.com\/diewetterversicherung\" \/>\n<meta property=\"article:published_time\" content=\"2021-05-12T14:40:01+00:00\" \/>\n<meta property=\"article:modified_time\" content=\"2021-05-12T14:40:04+00:00\" \/>\n<meta property=\"og:image\" content=\"https:\/\/die-wetterversicherung.de\/blog\/wp-content\/uploads\/2021\/05\/Sandsturm-Deutschland-Sandstuerme-moeglich-Acker-Wiese-Landwirtschaft-Meckelnburg-Vorpommern-Duerre-klimawandel-Sommer-Hitze.jpg\" \/>\n\t<meta property=\"og:image:width\" content=\"1920\" \/>\n\t<meta property=\"og:image:height\" content=\"1280\" \/>\n\t<meta property=\"og:image:type\" content=\"image\/jpeg\" \/>\n<meta name=\"author\" content=\"admin\" \/>\n<meta name=\"twitter:card\" content=\"summary_large_image\" \/>\n<meta name=\"twitter:label1\" content=\"Verfasst von\" \/>\n\t<meta name=\"twitter:data1\" content=\"admin\" \/>\n\t<meta name=\"twitter:label2\" content=\"Gesch\u00e4tzte Lesezeit\" \/>\n\t<meta name=\"twitter:data2\" content=\"2\u00a0Minuten\" \/>\n<script type=\"application\/ld+json\" class=\"yoast-schema-graph\">{\"@context\":\"https:\/\/schema.org\",\"@graph\":[{\"@type\":\"WebPage\",\"@id\":\"https:\/\/die-wetterversicherung.de\/blog\/abgetrocknete-aecker-lassen-gefahr-fuer-sandstuerme-und-duerre-steigen\/\",\"url\":\"https:\/\/die-wetterversicherung.de\/blog\/abgetrocknete-aecker-lassen-gefahr-fuer-sandstuerme-und-duerre-steigen\/\",\"name\":\"Abgetrocknete \u00c4cker lassen Gefahr f\u00fcr Sandst\u00fcrme und D\u00fcrre steigen - die-wetterversicherung.de\",\"isPartOf\":{\"@id\":\"https:\/\/die-wetterversicherung.de\/blog\/#website\"},\"primaryImageOfPage\":{\"@id\":\"https:\/\/die-wetterversicherung.de\/blog\/abgetrocknete-aecker-lassen-gefahr-fuer-sandstuerme-und-duerre-steigen\/#primaryimage\"},\"image\":{\"@id\":\"https:\/\/die-wetterversicherung.de\/blog\/abgetrocknete-aecker-lassen-gefahr-fuer-sandstuerme-und-duerre-steigen\/#primaryimage\"},\"thumbnailUrl\":\"https:\/\/die-wetterversicherung.de\/blog\/wp-content\/uploads\/2021\/05\/Sandsturm-Deutschland-Sandstuerme-moeglich-Acker-Wiese-Landwirtschaft-Meckelnburg-Vorpommern-Duerre-klimawandel-Sommer-Hitze.jpg\",\"datePublished\":\"2021-05-12T14:40:01+00:00\",\"dateModified\":\"2021-05-12T14:40:04+00:00\",\"author\":{\"@id\":\"https:\/\/die-wetterversicherung.de\/blog\/#\/schema\/person\/ece359d1fb2756d4f371d523c75b881a\"},\"description\":\"Das Agrarministerium beobachtet die Situation auf Mecklenburg-Vorpommerns \u00c4ckern besorgt.\",\"breadcrumb\":{\"@id\":\"https:\/\/die-wetterversicherung.de\/blog\/abgetrocknete-aecker-lassen-gefahr-fuer-sandstuerme-und-duerre-steigen\/#breadcrumb\"},\"inLanguage\":\"de\",\"potentialAction\":[{\"@type\":\"ReadAction\",\"target\":[\"https:\/\/die-wetterversicherung.de\/blog\/abgetrocknete-aecker-lassen-gefahr-fuer-sandstuerme-und-duerre-steigen\/\"]}]},{\"@type\":\"ImageObject\",\"inLanguage\":\"de\",\"@id\":\"https:\/\/die-wetterversicherung.de\/blog\/abgetrocknete-aecker-lassen-gefahr-fuer-sandstuerme-und-duerre-steigen\/#primaryimage\",\"url\":\"https:\/\/die-wetterversicherung.de\/blog\/wp-content\/uploads\/2021\/05\/Sandsturm-Deutschland-Sandstuerme-moeglich-Acker-Wiese-Landwirtschaft-Meckelnburg-Vorpommern-Duerre-klimawandel-Sommer-Hitze.jpg\",\"contentUrl\":\"https:\/\/die-wetterversicherung.de\/blog\/wp-content\/uploads\/2021\/05\/Sandsturm-Deutschland-Sandstuerme-moeglich-Acker-Wiese-Landwirtschaft-Meckelnburg-Vorpommern-Duerre-klimawandel-Sommer-Hitze.jpg\",\"width\":1920,\"height\":1280,\"caption\":\"Foto: Vadym Sliusarchuk\/pixabay.com (Symbolbild)\"},{\"@type\":\"BreadcrumbList\",\"@id\":\"https:\/\/die-wetterversicherung.de\/blog\/abgetrocknete-aecker-lassen-gefahr-fuer-sandstuerme-und-duerre-steigen\/#breadcrumb\",\"itemListElement\":[{\"@type\":\"ListItem\",\"position\":1,\"name\":\"Startseite\",\"item\":\"https:\/\/die-wetterversicherung.de\/blog\/\"},{\"@type\":\"ListItem\",\"position\":2,\"name\":\"Abgetrocknete \u00c4cker lassen Gefahr f\u00fcr Sandst\u00fcrme und D\u00fcrre steigen\"}]},{\"@type\":\"WebSite\",\"@id\":\"https:\/\/die-wetterversicherung.de\/blog\/#website\",\"url\":\"https:\/\/die-wetterversicherung.de\/blog\/\",\"name\":\"die-wetterversicherung.de\",\"description\":\"Wetterversicherung-Blog\",\"potentialAction\":[{\"@type\":\"SearchAction\",\"target\":{\"@type\":\"EntryPoint\",\"urlTemplate\":\"https:\/\/die-wetterversicherung.de\/blog\/?s={search_term_string}\"},\"query-input\":{\"@type\":\"PropertyValueSpecification\",\"valueRequired\":true,\"valueName\":\"search_term_string\"}}],\"inLanguage\":\"de\"},{\"@type\":\"Person\",\"@id\":\"https:\/\/die-wetterversicherung.de\/blog\/#\/schema\/person\/ece359d1fb2756d4f371d523c75b881a\",\"name\":\"admin\",\"url\":\"https:\/\/die-wetterversicherung.de\/blog\/author\/admin\/\"}]}<\/script>\n<!-- \/ Yoast SEO plugin. -->","yoast_head_json":{"title":"Abgetrocknete \u00c4cker lassen Gefahr f\u00fcr Sandst\u00fcrme und D\u00fcrre steigen - die-wetterversicherung.de","description":"Das Agrarministerium beobachtet die Situation auf Mecklenburg-Vorpommerns \u00c4ckern besorgt.","robots":{"index":"index","follow":"follow","max-snippet":"max-snippet:-1","max-image-preview":"max-image-preview:large","max-video-preview":"max-video-preview:-1"},"canonical":"https:\/\/die-wetterversicherung.de\/blog\/abgetrocknete-aecker-lassen-gefahr-fuer-sandstuerme-und-duerre-steigen\/","og_locale":"de_DE","og_type":"article","og_title":"Abgetrocknete \u00c4cker lassen Gefahr f\u00fcr Sandst\u00fcrme und D\u00fcrre steigen - die-wetterversicherung.de","og_description":"Das Agrarministerium beobachtet die Situation auf Mecklenburg-Vorpommerns \u00c4ckern besorgt.","og_url":"https:\/\/die-wetterversicherung.de\/blog\/abgetrocknete-aecker-lassen-gefahr-fuer-sandstuerme-und-duerre-steigen\/","og_site_name":"die-wetterversicherung.de","article_publisher":"https:\/\/www.facebook.com\/diewetterversicherung","article_published_time":"2021-05-12T14:40:01+00:00","article_modified_time":"2021-05-12T14:40:04+00:00","og_image":[{"width":1920,"height":1280,"url":"https:\/\/die-wetterversicherung.de\/blog\/wp-content\/uploads\/2021\/05\/Sandsturm-Deutschland-Sandstuerme-moeglich-Acker-Wiese-Landwirtschaft-Meckelnburg-Vorpommern-Duerre-klimawandel-Sommer-Hitze.jpg","type":"image\/jpeg"}],"author":"admin","twitter_card":"summary_large_image","twitter_misc":{"Verfasst von":"admin","Gesch\u00e4tzte Lesezeit":"2\u00a0Minuten"},"schema":{"@context":"https:\/\/schema.org","@graph":[{"@type":"WebPage","@id":"https:\/\/die-wetterversicherung.de\/blog\/abgetrocknete-aecker-lassen-gefahr-fuer-sandstuerme-und-duerre-steigen\/","url":"https:\/\/die-wetterversicherung.de\/blog\/abgetrocknete-aecker-lassen-gefahr-fuer-sandstuerme-und-duerre-steigen\/","name":"Abgetrocknete \u00c4cker lassen Gefahr f\u00fcr Sandst\u00fcrme und D\u00fcrre steigen - die-wetterversicherung.de","isPartOf":{"@id":"https:\/\/die-wetterversicherung.de\/blog\/#website"},"primaryImageOfPage":{"@id":"https:\/\/die-wetterversicherung.de\/blog\/abgetrocknete-aecker-lassen-gefahr-fuer-sandstuerme-und-duerre-steigen\/#primaryimage"},"image":{"@id":"https:\/\/die-wetterversicherung.de\/blog\/abgetrocknete-aecker-lassen-gefahr-fuer-sandstuerme-und-duerre-steigen\/#primaryimage"},"thumbnailUrl":"https:\/\/die-wetterversicherung.de\/blog\/wp-content\/uploads\/2021\/05\/Sandsturm-Deutschland-Sandstuerme-moeglich-Acker-Wiese-Landwirtschaft-Meckelnburg-Vorpommern-Duerre-klimawandel-Sommer-Hitze.jpg","datePublished":"2021-05-12T14:40:01+00:00","dateModified":"2021-05-12T14:40:04+00:00","author":{"@id":"https:\/\/die-wetterversicherung.de\/blog\/#\/schema\/person\/ece359d1fb2756d4f371d523c75b881a"},"description":"Das Agrarministerium beobachtet die Situation auf Mecklenburg-Vorpommerns \u00c4ckern besorgt.","breadcrumb":{"@id":"https:\/\/die-wetterversicherung.de\/blog\/abgetrocknete-aecker-lassen-gefahr-fuer-sandstuerme-und-duerre-steigen\/#breadcrumb"},"inLanguage":"de","potentialAction":[{"@type":"ReadAction","target":["https:\/\/die-wetterversicherung.de\/blog\/abgetrocknete-aecker-lassen-gefahr-fuer-sandstuerme-und-duerre-steigen\/"]}]},{"@type":"ImageObject","inLanguage":"de","@id":"https:\/\/die-wetterversicherung.de\/blog\/abgetrocknete-aecker-lassen-gefahr-fuer-sandstuerme-und-duerre-steigen\/#primaryimage","url":"https:\/\/die-wetterversicherung.de\/blog\/wp-content\/uploads\/2021\/05\/Sandsturm-Deutschland-Sandstuerme-moeglich-Acker-Wiese-Landwirtschaft-Meckelnburg-Vorpommern-Duerre-klimawandel-Sommer-Hitze.jpg","contentUrl":"https:\/\/die-wetterversicherung.de\/blog\/wp-content\/uploads\/2021\/05\/Sandsturm-Deutschland-Sandstuerme-moeglich-Acker-Wiese-Landwirtschaft-Meckelnburg-Vorpommern-Duerre-klimawandel-Sommer-Hitze.jpg","width":1920,"height":1280,"caption":"Foto: Vadym Sliusarchuk\/pixabay.com (Symbolbild)"},{"@type":"BreadcrumbList","@id":"https:\/\/die-wetterversicherung.de\/blog\/abgetrocknete-aecker-lassen-gefahr-fuer-sandstuerme-und-duerre-steigen\/#breadcrumb","itemListElement":[{"@type":"ListItem","position":1,"name":"Startseite","item":"https:\/\/die-wetterversicherung.de\/blog\/"},{"@type":"ListItem","position":2,"name":"Abgetrocknete \u00c4cker lassen Gefahr f\u00fcr Sandst\u00fcrme und D\u00fcrre steigen"}]},{"@type":"WebSite","@id":"https:\/\/die-wetterversicherung.de\/blog\/#website","url":"https:\/\/die-wetterversicherung.de\/blog\/","name":"die-wetterversicherung.de","description":"Wetterversicherung-Blog","potentialAction":[{"@type":"SearchAction","target":{"@type":"EntryPoint","urlTemplate":"https:\/\/die-wetterversicherung.de\/blog\/?s={search_term_string}"},"query-input":{"@type":"PropertyValueSpecification","valueRequired":true,"valueName":"search_term_string"}}],"inLanguage":"de"},{"@type":"Person","@id":"https:\/\/die-wetterversicherung.de\/blog\/#\/schema\/person\/ece359d1fb2756d4f371d523c75b881a","name":"admin","url":"https:\/\/die-wetterversicherung.de\/blog\/author\/admin\/"}]}},"_links":{"self":[{"href":"https:\/\/die-wetterversicherung.de\/blog\/wp-json\/wp\/v2\/posts\/3797","targetHints":{"allow":["GET"]}}],"collection":[{"href":"https:\/\/die-wetterversicherung.de\/blog\/wp-json\/wp\/v2\/posts"}],"about":[{"href":"https:\/\/die-wetterversicherung.de\/blog\/wp-json\/wp\/v2\/types\/post"}],"author":[{"embeddable":true,"href":"https:\/\/die-wetterversicherung.de\/blog\/wp-json\/wp\/v2\/users\/5"}],"replies":[{"embeddable":true,"href":"https:\/\/die-wetterversicherung.de\/blog\/wp-json\/wp\/v2\/comments?post=3797"}],"version-history":[{"count":1,"href":"https:\/\/die-wetterversicherung.de\/blog\/wp-json\/wp\/v2\/posts\/3797\/revisions"}],"predecessor-version":[{"id":3799,"href":"https:\/\/die-wetterversicherung.de\/blog\/wp-json\/wp\/v2\/posts\/3797\/revisions\/3799"}],"wp:featuredmedia":[{"embeddable":true,"href":"https:\/\/die-wetterversicherung.de\/blog\/wp-json\/wp\/v2\/media\/3798"}],"wp:attachment":[{"href":"https:\/\/die-wetterversicherung.de\/blog\/wp-json\/wp\/v2\/media?parent=3797"}],"wp:term":[{"taxonomy":"category","embeddable":true,"href":"https:\/\/die-wetterversicherung.de\/blog\/wp-json\/wp\/v2\/categories?post=3797"},{"taxonomy":"post_tag","embeddable":true,"href":"https:\/\/die-wetterversicherung.de\/blog\/wp-json\/wp\/v2\/tags?post=3797"}],"curies":[{"name":"wp","href":"https:\/\/api.w.org\/{rel}","templated":true}]}}