{"id":3785,"date":"2021-04-28T17:03:34","date_gmt":"2021-04-28T15:03:34","guid":{"rendered":"https:\/\/die-wetterversicherung.de\/blog\/?p=3785"},"modified":"2021-04-28T17:26:29","modified_gmt":"2021-04-28T15:26:29","slug":"ozonwerte-haben-sich-verbessert","status":"publish","type":"post","link":"https:\/\/die-wetterversicherung.de\/blog\/ozonwerte-haben-sich-verbessert\/","title":{"rendered":"Ozonwerte haben sich verbessert"},"content":{"rendered":"\n<h4 class=\"wp-block-heading\"><strong>Laut einer aktuellen Studie haben sich die <\/strong><strong>Ozonwerte<\/strong><strong> in Deutschland verbessert.<\/strong><\/h4>\n\n\n\n<!--more-->\n\n\n\n<figure class=\"wp-block-image size-large\"><a href=\"https:\/\/die-wetterversicherung.de\/blog\/wp-content\/uploads\/2021\/04\/ozonwerte-ozon-verbessert-studie-ursachen-corona-klimawandel-klima-gefaehrlich-gruende-2021.jpg\"><img loading=\"lazy\" decoding=\"async\" width=\"1024\" height=\"523\" src=\"https:\/\/die-wetterversicherung.de\/blog\/wp-content\/uploads\/2021\/04\/ozonwerte-ozon-verbessert-studie-ursachen-corona-klimawandel-klima-gefaehrlich-gruende-2021-1024x523.jpg\" alt=\"ozonwerte\" class=\"wp-image-3786\" srcset=\"https:\/\/die-wetterversicherung.de\/blog\/wp-content\/uploads\/2021\/04\/ozonwerte-ozon-verbessert-studie-ursachen-corona-klimawandel-klima-gefaehrlich-gruende-2021-1024x523.jpg 1024w, https:\/\/die-wetterversicherung.de\/blog\/wp-content\/uploads\/2021\/04\/ozonwerte-ozon-verbessert-studie-ursachen-corona-klimawandel-klima-gefaehrlich-gruende-2021-300x153.jpg 300w, https:\/\/die-wetterversicherung.de\/blog\/wp-content\/uploads\/2021\/04\/ozonwerte-ozon-verbessert-studie-ursachen-corona-klimawandel-klima-gefaehrlich-gruende-2021-768x392.jpg 768w, https:\/\/die-wetterversicherung.de\/blog\/wp-content\/uploads\/2021\/04\/ozonwerte-ozon-verbessert-studie-ursachen-corona-klimawandel-klima-gefaehrlich-gruende-2021-1536x784.jpg 1536w, https:\/\/die-wetterversicherung.de\/blog\/wp-content\/uploads\/2021\/04\/ozonwerte-ozon-verbessert-studie-ursachen-corona-klimawandel-klima-gefaehrlich-gruende-2021-750x383.jpg 750w, https:\/\/die-wetterversicherung.de\/blog\/wp-content\/uploads\/2021\/04\/ozonwerte-ozon-verbessert-studie-ursachen-corona-klimawandel-klima-gefaehrlich-gruende-2021.jpg 1920w\" sizes=\"auto, (max-width: 1024px) 100vw, 1024px\" \/><\/a><figcaption>Foto: Foto-Rabe\/pixabay.com (Symbolbild)<\/figcaption><\/figure>\n\n\n\n<p>Im Sommer ist Ozon-Saison: Wenn es sonnig und hei\u00df ist, bildet sich in Bodenn\u00e4he verst\u00e4rkt das gesundheitssch\u00e4dliche Gas. In den vergangenen Jahren stiegen die Ozonwerte in Deutschland bei warmen Temperaturen allerdings weniger stark an als zuvor.<\/p>\n\n\n\n<h4 class=\"wp-block-heading\"><strong>Ozonwerte im S\u00fcdwesten am niedrigsten<\/strong><\/h4>\n\n\n\n<p>Laut der <a href=\"https:\/\/www.sciencedirect.com\/science\/article\/pii\/S1352231021001527?via%3Dihub\" target=\"_blank\" rel=\"noreferrer noopener\">Studie<\/a> des <a href=\"https:\/\/www.iass-potsdam.de\/de\" target=\"_blank\" rel=\"noreferrer noopener\">Instituts f\u00fcr transformative Nachhaltigkeitsforschung (IASS)<\/a> in Potsdam ist der Hauptgrund ein R\u00fcckgang der Stickstoffoxid-Emissionen. Positive Entwicklungen sind vor allem im S\u00fcdwesten Deutschlands zu beobachten, w\u00e4hrend Berlin hinterherhinkt. Stickstoffoxide geh\u00f6ren zu den Vorl\u00e4ufersubstanzen von bodennahem Ozon. Die Gefahren f\u00fcr Menschen: Augen, Nase und Rachen k\u00f6nnen gereizt und Atemwegserkrankungen verschlimmert werden.<\/p>\n\n\n\n<h4 class=\"wp-block-heading\"><strong>Bessere Abgaswerte<\/strong><\/h4>\n\n\n\n<p>Stickstoffoxide entstehen vor allem bei Verbrennungsprozessen in Motoren und Anlagen. \u201eIn Ballungsgebieten ist der Verkehr die bedeutendste Quelle von Stickstoffoxid-Emissionen. In den vergangenen Jahren sind die Emissionen deutlich gesunken, was unter anderem an verbesserten Abgaswerten liegt\u201c, erl\u00e4utert Leitautorin Noelia Otero. Mit der Studie wollten sie und ihre Kollegen herausfinden, wie sich die sinkenden Emissionen auf die Bildung von bodennahem Ozon auswirken.<\/p>\n\n\n\n<p>Das Forschungsteam verwendete Langzeitmessungen der st\u00fcndlichen Ozon-Konzentrationen in Verbindung mit Stickstoffoxid-Konzentrationen an Stationen in ganz Deutschland, um das Verh\u00e4ltnis von Temperatur und <a href=\"https:\/\/die-wetterversicherung.de\/blog\/?s=ozon\" target=\"_blank\" rel=\"noreferrer noopener\">Ozon<\/a> im Zeitraum 1999 bis 2008 sowie 2009 bis 2018 zu bestimmen.&nbsp;<\/p>\n","protected":false},"excerpt":{"rendered":"<p>Laut einer aktuellen Studie haben sich die Ozonwerte in Deutschland verbessert.<\/p><p><a class=\"more-link btn\" href=\"https:\/\/die-wetterversicherung.de\/blog\/ozonwerte-haben-sich-verbessert\/\">Weiterlesen<\/a><\/p>\n","protected":false},"author":5,"featured_media":3786,"comment_status":"open","ping_status":"closed","sticky":false,"template":"","format":"standard","meta":{"footnotes":""},"categories":[4],"tags":[85,53,380,381,13,251,382,212],"class_list":["post-3785","post","type-post","status-publish","format-standard","has-post-thumbnail","hentry","category-lasst-uns-ubers-wetter-reden","tag-forschung","tag-luft","tag-ozon","tag-ozonwerte","tag-studie","tag-umweltschutz","tag-umweltverschmutzung","tag-wissenschaft","item-wrap"],"yoast_head":"<!-- This site is optimized with the Yoast SEO plugin v26.4 - https:\/\/yoast.com\/wordpress\/plugins\/seo\/ -->\n<title>Ozonwerte haben sich verbessert - die-wetterversicherung.de<\/title>\n<meta name=\"description\" content=\"Laut einer aktuellen Studie haben sich die Ozonwerte in Deutschland verbessert.\" \/>\n<meta name=\"robots\" content=\"index, follow, max-snippet:-1, max-image-preview:large, max-video-preview:-1\" \/>\n<link rel=\"canonical\" href=\"https:\/\/die-wetterversicherung.de\/blog\/ozonwerte-haben-sich-verbessert\/\" \/>\n<meta property=\"og:locale\" content=\"de_DE\" \/>\n<meta property=\"og:type\" content=\"article\" \/>\n<meta property=\"og:title\" content=\"Ozonwerte haben sich verbessert - die-wetterversicherung.de\" \/>\n<meta property=\"og:description\" content=\"Laut einer aktuellen Studie haben sich die Ozonwerte in Deutschland verbessert.\" \/>\n<meta property=\"og:url\" content=\"https:\/\/die-wetterversicherung.de\/blog\/ozonwerte-haben-sich-verbessert\/\" \/>\n<meta property=\"og:site_name\" content=\"die-wetterversicherung.de\" \/>\n<meta property=\"article:publisher\" content=\"https:\/\/www.facebook.com\/diewetterversicherung\" \/>\n<meta property=\"article:published_time\" content=\"2021-04-28T15:03:34+00:00\" \/>\n<meta property=\"article:modified_time\" content=\"2021-04-28T15:26:29+00:00\" \/>\n<meta property=\"og:image\" content=\"https:\/\/die-wetterversicherung.de\/blog\/wp-content\/uploads\/2021\/04\/ozonwerte-ozon-verbessert-studie-ursachen-corona-klimawandel-klima-gefaehrlich-gruende-2021.jpg\" \/>\n\t<meta property=\"og:image:width\" content=\"1920\" \/>\n\t<meta property=\"og:image:height\" content=\"980\" \/>\n\t<meta property=\"og:image:type\" content=\"image\/jpeg\" \/>\n<meta name=\"author\" content=\"admin\" \/>\n<meta name=\"twitter:card\" content=\"summary_large_image\" \/>\n<meta name=\"twitter:label1\" content=\"Verfasst von\" \/>\n\t<meta name=\"twitter:data1\" content=\"admin\" \/>\n\t<meta name=\"twitter:label2\" content=\"Gesch\u00e4tzte Lesezeit\" \/>\n\t<meta name=\"twitter:data2\" content=\"2\u00a0Minuten\" \/>\n<script type=\"application\/ld+json\" class=\"yoast-schema-graph\">{\"@context\":\"https:\/\/schema.org\",\"@graph\":[{\"@type\":\"WebPage\",\"@id\":\"https:\/\/die-wetterversicherung.de\/blog\/ozonwerte-haben-sich-verbessert\/\",\"url\":\"https:\/\/die-wetterversicherung.de\/blog\/ozonwerte-haben-sich-verbessert\/\",\"name\":\"Ozonwerte haben sich verbessert - die-wetterversicherung.de\",\"isPartOf\":{\"@id\":\"https:\/\/die-wetterversicherung.de\/blog\/#website\"},\"primaryImageOfPage\":{\"@id\":\"https:\/\/die-wetterversicherung.de\/blog\/ozonwerte-haben-sich-verbessert\/#primaryimage\"},\"image\":{\"@id\":\"https:\/\/die-wetterversicherung.de\/blog\/ozonwerte-haben-sich-verbessert\/#primaryimage\"},\"thumbnailUrl\":\"https:\/\/die-wetterversicherung.de\/blog\/wp-content\/uploads\/2021\/04\/ozonwerte-ozon-verbessert-studie-ursachen-corona-klimawandel-klima-gefaehrlich-gruende-2021.jpg\",\"datePublished\":\"2021-04-28T15:03:34+00:00\",\"dateModified\":\"2021-04-28T15:26:29+00:00\",\"author\":{\"@id\":\"https:\/\/die-wetterversicherung.de\/blog\/#\/schema\/person\/ece359d1fb2756d4f371d523c75b881a\"},\"description\":\"Laut einer aktuellen Studie haben sich die Ozonwerte in Deutschland verbessert.\",\"breadcrumb\":{\"@id\":\"https:\/\/die-wetterversicherung.de\/blog\/ozonwerte-haben-sich-verbessert\/#breadcrumb\"},\"inLanguage\":\"de\",\"potentialAction\":[{\"@type\":\"ReadAction\",\"target\":[\"https:\/\/die-wetterversicherung.de\/blog\/ozonwerte-haben-sich-verbessert\/\"]}]},{\"@type\":\"ImageObject\",\"inLanguage\":\"de\",\"@id\":\"https:\/\/die-wetterversicherung.de\/blog\/ozonwerte-haben-sich-verbessert\/#primaryimage\",\"url\":\"https:\/\/die-wetterversicherung.de\/blog\/wp-content\/uploads\/2021\/04\/ozonwerte-ozon-verbessert-studie-ursachen-corona-klimawandel-klima-gefaehrlich-gruende-2021.jpg\",\"contentUrl\":\"https:\/\/die-wetterversicherung.de\/blog\/wp-content\/uploads\/2021\/04\/ozonwerte-ozon-verbessert-studie-ursachen-corona-klimawandel-klima-gefaehrlich-gruende-2021.jpg\",\"width\":1920,\"height\":980,\"caption\":\"Foto: Foto-Rabe\/pixabay.com (Symbolbild)\"},{\"@type\":\"BreadcrumbList\",\"@id\":\"https:\/\/die-wetterversicherung.de\/blog\/ozonwerte-haben-sich-verbessert\/#breadcrumb\",\"itemListElement\":[{\"@type\":\"ListItem\",\"position\":1,\"name\":\"Startseite\",\"item\":\"https:\/\/die-wetterversicherung.de\/blog\/\"},{\"@type\":\"ListItem\",\"position\":2,\"name\":\"Ozonwerte haben sich verbessert\"}]},{\"@type\":\"WebSite\",\"@id\":\"https:\/\/die-wetterversicherung.de\/blog\/#website\",\"url\":\"https:\/\/die-wetterversicherung.de\/blog\/\",\"name\":\"die-wetterversicherung.de\",\"description\":\"Wetterversicherung-Blog\",\"potentialAction\":[{\"@type\":\"SearchAction\",\"target\":{\"@type\":\"EntryPoint\",\"urlTemplate\":\"https:\/\/die-wetterversicherung.de\/blog\/?s={search_term_string}\"},\"query-input\":{\"@type\":\"PropertyValueSpecification\",\"valueRequired\":true,\"valueName\":\"search_term_string\"}}],\"inLanguage\":\"de\"},{\"@type\":\"Person\",\"@id\":\"https:\/\/die-wetterversicherung.de\/blog\/#\/schema\/person\/ece359d1fb2756d4f371d523c75b881a\",\"name\":\"admin\",\"url\":\"https:\/\/die-wetterversicherung.de\/blog\/author\/admin\/\"}]}<\/script>\n<!-- \/ Yoast SEO plugin. -->","yoast_head_json":{"title":"Ozonwerte haben sich verbessert - die-wetterversicherung.de","description":"Laut einer aktuellen Studie haben sich die Ozonwerte in Deutschland verbessert.","robots":{"index":"index","follow":"follow","max-snippet":"max-snippet:-1","max-image-preview":"max-image-preview:large","max-video-preview":"max-video-preview:-1"},"canonical":"https:\/\/die-wetterversicherung.de\/blog\/ozonwerte-haben-sich-verbessert\/","og_locale":"de_DE","og_type":"article","og_title":"Ozonwerte haben sich verbessert - die-wetterversicherung.de","og_description":"Laut einer aktuellen Studie haben sich die Ozonwerte in Deutschland verbessert.","og_url":"https:\/\/die-wetterversicherung.de\/blog\/ozonwerte-haben-sich-verbessert\/","og_site_name":"die-wetterversicherung.de","article_publisher":"https:\/\/www.facebook.com\/diewetterversicherung","article_published_time":"2021-04-28T15:03:34+00:00","article_modified_time":"2021-04-28T15:26:29+00:00","og_image":[{"width":1920,"height":980,"url":"https:\/\/die-wetterversicherung.de\/blog\/wp-content\/uploads\/2021\/04\/ozonwerte-ozon-verbessert-studie-ursachen-corona-klimawandel-klima-gefaehrlich-gruende-2021.jpg","type":"image\/jpeg"}],"author":"admin","twitter_card":"summary_large_image","twitter_misc":{"Verfasst von":"admin","Gesch\u00e4tzte Lesezeit":"2\u00a0Minuten"},"schema":{"@context":"https:\/\/schema.org","@graph":[{"@type":"WebPage","@id":"https:\/\/die-wetterversicherung.de\/blog\/ozonwerte-haben-sich-verbessert\/","url":"https:\/\/die-wetterversicherung.de\/blog\/ozonwerte-haben-sich-verbessert\/","name":"Ozonwerte haben sich verbessert - die-wetterversicherung.de","isPartOf":{"@id":"https:\/\/die-wetterversicherung.de\/blog\/#website"},"primaryImageOfPage":{"@id":"https:\/\/die-wetterversicherung.de\/blog\/ozonwerte-haben-sich-verbessert\/#primaryimage"},"image":{"@id":"https:\/\/die-wetterversicherung.de\/blog\/ozonwerte-haben-sich-verbessert\/#primaryimage"},"thumbnailUrl":"https:\/\/die-wetterversicherung.de\/blog\/wp-content\/uploads\/2021\/04\/ozonwerte-ozon-verbessert-studie-ursachen-corona-klimawandel-klima-gefaehrlich-gruende-2021.jpg","datePublished":"2021-04-28T15:03:34+00:00","dateModified":"2021-04-28T15:26:29+00:00","author":{"@id":"https:\/\/die-wetterversicherung.de\/blog\/#\/schema\/person\/ece359d1fb2756d4f371d523c75b881a"},"description":"Laut einer aktuellen Studie haben sich die Ozonwerte in Deutschland verbessert.","breadcrumb":{"@id":"https:\/\/die-wetterversicherung.de\/blog\/ozonwerte-haben-sich-verbessert\/#breadcrumb"},"inLanguage":"de","potentialAction":[{"@type":"ReadAction","target":["https:\/\/die-wetterversicherung.de\/blog\/ozonwerte-haben-sich-verbessert\/"]}]},{"@type":"ImageObject","inLanguage":"de","@id":"https:\/\/die-wetterversicherung.de\/blog\/ozonwerte-haben-sich-verbessert\/#primaryimage","url":"https:\/\/die-wetterversicherung.de\/blog\/wp-content\/uploads\/2021\/04\/ozonwerte-ozon-verbessert-studie-ursachen-corona-klimawandel-klima-gefaehrlich-gruende-2021.jpg","contentUrl":"https:\/\/die-wetterversicherung.de\/blog\/wp-content\/uploads\/2021\/04\/ozonwerte-ozon-verbessert-studie-ursachen-corona-klimawandel-klima-gefaehrlich-gruende-2021.jpg","width":1920,"height":980,"caption":"Foto: Foto-Rabe\/pixabay.com (Symbolbild)"},{"@type":"BreadcrumbList","@id":"https:\/\/die-wetterversicherung.de\/blog\/ozonwerte-haben-sich-verbessert\/#breadcrumb","itemListElement":[{"@type":"ListItem","position":1,"name":"Startseite","item":"https:\/\/die-wetterversicherung.de\/blog\/"},{"@type":"ListItem","position":2,"name":"Ozonwerte haben sich verbessert"}]},{"@type":"WebSite","@id":"https:\/\/die-wetterversicherung.de\/blog\/#website","url":"https:\/\/die-wetterversicherung.de\/blog\/","name":"die-wetterversicherung.de","description":"Wetterversicherung-Blog","potentialAction":[{"@type":"SearchAction","target":{"@type":"EntryPoint","urlTemplate":"https:\/\/die-wetterversicherung.de\/blog\/?s={search_term_string}"},"query-input":{"@type":"PropertyValueSpecification","valueRequired":true,"valueName":"search_term_string"}}],"inLanguage":"de"},{"@type":"Person","@id":"https:\/\/die-wetterversicherung.de\/blog\/#\/schema\/person\/ece359d1fb2756d4f371d523c75b881a","name":"admin","url":"https:\/\/die-wetterversicherung.de\/blog\/author\/admin\/"}]}},"_links":{"self":[{"href":"https:\/\/die-wetterversicherung.de\/blog\/wp-json\/wp\/v2\/posts\/3785","targetHints":{"allow":["GET"]}}],"collection":[{"href":"https:\/\/die-wetterversicherung.de\/blog\/wp-json\/wp\/v2\/posts"}],"about":[{"href":"https:\/\/die-wetterversicherung.de\/blog\/wp-json\/wp\/v2\/types\/post"}],"author":[{"embeddable":true,"href":"https:\/\/die-wetterversicherung.de\/blog\/wp-json\/wp\/v2\/users\/5"}],"replies":[{"embeddable":true,"href":"https:\/\/die-wetterversicherung.de\/blog\/wp-json\/wp\/v2\/comments?post=3785"}],"version-history":[{"count":2,"href":"https:\/\/die-wetterversicherung.de\/blog\/wp-json\/wp\/v2\/posts\/3785\/revisions"}],"predecessor-version":[{"id":3789,"href":"https:\/\/die-wetterversicherung.de\/blog\/wp-json\/wp\/v2\/posts\/3785\/revisions\/3789"}],"wp:featuredmedia":[{"embeddable":true,"href":"https:\/\/die-wetterversicherung.de\/blog\/wp-json\/wp\/v2\/media\/3786"}],"wp:attachment":[{"href":"https:\/\/die-wetterversicherung.de\/blog\/wp-json\/wp\/v2\/media?parent=3785"}],"wp:term":[{"taxonomy":"category","embeddable":true,"href":"https:\/\/die-wetterversicherung.de\/blog\/wp-json\/wp\/v2\/categories?post=3785"},{"taxonomy":"post_tag","embeddable":true,"href":"https:\/\/die-wetterversicherung.de\/blog\/wp-json\/wp\/v2\/tags?post=3785"}],"curies":[{"name":"wp","href":"https:\/\/api.w.org\/{rel}","templated":true}]}}