{"id":3779,"date":"2021-04-21T16:31:30","date_gmt":"2021-04-21T14:31:30","guid":{"rendered":"https:\/\/die-wetterversicherung.de\/blog\/?p=3779"},"modified":"2021-04-21T16:33:09","modified_gmt":"2021-04-21T14:33:09","slug":"schnee-im-fruehjahr-die-ursache-ist-weit-weg","status":"publish","type":"post","link":"https:\/\/die-wetterversicherung.de\/blog\/schnee-im-fruehjahr-die-ursache-ist-weit-weg\/","title":{"rendered":"Schnee im Fr\u00fchjahr: Die Ursache ist weit weg"},"content":{"rendered":"\n<h4 class=\"wp-block-heading\"><strong>Finnische Wissenschaftler haben herausgefunden, warum in Mitteleuropa immer \u00f6fter im Fr\u00fchjahr <\/strong><strong>Schnee<\/strong><strong> f\u00e4llt.<\/strong><\/h4>\n\n\n\n<!--more-->\n\n\n\n<figure class=\"wp-block-image size-large\"><a href=\"https:\/\/die-wetterversicherung.de\/blog\/wp-content\/uploads\/2021\/04\/Schnee-Fruehling-2021-dieses-Jahr-Grund-Ursache-Corona-Coronavirus-Pandemie-Sommer-Wetter-Winter-Klima-Klimawandel-Studie.jpg\"><img loading=\"lazy\" decoding=\"async\" width=\"1024\" height=\"683\" src=\"https:\/\/die-wetterversicherung.de\/blog\/wp-content\/uploads\/2021\/04\/Schnee-Fruehling-2021-dieses-Jahr-Grund-Ursache-Corona-Coronavirus-Pandemie-Sommer-Wetter-Winter-Klima-Klimawandel-Studie-1024x683.jpg\" alt=\"schnee\" class=\"wp-image-3780\" srcset=\"https:\/\/die-wetterversicherung.de\/blog\/wp-content\/uploads\/2021\/04\/Schnee-Fruehling-2021-dieses-Jahr-Grund-Ursache-Corona-Coronavirus-Pandemie-Sommer-Wetter-Winter-Klima-Klimawandel-Studie-1024x683.jpg 1024w, https:\/\/die-wetterversicherung.de\/blog\/wp-content\/uploads\/2021\/04\/Schnee-Fruehling-2021-dieses-Jahr-Grund-Ursache-Corona-Coronavirus-Pandemie-Sommer-Wetter-Winter-Klima-Klimawandel-Studie-300x200.jpg 300w, https:\/\/die-wetterversicherung.de\/blog\/wp-content\/uploads\/2021\/04\/Schnee-Fruehling-2021-dieses-Jahr-Grund-Ursache-Corona-Coronavirus-Pandemie-Sommer-Wetter-Winter-Klima-Klimawandel-Studie-768x512.jpg 768w, https:\/\/die-wetterversicherung.de\/blog\/wp-content\/uploads\/2021\/04\/Schnee-Fruehling-2021-dieses-Jahr-Grund-Ursache-Corona-Coronavirus-Pandemie-Sommer-Wetter-Winter-Klima-Klimawandel-Studie-1536x1024.jpg 1536w, https:\/\/die-wetterversicherung.de\/blog\/wp-content\/uploads\/2021\/04\/Schnee-Fruehling-2021-dieses-Jahr-Grund-Ursache-Corona-Coronavirus-Pandemie-Sommer-Wetter-Winter-Klima-Klimawandel-Studie-750x500.jpg 750w, https:\/\/die-wetterversicherung.de\/blog\/wp-content\/uploads\/2021\/04\/Schnee-Fruehling-2021-dieses-Jahr-Grund-Ursache-Corona-Coronavirus-Pandemie-Sommer-Wetter-Winter-Klima-Klimawandel-Studie.jpg 1920w\" sizes=\"auto, (max-width: 1024px) 100vw, 1024px\" \/><\/a><figcaption>Foto: Bruno\/pixabay.com (Symbolbild)\n<\/figcaption><\/figure>\n\n\n\n<p>Anfang April kam in einigen Regionen in Deutschland der Winter zur\u00fcck, Schnee fiel bis in die Niederungen. Der eine oder andere wird sich fragen: Trotz Klimawandel? Ein Forschungsteam der <a href=\"https:\/\/www.uio.no\/english\/\" target=\"_blank\" rel=\"noreferrer noopener\">Universit\u00e4t Oslo<\/a> hat in einer Studie herausgefunden: Genau deswegen!&nbsp;<\/p>\n\n\n\n<h4 class=\"wp-block-heading\"><strong>Eisschmelze in der Arktis bringt <\/strong><strong>Schnee<\/strong><strong> nach Europa<\/strong><\/h4>\n\n\n\n<p>Wie das Team rund um die Wissenschaftlerin Hannah Bailey im Fachmagazin <a href=\"https:\/\/www.nature.com\/ngeo\/\" target=\"_blank\" rel=\"noreferrer noopener\">\u201eNature Geoscience\u201c<\/a> schreibt, ist die Ursache f\u00fcr die K\u00e4ltewelle in Europa in der Arktis zu suchen. Durch den Klimawandel schmilzt dort das Meereis. Dadurch verdunstet mehr Feuchtigkeit. Das kalte Nass wird mit Luftstr\u00f6mungen nach Europa transportiert und f\u00e4llt bei uns als Schnee. Den \u201eImport\u201c l\u00e4sst der schw\u00e4chere Temperaturgegensatz zwischen Arktis und mittleren Breiten zu. Die Forscher prognostizieren, dass der Effekt mit zunehmendem <a href=\"https:\/\/die-wetterversicherung.de\/blog\/?s=klimawandel\">Klimawandel<\/a> noch h\u00e4ufiger vorkommen wird.<\/p>\n\n\n\n<h4 class=\"wp-block-heading\"><strong>Proben aus dem schneereichen Jahr 2018 untersucht<\/strong><\/h4>\n\n\n\n<p>Die Studie basiert auf Untersuchungen des Schnee- und K\u00e4lteeinbruchs im Februar 2018. Damals kam es in halb Westeuropa zu Blizzards und Frost. Anhand des Anteils des <a href=\"https:\/\/www.spektrum.de\/lexikon\/physik\/deuterium\/2944\" target=\"_blank\" rel=\"noreferrer noopener\">Wasserstoff-Isotops Deuterium<\/a> in damals gesammelten Proben und meteorologischen Daten konnten die Forscher die Herkunft der Feuchtigkeit rekonstruieren.<\/p>\n","protected":false},"excerpt":{"rendered":"<p>Finnische Wissenschaftler haben herausgefunden, warum in Mitteleuropa immer \u00f6fter im Fr\u00fchjahr Schnee f\u00e4llt.<\/p><p><a class=\"more-link btn\" href=\"https:\/\/die-wetterversicherung.de\/blog\/schnee-im-fruehjahr-die-ursache-ist-weit-weg\/\">Weiterlesen<\/a><\/p>\n","protected":false},"author":5,"featured_media":3780,"comment_status":"open","ping_status":"closed","sticky":false,"template":"","format":"standard","meta":{"footnotes":""},"categories":[4],"tags":[134,339,322,85,26,83,84,70,13,22,212],"class_list":["post-3779","post","type-post","status-publish","format-standard","has-post-thumbnail","hentry","category-lasst-uns-ubers-wetter-reden","tag-arktis","tag-deutschland","tag-eisschmelze","tag-forschung","tag-fruehling","tag-klima","tag-klimawandel","tag-schnee","tag-studie","tag-winter","tag-wissenschaft","item-wrap"],"yoast_head":"<!-- This site is optimized with the Yoast SEO plugin v26.4 - https:\/\/yoast.com\/wordpress\/plugins\/seo\/ -->\n<title>Schnee im Fr\u00fchjahr: Die Ursache ist weit weg - die-wetterversicherung.de<\/title>\n<meta name=\"description\" content=\"Finnische Wissenschaftler haben herausgefunden, warum in Mitteleuropa immer \u00f6fter im Fr\u00fchjahr Schnee f\u00e4llt.\" \/>\n<meta name=\"robots\" content=\"index, follow, max-snippet:-1, max-image-preview:large, max-video-preview:-1\" \/>\n<link rel=\"canonical\" href=\"https:\/\/die-wetterversicherung.de\/blog\/schnee-im-fruehjahr-die-ursache-ist-weit-weg\/\" \/>\n<meta property=\"og:locale\" content=\"de_DE\" \/>\n<meta property=\"og:type\" content=\"article\" \/>\n<meta property=\"og:title\" content=\"Schnee im Fr\u00fchjahr: Die Ursache ist weit weg - die-wetterversicherung.de\" \/>\n<meta property=\"og:description\" content=\"Finnische Wissenschaftler haben herausgefunden, warum in Mitteleuropa immer \u00f6fter im Fr\u00fchjahr Schnee f\u00e4llt.\" \/>\n<meta property=\"og:url\" content=\"https:\/\/die-wetterversicherung.de\/blog\/schnee-im-fruehjahr-die-ursache-ist-weit-weg\/\" \/>\n<meta property=\"og:site_name\" content=\"die-wetterversicherung.de\" \/>\n<meta property=\"article:publisher\" content=\"https:\/\/www.facebook.com\/diewetterversicherung\" \/>\n<meta property=\"article:published_time\" content=\"2021-04-21T14:31:30+00:00\" \/>\n<meta property=\"article:modified_time\" content=\"2021-04-21T14:33:09+00:00\" \/>\n<meta property=\"og:image\" content=\"https:\/\/die-wetterversicherung.de\/blog\/wp-content\/uploads\/2021\/04\/Schnee-Fruehling-2021-dieses-Jahr-Grund-Ursache-Corona-Coronavirus-Pandemie-Sommer-Wetter-Winter-Klima-Klimawandel-Studie.jpg\" \/>\n\t<meta property=\"og:image:width\" content=\"1920\" \/>\n\t<meta property=\"og:image:height\" content=\"1280\" \/>\n\t<meta property=\"og:image:type\" content=\"image\/jpeg\" \/>\n<meta name=\"author\" content=\"admin\" \/>\n<meta name=\"twitter:card\" content=\"summary_large_image\" \/>\n<meta name=\"twitter:label1\" content=\"Verfasst von\" \/>\n\t<meta name=\"twitter:data1\" content=\"admin\" \/>\n\t<meta name=\"twitter:label2\" content=\"Gesch\u00e4tzte Lesezeit\" \/>\n\t<meta name=\"twitter:data2\" content=\"2\u00a0Minuten\" \/>\n<script type=\"application\/ld+json\" class=\"yoast-schema-graph\">{\"@context\":\"https:\/\/schema.org\",\"@graph\":[{\"@type\":\"WebPage\",\"@id\":\"https:\/\/die-wetterversicherung.de\/blog\/schnee-im-fruehjahr-die-ursache-ist-weit-weg\/\",\"url\":\"https:\/\/die-wetterversicherung.de\/blog\/schnee-im-fruehjahr-die-ursache-ist-weit-weg\/\",\"name\":\"Schnee im Fr\u00fchjahr: Die Ursache ist weit weg - die-wetterversicherung.de\",\"isPartOf\":{\"@id\":\"https:\/\/die-wetterversicherung.de\/blog\/#website\"},\"primaryImageOfPage\":{\"@id\":\"https:\/\/die-wetterversicherung.de\/blog\/schnee-im-fruehjahr-die-ursache-ist-weit-weg\/#primaryimage\"},\"image\":{\"@id\":\"https:\/\/die-wetterversicherung.de\/blog\/schnee-im-fruehjahr-die-ursache-ist-weit-weg\/#primaryimage\"},\"thumbnailUrl\":\"https:\/\/die-wetterversicherung.de\/blog\/wp-content\/uploads\/2021\/04\/Schnee-Fruehling-2021-dieses-Jahr-Grund-Ursache-Corona-Coronavirus-Pandemie-Sommer-Wetter-Winter-Klima-Klimawandel-Studie.jpg\",\"datePublished\":\"2021-04-21T14:31:30+00:00\",\"dateModified\":\"2021-04-21T14:33:09+00:00\",\"author\":{\"@id\":\"https:\/\/die-wetterversicherung.de\/blog\/#\/schema\/person\/ece359d1fb2756d4f371d523c75b881a\"},\"description\":\"Finnische Wissenschaftler haben herausgefunden, warum in Mitteleuropa immer \u00f6fter im Fr\u00fchjahr Schnee f\u00e4llt.\",\"breadcrumb\":{\"@id\":\"https:\/\/die-wetterversicherung.de\/blog\/schnee-im-fruehjahr-die-ursache-ist-weit-weg\/#breadcrumb\"},\"inLanguage\":\"de\",\"potentialAction\":[{\"@type\":\"ReadAction\",\"target\":[\"https:\/\/die-wetterversicherung.de\/blog\/schnee-im-fruehjahr-die-ursache-ist-weit-weg\/\"]}]},{\"@type\":\"ImageObject\",\"inLanguage\":\"de\",\"@id\":\"https:\/\/die-wetterversicherung.de\/blog\/schnee-im-fruehjahr-die-ursache-ist-weit-weg\/#primaryimage\",\"url\":\"https:\/\/die-wetterversicherung.de\/blog\/wp-content\/uploads\/2021\/04\/Schnee-Fruehling-2021-dieses-Jahr-Grund-Ursache-Corona-Coronavirus-Pandemie-Sommer-Wetter-Winter-Klima-Klimawandel-Studie.jpg\",\"contentUrl\":\"https:\/\/die-wetterversicherung.de\/blog\/wp-content\/uploads\/2021\/04\/Schnee-Fruehling-2021-dieses-Jahr-Grund-Ursache-Corona-Coronavirus-Pandemie-Sommer-Wetter-Winter-Klima-Klimawandel-Studie.jpg\",\"width\":1920,\"height\":1280,\"caption\":\"Foto: Bruno\/pixabay.com (Symbolbild)\"},{\"@type\":\"BreadcrumbList\",\"@id\":\"https:\/\/die-wetterversicherung.de\/blog\/schnee-im-fruehjahr-die-ursache-ist-weit-weg\/#breadcrumb\",\"itemListElement\":[{\"@type\":\"ListItem\",\"position\":1,\"name\":\"Startseite\",\"item\":\"https:\/\/die-wetterversicherung.de\/blog\/\"},{\"@type\":\"ListItem\",\"position\":2,\"name\":\"Schnee im Fr\u00fchjahr: Die Ursache ist weit weg\"}]},{\"@type\":\"WebSite\",\"@id\":\"https:\/\/die-wetterversicherung.de\/blog\/#website\",\"url\":\"https:\/\/die-wetterversicherung.de\/blog\/\",\"name\":\"die-wetterversicherung.de\",\"description\":\"Wetterversicherung-Blog\",\"potentialAction\":[{\"@type\":\"SearchAction\",\"target\":{\"@type\":\"EntryPoint\",\"urlTemplate\":\"https:\/\/die-wetterversicherung.de\/blog\/?s={search_term_string}\"},\"query-input\":{\"@type\":\"PropertyValueSpecification\",\"valueRequired\":true,\"valueName\":\"search_term_string\"}}],\"inLanguage\":\"de\"},{\"@type\":\"Person\",\"@id\":\"https:\/\/die-wetterversicherung.de\/blog\/#\/schema\/person\/ece359d1fb2756d4f371d523c75b881a\",\"name\":\"admin\",\"url\":\"https:\/\/die-wetterversicherung.de\/blog\/author\/admin\/\"}]}<\/script>\n<!-- \/ Yoast SEO plugin. -->","yoast_head_json":{"title":"Schnee im Fr\u00fchjahr: Die Ursache ist weit weg - die-wetterversicherung.de","description":"Finnische Wissenschaftler haben herausgefunden, warum in Mitteleuropa immer \u00f6fter im Fr\u00fchjahr Schnee f\u00e4llt.","robots":{"index":"index","follow":"follow","max-snippet":"max-snippet:-1","max-image-preview":"max-image-preview:large","max-video-preview":"max-video-preview:-1"},"canonical":"https:\/\/die-wetterversicherung.de\/blog\/schnee-im-fruehjahr-die-ursache-ist-weit-weg\/","og_locale":"de_DE","og_type":"article","og_title":"Schnee im Fr\u00fchjahr: Die Ursache ist weit weg - die-wetterversicherung.de","og_description":"Finnische Wissenschaftler haben herausgefunden, warum in Mitteleuropa immer \u00f6fter im Fr\u00fchjahr Schnee f\u00e4llt.","og_url":"https:\/\/die-wetterversicherung.de\/blog\/schnee-im-fruehjahr-die-ursache-ist-weit-weg\/","og_site_name":"die-wetterversicherung.de","article_publisher":"https:\/\/www.facebook.com\/diewetterversicherung","article_published_time":"2021-04-21T14:31:30+00:00","article_modified_time":"2021-04-21T14:33:09+00:00","og_image":[{"width":1920,"height":1280,"url":"https:\/\/die-wetterversicherung.de\/blog\/wp-content\/uploads\/2021\/04\/Schnee-Fruehling-2021-dieses-Jahr-Grund-Ursache-Corona-Coronavirus-Pandemie-Sommer-Wetter-Winter-Klima-Klimawandel-Studie.jpg","type":"image\/jpeg"}],"author":"admin","twitter_card":"summary_large_image","twitter_misc":{"Verfasst von":"admin","Gesch\u00e4tzte Lesezeit":"2\u00a0Minuten"},"schema":{"@context":"https:\/\/schema.org","@graph":[{"@type":"WebPage","@id":"https:\/\/die-wetterversicherung.de\/blog\/schnee-im-fruehjahr-die-ursache-ist-weit-weg\/","url":"https:\/\/die-wetterversicherung.de\/blog\/schnee-im-fruehjahr-die-ursache-ist-weit-weg\/","name":"Schnee im Fr\u00fchjahr: Die Ursache ist weit weg - die-wetterversicherung.de","isPartOf":{"@id":"https:\/\/die-wetterversicherung.de\/blog\/#website"},"primaryImageOfPage":{"@id":"https:\/\/die-wetterversicherung.de\/blog\/schnee-im-fruehjahr-die-ursache-ist-weit-weg\/#primaryimage"},"image":{"@id":"https:\/\/die-wetterversicherung.de\/blog\/schnee-im-fruehjahr-die-ursache-ist-weit-weg\/#primaryimage"},"thumbnailUrl":"https:\/\/die-wetterversicherung.de\/blog\/wp-content\/uploads\/2021\/04\/Schnee-Fruehling-2021-dieses-Jahr-Grund-Ursache-Corona-Coronavirus-Pandemie-Sommer-Wetter-Winter-Klima-Klimawandel-Studie.jpg","datePublished":"2021-04-21T14:31:30+00:00","dateModified":"2021-04-21T14:33:09+00:00","author":{"@id":"https:\/\/die-wetterversicherung.de\/blog\/#\/schema\/person\/ece359d1fb2756d4f371d523c75b881a"},"description":"Finnische Wissenschaftler haben herausgefunden, warum in Mitteleuropa immer \u00f6fter im Fr\u00fchjahr Schnee f\u00e4llt.","breadcrumb":{"@id":"https:\/\/die-wetterversicherung.de\/blog\/schnee-im-fruehjahr-die-ursache-ist-weit-weg\/#breadcrumb"},"inLanguage":"de","potentialAction":[{"@type":"ReadAction","target":["https:\/\/die-wetterversicherung.de\/blog\/schnee-im-fruehjahr-die-ursache-ist-weit-weg\/"]}]},{"@type":"ImageObject","inLanguage":"de","@id":"https:\/\/die-wetterversicherung.de\/blog\/schnee-im-fruehjahr-die-ursache-ist-weit-weg\/#primaryimage","url":"https:\/\/die-wetterversicherung.de\/blog\/wp-content\/uploads\/2021\/04\/Schnee-Fruehling-2021-dieses-Jahr-Grund-Ursache-Corona-Coronavirus-Pandemie-Sommer-Wetter-Winter-Klima-Klimawandel-Studie.jpg","contentUrl":"https:\/\/die-wetterversicherung.de\/blog\/wp-content\/uploads\/2021\/04\/Schnee-Fruehling-2021-dieses-Jahr-Grund-Ursache-Corona-Coronavirus-Pandemie-Sommer-Wetter-Winter-Klima-Klimawandel-Studie.jpg","width":1920,"height":1280,"caption":"Foto: Bruno\/pixabay.com (Symbolbild)"},{"@type":"BreadcrumbList","@id":"https:\/\/die-wetterversicherung.de\/blog\/schnee-im-fruehjahr-die-ursache-ist-weit-weg\/#breadcrumb","itemListElement":[{"@type":"ListItem","position":1,"name":"Startseite","item":"https:\/\/die-wetterversicherung.de\/blog\/"},{"@type":"ListItem","position":2,"name":"Schnee im Fr\u00fchjahr: Die Ursache ist weit weg"}]},{"@type":"WebSite","@id":"https:\/\/die-wetterversicherung.de\/blog\/#website","url":"https:\/\/die-wetterversicherung.de\/blog\/","name":"die-wetterversicherung.de","description":"Wetterversicherung-Blog","potentialAction":[{"@type":"SearchAction","target":{"@type":"EntryPoint","urlTemplate":"https:\/\/die-wetterversicherung.de\/blog\/?s={search_term_string}"},"query-input":{"@type":"PropertyValueSpecification","valueRequired":true,"valueName":"search_term_string"}}],"inLanguage":"de"},{"@type":"Person","@id":"https:\/\/die-wetterversicherung.de\/blog\/#\/schema\/person\/ece359d1fb2756d4f371d523c75b881a","name":"admin","url":"https:\/\/die-wetterversicherung.de\/blog\/author\/admin\/"}]}},"_links":{"self":[{"href":"https:\/\/die-wetterversicherung.de\/blog\/wp-json\/wp\/v2\/posts\/3779","targetHints":{"allow":["GET"]}}],"collection":[{"href":"https:\/\/die-wetterversicherung.de\/blog\/wp-json\/wp\/v2\/posts"}],"about":[{"href":"https:\/\/die-wetterversicherung.de\/blog\/wp-json\/wp\/v2\/types\/post"}],"author":[{"embeddable":true,"href":"https:\/\/die-wetterversicherung.de\/blog\/wp-json\/wp\/v2\/users\/5"}],"replies":[{"embeddable":true,"href":"https:\/\/die-wetterversicherung.de\/blog\/wp-json\/wp\/v2\/comments?post=3779"}],"version-history":[{"count":2,"href":"https:\/\/die-wetterversicherung.de\/blog\/wp-json\/wp\/v2\/posts\/3779\/revisions"}],"predecessor-version":[{"id":3782,"href":"https:\/\/die-wetterversicherung.de\/blog\/wp-json\/wp\/v2\/posts\/3779\/revisions\/3782"}],"wp:featuredmedia":[{"embeddable":true,"href":"https:\/\/die-wetterversicherung.de\/blog\/wp-json\/wp\/v2\/media\/3780"}],"wp:attachment":[{"href":"https:\/\/die-wetterversicherung.de\/blog\/wp-json\/wp\/v2\/media?parent=3779"}],"wp:term":[{"taxonomy":"category","embeddable":true,"href":"https:\/\/die-wetterversicherung.de\/blog\/wp-json\/wp\/v2\/categories?post=3779"},{"taxonomy":"post_tag","embeddable":true,"href":"https:\/\/die-wetterversicherung.de\/blog\/wp-json\/wp\/v2\/tags?post=3779"}],"curies":[{"name":"wp","href":"https:\/\/api.w.org\/{rel}","templated":true}]}}