{"id":2218,"date":"2019-06-12T05:00:29","date_gmt":"2019-06-12T03:00:29","guid":{"rendered":"https:\/\/die-wetterversicherung.de\/?p=2218"},"modified":"2019-06-11T17:49:54","modified_gmt":"2019-06-11T15:49:54","slug":"der-wein-fluechtet-vor-dem-klima","status":"publish","type":"post","link":"https:\/\/die-wetterversicherung.de\/blog\/der-wein-fluechtet-vor-dem-klima\/","title":{"rendered":"Der Wein fl\u00fcchtet vor dem Klima"},"content":{"rendered":"<p><b>Die franz\u00f6sische Weinregion Bordeaux hat ein <\/b><b>Klima<\/b><b>-Problem. Aufgrund der klimatischen Ver\u00e4nderungen wird der ber\u00fchmte Wein dort bald nicht mehr angebaut werden k\u00f6nnen.<\/b><\/p>\n<div id=\"attachment_2219\" style=\"width: 300px\" class=\"wp-caption alignleft\"><a href=\"https:\/\/die-wetterversicherung.de\/wp-content\/uploads\/2019\/06\/wein-weintrauben-bordeaux-w\u00e4rme-hitze-trockenheit-frankreich-rotwein-wei\u00dfwein-sommer-winter-fr\u00fchling-herbst-2019.jpg\"><img loading=\"lazy\" decoding=\"async\" aria-describedby=\"caption-attachment-2219\" class=\"size-medium wp-image-2219\" src=\"https:\/\/die-wetterversicherung.de\/wp-content\/uploads\/2019\/06\/wein-weintrauben-bordeaux-w\u00e4rme-hitze-trockenheit-frankreich-rotwein-wei\u00dfwein-sommer-winter-fr\u00fchling-herbst-2019-300x200.jpg\" alt=\"klima\" width=\"300\" height=\"200\" srcset=\"https:\/\/die-wetterversicherung.de\/blog\/wp-content\/uploads\/2019\/06\/wein-weintrauben-bordeaux-w\u00e4rme-hitze-trockenheit-frankreich-rotwein-wei\u00dfwein-sommer-winter-fr\u00fchling-herbst-2019-300x200.jpg 300w, https:\/\/die-wetterversicherung.de\/blog\/wp-content\/uploads\/2019\/06\/wein-weintrauben-bordeaux-w\u00e4rme-hitze-trockenheit-frankreich-rotwein-wei\u00dfwein-sommer-winter-fr\u00fchling-herbst-2019-768x512.jpg 768w, https:\/\/die-wetterversicherung.de\/blog\/wp-content\/uploads\/2019\/06\/wein-weintrauben-bordeaux-w\u00e4rme-hitze-trockenheit-frankreich-rotwein-wei\u00dfwein-sommer-winter-fr\u00fchling-herbst-2019-1024x683.jpg 1024w, https:\/\/die-wetterversicherung.de\/blog\/wp-content\/uploads\/2019\/06\/wein-weintrauben-bordeaux-w\u00e4rme-hitze-trockenheit-frankreich-rotwein-wei\u00dfwein-sommer-winter-fr\u00fchling-herbst-2019.jpg 1920w\" sizes=\"auto, (max-width: 300px) 100vw, 300px\" \/><\/a><p id=\"caption-attachment-2219\" class=\"wp-caption-text\">Foto: pixabay (Symbolbild)<\/p><\/div>\n<p>Experten warnen mit <a href=\"https:\/\/die-wetterversicherung.de\/wie-heiss-wird-der-sommer-wirklich\/\" target=\"_blank\">mehr oder weniger dramatischen Prognosen<\/a> vor einem weiteren Hitzesommer in diesem Jahr. Tatsache ist, dass sich das Klima wandelt. Hitzewellen dauern l\u00e4nger an, dazwischen w\u00fcten Unwetter und St\u00fcrme. Weintrauben sind besonders empfindlich. Bodenbeschaffenheit, Durchschnittstemperatur und zum Beispiel auch Luftfeuchtigkeit m\u00fcssen genau stimmen. Von diesen Faktoren h\u00e4ngt vor allem der Geschmack und somit die Qualit\u00e4t des Weines ab. In Frankreich k\u00e4mpfen Winzer mit den Ver\u00e4nderungen des Klimas. Die Weinbauunternehmen in der Region Bordeaux in Frankreich bef\u00fcrchten, dass sich ihr ber\u00fchmter Bordeaux-Wein in Qualit\u00e4t und Geschmack ver\u00e4ndert und nicht mehr an Kenner verkauft werden kann.<\/p>\n<p><b>Klima<\/b><b> zu hei\u00df f\u00fcr ber\u00fchmten Bordeaux-Wein?<\/b><\/p>\n<p>In der Region <a href=\"https:\/\/www.bordeaux-tourismus.de\/Bordeaux-Entdecken\/Die-Highlights-von-Bordeaux\" target=\"_blank\">Bordeaux<\/a> wird der vollmundige Merlot angebaut. Dieser braucht ein gem\u00e4\u00dfigtes Klima: Warme, nicht zu hei\u00dfe Sommer und regelm\u00e4\u00dfige Niederschl\u00e4ge. Wie der Autor Fabian Federl in der <a href=\"https:\/\/www.sueddeutsche.de\/wissen\/wein-frankreich-klimawandel-1.4461393\" target=\"_blank\">S\u00fcddeutsche Zeitung (SZ)<\/a> schreibt, beobachtet man in der Region besorgt die Ver\u00e4nderung des Klimas. Es ist einfach zu hei\u00df und zu trocken f\u00fcr die Sorte. Experten gehen davon aus, dass man in einigen Jahrzehnten die Weine dort nicht mehr anbauen kann.<\/p>\n<p><b>Muss das Anbaugebiet verlagert werden?<\/b><\/p>\n<p>Die SZ zitiert die Agrarwissenschaftlerin Agn\u00e8s Destrac-Irvine. Die Doktorandin macht demnach zwei Vorschl\u00e4ge: Das Anbaugebiet mit dem Namen Bordeaux m\u00fcsse weiter nach Norden r\u00fccken oder die Rebsorten, welche die Bordeaux-Weine ausmachen, m\u00fcssten ausgetauscht werden. Das erste Szenario w\u00fcrde bedeuten, dass sogar in Deutschland die Sorten, f\u00fcr die Bordeaux so ber\u00fchmt ist, angebaut werden k\u00f6nnten. F\u00fcr Destrac-Irvine sind das allerdings keine Zukunftsszenarien. Die SZ zitiert die Wissenschaftlerin weiter: \u201cEin Wandel besteht nicht bevor &#8211; er ist schon da.\u201d Beide von Destrac-Irvine beschriebenen Szenarien w\u00fcrden den Ruf der Weinregion zerst\u00f6ren.<\/p>\n","protected":false},"excerpt":{"rendered":"<p>Die franz\u00f6sische Weinregion Bordeaux hat ein Klima-Problem. Aufgrund der klimatischen Ver\u00e4nderungen wird der ber\u00fchmte Wein dort bald nicht mehr angebaut werden k\u00f6nnen.<\/p><p><a class=\"more-link btn\" href=\"https:\/\/die-wetterversicherung.de\/blog\/der-wein-fluechtet-vor-dem-klima\/\">Weiterlesen<\/a><\/p>\n","protected":false},"author":5,"featured_media":2219,"comment_status":"open","ping_status":"closed","sticky":false,"template":"","format":"standard","meta":{"footnotes":""},"categories":[4,5],"tags":[268,88,83,230,84,37,290,31,28],"class_list":["post-2218","post","type-post","status-publish","format-standard","has-post-thumbnail","hentry","category-lasst-uns-ubers-wetter-reden","category-wetter-extrem","tag-duerre","tag-hitze","tag-klima","tag-klimaschutz","tag-klimawandel","tag-landwirtschaft","tag-planzen","tag-sommer","tag-trockenheit","item-wrap"],"yoast_head":"<!-- This site is optimized with the Yoast SEO plugin v26.4 - https:\/\/yoast.com\/wordpress\/plugins\/seo\/ -->\n<title>Der Wein fl\u00fcchtet vor dem Klima - die-wetterversicherung.de<\/title>\n<meta name=\"robots\" content=\"index, follow, max-snippet:-1, max-image-preview:large, max-video-preview:-1\" \/>\n<link rel=\"canonical\" href=\"https:\/\/die-wetterversicherung.de\/blog\/der-wein-fluechtet-vor-dem-klima\/\" \/>\n<meta property=\"og:locale\" content=\"de_DE\" \/>\n<meta property=\"og:type\" content=\"article\" \/>\n<meta property=\"og:title\" content=\"Der Wein fl\u00fcchtet vor dem Klima - die-wetterversicherung.de\" \/>\n<meta property=\"og:description\" content=\"Die franz\u00f6sische Weinregion Bordeaux hat ein Klima-Problem. Aufgrund der klimatischen Ver\u00e4nderungen wird der ber\u00fchmte Wein dort bald nicht mehr angebaut werden k\u00f6nnen.\" \/>\n<meta property=\"og:url\" content=\"https:\/\/die-wetterversicherung.de\/blog\/der-wein-fluechtet-vor-dem-klima\/\" \/>\n<meta property=\"og:site_name\" content=\"die-wetterversicherung.de\" \/>\n<meta property=\"article:publisher\" content=\"https:\/\/www.facebook.com\/diewetterversicherung\" \/>\n<meta property=\"article:published_time\" content=\"2019-06-12T03:00:29+00:00\" \/>\n<meta property=\"og:image\" content=\"https:\/\/die-wetterversicherung.de\/blog\/wp-content\/uploads\/2019\/06\/wein-weintrauben-bordeaux-w\u00e4rme-hitze-trockenheit-frankreich-rotwein-wei\u00dfwein-sommer-winter-fr\u00fchling-herbst-2019.jpg\" \/>\n\t<meta property=\"og:image:width\" content=\"1920\" \/>\n\t<meta property=\"og:image:height\" content=\"1280\" \/>\n\t<meta property=\"og:image:type\" content=\"image\/jpeg\" \/>\n<meta name=\"author\" content=\"admin\" \/>\n<meta name=\"twitter:card\" content=\"summary_large_image\" \/>\n<meta name=\"twitter:label1\" content=\"Verfasst von\" \/>\n\t<meta name=\"twitter:data1\" content=\"admin\" \/>\n\t<meta name=\"twitter:label2\" content=\"Gesch\u00e4tzte Lesezeit\" \/>\n\t<meta name=\"twitter:data2\" content=\"2\u00a0Minuten\" \/>\n<script type=\"application\/ld+json\" class=\"yoast-schema-graph\">{\"@context\":\"https:\/\/schema.org\",\"@graph\":[{\"@type\":\"WebPage\",\"@id\":\"https:\/\/die-wetterversicherung.de\/blog\/der-wein-fluechtet-vor-dem-klima\/\",\"url\":\"https:\/\/die-wetterversicherung.de\/blog\/der-wein-fluechtet-vor-dem-klima\/\",\"name\":\"Der Wein fl\u00fcchtet vor dem Klima - die-wetterversicherung.de\",\"isPartOf\":{\"@id\":\"https:\/\/die-wetterversicherung.de\/blog\/#website\"},\"primaryImageOfPage\":{\"@id\":\"https:\/\/die-wetterversicherung.de\/blog\/der-wein-fluechtet-vor-dem-klima\/#primaryimage\"},\"image\":{\"@id\":\"https:\/\/die-wetterversicherung.de\/blog\/der-wein-fluechtet-vor-dem-klima\/#primaryimage\"},\"thumbnailUrl\":\"https:\/\/die-wetterversicherung.de\/blog\/wp-content\/uploads\/2019\/06\/wein-weintrauben-bordeaux-w\u00e4rme-hitze-trockenheit-frankreich-rotwein-wei\u00dfwein-sommer-winter-fr\u00fchling-herbst-2019.jpg\",\"datePublished\":\"2019-06-12T03:00:29+00:00\",\"author\":{\"@id\":\"https:\/\/die-wetterversicherung.de\/blog\/#\/schema\/person\/ece359d1fb2756d4f371d523c75b881a\"},\"breadcrumb\":{\"@id\":\"https:\/\/die-wetterversicherung.de\/blog\/der-wein-fluechtet-vor-dem-klima\/#breadcrumb\"},\"inLanguage\":\"de\",\"potentialAction\":[{\"@type\":\"ReadAction\",\"target\":[\"https:\/\/die-wetterversicherung.de\/blog\/der-wein-fluechtet-vor-dem-klima\/\"]}]},{\"@type\":\"ImageObject\",\"inLanguage\":\"de\",\"@id\":\"https:\/\/die-wetterversicherung.de\/blog\/der-wein-fluechtet-vor-dem-klima\/#primaryimage\",\"url\":\"https:\/\/die-wetterversicherung.de\/blog\/wp-content\/uploads\/2019\/06\/wein-weintrauben-bordeaux-w\u00e4rme-hitze-trockenheit-frankreich-rotwein-wei\u00dfwein-sommer-winter-fr\u00fchling-herbst-2019.jpg\",\"contentUrl\":\"https:\/\/die-wetterversicherung.de\/blog\/wp-content\/uploads\/2019\/06\/wein-weintrauben-bordeaux-w\u00e4rme-hitze-trockenheit-frankreich-rotwein-wei\u00dfwein-sommer-winter-fr\u00fchling-herbst-2019.jpg\",\"width\":1920,\"height\":1280,\"caption\":\"Foto: pixabay (Symbolbild)\"},{\"@type\":\"BreadcrumbList\",\"@id\":\"https:\/\/die-wetterversicherung.de\/blog\/der-wein-fluechtet-vor-dem-klima\/#breadcrumb\",\"itemListElement\":[{\"@type\":\"ListItem\",\"position\":1,\"name\":\"Startseite\",\"item\":\"https:\/\/die-wetterversicherung.de\/blog\/\"},{\"@type\":\"ListItem\",\"position\":2,\"name\":\"Der Wein fl\u00fcchtet vor dem Klima\"}]},{\"@type\":\"WebSite\",\"@id\":\"https:\/\/die-wetterversicherung.de\/blog\/#website\",\"url\":\"https:\/\/die-wetterversicherung.de\/blog\/\",\"name\":\"die-wetterversicherung.de\",\"description\":\"Wetterversicherung-Blog\",\"potentialAction\":[{\"@type\":\"SearchAction\",\"target\":{\"@type\":\"EntryPoint\",\"urlTemplate\":\"https:\/\/die-wetterversicherung.de\/blog\/?s={search_term_string}\"},\"query-input\":{\"@type\":\"PropertyValueSpecification\",\"valueRequired\":true,\"valueName\":\"search_term_string\"}}],\"inLanguage\":\"de\"},{\"@type\":\"Person\",\"@id\":\"https:\/\/die-wetterversicherung.de\/blog\/#\/schema\/person\/ece359d1fb2756d4f371d523c75b881a\",\"name\":\"admin\",\"url\":\"https:\/\/die-wetterversicherung.de\/blog\/author\/admin\/\"}]}<\/script>\n<!-- \/ Yoast SEO plugin. -->","yoast_head_json":{"title":"Der Wein fl\u00fcchtet vor dem Klima - die-wetterversicherung.de","robots":{"index":"index","follow":"follow","max-snippet":"max-snippet:-1","max-image-preview":"max-image-preview:large","max-video-preview":"max-video-preview:-1"},"canonical":"https:\/\/die-wetterversicherung.de\/blog\/der-wein-fluechtet-vor-dem-klima\/","og_locale":"de_DE","og_type":"article","og_title":"Der Wein fl\u00fcchtet vor dem Klima - die-wetterversicherung.de","og_description":"Die franz\u00f6sische Weinregion Bordeaux hat ein Klima-Problem. Aufgrund der klimatischen Ver\u00e4nderungen wird der ber\u00fchmte Wein dort bald nicht mehr angebaut werden k\u00f6nnen.","og_url":"https:\/\/die-wetterversicherung.de\/blog\/der-wein-fluechtet-vor-dem-klima\/","og_site_name":"die-wetterversicherung.de","article_publisher":"https:\/\/www.facebook.com\/diewetterversicherung","article_published_time":"2019-06-12T03:00:29+00:00","og_image":[{"width":1920,"height":1280,"url":"https:\/\/die-wetterversicherung.de\/blog\/wp-content\/uploads\/2019\/06\/wein-weintrauben-bordeaux-w\u00e4rme-hitze-trockenheit-frankreich-rotwein-wei\u00dfwein-sommer-winter-fr\u00fchling-herbst-2019.jpg","type":"image\/jpeg"}],"author":"admin","twitter_card":"summary_large_image","twitter_misc":{"Verfasst von":"admin","Gesch\u00e4tzte Lesezeit":"2\u00a0Minuten"},"schema":{"@context":"https:\/\/schema.org","@graph":[{"@type":"WebPage","@id":"https:\/\/die-wetterversicherung.de\/blog\/der-wein-fluechtet-vor-dem-klima\/","url":"https:\/\/die-wetterversicherung.de\/blog\/der-wein-fluechtet-vor-dem-klima\/","name":"Der Wein fl\u00fcchtet vor dem Klima - die-wetterversicherung.de","isPartOf":{"@id":"https:\/\/die-wetterversicherung.de\/blog\/#website"},"primaryImageOfPage":{"@id":"https:\/\/die-wetterversicherung.de\/blog\/der-wein-fluechtet-vor-dem-klima\/#primaryimage"},"image":{"@id":"https:\/\/die-wetterversicherung.de\/blog\/der-wein-fluechtet-vor-dem-klima\/#primaryimage"},"thumbnailUrl":"https:\/\/die-wetterversicherung.de\/blog\/wp-content\/uploads\/2019\/06\/wein-weintrauben-bordeaux-w\u00e4rme-hitze-trockenheit-frankreich-rotwein-wei\u00dfwein-sommer-winter-fr\u00fchling-herbst-2019.jpg","datePublished":"2019-06-12T03:00:29+00:00","author":{"@id":"https:\/\/die-wetterversicherung.de\/blog\/#\/schema\/person\/ece359d1fb2756d4f371d523c75b881a"},"breadcrumb":{"@id":"https:\/\/die-wetterversicherung.de\/blog\/der-wein-fluechtet-vor-dem-klima\/#breadcrumb"},"inLanguage":"de","potentialAction":[{"@type":"ReadAction","target":["https:\/\/die-wetterversicherung.de\/blog\/der-wein-fluechtet-vor-dem-klima\/"]}]},{"@type":"ImageObject","inLanguage":"de","@id":"https:\/\/die-wetterversicherung.de\/blog\/der-wein-fluechtet-vor-dem-klima\/#primaryimage","url":"https:\/\/die-wetterversicherung.de\/blog\/wp-content\/uploads\/2019\/06\/wein-weintrauben-bordeaux-w\u00e4rme-hitze-trockenheit-frankreich-rotwein-wei\u00dfwein-sommer-winter-fr\u00fchling-herbst-2019.jpg","contentUrl":"https:\/\/die-wetterversicherung.de\/blog\/wp-content\/uploads\/2019\/06\/wein-weintrauben-bordeaux-w\u00e4rme-hitze-trockenheit-frankreich-rotwein-wei\u00dfwein-sommer-winter-fr\u00fchling-herbst-2019.jpg","width":1920,"height":1280,"caption":"Foto: pixabay (Symbolbild)"},{"@type":"BreadcrumbList","@id":"https:\/\/die-wetterversicherung.de\/blog\/der-wein-fluechtet-vor-dem-klima\/#breadcrumb","itemListElement":[{"@type":"ListItem","position":1,"name":"Startseite","item":"https:\/\/die-wetterversicherung.de\/blog\/"},{"@type":"ListItem","position":2,"name":"Der Wein fl\u00fcchtet vor dem Klima"}]},{"@type":"WebSite","@id":"https:\/\/die-wetterversicherung.de\/blog\/#website","url":"https:\/\/die-wetterversicherung.de\/blog\/","name":"die-wetterversicherung.de","description":"Wetterversicherung-Blog","potentialAction":[{"@type":"SearchAction","target":{"@type":"EntryPoint","urlTemplate":"https:\/\/die-wetterversicherung.de\/blog\/?s={search_term_string}"},"query-input":{"@type":"PropertyValueSpecification","valueRequired":true,"valueName":"search_term_string"}}],"inLanguage":"de"},{"@type":"Person","@id":"https:\/\/die-wetterversicherung.de\/blog\/#\/schema\/person\/ece359d1fb2756d4f371d523c75b881a","name":"admin","url":"https:\/\/die-wetterversicherung.de\/blog\/author\/admin\/"}]}},"_links":{"self":[{"href":"https:\/\/die-wetterversicherung.de\/blog\/wp-json\/wp\/v2\/posts\/2218","targetHints":{"allow":["GET"]}}],"collection":[{"href":"https:\/\/die-wetterversicherung.de\/blog\/wp-json\/wp\/v2\/posts"}],"about":[{"href":"https:\/\/die-wetterversicherung.de\/blog\/wp-json\/wp\/v2\/types\/post"}],"author":[{"embeddable":true,"href":"https:\/\/die-wetterversicherung.de\/blog\/wp-json\/wp\/v2\/users\/5"}],"replies":[{"embeddable":true,"href":"https:\/\/die-wetterversicherung.de\/blog\/wp-json\/wp\/v2\/comments?post=2218"}],"version-history":[{"count":2,"href":"https:\/\/die-wetterversicherung.de\/blog\/wp-json\/wp\/v2\/posts\/2218\/revisions"}],"predecessor-version":[{"id":2221,"href":"https:\/\/die-wetterversicherung.de\/blog\/wp-json\/wp\/v2\/posts\/2218\/revisions\/2221"}],"wp:featuredmedia":[{"embeddable":true,"href":"https:\/\/die-wetterversicherung.de\/blog\/wp-json\/wp\/v2\/media\/2219"}],"wp:attachment":[{"href":"https:\/\/die-wetterversicherung.de\/blog\/wp-json\/wp\/v2\/media?parent=2218"}],"wp:term":[{"taxonomy":"category","embeddable":true,"href":"https:\/\/die-wetterversicherung.de\/blog\/wp-json\/wp\/v2\/categories?post=2218"},{"taxonomy":"post_tag","embeddable":true,"href":"https:\/\/die-wetterversicherung.de\/blog\/wp-json\/wp\/v2\/tags?post=2218"}],"curies":[{"name":"wp","href":"https:\/\/api.w.org\/{rel}","templated":true}]}}