{"id":2213,"date":"2019-06-05T16:36:43","date_gmt":"2019-06-05T14:36:43","guid":{"rendered":"https:\/\/die-wetterversicherung.de\/?p=2213"},"modified":"2019-06-05T16:39:25","modified_gmt":"2019-06-05T14:39:25","slug":"wie-heiss-wird-der-sommer-wirklich","status":"publish","type":"post","link":"https:\/\/die-wetterversicherung.de\/blog\/wie-heiss-wird-der-sommer-wirklich\/","title":{"rendered":"Wie hei\u00df wird der Sommer wirklich?"},"content":{"rendered":"<p><b>Seit Monaten wird in den Medien vor der n\u00e4chsten \u201cHitzekatastrophe\u201d im kommenden <\/b><b>Sommer<\/b><b> gewarnt. Doch wie hoch ist das Risiko wirklich?<\/b><\/p>\n<div id=\"attachment_2214\" style=\"width: 300px\" class=\"wp-caption alignleft\"><a href=\"https:\/\/die-wetterversicherung.de\/wp-content\/uploads\/2019\/06\/sommer-hitze-d\u00fcrre-prognose-2019-sch\u00e4den-landwirtschaft.jpg\"><img loading=\"lazy\" decoding=\"async\" aria-describedby=\"caption-attachment-2214\" class=\"size-medium wp-image-2214\" src=\"https:\/\/die-wetterversicherung.de\/wp-content\/uploads\/2019\/06\/sommer-hitze-d\u00fcrre-prognose-2019-sch\u00e4den-landwirtschaft-300x199.jpg\" alt=\"sommer\" width=\"300\" height=\"199\" srcset=\"https:\/\/die-wetterversicherung.de\/blog\/wp-content\/uploads\/2019\/06\/sommer-hitze-d\u00fcrre-prognose-2019-sch\u00e4den-landwirtschaft-300x199.jpg 300w, https:\/\/die-wetterversicherung.de\/blog\/wp-content\/uploads\/2019\/06\/sommer-hitze-d\u00fcrre-prognose-2019-sch\u00e4den-landwirtschaft-768x510.jpg 768w, https:\/\/die-wetterversicherung.de\/blog\/wp-content\/uploads\/2019\/06\/sommer-hitze-d\u00fcrre-prognose-2019-sch\u00e4den-landwirtschaft-1024x681.jpg 1024w, https:\/\/die-wetterversicherung.de\/blog\/wp-content\/uploads\/2019\/06\/sommer-hitze-d\u00fcrre-prognose-2019-sch\u00e4den-landwirtschaft.jpg 1920w\" sizes=\"auto, (max-width: 300px) 100vw, 300px\" \/><\/a><p id=\"caption-attachment-2214\" class=\"wp-caption-text\">Foto: pixabay<\/p><\/div>\n<p>Der Sommer 2018 ist noch jedem in Erinnerung. Die Landwirtschaft hat noch immer mit den Sch\u00e4den, die durch die <a href=\"https:\/\/die-wetterversicherung.de\/?s=d%C3%BCrre\" target=\"_blank\">D\u00fcrre<\/a> entstanden sind, zu k\u00e4mpfen. Seit einigen Monaten warnen Experten immer wieder davor, dass sich die Hitze im kommenden Sommer wiederholen wird. Verl\u00e4ssliche Wetterprognosen \u00fcber Monate sind allerdings schwierig. Wie hei\u00df wird der Sommer tats\u00e4chlich?<\/p>\n<p><b>Mai war zu k\u00fchl<\/b><\/p>\n<p>Obwohl man vielerorts die derzeitigen Temperaturen als schw\u00fcl empfindet, war der Mai laut <a href=\"https:\/\/blog.gruuna.com\/ernteertrag-absichern-muenchener-magdeburger-agrar-nutzt-cya-app-zur-analyse\/\" target=\"_blank\">Deutschem Wetterdienst (DWD)<\/a> sogar zu k\u00fchl &#8211; der erste Monat seit 13 Monaten, in dem die Temperaturen unter dem Durchschnitt lagen. Konkret lag der Mai mit 10,9 Grad Celsius um 1,2 Grad unter dem Wert der Referenzperiode 1961 bis 1990. Vor alIem die erste Monatsh\u00e4lfte verlief ungewohnt k\u00fchl. Die Natur ist dennoch \u201cverwirrt\u201d. Durch die \u00fcberdurchschnittlich warmen Vormonate fing die Vegetation in diesem Jahr fr\u00fcher an, sich zu entwickeln. Durch die k\u00fchleren Tage und N\u00e4chte im Mai geriet sie wieder ins stocken.<\/p>\n<p><b>Prognose f\u00fcr <\/b><b>Sommer<\/b><b> aufgebauscht?<\/b><\/p>\n<p>In den Medien ist seit Monaten schon von der \u201cn\u00e4chsten Hitzekatastrophe\u201d oder vom kommenden \u201cHorror-Sommer\u201d zu lesen. Die Meldungen berufen sich unter anderem auf eine Langzeitprognose des privaten US-amerikanischen Wetterdienstes \u201caccuweather\u201d, der vor Extrem-Hitze warnt. Der DWD sieht die Entwicklung in den kommenden Monaten n\u00fcchterner.<\/p>\n<p>Abgesehen vom Mai, der rein rechnerisch zu k\u00fchl war, erkennt man in den vergangenen Monaten eine zu trockene Tendenz. \u201eSollte die trockene Witterung in den kommenden Monaten anhalten, k\u00f6nnte sich die D\u00fcrre des Jahres 2018 wiederholen oder sogar \u00fcbertroffen werden\u201c, erkl\u00e4rt DWD-Agrarmeteorologe Dr. Udo Busch. \u201cDann w\u00fcrde die Landwirtschaft in Deutschland auch 2019 wieder mit Ertragseinbu\u00dfen rechnen m\u00fcssen\u201d, so Busch weiter.<\/p>\n<p>Wetterexperte J\u00f6rg Kachelmann kritisiert in einem Interview mit <a href=\"https:\/\/meedia.de\/2019\/04\/26\/kachelmann-ueber-duerre-warnungen-der-medien-ueber-90-prozent-aller-geschichten-zu-wetter-und-klima-sind-falsch-oder-erfunden\/\">meedia<\/a>, dass sogar die fundierten Prognosen des DWD von manchen Medien aufgebauscht w\u00fcrden. Von Schlagzeilen wie \u201cSahara-Sommer\u201d oder \u201cMega-D\u00fcrre\u201d will er nichts wissen. \u201cDer Deutsche Wetterdienst hat nie behauptet, dass es einen D\u00fcrresommer g\u00e4be. Er schrieb nur, dass es einen geben k\u00f6nnte, wenn es nicht regnet, was nicht weiter \u00fcberrascht\u201d, fasst Kachelmann die Fakten zusammen.<\/p>\n<p><b>Mit CYA-App <\/b><b>Ernteertrag<\/b><b> genau analysieren<\/b><\/p>\n<p>F\u00fcr Landwirte ist das Wetterrisiko besonders wichtig. Um das Risiko durch Wettereinfl\u00fcsse zu minimieren steht die CYA-App zur Verf\u00fcgung. Sie wurde von der Chemnitzer <a href=\"https:\/\/cya.international\/\" target=\"_blank\">CYA GmbH <\/a>entwickelt. Das K\u00fcrzel CYA steht f\u00fcr \u201cCrop Yield Analysis\u201d, das \u00fcbersetzt nicht anderes hei\u00dft, als \u201cErnteertragsanalyse\u201d.Das tats\u00e4chliche Wetterrisiko k\u00f6nnen Nutzer anhand von Echtzeitdaten und der Wetterhistorie analysieren.<\/p>\n<p>Die <a href=\"https:\/\/www.gvf.de\/cya\/\" target=\"_blank\">CYA-App<\/a> hilft Landwirten, den Ernteerfolg aber auch das Risiko f\u00fcr ihren eigenen Bestand zu analysieren. Die mobile Anwendung \u00fcbermittelt die Ertragsdaten an den CYA-Server. Dort werden die aktuellen Daten vom Bestand und die Daten aus der Wetterhistorie zusammengef\u00fchrt und analysiert. Aus vielen m\u00f6glichen Wettergefahren ermittelt das System die Gefahr mit dem gr\u00f6\u00dften Einfluss auf die Ernte. Mit der App hat der Landwirt die Berechnungen des CYA-Servers jederzeit und an jedem Ort im Blick.<\/p>\n<div hcb-fetch-image-from=\"https:\/\/www.youtube.com\/watch?v=maARNUSNxVM&amp;t=26s\" class=\"embed-container\"><iframe loading=\"lazy\" title=\"CYA - Crop Yield Analysis\" width=\"750\" height=\"422\" src=\"https:\/\/www.youtube.com\/embed\/maARNUSNxVM?start=26&#038;feature=oembed\" frameborder=\"0\" allow=\"accelerometer; autoplay; encrypted-media; gyroscope; picture-in-picture\" allowfullscreen><\/iframe><\/div>\n","protected":false},"excerpt":{"rendered":"<p>Seit Monaten wird in den Medien vor der n\u00e4chsten \u201cHitzekatastrophe\u201d im kommenden Sommer gewarnt. Doch wie hoch ist das Risiko wirklich?<\/p><p><a class=\"more-link btn\" href=\"https:\/\/die-wetterversicherung.de\/blog\/wie-heiss-wird-der-sommer-wirklich\/\">Weiterlesen<\/a><\/p>\n","protected":false},"author":5,"featured_media":2214,"comment_status":"open","ping_status":"closed","sticky":false,"template":"","format":"standard","meta":{"footnotes":""},"categories":[4,5],"tags":[289,268,88,185,31,34,288],"class_list":["post-2213","post","type-post","status-publish","format-standard","has-post-thumbnail","hentry","category-lasst-uns-ubers-wetter-reden","category-wetter-extrem","tag-cya","tag-duerre","tag-hitze","tag-schaeden","tag-sommer","tag-sommerhitze","tag-trocken","item-wrap"],"yoast_head":"<!-- This site is optimized with the Yoast SEO plugin v26.4 - https:\/\/yoast.com\/wordpress\/plugins\/seo\/ -->\n<title>Wie hei\u00df wird der Sommer wirklich? - die-wetterversicherung.de<\/title>\n<meta name=\"robots\" content=\"index, follow, max-snippet:-1, max-image-preview:large, max-video-preview:-1\" \/>\n<link rel=\"canonical\" href=\"https:\/\/die-wetterversicherung.de\/blog\/wie-heiss-wird-der-sommer-wirklich\/\" \/>\n<meta property=\"og:locale\" content=\"de_DE\" \/>\n<meta property=\"og:type\" content=\"article\" \/>\n<meta property=\"og:title\" content=\"Wie hei\u00df wird der Sommer wirklich? - die-wetterversicherung.de\" \/>\n<meta property=\"og:description\" content=\"Seit Monaten wird in den Medien vor der n\u00e4chsten \u201cHitzekatastrophe\u201d im kommenden Sommer gewarnt. Doch wie hoch ist das Risiko wirklich?\" \/>\n<meta property=\"og:url\" content=\"https:\/\/die-wetterversicherung.de\/blog\/wie-heiss-wird-der-sommer-wirklich\/\" \/>\n<meta property=\"og:site_name\" content=\"die-wetterversicherung.de\" \/>\n<meta property=\"article:publisher\" content=\"https:\/\/www.facebook.com\/diewetterversicherung\" \/>\n<meta property=\"article:published_time\" content=\"2019-06-05T14:36:43+00:00\" \/>\n<meta property=\"article:modified_time\" content=\"2019-06-05T14:39:25+00:00\" \/>\n<meta property=\"og:image\" content=\"https:\/\/die-wetterversicherung.de\/blog\/wp-content\/uploads\/2019\/06\/sommer-hitze-d\u00fcrre-prognose-2019-sch\u00e4den-landwirtschaft.jpg\" \/>\n\t<meta property=\"og:image:width\" content=\"1920\" \/>\n\t<meta property=\"og:image:height\" content=\"1276\" \/>\n\t<meta property=\"og:image:type\" content=\"image\/jpeg\" \/>\n<meta name=\"author\" content=\"admin\" \/>\n<meta name=\"twitter:card\" content=\"summary_large_image\" \/>\n<meta name=\"twitter:label1\" content=\"Verfasst von\" \/>\n\t<meta name=\"twitter:data1\" content=\"admin\" \/>\n\t<meta name=\"twitter:label2\" content=\"Gesch\u00e4tzte Lesezeit\" \/>\n\t<meta name=\"twitter:data2\" content=\"3\u00a0Minuten\" \/>\n<script type=\"application\/ld+json\" class=\"yoast-schema-graph\">{\"@context\":\"https:\/\/schema.org\",\"@graph\":[{\"@type\":\"WebPage\",\"@id\":\"https:\/\/die-wetterversicherung.de\/blog\/wie-heiss-wird-der-sommer-wirklich\/\",\"url\":\"https:\/\/die-wetterversicherung.de\/blog\/wie-heiss-wird-der-sommer-wirklich\/\",\"name\":\"Wie hei\u00df wird der Sommer wirklich? - die-wetterversicherung.de\",\"isPartOf\":{\"@id\":\"https:\/\/die-wetterversicherung.de\/blog\/#website\"},\"primaryImageOfPage\":{\"@id\":\"https:\/\/die-wetterversicherung.de\/blog\/wie-heiss-wird-der-sommer-wirklich\/#primaryimage\"},\"image\":{\"@id\":\"https:\/\/die-wetterversicherung.de\/blog\/wie-heiss-wird-der-sommer-wirklich\/#primaryimage\"},\"thumbnailUrl\":\"https:\/\/die-wetterversicherung.de\/blog\/wp-content\/uploads\/2019\/06\/sommer-hitze-d\u00fcrre-prognose-2019-sch\u00e4den-landwirtschaft.jpg\",\"datePublished\":\"2019-06-05T14:36:43+00:00\",\"dateModified\":\"2019-06-05T14:39:25+00:00\",\"author\":{\"@id\":\"https:\/\/die-wetterversicherung.de\/blog\/#\/schema\/person\/ece359d1fb2756d4f371d523c75b881a\"},\"breadcrumb\":{\"@id\":\"https:\/\/die-wetterversicherung.de\/blog\/wie-heiss-wird-der-sommer-wirklich\/#breadcrumb\"},\"inLanguage\":\"de\",\"potentialAction\":[{\"@type\":\"ReadAction\",\"target\":[\"https:\/\/die-wetterversicherung.de\/blog\/wie-heiss-wird-der-sommer-wirklich\/\"]}]},{\"@type\":\"ImageObject\",\"inLanguage\":\"de\",\"@id\":\"https:\/\/die-wetterversicherung.de\/blog\/wie-heiss-wird-der-sommer-wirklich\/#primaryimage\",\"url\":\"https:\/\/die-wetterversicherung.de\/blog\/wp-content\/uploads\/2019\/06\/sommer-hitze-d\u00fcrre-prognose-2019-sch\u00e4den-landwirtschaft.jpg\",\"contentUrl\":\"https:\/\/die-wetterversicherung.de\/blog\/wp-content\/uploads\/2019\/06\/sommer-hitze-d\u00fcrre-prognose-2019-sch\u00e4den-landwirtschaft.jpg\",\"width\":1920,\"height\":1276,\"caption\":\"Sommer\"},{\"@type\":\"BreadcrumbList\",\"@id\":\"https:\/\/die-wetterversicherung.de\/blog\/wie-heiss-wird-der-sommer-wirklich\/#breadcrumb\",\"itemListElement\":[{\"@type\":\"ListItem\",\"position\":1,\"name\":\"Startseite\",\"item\":\"https:\/\/die-wetterversicherung.de\/blog\/\"},{\"@type\":\"ListItem\",\"position\":2,\"name\":\"Wie hei\u00df wird der Sommer wirklich?\"}]},{\"@type\":\"WebSite\",\"@id\":\"https:\/\/die-wetterversicherung.de\/blog\/#website\",\"url\":\"https:\/\/die-wetterversicherung.de\/blog\/\",\"name\":\"die-wetterversicherung.de\",\"description\":\"Wetterversicherung-Blog\",\"potentialAction\":[{\"@type\":\"SearchAction\",\"target\":{\"@type\":\"EntryPoint\",\"urlTemplate\":\"https:\/\/die-wetterversicherung.de\/blog\/?s={search_term_string}\"},\"query-input\":{\"@type\":\"PropertyValueSpecification\",\"valueRequired\":true,\"valueName\":\"search_term_string\"}}],\"inLanguage\":\"de\"},{\"@type\":\"Person\",\"@id\":\"https:\/\/die-wetterversicherung.de\/blog\/#\/schema\/person\/ece359d1fb2756d4f371d523c75b881a\",\"name\":\"admin\",\"url\":\"https:\/\/die-wetterversicherung.de\/blog\/author\/admin\/\"}]}<\/script>\n<!-- \/ Yoast SEO plugin. -->","yoast_head_json":{"title":"Wie hei\u00df wird der Sommer wirklich? - die-wetterversicherung.de","robots":{"index":"index","follow":"follow","max-snippet":"max-snippet:-1","max-image-preview":"max-image-preview:large","max-video-preview":"max-video-preview:-1"},"canonical":"https:\/\/die-wetterversicherung.de\/blog\/wie-heiss-wird-der-sommer-wirklich\/","og_locale":"de_DE","og_type":"article","og_title":"Wie hei\u00df wird der Sommer wirklich? - die-wetterversicherung.de","og_description":"Seit Monaten wird in den Medien vor der n\u00e4chsten \u201cHitzekatastrophe\u201d im kommenden Sommer gewarnt. Doch wie hoch ist das Risiko wirklich?","og_url":"https:\/\/die-wetterversicherung.de\/blog\/wie-heiss-wird-der-sommer-wirklich\/","og_site_name":"die-wetterversicherung.de","article_publisher":"https:\/\/www.facebook.com\/diewetterversicherung","article_published_time":"2019-06-05T14:36:43+00:00","article_modified_time":"2019-06-05T14:39:25+00:00","og_image":[{"width":1920,"height":1276,"url":"https:\/\/die-wetterversicherung.de\/blog\/wp-content\/uploads\/2019\/06\/sommer-hitze-d\u00fcrre-prognose-2019-sch\u00e4den-landwirtschaft.jpg","type":"image\/jpeg"}],"author":"admin","twitter_card":"summary_large_image","twitter_misc":{"Verfasst von":"admin","Gesch\u00e4tzte Lesezeit":"3\u00a0Minuten"},"schema":{"@context":"https:\/\/schema.org","@graph":[{"@type":"WebPage","@id":"https:\/\/die-wetterversicherung.de\/blog\/wie-heiss-wird-der-sommer-wirklich\/","url":"https:\/\/die-wetterversicherung.de\/blog\/wie-heiss-wird-der-sommer-wirklich\/","name":"Wie hei\u00df wird der Sommer wirklich? - die-wetterversicherung.de","isPartOf":{"@id":"https:\/\/die-wetterversicherung.de\/blog\/#website"},"primaryImageOfPage":{"@id":"https:\/\/die-wetterversicherung.de\/blog\/wie-heiss-wird-der-sommer-wirklich\/#primaryimage"},"image":{"@id":"https:\/\/die-wetterversicherung.de\/blog\/wie-heiss-wird-der-sommer-wirklich\/#primaryimage"},"thumbnailUrl":"https:\/\/die-wetterversicherung.de\/blog\/wp-content\/uploads\/2019\/06\/sommer-hitze-d\u00fcrre-prognose-2019-sch\u00e4den-landwirtschaft.jpg","datePublished":"2019-06-05T14:36:43+00:00","dateModified":"2019-06-05T14:39:25+00:00","author":{"@id":"https:\/\/die-wetterversicherung.de\/blog\/#\/schema\/person\/ece359d1fb2756d4f371d523c75b881a"},"breadcrumb":{"@id":"https:\/\/die-wetterversicherung.de\/blog\/wie-heiss-wird-der-sommer-wirklich\/#breadcrumb"},"inLanguage":"de","potentialAction":[{"@type":"ReadAction","target":["https:\/\/die-wetterversicherung.de\/blog\/wie-heiss-wird-der-sommer-wirklich\/"]}]},{"@type":"ImageObject","inLanguage":"de","@id":"https:\/\/die-wetterversicherung.de\/blog\/wie-heiss-wird-der-sommer-wirklich\/#primaryimage","url":"https:\/\/die-wetterversicherung.de\/blog\/wp-content\/uploads\/2019\/06\/sommer-hitze-d\u00fcrre-prognose-2019-sch\u00e4den-landwirtschaft.jpg","contentUrl":"https:\/\/die-wetterversicherung.de\/blog\/wp-content\/uploads\/2019\/06\/sommer-hitze-d\u00fcrre-prognose-2019-sch\u00e4den-landwirtschaft.jpg","width":1920,"height":1276,"caption":"Sommer"},{"@type":"BreadcrumbList","@id":"https:\/\/die-wetterversicherung.de\/blog\/wie-heiss-wird-der-sommer-wirklich\/#breadcrumb","itemListElement":[{"@type":"ListItem","position":1,"name":"Startseite","item":"https:\/\/die-wetterversicherung.de\/blog\/"},{"@type":"ListItem","position":2,"name":"Wie hei\u00df wird der Sommer wirklich?"}]},{"@type":"WebSite","@id":"https:\/\/die-wetterversicherung.de\/blog\/#website","url":"https:\/\/die-wetterversicherung.de\/blog\/","name":"die-wetterversicherung.de","description":"Wetterversicherung-Blog","potentialAction":[{"@type":"SearchAction","target":{"@type":"EntryPoint","urlTemplate":"https:\/\/die-wetterversicherung.de\/blog\/?s={search_term_string}"},"query-input":{"@type":"PropertyValueSpecification","valueRequired":true,"valueName":"search_term_string"}}],"inLanguage":"de"},{"@type":"Person","@id":"https:\/\/die-wetterversicherung.de\/blog\/#\/schema\/person\/ece359d1fb2756d4f371d523c75b881a","name":"admin","url":"https:\/\/die-wetterversicherung.de\/blog\/author\/admin\/"}]}},"_links":{"self":[{"href":"https:\/\/die-wetterversicherung.de\/blog\/wp-json\/wp\/v2\/posts\/2213","targetHints":{"allow":["GET"]}}],"collection":[{"href":"https:\/\/die-wetterversicherung.de\/blog\/wp-json\/wp\/v2\/posts"}],"about":[{"href":"https:\/\/die-wetterversicherung.de\/blog\/wp-json\/wp\/v2\/types\/post"}],"author":[{"embeddable":true,"href":"https:\/\/die-wetterversicherung.de\/blog\/wp-json\/wp\/v2\/users\/5"}],"replies":[{"embeddable":true,"href":"https:\/\/die-wetterversicherung.de\/blog\/wp-json\/wp\/v2\/comments?post=2213"}],"version-history":[{"count":3,"href":"https:\/\/die-wetterversicherung.de\/blog\/wp-json\/wp\/v2\/posts\/2213\/revisions"}],"predecessor-version":[{"id":2217,"href":"https:\/\/die-wetterversicherung.de\/blog\/wp-json\/wp\/v2\/posts\/2213\/revisions\/2217"}],"wp:featuredmedia":[{"embeddable":true,"href":"https:\/\/die-wetterversicherung.de\/blog\/wp-json\/wp\/v2\/media\/2214"}],"wp:attachment":[{"href":"https:\/\/die-wetterversicherung.de\/blog\/wp-json\/wp\/v2\/media?parent=2213"}],"wp:term":[{"taxonomy":"category","embeddable":true,"href":"https:\/\/die-wetterversicherung.de\/blog\/wp-json\/wp\/v2\/categories?post=2213"},{"taxonomy":"post_tag","embeddable":true,"href":"https:\/\/die-wetterversicherung.de\/blog\/wp-json\/wp\/v2\/tags?post=2213"}],"curies":[{"name":"wp","href":"https:\/\/api.w.org\/{rel}","templated":true}]}}