{"id":2208,"date":"2019-05-29T15:15:13","date_gmt":"2019-05-29T13:15:13","guid":{"rendered":"https:\/\/die-wetterversicherung.de\/?p=2208"},"modified":"2019-05-29T15:15:41","modified_gmt":"2019-05-29T13:15:41","slug":"tornado-in-franken-feuerwehr-gelingt-beeindruckendes-video","status":"publish","type":"post","link":"https:\/\/die-wetterversicherung.de\/blog\/tornado-in-franken-feuerwehr-gelingt-beeindruckendes-video\/","title":{"rendered":"Tornado in Franken: Feuerwehr gelingt beeindruckendes Video"},"content":{"rendered":"<p><b>Feuerwehrleute aus Franken filmten auf der Heimfahrt von einem Einsatz einen <\/b><b>Tornado<\/b><b>. Der DWD warnt vor st\u00e4rkeren Tornados durch den Klimawandel.<\/b><\/p>\n<p>Die <a href=\"https:\/\/www.facebook.com\/pages\/category\/Fire-Station\/Feuerwehr-Himmelkron-175382752482285\/\" target=\"_blank\">Feuerwehr aus dem fr\u00e4nkischen Himmelkron<\/a> hat vergangene Woche w\u00e4hrend der R\u00fcckfahrt von einem Einsatz ein spektakul\u00e4res Wetterph\u00e4nomen gefilmt: Zwischen Neuenmarkt und Wirsberg im Landkreis Kulmbach fegte ein Tornado \u00fcber das Land.<\/p>\n<p>&nbsp;<\/p>\n<div hcb-fetch-image-from=\"https:\/\/www.youtube.com\/watch?v=dpX1JAshT_Q\" class=\"embed-container\"><iframe loading=\"lazy\" title=\"Tornado fegt \u00fcber Felder in Bayern\" width=\"750\" height=\"422\" src=\"https:\/\/www.youtube.com\/embed\/dpX1JAshT_Q?feature=oembed\" frameborder=\"0\" allow=\"accelerometer; autoplay; encrypted-media; gyroscope; picture-in-picture\" allowfullscreen><\/iframe><\/div>\n<p>Quelle: Feuerwehr Himmelkron\/Youtube\/inFranken.de<\/p>\n<p>&nbsp;<\/p>\n<p><b>Tornado<\/b><b> h\u00e4tte Hausd\u00e4cher abdecken k\u00f6nnen<\/b><\/p>\n<p>Wie das Internetportal <a href=\"https:\/\/www.infranken.de\/\" target=\"_blank\">inFranken.de<\/a> schreibt, haben sowohl der <a href=\"https:\/\/www.dwd.de\/\" target=\"_blank\">Deutsche Wetterdienst (DWD)<\/a> als auch sogenannte Stormchaser (Sturmj\u00e4ger) best\u00e4tigt, dass der Wirbelsturm auf dem Video der <a href=\"https:\/\/die-wetterversicherung.de\/?s=waldbrand\" target=\"_blank\">Feuerwehr<\/a> tats\u00e4chlich ein Tornado war. Es handelte sich laut <a href=\"https:\/\/www.facebook.com\/inFranken\/\" target=\"_blank\">inFranken.de<\/a> um einen Tornado der \u201cschw\u00e4cheren Sorte\u201d. Die Wirbelst\u00fcrme, im unteren Bereich der internationalen Fujiata-Skala k\u00f6nnen dennoch bis zu 116 Stundenkilometer erreichen. Der Tornado in Franken hinterlie\u00df eine Schneise von bis zu 100 Metern Breite. Der DWD-Tornado-Beauftragte Andreas Friedrich best\u00e4tigte dem Internetportal, dass ein Sturm in dieser Kategorie schon Hausd\u00e4cher abdecken kann. Gl\u00fccklicherweise fegte der Tornado \u00fcber unbebautes Gebiet.<\/p>\n<p><b>St\u00e4rkere Tornados durch Klimawandel<\/b><\/p>\n<p>Der DWD geht von 30 bis 60 best\u00e4tigten Tornados aus, die j\u00e4hrlich \u00fcber Deutschland fegen. Die Dunkelziffer liegt wahrscheinlich h\u00f6her. Andreas Friedrich warnte in einem <a href=\"https:\/\/www.stuttgarter-zeitung.de\/inhalt.deutscher-wetterdienst-tornados-koennten-durch-klimawandel-in-deutschland-staerker-ausfallen.d70e1d38-bbfc-438a-af50-a3ba2afa7525.html\" target=\"_blank\">Interview mit der Stuttgarter Zeitung<\/a> davor, dass mit dem Klimawandel zwar die Anzahl der Tornados nicht steige, diese aber st\u00e4rker w\u00fcrden.<\/p>\n","protected":false},"excerpt":{"rendered":"<p>Feuerwehrleute aus Franken filmten auf der Heimfahrt von einem Einsatz einen Tornado. Der DWD warnt vor st\u00e4rkeren Tornados durch den Klimawandel.<\/p><p><a class=\"more-link btn\" href=\"https:\/\/die-wetterversicherung.de\/blog\/tornado-in-franken-feuerwehr-gelingt-beeindruckendes-video\/\">Weiterlesen<\/a><\/p>\n","protected":false},"author":5,"featured_media":2209,"comment_status":"open","ping_status":"closed","sticky":false,"template":"","format":"standard","meta":{"footnotes":""},"categories":[4],"tags":[84,43,265,80,262],"class_list":["post-2208","post","type-post","status-publish","format-standard","has-post-thumbnail","hentry","category-lasst-uns-ubers-wetter-reden","tag-klimawandel","tag-sturm","tag-tornado","tag-unwetter","tag-wolken","item-wrap"],"yoast_head":"<!-- This site is optimized with the Yoast SEO plugin v26.4 - https:\/\/yoast.com\/wordpress\/plugins\/seo\/ -->\n<title>Tornado in Franken: Feuerwehr gelingt beeindruckendes Video - die-wetterversicherung.de<\/title>\n<meta name=\"robots\" content=\"index, follow, max-snippet:-1, max-image-preview:large, max-video-preview:-1\" \/>\n<link rel=\"canonical\" href=\"https:\/\/die-wetterversicherung.de\/blog\/tornado-in-franken-feuerwehr-gelingt-beeindruckendes-video\/\" \/>\n<meta property=\"og:locale\" content=\"de_DE\" \/>\n<meta property=\"og:type\" content=\"article\" \/>\n<meta property=\"og:title\" content=\"Tornado in Franken: Feuerwehr gelingt beeindruckendes Video - die-wetterversicherung.de\" \/>\n<meta property=\"og:description\" content=\"Feuerwehrleute aus Franken filmten auf der Heimfahrt von einem Einsatz einen Tornado. Der DWD warnt vor st\u00e4rkeren Tornados durch den Klimawandel.\" \/>\n<meta property=\"og:url\" content=\"https:\/\/die-wetterversicherung.de\/blog\/tornado-in-franken-feuerwehr-gelingt-beeindruckendes-video\/\" \/>\n<meta property=\"og:site_name\" content=\"die-wetterversicherung.de\" \/>\n<meta property=\"article:publisher\" content=\"https:\/\/www.facebook.com\/diewetterversicherung\" \/>\n<meta property=\"article:published_time\" content=\"2019-05-29T13:15:13+00:00\" \/>\n<meta property=\"article:modified_time\" content=\"2019-05-29T13:15:41+00:00\" \/>\n<meta property=\"og:image\" content=\"https:\/\/die-wetterversicherung.de\/blog\/wp-content\/uploads\/2019\/05\/Tornado-Wirbelsturm-Franken-Bayern-Deutschland-Wetter-Wettergefahr-gef\u00e4hrlich.png\" \/>\n\t<meta property=\"og:image:width\" content=\"903\" \/>\n\t<meta property=\"og:image:height\" content=\"470\" \/>\n\t<meta property=\"og:image:type\" content=\"image\/png\" \/>\n<meta name=\"author\" content=\"admin\" \/>\n<meta name=\"twitter:card\" content=\"summary_large_image\" \/>\n<meta name=\"twitter:label1\" content=\"Verfasst von\" \/>\n\t<meta name=\"twitter:data1\" content=\"admin\" \/>\n\t<meta name=\"twitter:label2\" content=\"Gesch\u00e4tzte Lesezeit\" \/>\n\t<meta name=\"twitter:data2\" content=\"1\u00a0Minute\" \/>\n<script type=\"application\/ld+json\" class=\"yoast-schema-graph\">{\"@context\":\"https:\/\/schema.org\",\"@graph\":[{\"@type\":\"WebPage\",\"@id\":\"https:\/\/die-wetterversicherung.de\/blog\/tornado-in-franken-feuerwehr-gelingt-beeindruckendes-video\/\",\"url\":\"https:\/\/die-wetterversicherung.de\/blog\/tornado-in-franken-feuerwehr-gelingt-beeindruckendes-video\/\",\"name\":\"Tornado in Franken: Feuerwehr gelingt beeindruckendes Video - die-wetterversicherung.de\",\"isPartOf\":{\"@id\":\"https:\/\/die-wetterversicherung.de\/blog\/#website\"},\"primaryImageOfPage\":{\"@id\":\"https:\/\/die-wetterversicherung.de\/blog\/tornado-in-franken-feuerwehr-gelingt-beeindruckendes-video\/#primaryimage\"},\"image\":{\"@id\":\"https:\/\/die-wetterversicherung.de\/blog\/tornado-in-franken-feuerwehr-gelingt-beeindruckendes-video\/#primaryimage\"},\"thumbnailUrl\":\"https:\/\/die-wetterversicherung.de\/blog\/wp-content\/uploads\/2019\/05\/Tornado-Wirbelsturm-Franken-Bayern-Deutschland-Wetter-Wettergefahr-gef\u00e4hrlich.png\",\"datePublished\":\"2019-05-29T13:15:13+00:00\",\"dateModified\":\"2019-05-29T13:15:41+00:00\",\"author\":{\"@id\":\"https:\/\/die-wetterversicherung.de\/blog\/#\/schema\/person\/ece359d1fb2756d4f371d523c75b881a\"},\"breadcrumb\":{\"@id\":\"https:\/\/die-wetterversicherung.de\/blog\/tornado-in-franken-feuerwehr-gelingt-beeindruckendes-video\/#breadcrumb\"},\"inLanguage\":\"de\",\"potentialAction\":[{\"@type\":\"ReadAction\",\"target\":[\"https:\/\/die-wetterversicherung.de\/blog\/tornado-in-franken-feuerwehr-gelingt-beeindruckendes-video\/\"]}]},{\"@type\":\"ImageObject\",\"inLanguage\":\"de\",\"@id\":\"https:\/\/die-wetterversicherung.de\/blog\/tornado-in-franken-feuerwehr-gelingt-beeindruckendes-video\/#primaryimage\",\"url\":\"https:\/\/die-wetterversicherung.de\/blog\/wp-content\/uploads\/2019\/05\/Tornado-Wirbelsturm-Franken-Bayern-Deutschland-Wetter-Wettergefahr-gef\u00e4hrlich.png\",\"contentUrl\":\"https:\/\/die-wetterversicherung.de\/blog\/wp-content\/uploads\/2019\/05\/Tornado-Wirbelsturm-Franken-Bayern-Deutschland-Wetter-Wettergefahr-gef\u00e4hrlich.png\",\"width\":903,\"height\":470,\"caption\":\"Quelle: Feuerwehr Himmelkron, Screen: Youtube\/inFranken.de\"},{\"@type\":\"BreadcrumbList\",\"@id\":\"https:\/\/die-wetterversicherung.de\/blog\/tornado-in-franken-feuerwehr-gelingt-beeindruckendes-video\/#breadcrumb\",\"itemListElement\":[{\"@type\":\"ListItem\",\"position\":1,\"name\":\"Startseite\",\"item\":\"https:\/\/die-wetterversicherung.de\/blog\/\"},{\"@type\":\"ListItem\",\"position\":2,\"name\":\"Tornado in Franken: Feuerwehr gelingt beeindruckendes Video\"}]},{\"@type\":\"WebSite\",\"@id\":\"https:\/\/die-wetterversicherung.de\/blog\/#website\",\"url\":\"https:\/\/die-wetterversicherung.de\/blog\/\",\"name\":\"die-wetterversicherung.de\",\"description\":\"Wetterversicherung-Blog\",\"potentialAction\":[{\"@type\":\"SearchAction\",\"target\":{\"@type\":\"EntryPoint\",\"urlTemplate\":\"https:\/\/die-wetterversicherung.de\/blog\/?s={search_term_string}\"},\"query-input\":{\"@type\":\"PropertyValueSpecification\",\"valueRequired\":true,\"valueName\":\"search_term_string\"}}],\"inLanguage\":\"de\"},{\"@type\":\"Person\",\"@id\":\"https:\/\/die-wetterversicherung.de\/blog\/#\/schema\/person\/ece359d1fb2756d4f371d523c75b881a\",\"name\":\"admin\",\"url\":\"https:\/\/die-wetterversicherung.de\/blog\/author\/admin\/\"}]}<\/script>\n<!-- \/ Yoast SEO plugin. -->","yoast_head_json":{"title":"Tornado in Franken: Feuerwehr gelingt beeindruckendes Video - die-wetterversicherung.de","robots":{"index":"index","follow":"follow","max-snippet":"max-snippet:-1","max-image-preview":"max-image-preview:large","max-video-preview":"max-video-preview:-1"},"canonical":"https:\/\/die-wetterversicherung.de\/blog\/tornado-in-franken-feuerwehr-gelingt-beeindruckendes-video\/","og_locale":"de_DE","og_type":"article","og_title":"Tornado in Franken: Feuerwehr gelingt beeindruckendes Video - die-wetterversicherung.de","og_description":"Feuerwehrleute aus Franken filmten auf der Heimfahrt von einem Einsatz einen Tornado. Der DWD warnt vor st\u00e4rkeren Tornados durch den Klimawandel.","og_url":"https:\/\/die-wetterversicherung.de\/blog\/tornado-in-franken-feuerwehr-gelingt-beeindruckendes-video\/","og_site_name":"die-wetterversicherung.de","article_publisher":"https:\/\/www.facebook.com\/diewetterversicherung","article_published_time":"2019-05-29T13:15:13+00:00","article_modified_time":"2019-05-29T13:15:41+00:00","og_image":[{"width":903,"height":470,"url":"https:\/\/die-wetterversicherung.de\/blog\/wp-content\/uploads\/2019\/05\/Tornado-Wirbelsturm-Franken-Bayern-Deutschland-Wetter-Wettergefahr-gef\u00e4hrlich.png","type":"image\/png"}],"author":"admin","twitter_card":"summary_large_image","twitter_misc":{"Verfasst von":"admin","Gesch\u00e4tzte Lesezeit":"1\u00a0Minute"},"schema":{"@context":"https:\/\/schema.org","@graph":[{"@type":"WebPage","@id":"https:\/\/die-wetterversicherung.de\/blog\/tornado-in-franken-feuerwehr-gelingt-beeindruckendes-video\/","url":"https:\/\/die-wetterversicherung.de\/blog\/tornado-in-franken-feuerwehr-gelingt-beeindruckendes-video\/","name":"Tornado in Franken: Feuerwehr gelingt beeindruckendes Video - die-wetterversicherung.de","isPartOf":{"@id":"https:\/\/die-wetterversicherung.de\/blog\/#website"},"primaryImageOfPage":{"@id":"https:\/\/die-wetterversicherung.de\/blog\/tornado-in-franken-feuerwehr-gelingt-beeindruckendes-video\/#primaryimage"},"image":{"@id":"https:\/\/die-wetterversicherung.de\/blog\/tornado-in-franken-feuerwehr-gelingt-beeindruckendes-video\/#primaryimage"},"thumbnailUrl":"https:\/\/die-wetterversicherung.de\/blog\/wp-content\/uploads\/2019\/05\/Tornado-Wirbelsturm-Franken-Bayern-Deutschland-Wetter-Wettergefahr-gef\u00e4hrlich.png","datePublished":"2019-05-29T13:15:13+00:00","dateModified":"2019-05-29T13:15:41+00:00","author":{"@id":"https:\/\/die-wetterversicherung.de\/blog\/#\/schema\/person\/ece359d1fb2756d4f371d523c75b881a"},"breadcrumb":{"@id":"https:\/\/die-wetterversicherung.de\/blog\/tornado-in-franken-feuerwehr-gelingt-beeindruckendes-video\/#breadcrumb"},"inLanguage":"de","potentialAction":[{"@type":"ReadAction","target":["https:\/\/die-wetterversicherung.de\/blog\/tornado-in-franken-feuerwehr-gelingt-beeindruckendes-video\/"]}]},{"@type":"ImageObject","inLanguage":"de","@id":"https:\/\/die-wetterversicherung.de\/blog\/tornado-in-franken-feuerwehr-gelingt-beeindruckendes-video\/#primaryimage","url":"https:\/\/die-wetterversicherung.de\/blog\/wp-content\/uploads\/2019\/05\/Tornado-Wirbelsturm-Franken-Bayern-Deutschland-Wetter-Wettergefahr-gef\u00e4hrlich.png","contentUrl":"https:\/\/die-wetterversicherung.de\/blog\/wp-content\/uploads\/2019\/05\/Tornado-Wirbelsturm-Franken-Bayern-Deutschland-Wetter-Wettergefahr-gef\u00e4hrlich.png","width":903,"height":470,"caption":"Quelle: Feuerwehr Himmelkron, Screen: Youtube\/inFranken.de"},{"@type":"BreadcrumbList","@id":"https:\/\/die-wetterversicherung.de\/blog\/tornado-in-franken-feuerwehr-gelingt-beeindruckendes-video\/#breadcrumb","itemListElement":[{"@type":"ListItem","position":1,"name":"Startseite","item":"https:\/\/die-wetterversicherung.de\/blog\/"},{"@type":"ListItem","position":2,"name":"Tornado in Franken: Feuerwehr gelingt beeindruckendes Video"}]},{"@type":"WebSite","@id":"https:\/\/die-wetterversicherung.de\/blog\/#website","url":"https:\/\/die-wetterversicherung.de\/blog\/","name":"die-wetterversicherung.de","description":"Wetterversicherung-Blog","potentialAction":[{"@type":"SearchAction","target":{"@type":"EntryPoint","urlTemplate":"https:\/\/die-wetterversicherung.de\/blog\/?s={search_term_string}"},"query-input":{"@type":"PropertyValueSpecification","valueRequired":true,"valueName":"search_term_string"}}],"inLanguage":"de"},{"@type":"Person","@id":"https:\/\/die-wetterversicherung.de\/blog\/#\/schema\/person\/ece359d1fb2756d4f371d523c75b881a","name":"admin","url":"https:\/\/die-wetterversicherung.de\/blog\/author\/admin\/"}]}},"_links":{"self":[{"href":"https:\/\/die-wetterversicherung.de\/blog\/wp-json\/wp\/v2\/posts\/2208","targetHints":{"allow":["GET"]}}],"collection":[{"href":"https:\/\/die-wetterversicherung.de\/blog\/wp-json\/wp\/v2\/posts"}],"about":[{"href":"https:\/\/die-wetterversicherung.de\/blog\/wp-json\/wp\/v2\/types\/post"}],"author":[{"embeddable":true,"href":"https:\/\/die-wetterversicherung.de\/blog\/wp-json\/wp\/v2\/users\/5"}],"replies":[{"embeddable":true,"href":"https:\/\/die-wetterversicherung.de\/blog\/wp-json\/wp\/v2\/comments?post=2208"}],"version-history":[{"count":2,"href":"https:\/\/die-wetterversicherung.de\/blog\/wp-json\/wp\/v2\/posts\/2208\/revisions"}],"predecessor-version":[{"id":2211,"href":"https:\/\/die-wetterversicherung.de\/blog\/wp-json\/wp\/v2\/posts\/2208\/revisions\/2211"}],"wp:featuredmedia":[{"embeddable":true,"href":"https:\/\/die-wetterversicherung.de\/blog\/wp-json\/wp\/v2\/media\/2209"}],"wp:attachment":[{"href":"https:\/\/die-wetterversicherung.de\/blog\/wp-json\/wp\/v2\/media?parent=2208"}],"wp:term":[{"taxonomy":"category","embeddable":true,"href":"https:\/\/die-wetterversicherung.de\/blog\/wp-json\/wp\/v2\/categories?post=2208"},{"taxonomy":"post_tag","embeddable":true,"href":"https:\/\/die-wetterversicherung.de\/blog\/wp-json\/wp\/v2\/tags?post=2208"}],"curies":[{"name":"wp","href":"https:\/\/api.w.org\/{rel}","templated":true}]}}