{"id":2201,"date":"2019-05-15T16:34:15","date_gmt":"2019-05-15T14:34:15","guid":{"rendered":"https:\/\/die-wetterversicherung.de\/?p=2201"},"modified":"2019-05-15T16:34:15","modified_gmt":"2019-05-15T14:34:15","slug":"wann-wird-das-wetter-zum-klima","status":"publish","type":"post","link":"https:\/\/die-wetterversicherung.de\/blog\/wann-wird-das-wetter-zum-klima\/","title":{"rendered":"Wann wird das Wetter zum Klima?"},"content":{"rendered":"<p><b>Die Begriffe <\/b><b>Klima<\/b><b>, Wetter und Witterung werden oft verwechselt. Der Unterschied h\u00e4ngt nur von zwei Faktoren ab: Zeitraum und Ort.<\/b><\/p>\n<div id=\"attachment_2202\" style=\"width: 300px\" class=\"wp-caption alignleft\"><a href=\"https:\/\/die-wetterversicherung.de\/wp-content\/uploads\/2019\/05\/wetter-klima-unterschied-klimawandel-hitze-hitzesommer-d\u00fcrre-winter-st\u00fcrme-schnee-sommer-fr\u00fchling-herbst-jahreszeiten.jpg\"><img loading=\"lazy\" decoding=\"async\" aria-describedby=\"caption-attachment-2202\" class=\"size-medium wp-image-2202\" src=\"https:\/\/die-wetterversicherung.de\/wp-content\/uploads\/2019\/05\/wetter-klima-unterschied-klimawandel-hitze-hitzesommer-d\u00fcrre-winter-st\u00fcrme-schnee-sommer-fr\u00fchling-herbst-jahreszeiten-300x169.jpg\" alt=\"klima\" width=\"300\" height=\"169\" srcset=\"https:\/\/die-wetterversicherung.de\/blog\/wp-content\/uploads\/2019\/05\/wetter-klima-unterschied-klimawandel-hitze-hitzesommer-d\u00fcrre-winter-st\u00fcrme-schnee-sommer-fr\u00fchling-herbst-jahreszeiten-300x169.jpg 300w, https:\/\/die-wetterversicherung.de\/blog\/wp-content\/uploads\/2019\/05\/wetter-klima-unterschied-klimawandel-hitze-hitzesommer-d\u00fcrre-winter-st\u00fcrme-schnee-sommer-fr\u00fchling-herbst-jahreszeiten-768x432.jpg 768w, https:\/\/die-wetterversicherung.de\/blog\/wp-content\/uploads\/2019\/05\/wetter-klima-unterschied-klimawandel-hitze-hitzesommer-d\u00fcrre-winter-st\u00fcrme-schnee-sommer-fr\u00fchling-herbst-jahreszeiten-1024x576.jpg 1024w, https:\/\/die-wetterversicherung.de\/blog\/wp-content\/uploads\/2019\/05\/wetter-klima-unterschied-klimawandel-hitze-hitzesommer-d\u00fcrre-winter-st\u00fcrme-schnee-sommer-fr\u00fchling-herbst-jahreszeiten.jpg 1920w\" sizes=\"auto, (max-width: 300px) 100vw, 300px\" \/><\/a><p id=\"caption-attachment-2202\" class=\"wp-caption-text\">Foto: pixabay<\/p><\/div>\n<p>Sind der extrem hei\u00dfe Sommer im vergangenen Jahr, die \u00dcberschwemmungen und pl\u00f6tzlichen Wintereinbr\u00fcche Ergebnisse des <a href=\"https:\/\/die-wetterversicherung.de\/?s=klimawandel\" target=\"_blank\">Klimawandels<\/a> oder haben wir nur unterschiedliche Wetterlagen? Experten bringen den Hitzesommer 2018 mit einer Ver\u00e4nderung des Klimas in Verbindung. Doch wo h\u00f6rt das Wetter auf und wo f\u00e4ngt das dauerhafte Klima an?<\/p>\n<p><b>Klima<\/b><b> h\u00e4ngt von Statistik ab<\/b><\/p>\n<p>Dar\u00fcber, ob eine l\u00e4nger andauernde Wetterlage bereits auf eine Klimaver\u00e4nderung hindeutet, sind sich Wissenschaftler teils uneins. Vor allem das schnelle Voranschreiten des Klimawandels macht Einsch\u00e4tzungen nicht leichter. Die <a href=\"http:\/\/worldweather.wmo.int\/de\/home.html\" target=\"_blank\">Weltorganisation f\u00fcr Meteorologie (WMO)<\/a> h\u00e4lt sich bei der Definition an einen Beobachtungszeitraum von 30 Jahren. Die Zeitspanne ist lange genug, um statistische Eigenschaften erfassen zu k\u00f6nnen.<\/p>\n<p><b>Definitionen eine Frage von Zeit und Ort<\/b><\/p>\n<p>Laut <a href=\"https:\/\/www.mpimet.mpg.de\/\" target=\"_blank\">Max-Planck-Institut f\u00fcr Meteorologie<\/a> beschreibt das Wetter den physikalischen Zustand zu einem bestimmten Zeitpunkt an einem bestimmten Ort. Das Klima hingegen sei erst dann richtig gekennzeichnet, wenn die Wahrscheinlichkeit f\u00fcr Abweichungen vom Mittelwert angegeben werden kann. Das verlangt, dass auch Extremwerte Teil der Statistik sind. Die Einteilung der Klimazonen erfolgt nach dem Jahresgang von Temperaturen und Niederschl\u00e4gen.<\/p>\n<p>Das Klima beschreibt also den durchschnittlichen Verlauf der Klimaelemente im von der WMO definierten Zeitraum. Der punktuelle Zustand definiert das Wetter. Die Witterung ist der vorherrschende Zustand \u00fcber mehrere Tage &#8211; auch wenn w\u00e4hrend Regentagen zwischendurch mal die Sonne zum Vorschein kommt.<\/p>\n","protected":false},"excerpt":{"rendered":"<p>Die Begriffe Klima, Wetter und Witterung werden oft verwechselt. Der Unterschied h\u00e4ngt nur von zwei Faktoren ab: Zeitraum und Ort. Sind der extrem hei\u00dfe Sommer im vergangenen Jahr, die \u00dcberschwemmungen und pl\u00f6tzlichen Wintereinbr\u00fcche Ergebnisse des Klimawandels oder haben wir nur unterschiedliche Wetterlagen? Experten bringen den Hitzesommer 2018 mit einer Ver\u00e4nderung des Klimas in Verbindung. Doch &hellip; <\/p>\n<p><a class=\"more-link btn\" href=\"https:\/\/die-wetterversicherung.de\/blog\/wann-wird-das-wetter-zum-klima\/\">Weiterlesen<\/a><\/p>\n","protected":false},"author":5,"featured_media":2202,"comment_status":"open","ping_status":"closed","sticky":false,"template":"","format":"standard","meta":{"footnotes":""},"categories":[4],"tags":[83,84,6,287],"class_list":["post-2201","post","type-post","status-publish","format-standard","has-post-thumbnail","hentry","category-lasst-uns-ubers-wetter-reden","tag-klima","tag-klimawandel","tag-wetter","tag-witterung","item-wrap"],"yoast_head":"<!-- This site is optimized with the Yoast SEO plugin v26.4 - https:\/\/yoast.com\/wordpress\/plugins\/seo\/ -->\n<title>Wann wird das Wetter zum Klima? - die-wetterversicherung.de<\/title>\n<meta name=\"robots\" content=\"index, follow, max-snippet:-1, max-image-preview:large, max-video-preview:-1\" \/>\n<link rel=\"canonical\" href=\"https:\/\/die-wetterversicherung.de\/blog\/wann-wird-das-wetter-zum-klima\/\" \/>\n<meta property=\"og:locale\" content=\"de_DE\" \/>\n<meta property=\"og:type\" content=\"article\" \/>\n<meta property=\"og:title\" content=\"Wann wird das Wetter zum Klima? - die-wetterversicherung.de\" \/>\n<meta property=\"og:description\" content=\"Die Begriffe Klima, Wetter und Witterung werden oft verwechselt. Der Unterschied h\u00e4ngt nur von zwei Faktoren ab: Zeitraum und Ort. Sind der extrem hei\u00dfe Sommer im vergangenen Jahr, die \u00dcberschwemmungen und pl\u00f6tzlichen Wintereinbr\u00fcche Ergebnisse des Klimawandels oder haben wir nur unterschiedliche Wetterlagen? Experten bringen den Hitzesommer 2018 mit einer Ver\u00e4nderung des Klimas in Verbindung. Doch &hellip; Weiterlesen\" \/>\n<meta property=\"og:url\" content=\"https:\/\/die-wetterversicherung.de\/blog\/wann-wird-das-wetter-zum-klima\/\" \/>\n<meta property=\"og:site_name\" content=\"die-wetterversicherung.de\" \/>\n<meta property=\"article:publisher\" content=\"https:\/\/www.facebook.com\/diewetterversicherung\" \/>\n<meta property=\"article:published_time\" content=\"2019-05-15T14:34:15+00:00\" \/>\n<meta property=\"og:image\" content=\"https:\/\/die-wetterversicherung.de\/blog\/wp-content\/uploads\/2019\/05\/wetter-klima-unterschied-klimawandel-hitze-hitzesommer-d\u00fcrre-winter-st\u00fcrme-schnee-sommer-fr\u00fchling-herbst-jahreszeiten.jpg\" \/>\n\t<meta property=\"og:image:width\" content=\"1920\" \/>\n\t<meta property=\"og:image:height\" content=\"1080\" \/>\n\t<meta property=\"og:image:type\" content=\"image\/jpeg\" \/>\n<meta name=\"author\" content=\"admin\" \/>\n<meta name=\"twitter:card\" content=\"summary_large_image\" \/>\n<meta name=\"twitter:label1\" content=\"Verfasst von\" \/>\n\t<meta name=\"twitter:data1\" content=\"admin\" \/>\n\t<meta name=\"twitter:label2\" content=\"Gesch\u00e4tzte Lesezeit\" \/>\n\t<meta name=\"twitter:data2\" content=\"1\u00a0Minute\" \/>\n<script type=\"application\/ld+json\" class=\"yoast-schema-graph\">{\"@context\":\"https:\/\/schema.org\",\"@graph\":[{\"@type\":\"WebPage\",\"@id\":\"https:\/\/die-wetterversicherung.de\/blog\/wann-wird-das-wetter-zum-klima\/\",\"url\":\"https:\/\/die-wetterversicherung.de\/blog\/wann-wird-das-wetter-zum-klima\/\",\"name\":\"Wann wird das Wetter zum Klima? - die-wetterversicherung.de\",\"isPartOf\":{\"@id\":\"https:\/\/die-wetterversicherung.de\/blog\/#website\"},\"primaryImageOfPage\":{\"@id\":\"https:\/\/die-wetterversicherung.de\/blog\/wann-wird-das-wetter-zum-klima\/#primaryimage\"},\"image\":{\"@id\":\"https:\/\/die-wetterversicherung.de\/blog\/wann-wird-das-wetter-zum-klima\/#primaryimage\"},\"thumbnailUrl\":\"https:\/\/die-wetterversicherung.de\/blog\/wp-content\/uploads\/2019\/05\/wetter-klima-unterschied-klimawandel-hitze-hitzesommer-d\u00fcrre-winter-st\u00fcrme-schnee-sommer-fr\u00fchling-herbst-jahreszeiten.jpg\",\"datePublished\":\"2019-05-15T14:34:15+00:00\",\"author\":{\"@id\":\"https:\/\/die-wetterversicherung.de\/blog\/#\/schema\/person\/ece359d1fb2756d4f371d523c75b881a\"},\"breadcrumb\":{\"@id\":\"https:\/\/die-wetterversicherung.de\/blog\/wann-wird-das-wetter-zum-klima\/#breadcrumb\"},\"inLanguage\":\"de\",\"potentialAction\":[{\"@type\":\"ReadAction\",\"target\":[\"https:\/\/die-wetterversicherung.de\/blog\/wann-wird-das-wetter-zum-klima\/\"]}]},{\"@type\":\"ImageObject\",\"inLanguage\":\"de\",\"@id\":\"https:\/\/die-wetterversicherung.de\/blog\/wann-wird-das-wetter-zum-klima\/#primaryimage\",\"url\":\"https:\/\/die-wetterversicherung.de\/blog\/wp-content\/uploads\/2019\/05\/wetter-klima-unterschied-klimawandel-hitze-hitzesommer-d\u00fcrre-winter-st\u00fcrme-schnee-sommer-fr\u00fchling-herbst-jahreszeiten.jpg\",\"contentUrl\":\"https:\/\/die-wetterversicherung.de\/blog\/wp-content\/uploads\/2019\/05\/wetter-klima-unterschied-klimawandel-hitze-hitzesommer-d\u00fcrre-winter-st\u00fcrme-schnee-sommer-fr\u00fchling-herbst-jahreszeiten.jpg\",\"width\":1920,\"height\":1080,\"caption\":\"Foto: pixabay\"},{\"@type\":\"BreadcrumbList\",\"@id\":\"https:\/\/die-wetterversicherung.de\/blog\/wann-wird-das-wetter-zum-klima\/#breadcrumb\",\"itemListElement\":[{\"@type\":\"ListItem\",\"position\":1,\"name\":\"Startseite\",\"item\":\"https:\/\/die-wetterversicherung.de\/blog\/\"},{\"@type\":\"ListItem\",\"position\":2,\"name\":\"Wann wird das Wetter zum Klima?\"}]},{\"@type\":\"WebSite\",\"@id\":\"https:\/\/die-wetterversicherung.de\/blog\/#website\",\"url\":\"https:\/\/die-wetterversicherung.de\/blog\/\",\"name\":\"die-wetterversicherung.de\",\"description\":\"Wetterversicherung-Blog\",\"potentialAction\":[{\"@type\":\"SearchAction\",\"target\":{\"@type\":\"EntryPoint\",\"urlTemplate\":\"https:\/\/die-wetterversicherung.de\/blog\/?s={search_term_string}\"},\"query-input\":{\"@type\":\"PropertyValueSpecification\",\"valueRequired\":true,\"valueName\":\"search_term_string\"}}],\"inLanguage\":\"de\"},{\"@type\":\"Person\",\"@id\":\"https:\/\/die-wetterversicherung.de\/blog\/#\/schema\/person\/ece359d1fb2756d4f371d523c75b881a\",\"name\":\"admin\",\"url\":\"https:\/\/die-wetterversicherung.de\/blog\/author\/admin\/\"}]}<\/script>\n<!-- \/ Yoast SEO plugin. -->","yoast_head_json":{"title":"Wann wird das Wetter zum Klima? - die-wetterversicherung.de","robots":{"index":"index","follow":"follow","max-snippet":"max-snippet:-1","max-image-preview":"max-image-preview:large","max-video-preview":"max-video-preview:-1"},"canonical":"https:\/\/die-wetterversicherung.de\/blog\/wann-wird-das-wetter-zum-klima\/","og_locale":"de_DE","og_type":"article","og_title":"Wann wird das Wetter zum Klima? - die-wetterversicherung.de","og_description":"Die Begriffe Klima, Wetter und Witterung werden oft verwechselt. Der Unterschied h\u00e4ngt nur von zwei Faktoren ab: Zeitraum und Ort. Sind der extrem hei\u00dfe Sommer im vergangenen Jahr, die \u00dcberschwemmungen und pl\u00f6tzlichen Wintereinbr\u00fcche Ergebnisse des Klimawandels oder haben wir nur unterschiedliche Wetterlagen? Experten bringen den Hitzesommer 2018 mit einer Ver\u00e4nderung des Klimas in Verbindung. Doch &hellip; Weiterlesen","og_url":"https:\/\/die-wetterversicherung.de\/blog\/wann-wird-das-wetter-zum-klima\/","og_site_name":"die-wetterversicherung.de","article_publisher":"https:\/\/www.facebook.com\/diewetterversicherung","article_published_time":"2019-05-15T14:34:15+00:00","og_image":[{"width":1920,"height":1080,"url":"https:\/\/die-wetterversicherung.de\/blog\/wp-content\/uploads\/2019\/05\/wetter-klima-unterschied-klimawandel-hitze-hitzesommer-d\u00fcrre-winter-st\u00fcrme-schnee-sommer-fr\u00fchling-herbst-jahreszeiten.jpg","type":"image\/jpeg"}],"author":"admin","twitter_card":"summary_large_image","twitter_misc":{"Verfasst von":"admin","Gesch\u00e4tzte Lesezeit":"1\u00a0Minute"},"schema":{"@context":"https:\/\/schema.org","@graph":[{"@type":"WebPage","@id":"https:\/\/die-wetterversicherung.de\/blog\/wann-wird-das-wetter-zum-klima\/","url":"https:\/\/die-wetterversicherung.de\/blog\/wann-wird-das-wetter-zum-klima\/","name":"Wann wird das Wetter zum Klima? - die-wetterversicherung.de","isPartOf":{"@id":"https:\/\/die-wetterversicherung.de\/blog\/#website"},"primaryImageOfPage":{"@id":"https:\/\/die-wetterversicherung.de\/blog\/wann-wird-das-wetter-zum-klima\/#primaryimage"},"image":{"@id":"https:\/\/die-wetterversicherung.de\/blog\/wann-wird-das-wetter-zum-klima\/#primaryimage"},"thumbnailUrl":"https:\/\/die-wetterversicherung.de\/blog\/wp-content\/uploads\/2019\/05\/wetter-klima-unterschied-klimawandel-hitze-hitzesommer-d\u00fcrre-winter-st\u00fcrme-schnee-sommer-fr\u00fchling-herbst-jahreszeiten.jpg","datePublished":"2019-05-15T14:34:15+00:00","author":{"@id":"https:\/\/die-wetterversicherung.de\/blog\/#\/schema\/person\/ece359d1fb2756d4f371d523c75b881a"},"breadcrumb":{"@id":"https:\/\/die-wetterversicherung.de\/blog\/wann-wird-das-wetter-zum-klima\/#breadcrumb"},"inLanguage":"de","potentialAction":[{"@type":"ReadAction","target":["https:\/\/die-wetterversicherung.de\/blog\/wann-wird-das-wetter-zum-klima\/"]}]},{"@type":"ImageObject","inLanguage":"de","@id":"https:\/\/die-wetterversicherung.de\/blog\/wann-wird-das-wetter-zum-klima\/#primaryimage","url":"https:\/\/die-wetterversicherung.de\/blog\/wp-content\/uploads\/2019\/05\/wetter-klima-unterschied-klimawandel-hitze-hitzesommer-d\u00fcrre-winter-st\u00fcrme-schnee-sommer-fr\u00fchling-herbst-jahreszeiten.jpg","contentUrl":"https:\/\/die-wetterversicherung.de\/blog\/wp-content\/uploads\/2019\/05\/wetter-klima-unterschied-klimawandel-hitze-hitzesommer-d\u00fcrre-winter-st\u00fcrme-schnee-sommer-fr\u00fchling-herbst-jahreszeiten.jpg","width":1920,"height":1080,"caption":"Foto: pixabay"},{"@type":"BreadcrumbList","@id":"https:\/\/die-wetterversicherung.de\/blog\/wann-wird-das-wetter-zum-klima\/#breadcrumb","itemListElement":[{"@type":"ListItem","position":1,"name":"Startseite","item":"https:\/\/die-wetterversicherung.de\/blog\/"},{"@type":"ListItem","position":2,"name":"Wann wird das Wetter zum Klima?"}]},{"@type":"WebSite","@id":"https:\/\/die-wetterversicherung.de\/blog\/#website","url":"https:\/\/die-wetterversicherung.de\/blog\/","name":"die-wetterversicherung.de","description":"Wetterversicherung-Blog","potentialAction":[{"@type":"SearchAction","target":{"@type":"EntryPoint","urlTemplate":"https:\/\/die-wetterversicherung.de\/blog\/?s={search_term_string}"},"query-input":{"@type":"PropertyValueSpecification","valueRequired":true,"valueName":"search_term_string"}}],"inLanguage":"de"},{"@type":"Person","@id":"https:\/\/die-wetterversicherung.de\/blog\/#\/schema\/person\/ece359d1fb2756d4f371d523c75b881a","name":"admin","url":"https:\/\/die-wetterversicherung.de\/blog\/author\/admin\/"}]}},"_links":{"self":[{"href":"https:\/\/die-wetterversicherung.de\/blog\/wp-json\/wp\/v2\/posts\/2201","targetHints":{"allow":["GET"]}}],"collection":[{"href":"https:\/\/die-wetterversicherung.de\/blog\/wp-json\/wp\/v2\/posts"}],"about":[{"href":"https:\/\/die-wetterversicherung.de\/blog\/wp-json\/wp\/v2\/types\/post"}],"author":[{"embeddable":true,"href":"https:\/\/die-wetterversicherung.de\/blog\/wp-json\/wp\/v2\/users\/5"}],"replies":[{"embeddable":true,"href":"https:\/\/die-wetterversicherung.de\/blog\/wp-json\/wp\/v2\/comments?post=2201"}],"version-history":[{"count":1,"href":"https:\/\/die-wetterversicherung.de\/blog\/wp-json\/wp\/v2\/posts\/2201\/revisions"}],"predecessor-version":[{"id":2203,"href":"https:\/\/die-wetterversicherung.de\/blog\/wp-json\/wp\/v2\/posts\/2201\/revisions\/2203"}],"wp:featuredmedia":[{"embeddable":true,"href":"https:\/\/die-wetterversicherung.de\/blog\/wp-json\/wp\/v2\/media\/2202"}],"wp:attachment":[{"href":"https:\/\/die-wetterversicherung.de\/blog\/wp-json\/wp\/v2\/media?parent=2201"}],"wp:term":[{"taxonomy":"category","embeddable":true,"href":"https:\/\/die-wetterversicherung.de\/blog\/wp-json\/wp\/v2\/categories?post=2201"},{"taxonomy":"post_tag","embeddable":true,"href":"https:\/\/die-wetterversicherung.de\/blog\/wp-json\/wp\/v2\/tags?post=2201"}],"curies":[{"name":"wp","href":"https:\/\/api.w.org\/{rel}","templated":true}]}}