{"id":2194,"date":"2019-05-08T15:50:07","date_gmt":"2019-05-08T13:50:07","guid":{"rendered":"https:\/\/die-wetterversicherung.de\/?p=2194"},"modified":"2019-05-08T15:58:18","modified_gmt":"2019-05-08T13:58:18","slug":"wetterphaenomen-sind-boeenwalzen-gefaehrlich","status":"publish","type":"post","link":"https:\/\/die-wetterversicherung.de\/blog\/wetterphaenomen-sind-boeenwalzen-gefaehrlich\/","title":{"rendered":"Wetterph\u00e4nomen: Sind B\u00f6enwalzen gef\u00e4hrlich?"},"content":{"rendered":"<p><b>B\u00f6enwalzen sind ein relativ seltenes <\/b><b>Wetterph\u00e4nomen<\/b><b>. Ende April kam es in Franken zu einem solchen <\/b><b>Naturschauspiel<\/b><b>.<\/b><\/p>\n<div id=\"attachment_2195\" style=\"width: 300px\" class=\"wp-caption alignleft\"><a href=\"https:\/\/die-wetterversicherung.de\/wp-content\/uploads\/2019\/05\/b\u00f6enwalze-shelf-cloud-wetter-extremwetter-gewitter-gefahr-gef\u00e4hrlich-tornado-wirbelsturm-orkan-sturm-sturmsch\u00e4den.jpg\"><img loading=\"lazy\" decoding=\"async\" aria-describedby=\"caption-attachment-2195\" class=\"size-medium wp-image-2195\" src=\"https:\/\/die-wetterversicherung.de\/wp-content\/uploads\/2019\/05\/b\u00f6enwalze-shelf-cloud-wetter-extremwetter-gewitter-gefahr-gef\u00e4hrlich-tornado-wirbelsturm-orkan-sturm-sturmsch\u00e4den-300x200.jpg\" alt=\"wetterph\u00e4nomen\" width=\"300\" height=\"200\" srcset=\"https:\/\/die-wetterversicherung.de\/blog\/wp-content\/uploads\/2019\/05\/b\u00f6enwalze-shelf-cloud-wetter-extremwetter-gewitter-gefahr-gef\u00e4hrlich-tornado-wirbelsturm-orkan-sturm-sturmsch\u00e4den-300x200.jpg 300w, https:\/\/die-wetterversicherung.de\/blog\/wp-content\/uploads\/2019\/05\/b\u00f6enwalze-shelf-cloud-wetter-extremwetter-gewitter-gefahr-gef\u00e4hrlich-tornado-wirbelsturm-orkan-sturm-sturmsch\u00e4den-768x512.jpg 768w, https:\/\/die-wetterversicherung.de\/blog\/wp-content\/uploads\/2019\/05\/b\u00f6enwalze-shelf-cloud-wetter-extremwetter-gewitter-gefahr-gef\u00e4hrlich-tornado-wirbelsturm-orkan-sturm-sturmsch\u00e4den-1024x683.jpg 1024w, https:\/\/die-wetterversicherung.de\/blog\/wp-content\/uploads\/2019\/05\/b\u00f6enwalze-shelf-cloud-wetter-extremwetter-gewitter-gefahr-gef\u00e4hrlich-tornado-wirbelsturm-orkan-sturm-sturmsch\u00e4den.jpg 1920w\" sizes=\"auto, (max-width: 300px) 100vw, 300px\" \/><\/a><p id=\"caption-attachment-2195\" class=\"wp-caption-text\">Foto: sturmjaeagerTobi\/pixabay.com<\/p><\/div>\n<p>In Franken konnte Ende April eine sogenannte B\u00f6enwalze, ein eher seltenes Wetterph\u00e4nomen, beobachtet werden. Wie der Name schon sagt, verl\u00e4uft das Wolkengebilde horizontal &#8211; im Gegensatz zu Tornados. Experten sprechen auch von einer \u201cShelf Cloud\u201d (dt. \u201cRegalwolke\u201d).<\/p>\n<p><b>Wie entsteht das <\/b><b>Wetterph\u00e4nomen<\/b><b>?<\/b><\/p>\n<p>B\u00f6enwalzen gehen meist mit Gewitterwolken einher und sind das Ergebnis von komplexen Str\u00f6mungsvorg\u00e4ngen. Luft str\u00f6mt von verschiedenen Seiten in unterschiedlichen H\u00f6hen in die Wolke. Einsetzender Niederschlag k\u00fchlt den entgegenstr\u00f6menden Aufwind ab und dreht ihn um. Worauf er in die Tiefe st\u00fcrzt und sich auf der Erdoberfl\u00e4che ausbreitet. Die auf die Gewitterwolke str\u00f6mende feuchtwarme Luft wird dadurch angehoben und zu einer Walze geformt.<\/p>\n<p><b>Wie gef\u00e4hrlich sind B\u00f6enwalzen?<\/b><\/p>\n<p>B\u00f6enwalzen k\u00f6nnen Windst\u00f6\u00dfe in <a href=\"https:\/\/die-wetterversicherung.de\/?s=sturm\" target=\"_blank\">Sturmgeschwindigkeit<\/a> verursachen. Durch sogenannte <a href=\"https:\/\/www.dwd.de\/DE\/service\/lexikon\/Functions\/glossar.html?lv2=102936&amp;lv3=103186\" target=\"_blank\">Windscherungen<\/a> kann es im Luftverkehr zu Problemen kommen. Sch\u00e4den auf dem Boden oder eine Gefahr f\u00fcr Menschen sind eher selten. 2015 hat in Bamberg eine <a href=\"https:\/\/www.spektrum.de\/lexikon\/geographie\/boeenwalze\/1184\" target=\"_blank\">B\u00f6enwalze<\/a> allerdings Sachsch\u00e4den angerichtet.<\/p>\n<p>&nbsp;<\/p>\n<div hcb-fetch-image-from=\"https:\/\/www.youtube.com\/watch?v=lmcEqkhCEM4\" class=\"embed-container\"><iframe loading=\"lazy\" title=\"B\u00f6enwalze am 27.04.2019 in Mittelfranken und Oberfranken\" width=\"750\" height=\"422\" src=\"https:\/\/www.youtube.com\/embed\/lmcEqkhCEM4?feature=oembed\" frameborder=\"0\" allow=\"accelerometer; autoplay; encrypted-media; gyroscope; picture-in-picture\" allowfullscreen><\/iframe><\/div>\n<p>Video-Quelle: Youtube\/Nils Nordmeer<\/p>\n<p>&nbsp;<\/p>\n<p>&nbsp;<\/p>\n","protected":false},"excerpt":{"rendered":"<p>B\u00f6enwalzen sind ein relativ seltenes Wetterph\u00e4nomen. Ende April kam es in Franken zu einem solchen Naturschauspiel.<\/p><p><a class=\"more-link btn\" href=\"https:\/\/die-wetterversicherung.de\/blog\/wetterphaenomen-sind-boeenwalzen-gefaehrlich\/\">Weiterlesen<\/a><\/p>\n","protected":false},"author":5,"featured_media":2195,"comment_status":"open","ping_status":"closed","sticky":false,"template":"","format":"standard","meta":{"footnotes":""},"categories":[4],"tags":[179,258,43,256,80,262],"class_list":["post-2194","post","type-post","status-publish","format-standard","has-post-thumbnail","hentry","category-lasst-uns-ubers-wetter-reden","tag-gewitter","tag-orkan","tag-sturm","tag-sturmtief","tag-unwetter","tag-wolken","item-wrap"],"yoast_head":"<!-- This site is optimized with the Yoast SEO plugin v26.4 - https:\/\/yoast.com\/wordpress\/plugins\/seo\/ -->\n<title>Wetterph\u00e4nomen: Sind B\u00f6enwalzen gef\u00e4hrlich? - die-wetterversicherung.de<\/title>\n<meta name=\"robots\" content=\"index, follow, max-snippet:-1, max-image-preview:large, max-video-preview:-1\" \/>\n<link rel=\"canonical\" href=\"https:\/\/die-wetterversicherung.de\/blog\/wetterphaenomen-sind-boeenwalzen-gefaehrlich\/\" \/>\n<meta property=\"og:locale\" content=\"de_DE\" \/>\n<meta property=\"og:type\" content=\"article\" \/>\n<meta property=\"og:title\" content=\"Wetterph\u00e4nomen: Sind B\u00f6enwalzen gef\u00e4hrlich? - die-wetterversicherung.de\" \/>\n<meta property=\"og:description\" content=\"B\u00f6enwalzen sind ein relativ seltenes Wetterph\u00e4nomen. Ende April kam es in Franken zu einem solchen Naturschauspiel.\" \/>\n<meta property=\"og:url\" content=\"https:\/\/die-wetterversicherung.de\/blog\/wetterphaenomen-sind-boeenwalzen-gefaehrlich\/\" \/>\n<meta property=\"og:site_name\" content=\"die-wetterversicherung.de\" \/>\n<meta property=\"article:publisher\" content=\"https:\/\/www.facebook.com\/diewetterversicherung\" \/>\n<meta property=\"article:published_time\" content=\"2019-05-08T13:50:07+00:00\" \/>\n<meta property=\"article:modified_time\" content=\"2019-05-08T13:58:18+00:00\" \/>\n<meta property=\"og:image\" content=\"https:\/\/die-wetterversicherung.de\/blog\/wp-content\/uploads\/2019\/05\/b\u00f6enwalze-shelf-cloud-wetter-extremwetter-gewitter-gefahr-gef\u00e4hrlich-tornado-wirbelsturm-orkan-sturm-sturmsch\u00e4den.jpg\" \/>\n\t<meta property=\"og:image:width\" content=\"1920\" \/>\n\t<meta property=\"og:image:height\" content=\"1280\" \/>\n\t<meta property=\"og:image:type\" content=\"image\/jpeg\" \/>\n<meta name=\"author\" content=\"admin\" \/>\n<meta name=\"twitter:card\" content=\"summary_large_image\" \/>\n<meta name=\"twitter:label1\" content=\"Verfasst von\" \/>\n\t<meta name=\"twitter:data1\" content=\"admin\" \/>\n\t<meta name=\"twitter:label2\" content=\"Gesch\u00e4tzte Lesezeit\" \/>\n\t<meta name=\"twitter:data2\" content=\"1\u00a0Minute\" \/>\n<script type=\"application\/ld+json\" class=\"yoast-schema-graph\">{\"@context\":\"https:\/\/schema.org\",\"@graph\":[{\"@type\":\"WebPage\",\"@id\":\"https:\/\/die-wetterversicherung.de\/blog\/wetterphaenomen-sind-boeenwalzen-gefaehrlich\/\",\"url\":\"https:\/\/die-wetterversicherung.de\/blog\/wetterphaenomen-sind-boeenwalzen-gefaehrlich\/\",\"name\":\"Wetterph\u00e4nomen: Sind B\u00f6enwalzen gef\u00e4hrlich? - die-wetterversicherung.de\",\"isPartOf\":{\"@id\":\"https:\/\/die-wetterversicherung.de\/blog\/#website\"},\"primaryImageOfPage\":{\"@id\":\"https:\/\/die-wetterversicherung.de\/blog\/wetterphaenomen-sind-boeenwalzen-gefaehrlich\/#primaryimage\"},\"image\":{\"@id\":\"https:\/\/die-wetterversicherung.de\/blog\/wetterphaenomen-sind-boeenwalzen-gefaehrlich\/#primaryimage\"},\"thumbnailUrl\":\"https:\/\/die-wetterversicherung.de\/blog\/wp-content\/uploads\/2019\/05\/b\u00f6enwalze-shelf-cloud-wetter-extremwetter-gewitter-gefahr-gef\u00e4hrlich-tornado-wirbelsturm-orkan-sturm-sturmsch\u00e4den.jpg\",\"datePublished\":\"2019-05-08T13:50:07+00:00\",\"dateModified\":\"2019-05-08T13:58:18+00:00\",\"author\":{\"@id\":\"https:\/\/die-wetterversicherung.de\/blog\/#\/schema\/person\/ece359d1fb2756d4f371d523c75b881a\"},\"breadcrumb\":{\"@id\":\"https:\/\/die-wetterversicherung.de\/blog\/wetterphaenomen-sind-boeenwalzen-gefaehrlich\/#breadcrumb\"},\"inLanguage\":\"de\",\"potentialAction\":[{\"@type\":\"ReadAction\",\"target\":[\"https:\/\/die-wetterversicherung.de\/blog\/wetterphaenomen-sind-boeenwalzen-gefaehrlich\/\"]}]},{\"@type\":\"ImageObject\",\"inLanguage\":\"de\",\"@id\":\"https:\/\/die-wetterversicherung.de\/blog\/wetterphaenomen-sind-boeenwalzen-gefaehrlich\/#primaryimage\",\"url\":\"https:\/\/die-wetterversicherung.de\/blog\/wp-content\/uploads\/2019\/05\/b\u00f6enwalze-shelf-cloud-wetter-extremwetter-gewitter-gefahr-gef\u00e4hrlich-tornado-wirbelsturm-orkan-sturm-sturmsch\u00e4den.jpg\",\"contentUrl\":\"https:\/\/die-wetterversicherung.de\/blog\/wp-content\/uploads\/2019\/05\/b\u00f6enwalze-shelf-cloud-wetter-extremwetter-gewitter-gefahr-gef\u00e4hrlich-tornado-wirbelsturm-orkan-sturm-sturmsch\u00e4den.jpg\",\"width\":1920,\"height\":1280,\"caption\":\"Foto: sturmjaeagerTobi\/pixabay.com\"},{\"@type\":\"BreadcrumbList\",\"@id\":\"https:\/\/die-wetterversicherung.de\/blog\/wetterphaenomen-sind-boeenwalzen-gefaehrlich\/#breadcrumb\",\"itemListElement\":[{\"@type\":\"ListItem\",\"position\":1,\"name\":\"Startseite\",\"item\":\"https:\/\/die-wetterversicherung.de\/blog\/\"},{\"@type\":\"ListItem\",\"position\":2,\"name\":\"Wetterph\u00e4nomen: Sind B\u00f6enwalzen gef\u00e4hrlich?\"}]},{\"@type\":\"WebSite\",\"@id\":\"https:\/\/die-wetterversicherung.de\/blog\/#website\",\"url\":\"https:\/\/die-wetterversicherung.de\/blog\/\",\"name\":\"die-wetterversicherung.de\",\"description\":\"Wetterversicherung-Blog\",\"potentialAction\":[{\"@type\":\"SearchAction\",\"target\":{\"@type\":\"EntryPoint\",\"urlTemplate\":\"https:\/\/die-wetterversicherung.de\/blog\/?s={search_term_string}\"},\"query-input\":{\"@type\":\"PropertyValueSpecification\",\"valueRequired\":true,\"valueName\":\"search_term_string\"}}],\"inLanguage\":\"de\"},{\"@type\":\"Person\",\"@id\":\"https:\/\/die-wetterversicherung.de\/blog\/#\/schema\/person\/ece359d1fb2756d4f371d523c75b881a\",\"name\":\"admin\",\"url\":\"https:\/\/die-wetterversicherung.de\/blog\/author\/admin\/\"}]}<\/script>\n<!-- \/ Yoast SEO plugin. -->","yoast_head_json":{"title":"Wetterph\u00e4nomen: Sind B\u00f6enwalzen gef\u00e4hrlich? - die-wetterversicherung.de","robots":{"index":"index","follow":"follow","max-snippet":"max-snippet:-1","max-image-preview":"max-image-preview:large","max-video-preview":"max-video-preview:-1"},"canonical":"https:\/\/die-wetterversicherung.de\/blog\/wetterphaenomen-sind-boeenwalzen-gefaehrlich\/","og_locale":"de_DE","og_type":"article","og_title":"Wetterph\u00e4nomen: Sind B\u00f6enwalzen gef\u00e4hrlich? - die-wetterversicherung.de","og_description":"B\u00f6enwalzen sind ein relativ seltenes Wetterph\u00e4nomen. Ende April kam es in Franken zu einem solchen Naturschauspiel.","og_url":"https:\/\/die-wetterversicherung.de\/blog\/wetterphaenomen-sind-boeenwalzen-gefaehrlich\/","og_site_name":"die-wetterversicherung.de","article_publisher":"https:\/\/www.facebook.com\/diewetterversicherung","article_published_time":"2019-05-08T13:50:07+00:00","article_modified_time":"2019-05-08T13:58:18+00:00","og_image":[{"width":1920,"height":1280,"url":"https:\/\/die-wetterversicherung.de\/blog\/wp-content\/uploads\/2019\/05\/b\u00f6enwalze-shelf-cloud-wetter-extremwetter-gewitter-gefahr-gef\u00e4hrlich-tornado-wirbelsturm-orkan-sturm-sturmsch\u00e4den.jpg","type":"image\/jpeg"}],"author":"admin","twitter_card":"summary_large_image","twitter_misc":{"Verfasst von":"admin","Gesch\u00e4tzte Lesezeit":"1\u00a0Minute"},"schema":{"@context":"https:\/\/schema.org","@graph":[{"@type":"WebPage","@id":"https:\/\/die-wetterversicherung.de\/blog\/wetterphaenomen-sind-boeenwalzen-gefaehrlich\/","url":"https:\/\/die-wetterversicherung.de\/blog\/wetterphaenomen-sind-boeenwalzen-gefaehrlich\/","name":"Wetterph\u00e4nomen: Sind B\u00f6enwalzen gef\u00e4hrlich? - die-wetterversicherung.de","isPartOf":{"@id":"https:\/\/die-wetterversicherung.de\/blog\/#website"},"primaryImageOfPage":{"@id":"https:\/\/die-wetterversicherung.de\/blog\/wetterphaenomen-sind-boeenwalzen-gefaehrlich\/#primaryimage"},"image":{"@id":"https:\/\/die-wetterversicherung.de\/blog\/wetterphaenomen-sind-boeenwalzen-gefaehrlich\/#primaryimage"},"thumbnailUrl":"https:\/\/die-wetterversicherung.de\/blog\/wp-content\/uploads\/2019\/05\/b\u00f6enwalze-shelf-cloud-wetter-extremwetter-gewitter-gefahr-gef\u00e4hrlich-tornado-wirbelsturm-orkan-sturm-sturmsch\u00e4den.jpg","datePublished":"2019-05-08T13:50:07+00:00","dateModified":"2019-05-08T13:58:18+00:00","author":{"@id":"https:\/\/die-wetterversicherung.de\/blog\/#\/schema\/person\/ece359d1fb2756d4f371d523c75b881a"},"breadcrumb":{"@id":"https:\/\/die-wetterversicherung.de\/blog\/wetterphaenomen-sind-boeenwalzen-gefaehrlich\/#breadcrumb"},"inLanguage":"de","potentialAction":[{"@type":"ReadAction","target":["https:\/\/die-wetterversicherung.de\/blog\/wetterphaenomen-sind-boeenwalzen-gefaehrlich\/"]}]},{"@type":"ImageObject","inLanguage":"de","@id":"https:\/\/die-wetterversicherung.de\/blog\/wetterphaenomen-sind-boeenwalzen-gefaehrlich\/#primaryimage","url":"https:\/\/die-wetterversicherung.de\/blog\/wp-content\/uploads\/2019\/05\/b\u00f6enwalze-shelf-cloud-wetter-extremwetter-gewitter-gefahr-gef\u00e4hrlich-tornado-wirbelsturm-orkan-sturm-sturmsch\u00e4den.jpg","contentUrl":"https:\/\/die-wetterversicherung.de\/blog\/wp-content\/uploads\/2019\/05\/b\u00f6enwalze-shelf-cloud-wetter-extremwetter-gewitter-gefahr-gef\u00e4hrlich-tornado-wirbelsturm-orkan-sturm-sturmsch\u00e4den.jpg","width":1920,"height":1280,"caption":"Foto: sturmjaeagerTobi\/pixabay.com"},{"@type":"BreadcrumbList","@id":"https:\/\/die-wetterversicherung.de\/blog\/wetterphaenomen-sind-boeenwalzen-gefaehrlich\/#breadcrumb","itemListElement":[{"@type":"ListItem","position":1,"name":"Startseite","item":"https:\/\/die-wetterversicherung.de\/blog\/"},{"@type":"ListItem","position":2,"name":"Wetterph\u00e4nomen: Sind B\u00f6enwalzen gef\u00e4hrlich?"}]},{"@type":"WebSite","@id":"https:\/\/die-wetterversicherung.de\/blog\/#website","url":"https:\/\/die-wetterversicherung.de\/blog\/","name":"die-wetterversicherung.de","description":"Wetterversicherung-Blog","potentialAction":[{"@type":"SearchAction","target":{"@type":"EntryPoint","urlTemplate":"https:\/\/die-wetterversicherung.de\/blog\/?s={search_term_string}"},"query-input":{"@type":"PropertyValueSpecification","valueRequired":true,"valueName":"search_term_string"}}],"inLanguage":"de"},{"@type":"Person","@id":"https:\/\/die-wetterversicherung.de\/blog\/#\/schema\/person\/ece359d1fb2756d4f371d523c75b881a","name":"admin","url":"https:\/\/die-wetterversicherung.de\/blog\/author\/admin\/"}]}},"_links":{"self":[{"href":"https:\/\/die-wetterversicherung.de\/blog\/wp-json\/wp\/v2\/posts\/2194","targetHints":{"allow":["GET"]}}],"collection":[{"href":"https:\/\/die-wetterversicherung.de\/blog\/wp-json\/wp\/v2\/posts"}],"about":[{"href":"https:\/\/die-wetterversicherung.de\/blog\/wp-json\/wp\/v2\/types\/post"}],"author":[{"embeddable":true,"href":"https:\/\/die-wetterversicherung.de\/blog\/wp-json\/wp\/v2\/users\/5"}],"replies":[{"embeddable":true,"href":"https:\/\/die-wetterversicherung.de\/blog\/wp-json\/wp\/v2\/comments?post=2194"}],"version-history":[{"count":4,"href":"https:\/\/die-wetterversicherung.de\/blog\/wp-json\/wp\/v2\/posts\/2194\/revisions"}],"predecessor-version":[{"id":2199,"href":"https:\/\/die-wetterversicherung.de\/blog\/wp-json\/wp\/v2\/posts\/2194\/revisions\/2199"}],"wp:featuredmedia":[{"embeddable":true,"href":"https:\/\/die-wetterversicherung.de\/blog\/wp-json\/wp\/v2\/media\/2195"}],"wp:attachment":[{"href":"https:\/\/die-wetterversicherung.de\/blog\/wp-json\/wp\/v2\/media?parent=2194"}],"wp:term":[{"taxonomy":"category","embeddable":true,"href":"https:\/\/die-wetterversicherung.de\/blog\/wp-json\/wp\/v2\/categories?post=2194"},{"taxonomy":"post_tag","embeddable":true,"href":"https:\/\/die-wetterversicherung.de\/blog\/wp-json\/wp\/v2\/tags?post=2194"}],"curies":[{"name":"wp","href":"https:\/\/api.w.org\/{rel}","templated":true}]}}