{"id":2189,"date":"2019-05-01T06:00:09","date_gmt":"2019-05-01T04:00:09","guid":{"rendered":"https:\/\/die-wetterversicherung.de\/?p=2189"},"modified":"2019-04-30T16:30:10","modified_gmt":"2019-04-30T14:30:10","slug":"klimawandel-ist-regionaler-als-bisher-angenommen","status":"publish","type":"post","link":"https:\/\/die-wetterversicherung.de\/blog\/klimawandel-ist-regionaler-als-bisher-angenommen\/","title":{"rendered":"Klimawandel ist regionaler als bisher angenommen"},"content":{"rendered":"<p><b>Klimamodelle werden vor allem global konstruiert. Wissenschaftler der Uni Hohenheim erforschen nun den <\/b><b>Klimawandel<\/b><b> auf Basis regionaler Daten in Zusammenhang mit Kulturpflanzen.<\/b><\/p>\n<div id=\"attachment_2190\" style=\"width: 300px\" class=\"wp-caption alignleft\"><a href=\"https:\/\/die-wetterversicherung.de\/wp-content\/uploads\/2019\/04\/klimawandel-klima-wetter-pflanzen-ackerbau-landwirtschaft.jpg\"><img loading=\"lazy\" decoding=\"async\" aria-describedby=\"caption-attachment-2190\" class=\"size-medium wp-image-2190\" src=\"https:\/\/die-wetterversicherung.de\/wp-content\/uploads\/2019\/04\/klimawandel-klima-wetter-pflanzen-ackerbau-landwirtschaft-300x200.jpg\" alt=\"klimawandel\" width=\"300\" height=\"200\" srcset=\"https:\/\/die-wetterversicherung.de\/blog\/wp-content\/uploads\/2019\/04\/klimawandel-klima-wetter-pflanzen-ackerbau-landwirtschaft-300x200.jpg 300w, https:\/\/die-wetterversicherung.de\/blog\/wp-content\/uploads\/2019\/04\/klimawandel-klima-wetter-pflanzen-ackerbau-landwirtschaft-768x512.jpg 768w, https:\/\/die-wetterversicherung.de\/blog\/wp-content\/uploads\/2019\/04\/klimawandel-klima-wetter-pflanzen-ackerbau-landwirtschaft-1024x682.jpg 1024w, https:\/\/die-wetterversicherung.de\/blog\/wp-content\/uploads\/2019\/04\/klimawandel-klima-wetter-pflanzen-ackerbau-landwirtschaft.jpg 1920w\" sizes=\"auto, (max-width: 300px) 100vw, 300px\" \/><\/a><p id=\"caption-attachment-2190\" class=\"wp-caption-text\">Foto: pixabay (Symbolbild)<\/p><\/div>\n<p>W\u00e4hrend der Klimawandel vor allem global beobachtet wird, besch\u00e4ftigen sich seit sieben Jahren Forscher der <a href=\"https:\/\/www.uni-hohenheim.de\/\" target=\"_blank\">Universit\u00e4t Hohenheim<\/a> mit dem \u201cregionalen Klimawandel\u201d. Bislang verwendeten die Klimamodelle bei der Landnutzung den aus Satellitenbildern abgeleiteten aktuellen Stand aus Referenzjahren. Dabei wird die Entwicklung konstant bis ins Jahr 2100 simuliert. Die Stuttgarter Wissenschaftler halten das f\u00fcr unrealistisch. Der Klimawandel spielt sich regionaler ab und in verschiedenen Regionen in unterschiedlicher Geschwindigkeit. Um die Klimaentwicklung auf regionaler Basis analysieren zu k\u00f6nnen, greifen die Forscher auf \u00a0Temperaturen, Niederschl\u00e4ge, Bodenwasser, Energie, CO2, verschiedene Pflanzeneigenschaften und die organische Substanz im jeweiligen Boden zur\u00fcck.<\/p>\n<p><b>Kulturpflanzen beeinflussen <\/b><b>Klimawandel<\/b><\/p>\n<p>\u201cDie Vegetationsentwicklung \u00e4ndert sich in Reaktion auf den Klimawandel\u201d, erkl\u00e4rt Prof. Dr. Thilo Streck. Und die Vegetation ist in verschiedenen Regionen unterschiedlich. \u201eBei fr\u00fchdeckenden Kulturen wie Wintergetreide ist der Wasser- und Energieaustausch mit der Atmosph\u00e4re anders zeitlich verteilt als etwa bei Mais\u201c, so der Wissenschaftler. Und das habe Einfluss auf Wetter und Klima.<\/p>\n<p><b>Zwei unterschiedliche Modellregionen<\/b><\/p>\n<p>Zwei unterschiedliche Landschaften S\u00fcdwestdeutschlands dienen als Modell: der Kraichgau und die Mittlere Schw\u00e4bische Alb. Sie unterscheiden sich in vielerlei Hinsicht: Der Kraichgau wird intensiv ackerbaulich genutzt und weist ein mildes Klima auf, die Mittlere Schw\u00e4bische Alb dagegen ist k\u00fchler, niederschlagsreicher und wird vor allem als Gr\u00fcnland genutzt. Die Forschungsgruppe \u201cRegionaler Klimawandel\u201d beobachtet exemplarisch, wie sich diese Agrarlandschaften unter dem <a href=\"https:\/\/die-wetterversicherung.de\/?s=klimawandel\" target=\"_blank\">Klimawandel<\/a> k\u00fcnftig entwickeln.<\/p>\n","protected":false},"excerpt":{"rendered":"<p>\ufeffKlimamodelle werden vor allem global konstruiert. Wissenschaftler der Uni Hohenheim erforschen nun den Klimawandel auf Basis regionaler Daten in Zusammenhang mit Kulturpflanzen.<\/p><p><a class=\"more-link btn\" href=\"https:\/\/die-wetterversicherung.de\/blog\/klimawandel-ist-regionaler-als-bisher-angenommen\/\">Weiterlesen<\/a><\/p>\n","protected":false},"author":5,"featured_media":2190,"comment_status":"open","ping_status":"closed","sticky":false,"template":"","format":"standard","meta":{"footnotes":""},"categories":[4,5],"tags":[85,83,230,84],"class_list":["post-2189","post","type-post","status-publish","format-standard","has-post-thumbnail","hentry","category-lasst-uns-ubers-wetter-reden","category-wetter-extrem","tag-forschung","tag-klima","tag-klimaschutz","tag-klimawandel","item-wrap"],"yoast_head":"<!-- This site is optimized with the Yoast SEO plugin v26.4 - https:\/\/yoast.com\/wordpress\/plugins\/seo\/ -->\n<title>Klimawandel ist regionaler als bisher angenommen - die-wetterversicherung.de<\/title>\n<meta name=\"robots\" content=\"index, follow, max-snippet:-1, max-image-preview:large, max-video-preview:-1\" \/>\n<link rel=\"canonical\" href=\"https:\/\/die-wetterversicherung.de\/blog\/klimawandel-ist-regionaler-als-bisher-angenommen\/\" \/>\n<meta property=\"og:locale\" content=\"de_DE\" \/>\n<meta property=\"og:type\" content=\"article\" \/>\n<meta property=\"og:title\" content=\"Klimawandel ist regionaler als bisher angenommen - die-wetterversicherung.de\" \/>\n<meta property=\"og:description\" content=\"\ufeffKlimamodelle werden vor allem global konstruiert. Wissenschaftler der Uni Hohenheim erforschen nun den Klimawandel auf Basis regionaler Daten in Zusammenhang mit Kulturpflanzen.\" \/>\n<meta property=\"og:url\" content=\"https:\/\/die-wetterversicherung.de\/blog\/klimawandel-ist-regionaler-als-bisher-angenommen\/\" \/>\n<meta property=\"og:site_name\" content=\"die-wetterversicherung.de\" \/>\n<meta property=\"article:publisher\" content=\"https:\/\/www.facebook.com\/diewetterversicherung\" \/>\n<meta property=\"article:published_time\" content=\"2019-05-01T04:00:09+00:00\" \/>\n<meta property=\"og:image\" content=\"https:\/\/die-wetterversicherung.de\/blog\/wp-content\/uploads\/2019\/04\/klimawandel-klima-wetter-pflanzen-ackerbau-landwirtschaft.jpg\" \/>\n\t<meta property=\"og:image:width\" content=\"1920\" \/>\n\t<meta property=\"og:image:height\" content=\"1279\" \/>\n\t<meta property=\"og:image:type\" content=\"image\/jpeg\" \/>\n<meta name=\"author\" content=\"admin\" \/>\n<meta name=\"twitter:card\" content=\"summary_large_image\" \/>\n<meta name=\"twitter:label1\" content=\"Verfasst von\" \/>\n\t<meta name=\"twitter:data1\" content=\"admin\" \/>\n\t<meta name=\"twitter:label2\" content=\"Gesch\u00e4tzte Lesezeit\" \/>\n\t<meta name=\"twitter:data2\" content=\"1\u00a0Minute\" \/>\n<script type=\"application\/ld+json\" class=\"yoast-schema-graph\">{\"@context\":\"https:\/\/schema.org\",\"@graph\":[{\"@type\":\"WebPage\",\"@id\":\"https:\/\/die-wetterversicherung.de\/blog\/klimawandel-ist-regionaler-als-bisher-angenommen\/\",\"url\":\"https:\/\/die-wetterversicherung.de\/blog\/klimawandel-ist-regionaler-als-bisher-angenommen\/\",\"name\":\"Klimawandel ist regionaler als bisher angenommen - die-wetterversicherung.de\",\"isPartOf\":{\"@id\":\"https:\/\/die-wetterversicherung.de\/blog\/#website\"},\"primaryImageOfPage\":{\"@id\":\"https:\/\/die-wetterversicherung.de\/blog\/klimawandel-ist-regionaler-als-bisher-angenommen\/#primaryimage\"},\"image\":{\"@id\":\"https:\/\/die-wetterversicherung.de\/blog\/klimawandel-ist-regionaler-als-bisher-angenommen\/#primaryimage\"},\"thumbnailUrl\":\"https:\/\/die-wetterversicherung.de\/blog\/wp-content\/uploads\/2019\/04\/klimawandel-klima-wetter-pflanzen-ackerbau-landwirtschaft.jpg\",\"datePublished\":\"2019-05-01T04:00:09+00:00\",\"author\":{\"@id\":\"https:\/\/die-wetterversicherung.de\/blog\/#\/schema\/person\/ece359d1fb2756d4f371d523c75b881a\"},\"breadcrumb\":{\"@id\":\"https:\/\/die-wetterversicherung.de\/blog\/klimawandel-ist-regionaler-als-bisher-angenommen\/#breadcrumb\"},\"inLanguage\":\"de\",\"potentialAction\":[{\"@type\":\"ReadAction\",\"target\":[\"https:\/\/die-wetterversicherung.de\/blog\/klimawandel-ist-regionaler-als-bisher-angenommen\/\"]}]},{\"@type\":\"ImageObject\",\"inLanguage\":\"de\",\"@id\":\"https:\/\/die-wetterversicherung.de\/blog\/klimawandel-ist-regionaler-als-bisher-angenommen\/#primaryimage\",\"url\":\"https:\/\/die-wetterversicherung.de\/blog\/wp-content\/uploads\/2019\/04\/klimawandel-klima-wetter-pflanzen-ackerbau-landwirtschaft.jpg\",\"contentUrl\":\"https:\/\/die-wetterversicherung.de\/blog\/wp-content\/uploads\/2019\/04\/klimawandel-klima-wetter-pflanzen-ackerbau-landwirtschaft.jpg\",\"width\":1920,\"height\":1279,\"caption\":\"Foto: pixabay (Symbolbild)\"},{\"@type\":\"BreadcrumbList\",\"@id\":\"https:\/\/die-wetterversicherung.de\/blog\/klimawandel-ist-regionaler-als-bisher-angenommen\/#breadcrumb\",\"itemListElement\":[{\"@type\":\"ListItem\",\"position\":1,\"name\":\"Startseite\",\"item\":\"https:\/\/die-wetterversicherung.de\/blog\/\"},{\"@type\":\"ListItem\",\"position\":2,\"name\":\"Klimawandel ist regionaler als bisher angenommen\"}]},{\"@type\":\"WebSite\",\"@id\":\"https:\/\/die-wetterversicherung.de\/blog\/#website\",\"url\":\"https:\/\/die-wetterversicherung.de\/blog\/\",\"name\":\"die-wetterversicherung.de\",\"description\":\"Wetterversicherung-Blog\",\"potentialAction\":[{\"@type\":\"SearchAction\",\"target\":{\"@type\":\"EntryPoint\",\"urlTemplate\":\"https:\/\/die-wetterversicherung.de\/blog\/?s={search_term_string}\"},\"query-input\":{\"@type\":\"PropertyValueSpecification\",\"valueRequired\":true,\"valueName\":\"search_term_string\"}}],\"inLanguage\":\"de\"},{\"@type\":\"Person\",\"@id\":\"https:\/\/die-wetterversicherung.de\/blog\/#\/schema\/person\/ece359d1fb2756d4f371d523c75b881a\",\"name\":\"admin\",\"url\":\"https:\/\/die-wetterversicherung.de\/blog\/author\/admin\/\"}]}<\/script>\n<!-- \/ Yoast SEO plugin. -->","yoast_head_json":{"title":"Klimawandel ist regionaler als bisher angenommen - die-wetterversicherung.de","robots":{"index":"index","follow":"follow","max-snippet":"max-snippet:-1","max-image-preview":"max-image-preview:large","max-video-preview":"max-video-preview:-1"},"canonical":"https:\/\/die-wetterversicherung.de\/blog\/klimawandel-ist-regionaler-als-bisher-angenommen\/","og_locale":"de_DE","og_type":"article","og_title":"Klimawandel ist regionaler als bisher angenommen - die-wetterversicherung.de","og_description":"\ufeffKlimamodelle werden vor allem global konstruiert. Wissenschaftler der Uni Hohenheim erforschen nun den Klimawandel auf Basis regionaler Daten in Zusammenhang mit Kulturpflanzen.","og_url":"https:\/\/die-wetterversicherung.de\/blog\/klimawandel-ist-regionaler-als-bisher-angenommen\/","og_site_name":"die-wetterversicherung.de","article_publisher":"https:\/\/www.facebook.com\/diewetterversicherung","article_published_time":"2019-05-01T04:00:09+00:00","og_image":[{"width":1920,"height":1279,"url":"https:\/\/die-wetterversicherung.de\/blog\/wp-content\/uploads\/2019\/04\/klimawandel-klima-wetter-pflanzen-ackerbau-landwirtschaft.jpg","type":"image\/jpeg"}],"author":"admin","twitter_card":"summary_large_image","twitter_misc":{"Verfasst von":"admin","Gesch\u00e4tzte Lesezeit":"1\u00a0Minute"},"schema":{"@context":"https:\/\/schema.org","@graph":[{"@type":"WebPage","@id":"https:\/\/die-wetterversicherung.de\/blog\/klimawandel-ist-regionaler-als-bisher-angenommen\/","url":"https:\/\/die-wetterversicherung.de\/blog\/klimawandel-ist-regionaler-als-bisher-angenommen\/","name":"Klimawandel ist regionaler als bisher angenommen - die-wetterversicherung.de","isPartOf":{"@id":"https:\/\/die-wetterversicherung.de\/blog\/#website"},"primaryImageOfPage":{"@id":"https:\/\/die-wetterversicherung.de\/blog\/klimawandel-ist-regionaler-als-bisher-angenommen\/#primaryimage"},"image":{"@id":"https:\/\/die-wetterversicherung.de\/blog\/klimawandel-ist-regionaler-als-bisher-angenommen\/#primaryimage"},"thumbnailUrl":"https:\/\/die-wetterversicherung.de\/blog\/wp-content\/uploads\/2019\/04\/klimawandel-klima-wetter-pflanzen-ackerbau-landwirtschaft.jpg","datePublished":"2019-05-01T04:00:09+00:00","author":{"@id":"https:\/\/die-wetterversicherung.de\/blog\/#\/schema\/person\/ece359d1fb2756d4f371d523c75b881a"},"breadcrumb":{"@id":"https:\/\/die-wetterversicherung.de\/blog\/klimawandel-ist-regionaler-als-bisher-angenommen\/#breadcrumb"},"inLanguage":"de","potentialAction":[{"@type":"ReadAction","target":["https:\/\/die-wetterversicherung.de\/blog\/klimawandel-ist-regionaler-als-bisher-angenommen\/"]}]},{"@type":"ImageObject","inLanguage":"de","@id":"https:\/\/die-wetterversicherung.de\/blog\/klimawandel-ist-regionaler-als-bisher-angenommen\/#primaryimage","url":"https:\/\/die-wetterversicherung.de\/blog\/wp-content\/uploads\/2019\/04\/klimawandel-klima-wetter-pflanzen-ackerbau-landwirtschaft.jpg","contentUrl":"https:\/\/die-wetterversicherung.de\/blog\/wp-content\/uploads\/2019\/04\/klimawandel-klima-wetter-pflanzen-ackerbau-landwirtschaft.jpg","width":1920,"height":1279,"caption":"Foto: pixabay (Symbolbild)"},{"@type":"BreadcrumbList","@id":"https:\/\/die-wetterversicherung.de\/blog\/klimawandel-ist-regionaler-als-bisher-angenommen\/#breadcrumb","itemListElement":[{"@type":"ListItem","position":1,"name":"Startseite","item":"https:\/\/die-wetterversicherung.de\/blog\/"},{"@type":"ListItem","position":2,"name":"Klimawandel ist regionaler als bisher angenommen"}]},{"@type":"WebSite","@id":"https:\/\/die-wetterversicherung.de\/blog\/#website","url":"https:\/\/die-wetterversicherung.de\/blog\/","name":"die-wetterversicherung.de","description":"Wetterversicherung-Blog","potentialAction":[{"@type":"SearchAction","target":{"@type":"EntryPoint","urlTemplate":"https:\/\/die-wetterversicherung.de\/blog\/?s={search_term_string}"},"query-input":{"@type":"PropertyValueSpecification","valueRequired":true,"valueName":"search_term_string"}}],"inLanguage":"de"},{"@type":"Person","@id":"https:\/\/die-wetterversicherung.de\/blog\/#\/schema\/person\/ece359d1fb2756d4f371d523c75b881a","name":"admin","url":"https:\/\/die-wetterversicherung.de\/blog\/author\/admin\/"}]}},"_links":{"self":[{"href":"https:\/\/die-wetterversicherung.de\/blog\/wp-json\/wp\/v2\/posts\/2189","targetHints":{"allow":["GET"]}}],"collection":[{"href":"https:\/\/die-wetterversicherung.de\/blog\/wp-json\/wp\/v2\/posts"}],"about":[{"href":"https:\/\/die-wetterversicherung.de\/blog\/wp-json\/wp\/v2\/types\/post"}],"author":[{"embeddable":true,"href":"https:\/\/die-wetterversicherung.de\/blog\/wp-json\/wp\/v2\/users\/5"}],"replies":[{"embeddable":true,"href":"https:\/\/die-wetterversicherung.de\/blog\/wp-json\/wp\/v2\/comments?post=2189"}],"version-history":[{"count":2,"href":"https:\/\/die-wetterversicherung.de\/blog\/wp-json\/wp\/v2\/posts\/2189\/revisions"}],"predecessor-version":[{"id":2192,"href":"https:\/\/die-wetterversicherung.de\/blog\/wp-json\/wp\/v2\/posts\/2189\/revisions\/2192"}],"wp:featuredmedia":[{"embeddable":true,"href":"https:\/\/die-wetterversicherung.de\/blog\/wp-json\/wp\/v2\/media\/2190"}],"wp:attachment":[{"href":"https:\/\/die-wetterversicherung.de\/blog\/wp-json\/wp\/v2\/media?parent=2189"}],"wp:term":[{"taxonomy":"category","embeddable":true,"href":"https:\/\/die-wetterversicherung.de\/blog\/wp-json\/wp\/v2\/categories?post=2189"},{"taxonomy":"post_tag","embeddable":true,"href":"https:\/\/die-wetterversicherung.de\/blog\/wp-json\/wp\/v2\/tags?post=2189"}],"curies":[{"name":"wp","href":"https:\/\/api.w.org\/{rel}","templated":true}]}}