{"id":2186,"date":"2019-04-24T10:04:29","date_gmt":"2019-04-24T08:04:29","guid":{"rendered":"https:\/\/die-wetterversicherung.de\/?p=2186"},"modified":"2019-04-24T10:04:29","modified_gmt":"2019-04-24T08:04:29","slug":"bewaesserung-landwirten-droht-wegen-trockenheit-beschraenkung","status":"publish","type":"post","link":"https:\/\/die-wetterversicherung.de\/blog\/bewaesserung-landwirten-droht-wegen-trockenheit-beschraenkung\/","title":{"rendered":"Bew\u00e4sserung: Landwirten droht wegen Trockenheit Beschr\u00e4nkung"},"content":{"rendered":"<p><b>Ein nieders\u00e4chsischer Landkreis denkt \u00fcber Beschr\u00e4nkungen bei der <\/b><b>Bew\u00e4sserung<\/b><b> nach, um Trinkwasser zu sparen.<\/b><\/p>\n<div id=\"attachment_2187\" style=\"width: 300px\" class=\"wp-caption alignleft\"><a href=\"https:\/\/die-wetterversicherung.de\/wp-content\/uploads\/2019\/04\/landwirtschaft-d\u00fcrre-trockenheit-bew\u00e4sserung-verbot-beschr\u00e4nkung-brunnen-trinkwasser.jpg\"><img loading=\"lazy\" decoding=\"async\" aria-describedby=\"caption-attachment-2187\" class=\"size-medium wp-image-2187\" src=\"https:\/\/die-wetterversicherung.de\/wp-content\/uploads\/2019\/04\/landwirtschaft-d\u00fcrre-trockenheit-bew\u00e4sserung-verbot-beschr\u00e4nkung-brunnen-trinkwasser-300x225.jpg\" alt=\"bew\u00e4sserung\" width=\"300\" height=\"225\" srcset=\"https:\/\/die-wetterversicherung.de\/blog\/wp-content\/uploads\/2019\/04\/landwirtschaft-d\u00fcrre-trockenheit-bew\u00e4sserung-verbot-beschr\u00e4nkung-brunnen-trinkwasser-300x225.jpg 300w, https:\/\/die-wetterversicherung.de\/blog\/wp-content\/uploads\/2019\/04\/landwirtschaft-d\u00fcrre-trockenheit-bew\u00e4sserung-verbot-beschr\u00e4nkung-brunnen-trinkwasser-768x576.jpg 768w, https:\/\/die-wetterversicherung.de\/blog\/wp-content\/uploads\/2019\/04\/landwirtschaft-d\u00fcrre-trockenheit-bew\u00e4sserung-verbot-beschr\u00e4nkung-brunnen-trinkwasser-1024x768.jpg 1024w, https:\/\/die-wetterversicherung.de\/blog\/wp-content\/uploads\/2019\/04\/landwirtschaft-d\u00fcrre-trockenheit-bew\u00e4sserung-verbot-beschr\u00e4nkung-brunnen-trinkwasser.jpg 1920w\" sizes=\"auto, (max-width: 300px) 100vw, 300px\" \/><\/a><p id=\"caption-attachment-2187\" class=\"wp-caption-text\">Foto: pixabay (Symbolbild)<\/p><\/div>\n<p>Die <a href=\"https:\/\/die-wetterversicherung.de\/?s=d%C3%BCrre\" target=\"_blank\">Hitze<\/a> im vergangenen Sommer schw\u00e4chte die Landwirtschaft in ganz Deutschland, Milliardensch\u00e4den. Auch seit Jahresbeginn regnete es zu wenig. Was die Landwirtschaft braucht, ist stetiger Landregen \u00fcber l\u00e4ngere Zeitr\u00e4ume. Die B\u00f6den sind vielerorts noch immer ausgetrocknet. Viele Landwirte sind auf Bew\u00e4sserung angewiesen. F\u00fcr kommenden Sommer haben Meteorologen bereits eine vorsichtige Prognose f\u00fcr \u00e4hnlich hohe Temperaturen abgegeben. Das k\u00f6nnte die Landwirte noch h\u00e4rter treffen, denn im Vorjahr profitierten die B\u00f6den noch vom regenreichen Jahr 2017.<\/p>\n<p><b>Landkreis Celle pr\u00fcft Beschr\u00e4nkung der <\/b><b>Bew\u00e4sserung<\/b><\/p>\n<p>Wie die <a href=\"https:\/\/www.haz.de\/\" target=\"_blank\">\u201cHannoversche Allgemeine Zeitung\u201d (HAZ)<\/a> berichtet, denkt der nieders\u00e4chsische Landkreis Celle dar\u00fcber nach, die Beregnungen mit Wasser aus Grundwasserbrunnen zu beschr\u00e4nken. Der Grund: So soll Trinkwasser gespart werden. Gerade in der Heideregion w\u00e4re das aufgrund der sandigen B\u00f6den mit wenig Wasser ein Problem. Ein Sprecher des Kreises erkl\u00e4rte der HAZ, dass im vergangenen Jahr in einigen Gebieten die erlaubte Wassermenge bereits \u00fcberschritten worden sei. Ein stabiler Grundwasserspiegel ist aus Umweltgr\u00fcnden europarechtlich vorgeschrieben.<\/p>\n<p><b>Wasserwiederverwendung statt Beschr\u00e4nkung <\/b><\/p>\n<p>In Niedersachsen liegt etwa die H\u00e4lfte der beregneten Fl\u00e4chen Deutschlands. Klaus R\u00f6ttcher, Wasserbauexperte an der<a href=\"https:\/\/www.ostfalia.de\/\" target=\"_blank\"> Ostfalia Hochschule<\/a> in Suderburg, sagte zur HAZ, dass der Grundwasserspiegel noch nicht dramatisch zur\u00fcckgegangen sei. Auswirkungen auf die Versorgung mit Trinkwasser sieht er deshalb nicht. \u201eAber wir sind in einem Bereich, wo man genauer hinschauen muss\u201c, so R\u00f6ttcher. Anstatt zu beschr\u00e4nken, schl\u00e4gt er vor zu \u00fcberlegen, wie man Wasser sparen und wiederverwenden kann.<\/p>\n","protected":false},"excerpt":{"rendered":"<p>Ein nieders\u00e4chsischer Landkreis denkt \u00fcber Beschr\u00e4nkungen bei der Bew\u00e4sserung nach, um Trinkwasser zu sparen.<\/p><p><a class=\"more-link btn\" href=\"https:\/\/die-wetterversicherung.de\/blog\/bewaesserung-landwirten-droht-wegen-trockenheit-beschraenkung\/\">Weiterlesen<\/a><\/p>\n","protected":false},"author":5,"featured_media":2187,"comment_status":"open","ping_status":"closed","sticky":false,"template":"","format":"standard","meta":{"footnotes":""},"categories":[4,5],"tags":[280,268,285,88,286,31,142],"class_list":["post-2186","post","type-post","status-publish","format-standard","has-post-thumbnail","hentry","category-lasst-uns-ubers-wetter-reden","category-wetter-extrem","tag-bewaesserung","tag-duerre","tag-grundwasser","tag-hitze","tag-pflanzenbau","tag-sommer","tag-wasser","item-wrap"],"yoast_head":"<!-- This site is optimized with the Yoast SEO plugin v26.4 - https:\/\/yoast.com\/wordpress\/plugins\/seo\/ -->\n<title>Bew\u00e4sserung: Landwirten droht wegen Trockenheit Beschr\u00e4nkung - die-wetterversicherung.de<\/title>\n<meta name=\"robots\" content=\"index, follow, max-snippet:-1, max-image-preview:large, max-video-preview:-1\" \/>\n<link rel=\"canonical\" href=\"https:\/\/die-wetterversicherung.de\/blog\/bewaesserung-landwirten-droht-wegen-trockenheit-beschraenkung\/\" \/>\n<meta property=\"og:locale\" content=\"de_DE\" \/>\n<meta property=\"og:type\" content=\"article\" \/>\n<meta property=\"og:title\" content=\"Bew\u00e4sserung: Landwirten droht wegen Trockenheit Beschr\u00e4nkung - die-wetterversicherung.de\" \/>\n<meta property=\"og:description\" content=\"Ein nieders\u00e4chsischer Landkreis denkt \u00fcber Beschr\u00e4nkungen bei der Bew\u00e4sserung nach, um Trinkwasser zu sparen.\" \/>\n<meta property=\"og:url\" content=\"https:\/\/die-wetterversicherung.de\/blog\/bewaesserung-landwirten-droht-wegen-trockenheit-beschraenkung\/\" \/>\n<meta property=\"og:site_name\" content=\"die-wetterversicherung.de\" \/>\n<meta property=\"article:publisher\" content=\"https:\/\/www.facebook.com\/diewetterversicherung\" \/>\n<meta property=\"article:published_time\" content=\"2019-04-24T08:04:29+00:00\" \/>\n<meta property=\"og:image\" content=\"https:\/\/die-wetterversicherung.de\/blog\/wp-content\/uploads\/2019\/04\/landwirtschaft-d\u00fcrre-trockenheit-bew\u00e4sserung-verbot-beschr\u00e4nkung-brunnen-trinkwasser.jpg\" \/>\n\t<meta property=\"og:image:width\" content=\"1920\" \/>\n\t<meta property=\"og:image:height\" content=\"1440\" \/>\n\t<meta property=\"og:image:type\" content=\"image\/jpeg\" \/>\n<meta name=\"author\" content=\"admin\" \/>\n<meta name=\"twitter:card\" content=\"summary_large_image\" \/>\n<meta name=\"twitter:label1\" content=\"Verfasst von\" \/>\n\t<meta name=\"twitter:data1\" content=\"admin\" \/>\n\t<meta name=\"twitter:label2\" content=\"Gesch\u00e4tzte Lesezeit\" \/>\n\t<meta name=\"twitter:data2\" content=\"1\u00a0Minute\" \/>\n<script type=\"application\/ld+json\" class=\"yoast-schema-graph\">{\"@context\":\"https:\/\/schema.org\",\"@graph\":[{\"@type\":\"WebPage\",\"@id\":\"https:\/\/die-wetterversicherung.de\/blog\/bewaesserung-landwirten-droht-wegen-trockenheit-beschraenkung\/\",\"url\":\"https:\/\/die-wetterversicherung.de\/blog\/bewaesserung-landwirten-droht-wegen-trockenheit-beschraenkung\/\",\"name\":\"Bew\u00e4sserung: Landwirten droht wegen Trockenheit Beschr\u00e4nkung - die-wetterversicherung.de\",\"isPartOf\":{\"@id\":\"https:\/\/die-wetterversicherung.de\/blog\/#website\"},\"primaryImageOfPage\":{\"@id\":\"https:\/\/die-wetterversicherung.de\/blog\/bewaesserung-landwirten-droht-wegen-trockenheit-beschraenkung\/#primaryimage\"},\"image\":{\"@id\":\"https:\/\/die-wetterversicherung.de\/blog\/bewaesserung-landwirten-droht-wegen-trockenheit-beschraenkung\/#primaryimage\"},\"thumbnailUrl\":\"https:\/\/die-wetterversicherung.de\/blog\/wp-content\/uploads\/2019\/04\/landwirtschaft-d\u00fcrre-trockenheit-bew\u00e4sserung-verbot-beschr\u00e4nkung-brunnen-trinkwasser.jpg\",\"datePublished\":\"2019-04-24T08:04:29+00:00\",\"author\":{\"@id\":\"https:\/\/die-wetterversicherung.de\/blog\/#\/schema\/person\/ece359d1fb2756d4f371d523c75b881a\"},\"breadcrumb\":{\"@id\":\"https:\/\/die-wetterversicherung.de\/blog\/bewaesserung-landwirten-droht-wegen-trockenheit-beschraenkung\/#breadcrumb\"},\"inLanguage\":\"de\",\"potentialAction\":[{\"@type\":\"ReadAction\",\"target\":[\"https:\/\/die-wetterversicherung.de\/blog\/bewaesserung-landwirten-droht-wegen-trockenheit-beschraenkung\/\"]}]},{\"@type\":\"ImageObject\",\"inLanguage\":\"de\",\"@id\":\"https:\/\/die-wetterversicherung.de\/blog\/bewaesserung-landwirten-droht-wegen-trockenheit-beschraenkung\/#primaryimage\",\"url\":\"https:\/\/die-wetterversicherung.de\/blog\/wp-content\/uploads\/2019\/04\/landwirtschaft-d\u00fcrre-trockenheit-bew\u00e4sserung-verbot-beschr\u00e4nkung-brunnen-trinkwasser.jpg\",\"contentUrl\":\"https:\/\/die-wetterversicherung.de\/blog\/wp-content\/uploads\/2019\/04\/landwirtschaft-d\u00fcrre-trockenheit-bew\u00e4sserung-verbot-beschr\u00e4nkung-brunnen-trinkwasser.jpg\",\"width\":1920,\"height\":1440,\"caption\":\"Foto: pixabay (Symbolbild)\"},{\"@type\":\"BreadcrumbList\",\"@id\":\"https:\/\/die-wetterversicherung.de\/blog\/bewaesserung-landwirten-droht-wegen-trockenheit-beschraenkung\/#breadcrumb\",\"itemListElement\":[{\"@type\":\"ListItem\",\"position\":1,\"name\":\"Startseite\",\"item\":\"https:\/\/die-wetterversicherung.de\/blog\/\"},{\"@type\":\"ListItem\",\"position\":2,\"name\":\"Bew\u00e4sserung: Landwirten droht wegen Trockenheit Beschr\u00e4nkung\"}]},{\"@type\":\"WebSite\",\"@id\":\"https:\/\/die-wetterversicherung.de\/blog\/#website\",\"url\":\"https:\/\/die-wetterversicherung.de\/blog\/\",\"name\":\"die-wetterversicherung.de\",\"description\":\"Wetterversicherung-Blog\",\"potentialAction\":[{\"@type\":\"SearchAction\",\"target\":{\"@type\":\"EntryPoint\",\"urlTemplate\":\"https:\/\/die-wetterversicherung.de\/blog\/?s={search_term_string}\"},\"query-input\":{\"@type\":\"PropertyValueSpecification\",\"valueRequired\":true,\"valueName\":\"search_term_string\"}}],\"inLanguage\":\"de\"},{\"@type\":\"Person\",\"@id\":\"https:\/\/die-wetterversicherung.de\/blog\/#\/schema\/person\/ece359d1fb2756d4f371d523c75b881a\",\"name\":\"admin\",\"url\":\"https:\/\/die-wetterversicherung.de\/blog\/author\/admin\/\"}]}<\/script>\n<!-- \/ Yoast SEO plugin. -->","yoast_head_json":{"title":"Bew\u00e4sserung: Landwirten droht wegen Trockenheit Beschr\u00e4nkung - die-wetterversicherung.de","robots":{"index":"index","follow":"follow","max-snippet":"max-snippet:-1","max-image-preview":"max-image-preview:large","max-video-preview":"max-video-preview:-1"},"canonical":"https:\/\/die-wetterversicherung.de\/blog\/bewaesserung-landwirten-droht-wegen-trockenheit-beschraenkung\/","og_locale":"de_DE","og_type":"article","og_title":"Bew\u00e4sserung: Landwirten droht wegen Trockenheit Beschr\u00e4nkung - die-wetterversicherung.de","og_description":"Ein nieders\u00e4chsischer Landkreis denkt \u00fcber Beschr\u00e4nkungen bei der Bew\u00e4sserung nach, um Trinkwasser zu sparen.","og_url":"https:\/\/die-wetterversicherung.de\/blog\/bewaesserung-landwirten-droht-wegen-trockenheit-beschraenkung\/","og_site_name":"die-wetterversicherung.de","article_publisher":"https:\/\/www.facebook.com\/diewetterversicherung","article_published_time":"2019-04-24T08:04:29+00:00","og_image":[{"width":1920,"height":1440,"url":"https:\/\/die-wetterversicherung.de\/blog\/wp-content\/uploads\/2019\/04\/landwirtschaft-d\u00fcrre-trockenheit-bew\u00e4sserung-verbot-beschr\u00e4nkung-brunnen-trinkwasser.jpg","type":"image\/jpeg"}],"author":"admin","twitter_card":"summary_large_image","twitter_misc":{"Verfasst von":"admin","Gesch\u00e4tzte Lesezeit":"1\u00a0Minute"},"schema":{"@context":"https:\/\/schema.org","@graph":[{"@type":"WebPage","@id":"https:\/\/die-wetterversicherung.de\/blog\/bewaesserung-landwirten-droht-wegen-trockenheit-beschraenkung\/","url":"https:\/\/die-wetterversicherung.de\/blog\/bewaesserung-landwirten-droht-wegen-trockenheit-beschraenkung\/","name":"Bew\u00e4sserung: Landwirten droht wegen Trockenheit Beschr\u00e4nkung - die-wetterversicherung.de","isPartOf":{"@id":"https:\/\/die-wetterversicherung.de\/blog\/#website"},"primaryImageOfPage":{"@id":"https:\/\/die-wetterversicherung.de\/blog\/bewaesserung-landwirten-droht-wegen-trockenheit-beschraenkung\/#primaryimage"},"image":{"@id":"https:\/\/die-wetterversicherung.de\/blog\/bewaesserung-landwirten-droht-wegen-trockenheit-beschraenkung\/#primaryimage"},"thumbnailUrl":"https:\/\/die-wetterversicherung.de\/blog\/wp-content\/uploads\/2019\/04\/landwirtschaft-d\u00fcrre-trockenheit-bew\u00e4sserung-verbot-beschr\u00e4nkung-brunnen-trinkwasser.jpg","datePublished":"2019-04-24T08:04:29+00:00","author":{"@id":"https:\/\/die-wetterversicherung.de\/blog\/#\/schema\/person\/ece359d1fb2756d4f371d523c75b881a"},"breadcrumb":{"@id":"https:\/\/die-wetterversicherung.de\/blog\/bewaesserung-landwirten-droht-wegen-trockenheit-beschraenkung\/#breadcrumb"},"inLanguage":"de","potentialAction":[{"@type":"ReadAction","target":["https:\/\/die-wetterversicherung.de\/blog\/bewaesserung-landwirten-droht-wegen-trockenheit-beschraenkung\/"]}]},{"@type":"ImageObject","inLanguage":"de","@id":"https:\/\/die-wetterversicherung.de\/blog\/bewaesserung-landwirten-droht-wegen-trockenheit-beschraenkung\/#primaryimage","url":"https:\/\/die-wetterversicherung.de\/blog\/wp-content\/uploads\/2019\/04\/landwirtschaft-d\u00fcrre-trockenheit-bew\u00e4sserung-verbot-beschr\u00e4nkung-brunnen-trinkwasser.jpg","contentUrl":"https:\/\/die-wetterversicherung.de\/blog\/wp-content\/uploads\/2019\/04\/landwirtschaft-d\u00fcrre-trockenheit-bew\u00e4sserung-verbot-beschr\u00e4nkung-brunnen-trinkwasser.jpg","width":1920,"height":1440,"caption":"Foto: pixabay (Symbolbild)"},{"@type":"BreadcrumbList","@id":"https:\/\/die-wetterversicherung.de\/blog\/bewaesserung-landwirten-droht-wegen-trockenheit-beschraenkung\/#breadcrumb","itemListElement":[{"@type":"ListItem","position":1,"name":"Startseite","item":"https:\/\/die-wetterversicherung.de\/blog\/"},{"@type":"ListItem","position":2,"name":"Bew\u00e4sserung: Landwirten droht wegen Trockenheit Beschr\u00e4nkung"}]},{"@type":"WebSite","@id":"https:\/\/die-wetterversicherung.de\/blog\/#website","url":"https:\/\/die-wetterversicherung.de\/blog\/","name":"die-wetterversicherung.de","description":"Wetterversicherung-Blog","potentialAction":[{"@type":"SearchAction","target":{"@type":"EntryPoint","urlTemplate":"https:\/\/die-wetterversicherung.de\/blog\/?s={search_term_string}"},"query-input":{"@type":"PropertyValueSpecification","valueRequired":true,"valueName":"search_term_string"}}],"inLanguage":"de"},{"@type":"Person","@id":"https:\/\/die-wetterversicherung.de\/blog\/#\/schema\/person\/ece359d1fb2756d4f371d523c75b881a","name":"admin","url":"https:\/\/die-wetterversicherung.de\/blog\/author\/admin\/"}]}},"_links":{"self":[{"href":"https:\/\/die-wetterversicherung.de\/blog\/wp-json\/wp\/v2\/posts\/2186","targetHints":{"allow":["GET"]}}],"collection":[{"href":"https:\/\/die-wetterversicherung.de\/blog\/wp-json\/wp\/v2\/posts"}],"about":[{"href":"https:\/\/die-wetterversicherung.de\/blog\/wp-json\/wp\/v2\/types\/post"}],"author":[{"embeddable":true,"href":"https:\/\/die-wetterversicherung.de\/blog\/wp-json\/wp\/v2\/users\/5"}],"replies":[{"embeddable":true,"href":"https:\/\/die-wetterversicherung.de\/blog\/wp-json\/wp\/v2\/comments?post=2186"}],"version-history":[{"count":1,"href":"https:\/\/die-wetterversicherung.de\/blog\/wp-json\/wp\/v2\/posts\/2186\/revisions"}],"predecessor-version":[{"id":2188,"href":"https:\/\/die-wetterversicherung.de\/blog\/wp-json\/wp\/v2\/posts\/2186\/revisions\/2188"}],"wp:featuredmedia":[{"embeddable":true,"href":"https:\/\/die-wetterversicherung.de\/blog\/wp-json\/wp\/v2\/media\/2187"}],"wp:attachment":[{"href":"https:\/\/die-wetterversicherung.de\/blog\/wp-json\/wp\/v2\/media?parent=2186"}],"wp:term":[{"taxonomy":"category","embeddable":true,"href":"https:\/\/die-wetterversicherung.de\/blog\/wp-json\/wp\/v2\/categories?post=2186"},{"taxonomy":"post_tag","embeddable":true,"href":"https:\/\/die-wetterversicherung.de\/blog\/wp-json\/wp\/v2\/tags?post=2186"}],"curies":[{"name":"wp","href":"https:\/\/api.w.org\/{rel}","templated":true}]}}