{"id":2181,"date":"2019-04-17T06:00:57","date_gmt":"2019-04-17T04:00:57","guid":{"rendered":"https:\/\/die-wetterversicherung.de\/?p=2181"},"modified":"2019-04-13T11:42:20","modified_gmt":"2019-04-13T09:42:20","slug":"regenwald-haelt-nicht-mit-tempo-des-klimawandels-mit","status":"publish","type":"post","link":"https:\/\/die-wetterversicherung.de\/blog\/regenwald-haelt-nicht-mit-tempo-des-klimawandels-mit\/","title":{"rendered":"Regenwald h\u00e4lt nicht mit Tempo des Klimawandels mit"},"content":{"rendered":"<p><b>Regionen des <\/b><b>Amazonas<\/b><b>&#8211;<\/b><b>Regenwaldes<\/b><b>, in denen Regenmengen st\u00e4rker schwanken, sind widerstandsf\u00e4higer. Doch das kann sich langfristig \u00e4ndern.<\/b><\/p>\n<div id=\"attachment_2182\" style=\"width: 300px\" class=\"wp-caption alignleft\"><a href=\"https:\/\/die-wetterversicherung.de\/wp-content\/uploads\/2019\/04\/regenwald-klimawandel-abholzung-klima-brasilien-urwald-soja-sojaanbau-umwelt-umweltschutz-eiszeit-geschichte.jpg\"><img loading=\"lazy\" decoding=\"async\" aria-describedby=\"caption-attachment-2182\" class=\"size-medium wp-image-2182\" src=\"https:\/\/die-wetterversicherung.de\/wp-content\/uploads\/2019\/04\/regenwald-klimawandel-abholzung-klima-brasilien-urwald-soja-sojaanbau-umwelt-umweltschutz-eiszeit-geschichte-300x169.jpg\" alt=\"regenwald\" width=\"300\" height=\"169\" srcset=\"https:\/\/die-wetterversicherung.de\/blog\/wp-content\/uploads\/2019\/04\/regenwald-klimawandel-abholzung-klima-brasilien-urwald-soja-sojaanbau-umwelt-umweltschutz-eiszeit-geschichte-300x169.jpg 300w, https:\/\/die-wetterversicherung.de\/blog\/wp-content\/uploads\/2019\/04\/regenwald-klimawandel-abholzung-klima-brasilien-urwald-soja-sojaanbau-umwelt-umweltschutz-eiszeit-geschichte-768x432.jpg 768w, https:\/\/die-wetterversicherung.de\/blog\/wp-content\/uploads\/2019\/04\/regenwald-klimawandel-abholzung-klima-brasilien-urwald-soja-sojaanbau-umwelt-umweltschutz-eiszeit-geschichte-1024x576.jpg 1024w, https:\/\/die-wetterversicherung.de\/blog\/wp-content\/uploads\/2019\/04\/regenwald-klimawandel-abholzung-klima-brasilien-urwald-soja-sojaanbau-umwelt-umweltschutz-eiszeit-geschichte.jpg 1920w\" sizes=\"auto, (max-width: 300px) 100vw, 300px\" \/><\/a><p id=\"caption-attachment-2182\" class=\"wp-caption-text\">Foto: Rosina Kaiser\/pixabay.com<\/p><\/div>\n<p>Der Amazonas-Regenwald hat sich \u00fcber Millionen von Jahren entwickelt und sogar Eiszeiten \u00fcberlebt. Heute droht diesem riesigen \u00d6kosystem durch menschliche Einfl\u00fcsse und durch den weltweiten Klimawandel ein gro\u00dffl\u00e4chiges Absterben. Das hat wiederum weitreichende Einfl\u00fcsse auf den Klimawandel.<\/p>\n<p><b>Regenwald<\/b><b> wird empfindlicher<\/b><\/p>\n<p>Eine Studie des <a href=\"https:\/\/www.pik-potsdam.de\/pik-startseite\" target=\"_blank\">Potsdam-Instituts f\u00fcr Klimafolgenforschung (PIK)<\/a> zeigt jetzt, dass die Teile des Regenwaldes, in denen die Regenmengen st\u00e4rker schwanken, widerstandsf\u00e4higer gegen heutige und zuk\u00fcnftige Klimast\u00f6rungen sind. Doch der <a href=\"https:\/\/die-wetterversicherung.de\/?s=klimawandel\" target=\"_blank\">Klimawandel<\/a> schreitet immer schneller voran. Trotz des \u201cTrainingseffekts\u201d werde der Regenwald wohl nicht mit dem Tempo des fortschreitenden Klimawandels Schritt halten k\u00f6nnen, erkl\u00e4ren die Forscher in der Fachzeitschrift <a href=\"https:\/\/www.nature.com\/ngeo\/\" target=\"_blank\">\u201cNature Geoscience\u201d<\/a>.<\/p>\n<p><b>Region am Amazonas wichtig f\u00fcr <\/b><b>CO<\/b><b>2<\/b><b>-Senkung<\/b><\/p>\n<p>&#8222;Angesichts der enormen Bedeutung des Amazonas-Regenwaldes f\u00fcr unser Klima und die Artenvielfalt ist es erstaunlich, wie wenig wir immer noch \u00fcber seine F\u00e4higkeit wissen&#8220;, sagt Leitautorin Catrin Ciemer. Mit der fortschreitenden Erderw\u00e4rmung wird es im Amazonasbecken wahrscheinlich vermehrt D\u00fcrren geben, die die Baumsterblichkeit und das Brandrisiko erh\u00f6hen k\u00f6nnten. Die Forscher haben einen Mechanismus entdeckt, der die Widerstandsf\u00e4higkeit des \u00d6kosystems mit bestimmt.<\/p>\n<p><b>Brasiliens<\/b><b> Forstpolitik tut ihr \u00fcbriges<\/b><\/p>\n<p>Nat\u00fcrlich ist der Klimawandel nicht der einzige gro\u00dfe Stressfaktor f\u00fcr den Amazonas-Regenwald. &#8222;Der Mensch mischt sich noch viel direkter ein&#8220;, sagt Niklas Boers, Koautor der Studie. Gro\u00dffl\u00e4chige Rodungen, vor allem zur Umwandlung der Naturlandschaft in Weideland f\u00fcr Rinder zur Fleischerzeugung, stellt bereits heute eine ernsthafte Bedrohung f\u00fcr den Regenwald dar.\u201d Auch wenn einige Regionen im Amazonasgebiet aufgrund des \u201cTrainingseffekts\u201d besser auf den Klimawandel vorbereitet sind als andere, k\u00f6nne die aktuelle Forstpolitik Brasiliens die Frage der Widerstandsf\u00e4higkeit des Regenwaldes bedeutungslos machen, so der Wissenschaftler.<\/p>\n<p>Der Amazonas-Regenwald bedeckt etwa zwei Drittel S\u00fcdamerikas und ist der gr\u00f6\u00dfte zusammenh\u00e4ngende Regenwald der Erde &#8211; mit einer beispiellosen Vielfalt an Pflanzen und Tieren. Riesige Mengen an Kohlenstoff werden in der Biomasse des Waldes gespeichert. Das macht den den Regenwald am zweitgr\u00f6\u00dften Fluss der Erde zur wichtigsten CO2-Senke.<\/p>\n","protected":false},"excerpt":{"rendered":"<p>Regionen des Amazonas-Regenwaldes, in denen Regenmengen st\u00e4rker schwanken, sind widerstandsf\u00e4higer. Doch das kann sich langfristig \u00e4ndern.<\/p><p><a class=\"more-link btn\" href=\"https:\/\/die-wetterversicherung.de\/blog\/regenwald-haelt-nicht-mit-tempo-des-klimawandels-mit\/\">Weiterlesen<\/a><\/p>\n","protected":false},"author":5,"featured_media":2182,"comment_status":"open","ping_status":"closed","sticky":false,"template":"","format":"standard","meta":{"footnotes":""},"categories":[4,5],"tags":[172,83,84,233,251],"class_list":["post-2181","post","type-post","status-publish","format-standard","has-post-thumbnail","hentry","category-lasst-uns-ubers-wetter-reden","category-wetter-extrem","tag-co2","tag-klima","tag-klimawandel","tag-regenwald","tag-umweltschutz","item-wrap"],"yoast_head":"<!-- This site is optimized with the Yoast SEO plugin v26.4 - https:\/\/yoast.com\/wordpress\/plugins\/seo\/ -->\n<title>Regenwald h\u00e4lt nicht mit Tempo des Klimawandels mit - die-wetterversicherung.de<\/title>\n<meta name=\"robots\" content=\"index, follow, max-snippet:-1, max-image-preview:large, max-video-preview:-1\" \/>\n<link rel=\"canonical\" href=\"https:\/\/die-wetterversicherung.de\/blog\/regenwald-haelt-nicht-mit-tempo-des-klimawandels-mit\/\" \/>\n<meta property=\"og:locale\" content=\"de_DE\" \/>\n<meta property=\"og:type\" content=\"article\" \/>\n<meta property=\"og:title\" content=\"Regenwald h\u00e4lt nicht mit Tempo des Klimawandels mit - die-wetterversicherung.de\" \/>\n<meta property=\"og:description\" content=\"Regionen des Amazonas-Regenwaldes, in denen Regenmengen st\u00e4rker schwanken, sind widerstandsf\u00e4higer. Doch das kann sich langfristig \u00e4ndern.\" \/>\n<meta property=\"og:url\" content=\"https:\/\/die-wetterversicherung.de\/blog\/regenwald-haelt-nicht-mit-tempo-des-klimawandels-mit\/\" \/>\n<meta property=\"og:site_name\" content=\"die-wetterversicherung.de\" \/>\n<meta property=\"article:publisher\" content=\"https:\/\/www.facebook.com\/diewetterversicherung\" \/>\n<meta property=\"article:published_time\" content=\"2019-04-17T04:00:57+00:00\" \/>\n<meta property=\"og:image\" content=\"https:\/\/die-wetterversicherung.de\/blog\/wp-content\/uploads\/2019\/04\/regenwald-klimawandel-abholzung-klima-brasilien-urwald-soja-sojaanbau-umwelt-umweltschutz-eiszeit-geschichte.jpg\" \/>\n\t<meta property=\"og:image:width\" content=\"1920\" \/>\n\t<meta property=\"og:image:height\" content=\"1080\" \/>\n\t<meta property=\"og:image:type\" content=\"image\/jpeg\" \/>\n<meta name=\"author\" content=\"admin\" \/>\n<meta name=\"twitter:card\" content=\"summary_large_image\" \/>\n<meta name=\"twitter:label1\" content=\"Verfasst von\" \/>\n\t<meta name=\"twitter:data1\" content=\"admin\" \/>\n\t<meta name=\"twitter:label2\" content=\"Gesch\u00e4tzte Lesezeit\" \/>\n\t<meta name=\"twitter:data2\" content=\"2\u00a0Minuten\" \/>\n<script type=\"application\/ld+json\" class=\"yoast-schema-graph\">{\"@context\":\"https:\/\/schema.org\",\"@graph\":[{\"@type\":\"WebPage\",\"@id\":\"https:\/\/die-wetterversicherung.de\/blog\/regenwald-haelt-nicht-mit-tempo-des-klimawandels-mit\/\",\"url\":\"https:\/\/die-wetterversicherung.de\/blog\/regenwald-haelt-nicht-mit-tempo-des-klimawandels-mit\/\",\"name\":\"Regenwald h\u00e4lt nicht mit Tempo des Klimawandels mit - die-wetterversicherung.de\",\"isPartOf\":{\"@id\":\"https:\/\/die-wetterversicherung.de\/blog\/#website\"},\"primaryImageOfPage\":{\"@id\":\"https:\/\/die-wetterversicherung.de\/blog\/regenwald-haelt-nicht-mit-tempo-des-klimawandels-mit\/#primaryimage\"},\"image\":{\"@id\":\"https:\/\/die-wetterversicherung.de\/blog\/regenwald-haelt-nicht-mit-tempo-des-klimawandels-mit\/#primaryimage\"},\"thumbnailUrl\":\"https:\/\/die-wetterversicherung.de\/blog\/wp-content\/uploads\/2019\/04\/regenwald-klimawandel-abholzung-klima-brasilien-urwald-soja-sojaanbau-umwelt-umweltschutz-eiszeit-geschichte.jpg\",\"datePublished\":\"2019-04-17T04:00:57+00:00\",\"author\":{\"@id\":\"https:\/\/die-wetterversicherung.de\/blog\/#\/schema\/person\/ece359d1fb2756d4f371d523c75b881a\"},\"breadcrumb\":{\"@id\":\"https:\/\/die-wetterversicherung.de\/blog\/regenwald-haelt-nicht-mit-tempo-des-klimawandels-mit\/#breadcrumb\"},\"inLanguage\":\"de\",\"potentialAction\":[{\"@type\":\"ReadAction\",\"target\":[\"https:\/\/die-wetterversicherung.de\/blog\/regenwald-haelt-nicht-mit-tempo-des-klimawandels-mit\/\"]}]},{\"@type\":\"ImageObject\",\"inLanguage\":\"de\",\"@id\":\"https:\/\/die-wetterversicherung.de\/blog\/regenwald-haelt-nicht-mit-tempo-des-klimawandels-mit\/#primaryimage\",\"url\":\"https:\/\/die-wetterversicherung.de\/blog\/wp-content\/uploads\/2019\/04\/regenwald-klimawandel-abholzung-klima-brasilien-urwald-soja-sojaanbau-umwelt-umweltschutz-eiszeit-geschichte.jpg\",\"contentUrl\":\"https:\/\/die-wetterversicherung.de\/blog\/wp-content\/uploads\/2019\/04\/regenwald-klimawandel-abholzung-klima-brasilien-urwald-soja-sojaanbau-umwelt-umweltschutz-eiszeit-geschichte.jpg\",\"width\":1920,\"height\":1080,\"caption\":\"Foto: Rosina Kaiser\/pixabay.com\"},{\"@type\":\"BreadcrumbList\",\"@id\":\"https:\/\/die-wetterversicherung.de\/blog\/regenwald-haelt-nicht-mit-tempo-des-klimawandels-mit\/#breadcrumb\",\"itemListElement\":[{\"@type\":\"ListItem\",\"position\":1,\"name\":\"Startseite\",\"item\":\"https:\/\/die-wetterversicherung.de\/blog\/\"},{\"@type\":\"ListItem\",\"position\":2,\"name\":\"Regenwald h\u00e4lt nicht mit Tempo des Klimawandels mit\"}]},{\"@type\":\"WebSite\",\"@id\":\"https:\/\/die-wetterversicherung.de\/blog\/#website\",\"url\":\"https:\/\/die-wetterversicherung.de\/blog\/\",\"name\":\"die-wetterversicherung.de\",\"description\":\"Wetterversicherung-Blog\",\"potentialAction\":[{\"@type\":\"SearchAction\",\"target\":{\"@type\":\"EntryPoint\",\"urlTemplate\":\"https:\/\/die-wetterversicherung.de\/blog\/?s={search_term_string}\"},\"query-input\":{\"@type\":\"PropertyValueSpecification\",\"valueRequired\":true,\"valueName\":\"search_term_string\"}}],\"inLanguage\":\"de\"},{\"@type\":\"Person\",\"@id\":\"https:\/\/die-wetterversicherung.de\/blog\/#\/schema\/person\/ece359d1fb2756d4f371d523c75b881a\",\"name\":\"admin\",\"url\":\"https:\/\/die-wetterversicherung.de\/blog\/author\/admin\/\"}]}<\/script>\n<!-- \/ Yoast SEO plugin. -->","yoast_head_json":{"title":"Regenwald h\u00e4lt nicht mit Tempo des Klimawandels mit - die-wetterversicherung.de","robots":{"index":"index","follow":"follow","max-snippet":"max-snippet:-1","max-image-preview":"max-image-preview:large","max-video-preview":"max-video-preview:-1"},"canonical":"https:\/\/die-wetterversicherung.de\/blog\/regenwald-haelt-nicht-mit-tempo-des-klimawandels-mit\/","og_locale":"de_DE","og_type":"article","og_title":"Regenwald h\u00e4lt nicht mit Tempo des Klimawandels mit - die-wetterversicherung.de","og_description":"Regionen des Amazonas-Regenwaldes, in denen Regenmengen st\u00e4rker schwanken, sind widerstandsf\u00e4higer. Doch das kann sich langfristig \u00e4ndern.","og_url":"https:\/\/die-wetterversicherung.de\/blog\/regenwald-haelt-nicht-mit-tempo-des-klimawandels-mit\/","og_site_name":"die-wetterversicherung.de","article_publisher":"https:\/\/www.facebook.com\/diewetterversicherung","article_published_time":"2019-04-17T04:00:57+00:00","og_image":[{"width":1920,"height":1080,"url":"https:\/\/die-wetterversicherung.de\/blog\/wp-content\/uploads\/2019\/04\/regenwald-klimawandel-abholzung-klima-brasilien-urwald-soja-sojaanbau-umwelt-umweltschutz-eiszeit-geschichte.jpg","type":"image\/jpeg"}],"author":"admin","twitter_card":"summary_large_image","twitter_misc":{"Verfasst von":"admin","Gesch\u00e4tzte Lesezeit":"2\u00a0Minuten"},"schema":{"@context":"https:\/\/schema.org","@graph":[{"@type":"WebPage","@id":"https:\/\/die-wetterversicherung.de\/blog\/regenwald-haelt-nicht-mit-tempo-des-klimawandels-mit\/","url":"https:\/\/die-wetterversicherung.de\/blog\/regenwald-haelt-nicht-mit-tempo-des-klimawandels-mit\/","name":"Regenwald h\u00e4lt nicht mit Tempo des Klimawandels mit - die-wetterversicherung.de","isPartOf":{"@id":"https:\/\/die-wetterversicherung.de\/blog\/#website"},"primaryImageOfPage":{"@id":"https:\/\/die-wetterversicherung.de\/blog\/regenwald-haelt-nicht-mit-tempo-des-klimawandels-mit\/#primaryimage"},"image":{"@id":"https:\/\/die-wetterversicherung.de\/blog\/regenwald-haelt-nicht-mit-tempo-des-klimawandels-mit\/#primaryimage"},"thumbnailUrl":"https:\/\/die-wetterversicherung.de\/blog\/wp-content\/uploads\/2019\/04\/regenwald-klimawandel-abholzung-klima-brasilien-urwald-soja-sojaanbau-umwelt-umweltschutz-eiszeit-geschichte.jpg","datePublished":"2019-04-17T04:00:57+00:00","author":{"@id":"https:\/\/die-wetterversicherung.de\/blog\/#\/schema\/person\/ece359d1fb2756d4f371d523c75b881a"},"breadcrumb":{"@id":"https:\/\/die-wetterversicherung.de\/blog\/regenwald-haelt-nicht-mit-tempo-des-klimawandels-mit\/#breadcrumb"},"inLanguage":"de","potentialAction":[{"@type":"ReadAction","target":["https:\/\/die-wetterversicherung.de\/blog\/regenwald-haelt-nicht-mit-tempo-des-klimawandels-mit\/"]}]},{"@type":"ImageObject","inLanguage":"de","@id":"https:\/\/die-wetterversicherung.de\/blog\/regenwald-haelt-nicht-mit-tempo-des-klimawandels-mit\/#primaryimage","url":"https:\/\/die-wetterversicherung.de\/blog\/wp-content\/uploads\/2019\/04\/regenwald-klimawandel-abholzung-klima-brasilien-urwald-soja-sojaanbau-umwelt-umweltschutz-eiszeit-geschichte.jpg","contentUrl":"https:\/\/die-wetterversicherung.de\/blog\/wp-content\/uploads\/2019\/04\/regenwald-klimawandel-abholzung-klima-brasilien-urwald-soja-sojaanbau-umwelt-umweltschutz-eiszeit-geschichte.jpg","width":1920,"height":1080,"caption":"Foto: Rosina Kaiser\/pixabay.com"},{"@type":"BreadcrumbList","@id":"https:\/\/die-wetterversicherung.de\/blog\/regenwald-haelt-nicht-mit-tempo-des-klimawandels-mit\/#breadcrumb","itemListElement":[{"@type":"ListItem","position":1,"name":"Startseite","item":"https:\/\/die-wetterversicherung.de\/blog\/"},{"@type":"ListItem","position":2,"name":"Regenwald h\u00e4lt nicht mit Tempo des Klimawandels mit"}]},{"@type":"WebSite","@id":"https:\/\/die-wetterversicherung.de\/blog\/#website","url":"https:\/\/die-wetterversicherung.de\/blog\/","name":"die-wetterversicherung.de","description":"Wetterversicherung-Blog","potentialAction":[{"@type":"SearchAction","target":{"@type":"EntryPoint","urlTemplate":"https:\/\/die-wetterversicherung.de\/blog\/?s={search_term_string}"},"query-input":{"@type":"PropertyValueSpecification","valueRequired":true,"valueName":"search_term_string"}}],"inLanguage":"de"},{"@type":"Person","@id":"https:\/\/die-wetterversicherung.de\/blog\/#\/schema\/person\/ece359d1fb2756d4f371d523c75b881a","name":"admin","url":"https:\/\/die-wetterversicherung.de\/blog\/author\/admin\/"}]}},"_links":{"self":[{"href":"https:\/\/die-wetterversicherung.de\/blog\/wp-json\/wp\/v2\/posts\/2181","targetHints":{"allow":["GET"]}}],"collection":[{"href":"https:\/\/die-wetterversicherung.de\/blog\/wp-json\/wp\/v2\/posts"}],"about":[{"href":"https:\/\/die-wetterversicherung.de\/blog\/wp-json\/wp\/v2\/types\/post"}],"author":[{"embeddable":true,"href":"https:\/\/die-wetterversicherung.de\/blog\/wp-json\/wp\/v2\/users\/5"}],"replies":[{"embeddable":true,"href":"https:\/\/die-wetterversicherung.de\/blog\/wp-json\/wp\/v2\/comments?post=2181"}],"version-history":[{"count":2,"href":"https:\/\/die-wetterversicherung.de\/blog\/wp-json\/wp\/v2\/posts\/2181\/revisions"}],"predecessor-version":[{"id":2184,"href":"https:\/\/die-wetterversicherung.de\/blog\/wp-json\/wp\/v2\/posts\/2181\/revisions\/2184"}],"wp:featuredmedia":[{"embeddable":true,"href":"https:\/\/die-wetterversicherung.de\/blog\/wp-json\/wp\/v2\/media\/2182"}],"wp:attachment":[{"href":"https:\/\/die-wetterversicherung.de\/blog\/wp-json\/wp\/v2\/media?parent=2181"}],"wp:term":[{"taxonomy":"category","embeddable":true,"href":"https:\/\/die-wetterversicherung.de\/blog\/wp-json\/wp\/v2\/categories?post=2181"},{"taxonomy":"post_tag","embeddable":true,"href":"https:\/\/die-wetterversicherung.de\/blog\/wp-json\/wp\/v2\/tags?post=2181"}],"curies":[{"name":"wp","href":"https:\/\/api.w.org\/{rel}","templated":true}]}}