{"id":1907,"date":"2018-02-21T11:38:40","date_gmt":"2018-02-21T10:38:40","guid":{"rendered":"https:\/\/die-wetterversicherung.de\/?p=1907"},"modified":"2018-02-21T11:38:40","modified_gmt":"2018-02-21T10:38:40","slug":"extremwetter-umfrage-unter-landwirten-zu-schaeden","status":"publish","type":"post","link":"https:\/\/die-wetterversicherung.de\/blog\/extremwetter-umfrage-unter-landwirten-zu-schaeden\/","title":{"rendered":"Extremwetter: Umfrage unter Landwirten zu Sch\u00e4den"},"content":{"rendered":"<p><b>Mithilfe von betroffenen Betrieben entwickelt das Julius-K\u00fchn-Institut ein Monitoring zu Extremwettersch\u00e4den.<\/b><\/p>\n<p><img loading=\"lazy\" decoding=\"async\" class=\"alignleft size-medium wp-image-1908\" src=\"https:\/\/die-wetterversicherung.de\/wp-content\/uploads\/2018\/02\/sachversicherung-geb\u00e4udeversicherung-sturmsch\u00e4den-300x200.jpg\" alt=\"Extremwetter\" width=\"300\" height=\"200\" srcset=\"https:\/\/die-wetterversicherung.de\/blog\/wp-content\/uploads\/2018\/02\/sachversicherung-geb\u00e4udeversicherung-sturmsch\u00e4den-300x200.jpg 300w, https:\/\/die-wetterversicherung.de\/blog\/wp-content\/uploads\/2018\/02\/sachversicherung-geb\u00e4udeversicherung-sturmsch\u00e4den-768x513.jpg 768w, https:\/\/die-wetterversicherung.de\/blog\/wp-content\/uploads\/2018\/02\/sachversicherung-geb\u00e4udeversicherung-sturmsch\u00e4den-1024x683.jpg 1024w, https:\/\/die-wetterversicherung.de\/blog\/wp-content\/uploads\/2018\/02\/sachversicherung-geb\u00e4udeversicherung-sturmsch\u00e4den.jpg 1500w\" sizes=\"auto, (max-width: 300px) 100vw, 300px\" \/>Das Julius K\u00fchn-Institut (JKI) baut zusammen mit sechs Partnern ein Monitoring zum Erfassen von Extremwettersch\u00e4den, wie Hagel- oder Sturmsch\u00e4den, auf. Landwirte werden gebeten, an einer <a href=\"https:\/\/www.soscisurvey.de\/emra\/\" target=\"_blank\">Umfrage zu Sch\u00e4den teilzunehmen<\/a>. Ziel ist es, Betriebe k\u00fcnftig besser beraten zu k\u00f6nnen, womit in ihrer <a href=\"https:\/\/www.gruuna.com\/de\/wetter\">Region<\/a> tats\u00e4chlich zu rechnen ist und was man vorbeugend tun kann. Angesprochen sind Produzenten s\u00e4mtlicher land-, obst- und gartenbaulicher Freilandkulturen in ganz Deutschland. Neben einer f\u00fcr<a href=\"http:\/\/www.gvf.de\/\" target=\"_blank\"> landwirtschaftliche Betriebe zugeschnittenen Versicherung<\/a>, einer Sachversicherung oder Geb\u00e4udeversicherung spielt das <a href=\"https:\/\/die-wetterversicherung.de\/rukwied-klimawandel-erfordert-mehr-risikoabsicherung\/\" target=\"_blank\">Risikomanagment<\/a> eine gro\u00dfe Rolle.<\/p>\n<p><b>Werkzeuge f\u00fcr Landwirte und Berater<\/b><\/p>\n<p>Das EMRA genannte System soll letztlich eine Sammlung von Werkzeugen werden, welches Landwirte und Berater beim Management von Extremwetterereignissen unterst\u00fctzt. Zentraler Baustein ist die Sammlung von Meldungen \u00fcber bereits aufgetretene Sch\u00e4den durch Wetterextreme in Deutschland.<\/p>\n<p>Das Ausf\u00fcllen dauert ungef\u00e4hr 5 bis 10 Minuten. Alle Daten werden in anonymisierter Form erfasst und ausgewertet. Die Ergebnisse der Umfrage werden nach Abschluss auf dem EMRA-Webportal<a href=\"http:\/\/emra.julius-kuehn.de\/\" target=\"_blank\"> http:\/\/emra.julius-kuehn.de<\/a> ver\u00f6ffentlicht. Dort sind ab M\u00e4rz 2018 auch weitere Hintergrundinformationen zum Projekt verf\u00fcgbar.<\/p>\n<p>An der Umfrage kann <a href=\"https:\/\/www.soscisurvey.de\/emra\/\" target=\"_blank\">hier<\/a> teilgenommen werden.<\/p>\n","protected":false},"excerpt":{"rendered":"<p>Mithilfe von betroffenen Betrieben entwickelt das Julius-K\u00fchn-Institut ein Monitoring zu Extremwettersch\u00e4den.<\/p><p><a class=\"more-link btn\" href=\"https:\/\/die-wetterversicherung.de\/blog\/extremwetter-umfrage-unter-landwirten-zu-schaeden\/\">Weiterlesen<\/a><\/p>\n","protected":false},"author":5,"featured_media":1908,"comment_status":"open","ping_status":"closed","sticky":false,"template":"","format":"standard","meta":{"footnotes":""},"categories":[4],"tags":[160,185,167,80],"class_list":["post-1907","post","type-post","status-publish","format-standard","has-post-thumbnail","hentry","category-lasst-uns-ubers-wetter-reden","tag-extremwetter","tag-schaeden","tag-schadensregulierung","tag-unwetter","item-wrap"],"yoast_head":"<!-- This site is optimized with the Yoast SEO plugin v26.4 - https:\/\/yoast.com\/wordpress\/plugins\/seo\/ -->\n<title>Extremwetter: Umfrage unter Landwirten zu Sch\u00e4den - die-wetterversicherung.de<\/title>\n<meta name=\"robots\" content=\"index, follow, max-snippet:-1, max-image-preview:large, max-video-preview:-1\" \/>\n<link rel=\"canonical\" href=\"https:\/\/die-wetterversicherung.de\/blog\/extremwetter-umfrage-unter-landwirten-zu-schaeden\/\" \/>\n<meta property=\"og:locale\" content=\"de_DE\" \/>\n<meta property=\"og:type\" content=\"article\" \/>\n<meta property=\"og:title\" content=\"Extremwetter: Umfrage unter Landwirten zu Sch\u00e4den - die-wetterversicherung.de\" \/>\n<meta property=\"og:description\" content=\"Mithilfe von betroffenen Betrieben entwickelt das Julius-K\u00fchn-Institut ein Monitoring zu Extremwettersch\u00e4den.\" \/>\n<meta property=\"og:url\" content=\"https:\/\/die-wetterversicherung.de\/blog\/extremwetter-umfrage-unter-landwirten-zu-schaeden\/\" \/>\n<meta property=\"og:site_name\" content=\"die-wetterversicherung.de\" \/>\n<meta property=\"article:publisher\" content=\"https:\/\/www.facebook.com\/diewetterversicherung\" \/>\n<meta property=\"article:published_time\" content=\"2018-02-21T10:38:40+00:00\" \/>\n<meta property=\"og:image\" content=\"https:\/\/die-wetterversicherung.de\/blog\/wp-content\/uploads\/2018\/02\/sachversicherung-geb\u00e4udeversicherung-sturmsch\u00e4den.jpg\" \/>\n\t<meta property=\"og:image:width\" content=\"1500\" \/>\n\t<meta property=\"og:image:height\" content=\"1001\" \/>\n\t<meta property=\"og:image:type\" content=\"image\/jpeg\" \/>\n<meta name=\"author\" content=\"admin\" \/>\n<meta name=\"twitter:card\" content=\"summary_large_image\" \/>\n<meta name=\"twitter:label1\" content=\"Verfasst von\" \/>\n\t<meta name=\"twitter:data1\" content=\"admin\" \/>\n\t<meta name=\"twitter:label2\" content=\"Gesch\u00e4tzte Lesezeit\" \/>\n\t<meta name=\"twitter:data2\" content=\"1\u00a0Minute\" \/>\n<script type=\"application\/ld+json\" class=\"yoast-schema-graph\">{\"@context\":\"https:\/\/schema.org\",\"@graph\":[{\"@type\":\"WebPage\",\"@id\":\"https:\/\/die-wetterversicherung.de\/blog\/extremwetter-umfrage-unter-landwirten-zu-schaeden\/\",\"url\":\"https:\/\/die-wetterversicherung.de\/blog\/extremwetter-umfrage-unter-landwirten-zu-schaeden\/\",\"name\":\"Extremwetter: Umfrage unter Landwirten zu Sch\u00e4den - die-wetterversicherung.de\",\"isPartOf\":{\"@id\":\"https:\/\/die-wetterversicherung.de\/blog\/#website\"},\"primaryImageOfPage\":{\"@id\":\"https:\/\/die-wetterversicherung.de\/blog\/extremwetter-umfrage-unter-landwirten-zu-schaeden\/#primaryimage\"},\"image\":{\"@id\":\"https:\/\/die-wetterversicherung.de\/blog\/extremwetter-umfrage-unter-landwirten-zu-schaeden\/#primaryimage\"},\"thumbnailUrl\":\"https:\/\/die-wetterversicherung.de\/blog\/wp-content\/uploads\/2018\/02\/sachversicherung-geb\u00e4udeversicherung-sturmsch\u00e4den.jpg\",\"datePublished\":\"2018-02-21T10:38:40+00:00\",\"author\":{\"@id\":\"https:\/\/die-wetterversicherung.de\/blog\/#\/schema\/person\/ece359d1fb2756d4f371d523c75b881a\"},\"breadcrumb\":{\"@id\":\"https:\/\/die-wetterversicherung.de\/blog\/extremwetter-umfrage-unter-landwirten-zu-schaeden\/#breadcrumb\"},\"inLanguage\":\"de\",\"potentialAction\":[{\"@type\":\"ReadAction\",\"target\":[\"https:\/\/die-wetterversicherung.de\/blog\/extremwetter-umfrage-unter-landwirten-zu-schaeden\/\"]}]},{\"@type\":\"ImageObject\",\"inLanguage\":\"de\",\"@id\":\"https:\/\/die-wetterversicherung.de\/blog\/extremwetter-umfrage-unter-landwirten-zu-schaeden\/#primaryimage\",\"url\":\"https:\/\/die-wetterversicherung.de\/blog\/wp-content\/uploads\/2018\/02\/sachversicherung-geb\u00e4udeversicherung-sturmsch\u00e4den.jpg\",\"contentUrl\":\"https:\/\/die-wetterversicherung.de\/blog\/wp-content\/uploads\/2018\/02\/sachversicherung-geb\u00e4udeversicherung-sturmsch\u00e4den.jpg\",\"width\":1500,\"height\":1001,\"caption\":\"Extremwetter\"},{\"@type\":\"BreadcrumbList\",\"@id\":\"https:\/\/die-wetterversicherung.de\/blog\/extremwetter-umfrage-unter-landwirten-zu-schaeden\/#breadcrumb\",\"itemListElement\":[{\"@type\":\"ListItem\",\"position\":1,\"name\":\"Startseite\",\"item\":\"https:\/\/die-wetterversicherung.de\/blog\/\"},{\"@type\":\"ListItem\",\"position\":2,\"name\":\"Extremwetter: Umfrage unter Landwirten zu Sch\u00e4den\"}]},{\"@type\":\"WebSite\",\"@id\":\"https:\/\/die-wetterversicherung.de\/blog\/#website\",\"url\":\"https:\/\/die-wetterversicherung.de\/blog\/\",\"name\":\"die-wetterversicherung.de\",\"description\":\"Wetterversicherung-Blog\",\"potentialAction\":[{\"@type\":\"SearchAction\",\"target\":{\"@type\":\"EntryPoint\",\"urlTemplate\":\"https:\/\/die-wetterversicherung.de\/blog\/?s={search_term_string}\"},\"query-input\":{\"@type\":\"PropertyValueSpecification\",\"valueRequired\":true,\"valueName\":\"search_term_string\"}}],\"inLanguage\":\"de\"},{\"@type\":\"Person\",\"@id\":\"https:\/\/die-wetterversicherung.de\/blog\/#\/schema\/person\/ece359d1fb2756d4f371d523c75b881a\",\"name\":\"admin\",\"url\":\"https:\/\/die-wetterversicherung.de\/blog\/author\/admin\/\"}]}<\/script>\n<!-- \/ Yoast SEO plugin. -->","yoast_head_json":{"title":"Extremwetter: Umfrage unter Landwirten zu Sch\u00e4den - die-wetterversicherung.de","robots":{"index":"index","follow":"follow","max-snippet":"max-snippet:-1","max-image-preview":"max-image-preview:large","max-video-preview":"max-video-preview:-1"},"canonical":"https:\/\/die-wetterversicherung.de\/blog\/extremwetter-umfrage-unter-landwirten-zu-schaeden\/","og_locale":"de_DE","og_type":"article","og_title":"Extremwetter: Umfrage unter Landwirten zu Sch\u00e4den - die-wetterversicherung.de","og_description":"Mithilfe von betroffenen Betrieben entwickelt das Julius-K\u00fchn-Institut ein Monitoring zu Extremwettersch\u00e4den.","og_url":"https:\/\/die-wetterversicherung.de\/blog\/extremwetter-umfrage-unter-landwirten-zu-schaeden\/","og_site_name":"die-wetterversicherung.de","article_publisher":"https:\/\/www.facebook.com\/diewetterversicherung","article_published_time":"2018-02-21T10:38:40+00:00","og_image":[{"width":1500,"height":1001,"url":"https:\/\/die-wetterversicherung.de\/blog\/wp-content\/uploads\/2018\/02\/sachversicherung-geb\u00e4udeversicherung-sturmsch\u00e4den.jpg","type":"image\/jpeg"}],"author":"admin","twitter_card":"summary_large_image","twitter_misc":{"Verfasst von":"admin","Gesch\u00e4tzte Lesezeit":"1\u00a0Minute"},"schema":{"@context":"https:\/\/schema.org","@graph":[{"@type":"WebPage","@id":"https:\/\/die-wetterversicherung.de\/blog\/extremwetter-umfrage-unter-landwirten-zu-schaeden\/","url":"https:\/\/die-wetterversicherung.de\/blog\/extremwetter-umfrage-unter-landwirten-zu-schaeden\/","name":"Extremwetter: Umfrage unter Landwirten zu Sch\u00e4den - die-wetterversicherung.de","isPartOf":{"@id":"https:\/\/die-wetterversicherung.de\/blog\/#website"},"primaryImageOfPage":{"@id":"https:\/\/die-wetterversicherung.de\/blog\/extremwetter-umfrage-unter-landwirten-zu-schaeden\/#primaryimage"},"image":{"@id":"https:\/\/die-wetterversicherung.de\/blog\/extremwetter-umfrage-unter-landwirten-zu-schaeden\/#primaryimage"},"thumbnailUrl":"https:\/\/die-wetterversicherung.de\/blog\/wp-content\/uploads\/2018\/02\/sachversicherung-geb\u00e4udeversicherung-sturmsch\u00e4den.jpg","datePublished":"2018-02-21T10:38:40+00:00","author":{"@id":"https:\/\/die-wetterversicherung.de\/blog\/#\/schema\/person\/ece359d1fb2756d4f371d523c75b881a"},"breadcrumb":{"@id":"https:\/\/die-wetterversicherung.de\/blog\/extremwetter-umfrage-unter-landwirten-zu-schaeden\/#breadcrumb"},"inLanguage":"de","potentialAction":[{"@type":"ReadAction","target":["https:\/\/die-wetterversicherung.de\/blog\/extremwetter-umfrage-unter-landwirten-zu-schaeden\/"]}]},{"@type":"ImageObject","inLanguage":"de","@id":"https:\/\/die-wetterversicherung.de\/blog\/extremwetter-umfrage-unter-landwirten-zu-schaeden\/#primaryimage","url":"https:\/\/die-wetterversicherung.de\/blog\/wp-content\/uploads\/2018\/02\/sachversicherung-geb\u00e4udeversicherung-sturmsch\u00e4den.jpg","contentUrl":"https:\/\/die-wetterversicherung.de\/blog\/wp-content\/uploads\/2018\/02\/sachversicherung-geb\u00e4udeversicherung-sturmsch\u00e4den.jpg","width":1500,"height":1001,"caption":"Extremwetter"},{"@type":"BreadcrumbList","@id":"https:\/\/die-wetterversicherung.de\/blog\/extremwetter-umfrage-unter-landwirten-zu-schaeden\/#breadcrumb","itemListElement":[{"@type":"ListItem","position":1,"name":"Startseite","item":"https:\/\/die-wetterversicherung.de\/blog\/"},{"@type":"ListItem","position":2,"name":"Extremwetter: Umfrage unter Landwirten zu Sch\u00e4den"}]},{"@type":"WebSite","@id":"https:\/\/die-wetterversicherung.de\/blog\/#website","url":"https:\/\/die-wetterversicherung.de\/blog\/","name":"die-wetterversicherung.de","description":"Wetterversicherung-Blog","potentialAction":[{"@type":"SearchAction","target":{"@type":"EntryPoint","urlTemplate":"https:\/\/die-wetterversicherung.de\/blog\/?s={search_term_string}"},"query-input":{"@type":"PropertyValueSpecification","valueRequired":true,"valueName":"search_term_string"}}],"inLanguage":"de"},{"@type":"Person","@id":"https:\/\/die-wetterversicherung.de\/blog\/#\/schema\/person\/ece359d1fb2756d4f371d523c75b881a","name":"admin","url":"https:\/\/die-wetterversicherung.de\/blog\/author\/admin\/"}]}},"_links":{"self":[{"href":"https:\/\/die-wetterversicherung.de\/blog\/wp-json\/wp\/v2\/posts\/1907","targetHints":{"allow":["GET"]}}],"collection":[{"href":"https:\/\/die-wetterversicherung.de\/blog\/wp-json\/wp\/v2\/posts"}],"about":[{"href":"https:\/\/die-wetterversicherung.de\/blog\/wp-json\/wp\/v2\/types\/post"}],"author":[{"embeddable":true,"href":"https:\/\/die-wetterversicherung.de\/blog\/wp-json\/wp\/v2\/users\/5"}],"replies":[{"embeddable":true,"href":"https:\/\/die-wetterversicherung.de\/blog\/wp-json\/wp\/v2\/comments?post=1907"}],"version-history":[{"count":1,"href":"https:\/\/die-wetterversicherung.de\/blog\/wp-json\/wp\/v2\/posts\/1907\/revisions"}],"predecessor-version":[{"id":1909,"href":"https:\/\/die-wetterversicherung.de\/blog\/wp-json\/wp\/v2\/posts\/1907\/revisions\/1909"}],"wp:featuredmedia":[{"embeddable":true,"href":"https:\/\/die-wetterversicherung.de\/blog\/wp-json\/wp\/v2\/media\/1908"}],"wp:attachment":[{"href":"https:\/\/die-wetterversicherung.de\/blog\/wp-json\/wp\/v2\/media?parent=1907"}],"wp:term":[{"taxonomy":"category","embeddable":true,"href":"https:\/\/die-wetterversicherung.de\/blog\/wp-json\/wp\/v2\/categories?post=1907"},{"taxonomy":"post_tag","embeddable":true,"href":"https:\/\/die-wetterversicherung.de\/blog\/wp-json\/wp\/v2\/tags?post=1907"}],"curies":[{"name":"wp","href":"https:\/\/api.w.org\/{rel}","templated":true}]}}