{"id":1897,"date":"2018-02-07T09:35:50","date_gmt":"2018-02-07T08:35:50","guid":{"rendered":"https:\/\/die-wetterversicherung.de\/?p=1897"},"modified":"2018-02-07T09:57:29","modified_gmt":"2018-02-07T08:57:29","slug":"klimawandel-auch-fuer-kaelte-verantwortlich","status":"publish","type":"post","link":"https:\/\/die-wetterversicherung.de\/blog\/klimawandel-auch-fuer-kaelte-verantwortlich\/","title":{"rendered":"Klimawandel auch f\u00fcr K\u00e4lte verantwortlich\ufeff\ufeff"},"content":{"rendered":"<p>Ein<b> Naturph\u00e4nomen bringt arktische K\u00e4lte in andere Regionen.<\/b><\/p>\n<div id=\"attachment_1898\" style=\"width: 300px\" class=\"wp-caption alignleft\"><img loading=\"lazy\" decoding=\"async\" aria-describedby=\"caption-attachment-1898\" class=\"size-medium wp-image-1898\" src=\"https:\/\/die-wetterversicherung.de\/wp-content\/uploads\/2018\/02\/klimawandel-treibhauseffekt-erderw\u00e4rmung-umweltschutz-300x199.jpg\" alt=\"Klimawandel\" width=\"300\" height=\"199\" srcset=\"https:\/\/die-wetterversicherung.de\/blog\/wp-content\/uploads\/2018\/02\/klimawandel-treibhauseffekt-erderw\u00e4rmung-umweltschutz-300x199.jpg 300w, https:\/\/die-wetterversicherung.de\/blog\/wp-content\/uploads\/2018\/02\/klimawandel-treibhauseffekt-erderw\u00e4rmung-umweltschutz-768x510.jpg 768w, https:\/\/die-wetterversicherung.de\/blog\/wp-content\/uploads\/2018\/02\/klimawandel-treibhauseffekt-erderw\u00e4rmung-umweltschutz-1024x680.jpg 1024w, https:\/\/die-wetterversicherung.de\/blog\/wp-content\/uploads\/2018\/02\/klimawandel-treibhauseffekt-erderw\u00e4rmung-umweltschutz.jpg 1920w\" sizes=\"auto, (max-width: 300px) 100vw, 300px\" \/><p id=\"caption-attachment-1898\" class=\"wp-caption-text\">Foto: pixabay<\/p><\/div>\n<p>Der US-amerikanischen Raumfahrtbeh\u00f6rde NASA ist es gelungen, eine <a href=\"https:\/\/earthobservatory.nasa.gov\/IOTD\/view.php?id=91517&amp;eocn=home&amp;eoci=iotd_title\" target=\"_blank\">globale Karte<\/a> mit den Bodentemperaturen im Vergleich zu vergangenen Jahren zu erstellen. Die Daten vom 26. Dezember 2017 bis 2. Januar 2018 werden dabei mit Aufzeichnungen aus den Vergleichszeitr\u00e4umen von 2001 bis 2010 verglichen. Die Studie best\u00e4tigt, was Experten aus Umweltschutz und Klimaforschung schon l\u00e4ngst vermuteten: Die Temperaturen stiegen innerhalb dieser vergleichsweisen kurzen Zeit. Aber nicht nur! Die Karte zeigt auch, dass das <a href=\"https:\/\/www.gruuna.com\/de\/wetter\" target=\"_blank\">Wetter<\/a> verr\u00fcckt spielt. Denn der Klimawandel sorgt nicht nur f\u00fcr Erw\u00e4rmung.<\/p>\n<p>W\u00e4hrend Kalifornien um die Jahreswende von heftigen Wald- und Fl\u00e4chenbr\u00e4nden heimgesucht wurde, versank die Ostk\u00fcste der USA in Schneemassen &#8211; zwei Extreme. Das Problem: Genau mit solchen K\u00e4lteperioden argumentieren Klimaskeptiker. Doch diese sind genauso das Ergebnis des durch den Treibhausgaseffekt angetriebenen <a href=\"https:\/\/die-wetterversicherung.de\/klimagipfel-landwirte-tun-etwas-fuer-den-klimaschutz\/\" target=\"_blank\">Klimawandels<\/a> wie die Erderw\u00e4rmung.<\/p>\n<p><b>Arktis verlagert die K\u00e4lte<\/b><\/p>\n<p>Die Wissenschaftlerin Marlene Kretschmer vom Potsdamer Institut f\u00fcr Klimaforschung erkl\u00e4rte in einem Interview mit <a href=\"https:\/\/weather.com\/\" target=\"_blank\">\u201cThe Weather Channel\u201d<\/a> den Vorgang. \u201cEs gibt Hinweise\u201d, sagte sie, \u201cdass das Eisschmelzen im arktischen Ozean zu den K\u00e4ltewellen an anderen Orten beitr\u00e4gt.\u201d Als Grund daf\u00fcr sieht Kretschmer den Polarwirbel, der normalerweise die kalte Luft \u00fcber der Arktis einschlie\u00dft. Sei dieser geschw\u00e4cht, so die Forscherin, k\u00f6nne die kalte Luft aus der Arktis entweichen und in niedrigeren Breiten zu extremer K\u00e4lte f\u00fchren. Extreme Temperatureinbr\u00fcche beschr\u00e4nken sich aber derzeit nur auf die Ostk\u00fcste Nordamerikas. Global gesehen sei es deutlich w\u00e4rmer als \u00fcblich, so Kretschmer.<\/p>\n","protected":false},"excerpt":{"rendered":"<p>\ufeff\ufeffEin Naturph\u00e4nomen bringt arktische K\u00e4lte in andere Regionen.<\/p><p><a class=\"more-link btn\" href=\"https:\/\/die-wetterversicherung.de\/blog\/klimawandel-auch-fuer-kaelte-verantwortlich\/\">Weiterlesen<\/a><\/p>\n","protected":false},"author":5,"featured_media":1898,"comment_status":"open","ping_status":"closed","sticky":false,"template":"","format":"standard","meta":{"footnotes":""},"categories":[4],"tags":[61,230,84,201],"class_list":["post-1897","post","type-post","status-publish","format-standard","has-post-thumbnail","hentry","category-lasst-uns-ubers-wetter-reden","tag-kaelte","tag-klimaschutz","tag-klimawandel","tag-usa","item-wrap"],"yoast_head":"<!-- This site is optimized with the Yoast SEO plugin v26.4 - https:\/\/yoast.com\/wordpress\/plugins\/seo\/ -->\n<title>Klimawandel auch f\u00fcr K\u00e4lte verantwortlich\ufeff\ufeff - die-wetterversicherung.de<\/title>\n<meta name=\"robots\" content=\"index, follow, max-snippet:-1, max-image-preview:large, max-video-preview:-1\" \/>\n<link rel=\"canonical\" href=\"https:\/\/die-wetterversicherung.de\/blog\/klimawandel-auch-fuer-kaelte-verantwortlich\/\" \/>\n<meta property=\"og:locale\" content=\"de_DE\" \/>\n<meta property=\"og:type\" content=\"article\" \/>\n<meta property=\"og:title\" content=\"Klimawandel auch f\u00fcr K\u00e4lte verantwortlich\ufeff\ufeff - die-wetterversicherung.de\" \/>\n<meta property=\"og:description\" content=\"\ufeff\ufeffEin Naturph\u00e4nomen bringt arktische K\u00e4lte in andere Regionen.\" \/>\n<meta property=\"og:url\" content=\"https:\/\/die-wetterversicherung.de\/blog\/klimawandel-auch-fuer-kaelte-verantwortlich\/\" \/>\n<meta property=\"og:site_name\" content=\"die-wetterversicherung.de\" \/>\n<meta property=\"article:publisher\" content=\"https:\/\/www.facebook.com\/diewetterversicherung\" \/>\n<meta property=\"article:published_time\" content=\"2018-02-07T08:35:50+00:00\" \/>\n<meta property=\"article:modified_time\" content=\"2018-02-07T08:57:29+00:00\" \/>\n<meta property=\"og:image\" content=\"https:\/\/die-wetterversicherung.de\/blog\/wp-content\/uploads\/2018\/02\/klimawandel-treibhauseffekt-erderw\u00e4rmung-umweltschutz.jpg\" \/>\n\t<meta property=\"og:image:width\" content=\"1920\" \/>\n\t<meta property=\"og:image:height\" content=\"1275\" \/>\n\t<meta property=\"og:image:type\" content=\"image\/jpeg\" \/>\n<meta name=\"author\" content=\"admin\" \/>\n<meta name=\"twitter:card\" content=\"summary_large_image\" \/>\n<meta name=\"twitter:label1\" content=\"Verfasst von\" \/>\n\t<meta name=\"twitter:data1\" content=\"admin\" \/>\n\t<meta name=\"twitter:label2\" content=\"Gesch\u00e4tzte Lesezeit\" \/>\n\t<meta name=\"twitter:data2\" content=\"1\u00a0Minute\" \/>\n<script type=\"application\/ld+json\" class=\"yoast-schema-graph\">{\"@context\":\"https:\/\/schema.org\",\"@graph\":[{\"@type\":\"WebPage\",\"@id\":\"https:\/\/die-wetterversicherung.de\/blog\/klimawandel-auch-fuer-kaelte-verantwortlich\/\",\"url\":\"https:\/\/die-wetterversicherung.de\/blog\/klimawandel-auch-fuer-kaelte-verantwortlich\/\",\"name\":\"Klimawandel auch f\u00fcr K\u00e4lte verantwortlich\ufeff\ufeff - die-wetterversicherung.de\",\"isPartOf\":{\"@id\":\"https:\/\/die-wetterversicherung.de\/blog\/#website\"},\"primaryImageOfPage\":{\"@id\":\"https:\/\/die-wetterversicherung.de\/blog\/klimawandel-auch-fuer-kaelte-verantwortlich\/#primaryimage\"},\"image\":{\"@id\":\"https:\/\/die-wetterversicherung.de\/blog\/klimawandel-auch-fuer-kaelte-verantwortlich\/#primaryimage\"},\"thumbnailUrl\":\"https:\/\/die-wetterversicherung.de\/blog\/wp-content\/uploads\/2018\/02\/klimawandel-treibhauseffekt-erderw\u00e4rmung-umweltschutz.jpg\",\"datePublished\":\"2018-02-07T08:35:50+00:00\",\"dateModified\":\"2018-02-07T08:57:29+00:00\",\"author\":{\"@id\":\"https:\/\/die-wetterversicherung.de\/blog\/#\/schema\/person\/ece359d1fb2756d4f371d523c75b881a\"},\"breadcrumb\":{\"@id\":\"https:\/\/die-wetterversicherung.de\/blog\/klimawandel-auch-fuer-kaelte-verantwortlich\/#breadcrumb\"},\"inLanguage\":\"de\",\"potentialAction\":[{\"@type\":\"ReadAction\",\"target\":[\"https:\/\/die-wetterversicherung.de\/blog\/klimawandel-auch-fuer-kaelte-verantwortlich\/\"]}]},{\"@type\":\"ImageObject\",\"inLanguage\":\"de\",\"@id\":\"https:\/\/die-wetterversicherung.de\/blog\/klimawandel-auch-fuer-kaelte-verantwortlich\/#primaryimage\",\"url\":\"https:\/\/die-wetterversicherung.de\/blog\/wp-content\/uploads\/2018\/02\/klimawandel-treibhauseffekt-erderw\u00e4rmung-umweltschutz.jpg\",\"contentUrl\":\"https:\/\/die-wetterversicherung.de\/blog\/wp-content\/uploads\/2018\/02\/klimawandel-treibhauseffekt-erderw\u00e4rmung-umweltschutz.jpg\",\"width\":1920,\"height\":1275,\"caption\":\"Foto: pixabay\"},{\"@type\":\"BreadcrumbList\",\"@id\":\"https:\/\/die-wetterversicherung.de\/blog\/klimawandel-auch-fuer-kaelte-verantwortlich\/#breadcrumb\",\"itemListElement\":[{\"@type\":\"ListItem\",\"position\":1,\"name\":\"Startseite\",\"item\":\"https:\/\/die-wetterversicherung.de\/blog\/\"},{\"@type\":\"ListItem\",\"position\":2,\"name\":\"Klimawandel auch f\u00fcr K\u00e4lte verantwortlich\ufeff\ufeff\"}]},{\"@type\":\"WebSite\",\"@id\":\"https:\/\/die-wetterversicherung.de\/blog\/#website\",\"url\":\"https:\/\/die-wetterversicherung.de\/blog\/\",\"name\":\"die-wetterversicherung.de\",\"description\":\"Wetterversicherung-Blog\",\"potentialAction\":[{\"@type\":\"SearchAction\",\"target\":{\"@type\":\"EntryPoint\",\"urlTemplate\":\"https:\/\/die-wetterversicherung.de\/blog\/?s={search_term_string}\"},\"query-input\":{\"@type\":\"PropertyValueSpecification\",\"valueRequired\":true,\"valueName\":\"search_term_string\"}}],\"inLanguage\":\"de\"},{\"@type\":\"Person\",\"@id\":\"https:\/\/die-wetterversicherung.de\/blog\/#\/schema\/person\/ece359d1fb2756d4f371d523c75b881a\",\"name\":\"admin\",\"url\":\"https:\/\/die-wetterversicherung.de\/blog\/author\/admin\/\"}]}<\/script>\n<!-- \/ Yoast SEO plugin. -->","yoast_head_json":{"title":"Klimawandel auch f\u00fcr K\u00e4lte verantwortlich\ufeff\ufeff - die-wetterversicherung.de","robots":{"index":"index","follow":"follow","max-snippet":"max-snippet:-1","max-image-preview":"max-image-preview:large","max-video-preview":"max-video-preview:-1"},"canonical":"https:\/\/die-wetterversicherung.de\/blog\/klimawandel-auch-fuer-kaelte-verantwortlich\/","og_locale":"de_DE","og_type":"article","og_title":"Klimawandel auch f\u00fcr K\u00e4lte verantwortlich\ufeff\ufeff - die-wetterversicherung.de","og_description":"\ufeff\ufeffEin Naturph\u00e4nomen bringt arktische K\u00e4lte in andere Regionen.","og_url":"https:\/\/die-wetterversicherung.de\/blog\/klimawandel-auch-fuer-kaelte-verantwortlich\/","og_site_name":"die-wetterversicherung.de","article_publisher":"https:\/\/www.facebook.com\/diewetterversicherung","article_published_time":"2018-02-07T08:35:50+00:00","article_modified_time":"2018-02-07T08:57:29+00:00","og_image":[{"width":1920,"height":1275,"url":"https:\/\/die-wetterversicherung.de\/blog\/wp-content\/uploads\/2018\/02\/klimawandel-treibhauseffekt-erderw\u00e4rmung-umweltschutz.jpg","type":"image\/jpeg"}],"author":"admin","twitter_card":"summary_large_image","twitter_misc":{"Verfasst von":"admin","Gesch\u00e4tzte Lesezeit":"1\u00a0Minute"},"schema":{"@context":"https:\/\/schema.org","@graph":[{"@type":"WebPage","@id":"https:\/\/die-wetterversicherung.de\/blog\/klimawandel-auch-fuer-kaelte-verantwortlich\/","url":"https:\/\/die-wetterversicherung.de\/blog\/klimawandel-auch-fuer-kaelte-verantwortlich\/","name":"Klimawandel auch f\u00fcr K\u00e4lte verantwortlich\ufeff\ufeff - die-wetterversicherung.de","isPartOf":{"@id":"https:\/\/die-wetterversicherung.de\/blog\/#website"},"primaryImageOfPage":{"@id":"https:\/\/die-wetterversicherung.de\/blog\/klimawandel-auch-fuer-kaelte-verantwortlich\/#primaryimage"},"image":{"@id":"https:\/\/die-wetterversicherung.de\/blog\/klimawandel-auch-fuer-kaelte-verantwortlich\/#primaryimage"},"thumbnailUrl":"https:\/\/die-wetterversicherung.de\/blog\/wp-content\/uploads\/2018\/02\/klimawandel-treibhauseffekt-erderw\u00e4rmung-umweltschutz.jpg","datePublished":"2018-02-07T08:35:50+00:00","dateModified":"2018-02-07T08:57:29+00:00","author":{"@id":"https:\/\/die-wetterversicherung.de\/blog\/#\/schema\/person\/ece359d1fb2756d4f371d523c75b881a"},"breadcrumb":{"@id":"https:\/\/die-wetterversicherung.de\/blog\/klimawandel-auch-fuer-kaelte-verantwortlich\/#breadcrumb"},"inLanguage":"de","potentialAction":[{"@type":"ReadAction","target":["https:\/\/die-wetterversicherung.de\/blog\/klimawandel-auch-fuer-kaelte-verantwortlich\/"]}]},{"@type":"ImageObject","inLanguage":"de","@id":"https:\/\/die-wetterversicherung.de\/blog\/klimawandel-auch-fuer-kaelte-verantwortlich\/#primaryimage","url":"https:\/\/die-wetterversicherung.de\/blog\/wp-content\/uploads\/2018\/02\/klimawandel-treibhauseffekt-erderw\u00e4rmung-umweltschutz.jpg","contentUrl":"https:\/\/die-wetterversicherung.de\/blog\/wp-content\/uploads\/2018\/02\/klimawandel-treibhauseffekt-erderw\u00e4rmung-umweltschutz.jpg","width":1920,"height":1275,"caption":"Foto: pixabay"},{"@type":"BreadcrumbList","@id":"https:\/\/die-wetterversicherung.de\/blog\/klimawandel-auch-fuer-kaelte-verantwortlich\/#breadcrumb","itemListElement":[{"@type":"ListItem","position":1,"name":"Startseite","item":"https:\/\/die-wetterversicherung.de\/blog\/"},{"@type":"ListItem","position":2,"name":"Klimawandel auch f\u00fcr K\u00e4lte verantwortlich\ufeff\ufeff"}]},{"@type":"WebSite","@id":"https:\/\/die-wetterversicherung.de\/blog\/#website","url":"https:\/\/die-wetterversicherung.de\/blog\/","name":"die-wetterversicherung.de","description":"Wetterversicherung-Blog","potentialAction":[{"@type":"SearchAction","target":{"@type":"EntryPoint","urlTemplate":"https:\/\/die-wetterversicherung.de\/blog\/?s={search_term_string}"},"query-input":{"@type":"PropertyValueSpecification","valueRequired":true,"valueName":"search_term_string"}}],"inLanguage":"de"},{"@type":"Person","@id":"https:\/\/die-wetterversicherung.de\/blog\/#\/schema\/person\/ece359d1fb2756d4f371d523c75b881a","name":"admin","url":"https:\/\/die-wetterversicherung.de\/blog\/author\/admin\/"}]}},"_links":{"self":[{"href":"https:\/\/die-wetterversicherung.de\/blog\/wp-json\/wp\/v2\/posts\/1897","targetHints":{"allow":["GET"]}}],"collection":[{"href":"https:\/\/die-wetterversicherung.de\/blog\/wp-json\/wp\/v2\/posts"}],"about":[{"href":"https:\/\/die-wetterversicherung.de\/blog\/wp-json\/wp\/v2\/types\/post"}],"author":[{"embeddable":true,"href":"https:\/\/die-wetterversicherung.de\/blog\/wp-json\/wp\/v2\/users\/5"}],"replies":[{"embeddable":true,"href":"https:\/\/die-wetterversicherung.de\/blog\/wp-json\/wp\/v2\/comments?post=1897"}],"version-history":[{"count":2,"href":"https:\/\/die-wetterversicherung.de\/blog\/wp-json\/wp\/v2\/posts\/1897\/revisions"}],"predecessor-version":[{"id":1900,"href":"https:\/\/die-wetterversicherung.de\/blog\/wp-json\/wp\/v2\/posts\/1897\/revisions\/1900"}],"wp:featuredmedia":[{"embeddable":true,"href":"https:\/\/die-wetterversicherung.de\/blog\/wp-json\/wp\/v2\/media\/1898"}],"wp:attachment":[{"href":"https:\/\/die-wetterversicherung.de\/blog\/wp-json\/wp\/v2\/media?parent=1897"}],"wp:term":[{"taxonomy":"category","embeddable":true,"href":"https:\/\/die-wetterversicherung.de\/blog\/wp-json\/wp\/v2\/categories?post=1897"},{"taxonomy":"post_tag","embeddable":true,"href":"https:\/\/die-wetterversicherung.de\/blog\/wp-json\/wp\/v2\/tags?post=1897"}],"curies":[{"name":"wp","href":"https:\/\/api.w.org\/{rel}","templated":true}]}}