{"id":1889,"date":"2018-01-24T15:59:41","date_gmt":"2018-01-24T14:59:41","guid":{"rendered":"https:\/\/die-wetterversicherung.de\/?p=1889"},"modified":"2018-01-24T15:59:41","modified_gmt":"2018-01-24T14:59:41","slug":"diplom-meteorologe-schwere-stuerme-werden-in-europa-kuenftig-haeufiger-auftreten","status":"publish","type":"post","link":"https:\/\/die-wetterversicherung.de\/blog\/diplom-meteorologe-schwere-stuerme-werden-in-europa-kuenftig-haeufiger-auftreten\/","title":{"rendered":"Diplom-Meteorologe: \u201cSchwere St\u00fcrme werden in Europa k\u00fcnftig h\u00e4ufiger auftreten\u201d"},"content":{"rendered":"<p><b>M\u00fcssen wir uns an schwere St\u00fcrme gew\u00f6hnen? die-wetterversicherung.de sprach mit einem Diplom-Meteorologen des Deutschen Wetterdienstes.<\/b><\/p>\n<div id=\"attachment_1890\" style=\"width: 300px\" class=\"wp-caption alignleft\"><img loading=\"lazy\" decoding=\"async\" aria-describedby=\"caption-attachment-1890\" class=\"size-medium wp-image-1890\" src=\"https:\/\/die-wetterversicherung.de\/wp-content\/uploads\/2018\/01\/unwetter-deutschlandsturmtief-sturmsch\u00e4den-elementarversicherung-300x200.jpg\" alt=\"Waldsch\u00e4den nach \u201cFriederike\u201d in NRW. Foto: Jan Preller\/Wald und Holz NRW\" width=\"300\" height=\"200\" \/><p id=\"caption-attachment-1890\" class=\"wp-caption-text\">Waldsch\u00e4den nach \u201cFriederike\u201d in NRW. Foto: Jan Preller\/Wald und Holz NRW<\/p><\/div>\n<p>Das Tief \u201cFrederike\u201d hat in Deutschland schwere Sturmsch\u00e4den verursacht. Nicht nur abgedeckte H\u00e4user, lahmgelegte Bahnstrecken und Sch\u00e4den in der Land- und Forstwirtschaft: Auch neun Tote wurden gemeldet. Nur wenige Wochen nach dem Orkantief <a href=\"https:\/\/die-wetterversicherung.de\/?s=sturm\" target=\"_blank\">\u201cBurglind\u201d<\/a> und auf den Tag genau zehn Jahre nach dem vernichtenden Sturmtief \u201cKyrill\u201d brachte\u201cFriederike\u201d bereits das zweite schwere Unwetter in diesem Jahr nach Deutschland.<\/p>\n<p>Der <a href=\"https:\/\/www.wald-und-holz.nrw.de\/forstwirtschaft\/waldbesitz\/hilfe-bei-windwurf\/\" target=\"_blank\">Landesbetrieb Wald und Forst NRW<\/a> warnt in einer aktuellen Pressemitteilung davor, W\u00e4lder zu betreten. Gen\u00fcgt eine Elementarversicherung oder m\u00fcssen wir uns tats\u00e4chlich grunds\u00e4tzlich an Wetterereignisse, wie man sie aus vom amerikanischen Kontinent kennt, gew\u00f6hnen? die-wetterversicherung.de fragte den Diplom-Meteorologen Thomas Kesseler-Lauterkorn vom <a href=\"https:\/\/www.dwd.de\/\" target=\"_blank\">Deutschen Wetterdienst (DWD)<\/a>, ob wir uns k\u00fcnftig mit solchen schweren St\u00fcrmen auseinandersetzen m\u00fcssen.<\/p>\n<p><b>Werden die schweren St\u00fcrme und Orkane h\u00e4ufiger oder ist das ein subjektives Empfinden?<br \/>\n<b>Kesseler-Lauterkorn:<\/b> <\/b>Wenn man sich die Langzeitstatistiken ansieht, findet man keinen eindeutigen Trend, dass Winterst\u00fcrme h\u00e4ufiger auftreten als fr\u00fcher. In den vergangenen 20 bis 30 Jahren gab es immer wieder H\u00e4ufungen. Das war Anfang der 90er Jahre so und auch nach der Jahrtausendwende. Das Sturmtief \u201cKyrill\u201d war dann 2007 der H\u00f6hepunkt. Danach war es wieder ruhiger.<\/p>\n<p><b>Befinden wir uns derzeit in so einer Serie?<br \/>\n<b>Kesseler-Lauterkorn: <\/b><\/b>Ja, das meine ich schon. In den vergangenen Monaten waren die St\u00fcrme aktiver als in vielen Jahren zuvor.<\/p>\n<p><b>Wenn man 50 bis 60 Jahre zur\u00fcckblickt?<br \/>\n<b>Kesseler-Lauterkorn: <\/b><\/b>Da hat es bei uns noch nicht so viele schwere Sturmtiefs gegeben.<\/p>\n<p><b>Wie kommt es zu Anh\u00e4ufungen von derartigen Sturmereignissen?<br \/>\n<b>Kesseler-Lauterkorn: <\/b><\/b>Das liegt an der Witterung, an der Gro\u00dfwetterlage, die sich in den vergangenen Wochen und Monaten eingestellt hat. An den relativ milden Temperaturen merkt man, dass derzeit eine Westwetterlage dominiert. Durch diese ist die Chance gr\u00f6\u00dfer, dass Sturmtiefs vom Atlantik auf Mitteleuropa \u00fcbergreifen. Da ist dann schon einmal so ein markantes Sturmtief wie \u201cFriederike\u201d dabei. In anderen Winter hingegen kommen die Luftstr\u00f6mungen aus anderen Richtungen. In solchen Perioden spielt der Atlantik eine geringere Rolle.<\/p>\n<p><b>Auswirkungen des Klimawandels?<br \/>\n<b>Kesseler-Lauterkorn: <\/b><\/b>Jein. W\u00e4hrend die Temperaturzunahme laut Statistik eindeutig ist, kann man es bei den St\u00fcrmen nicht genau sagen. Den neuesten Forschungsergebnissen zufolge gehen wir von einer k\u00fcnftigen Zunahme von schweren St\u00fcrmen in West- und Mitteleuropa aus.<\/p>\n<p><b>Also doch eine Zunahme?<br \/>\n<b>Kesseler-Lauterkorn: <\/b><\/b>In Zukunft werden die St\u00fcrme schon mehr werden. Wir sprechen dabei vom Zeitraum 2020 bis Ende des Jahrhunderts. Bei der Entwicklung der vergangenen Jahrzehnte ist der Kontext zum Klimawandel noch nicht eindeutig. Die Entwicklung ist meiner Meinung nach etwas mit Vorsicht zu genie\u00dfen. Aber die Erkenntnisse sagen, dass es m\u00f6glich ist, dass wir uns in den n\u00e4chsten Jahrzehnten auf h\u00e4ufigere Sturmereignisse einstellen m\u00fcssen.<\/p>\n<p>Mehr zum Klimawandel findet man auf der DWD-Internetseite im <a href=\"https:\/\/www.dwd.de\/DE\/leistungen\/nationalerklimareport\/download_report_auflage-3.pdf?__blob=publicationFile&amp;v=5\" target=\"_blank\">Nationalen Klimareport\u00a0des Deutschen Wetterdienstes<\/a> (PDF).<a href=\"https:\/\/www.dwd.de\/DE\/leistungen\/nationalerklimareport\/download_report_auflage-3.pdf?__blob=publicationFile&amp;v=5\" target=\"_blank\"><\/a><\/p>\n","protected":false},"excerpt":{"rendered":"<p>M\u00fcssen wir uns an schwere St\u00fcrme gew\u00f6hnen? die-wetterversicherung.de sprach mit einem Diplom-Meteorologen des Deutschen Wetterdienstes.<\/p><p><a class=\"more-link btn\" href=\"https:\/\/die-wetterversicherung.de\/blog\/diplom-meteorologe-schwere-stuerme-werden-in-europa-kuenftig-haeufiger-auftreten\/\">Weiterlesen<\/a><\/p>\n","protected":false},"author":5,"featured_media":1890,"comment_status":"open","ping_status":"closed","sticky":false,"template":"","format":"standard","meta":{"footnotes":""},"categories":[4],"tags":[259,258,256],"class_list":["post-1889","post","type-post","status-publish","format-standard","has-post-thumbnail","hentry","category-lasst-uns-ubers-wetter-reden","tag-grossewetterlage","tag-orkan","tag-sturmtief","item-wrap"],"yoast_head":"<!-- This site is optimized with the Yoast SEO plugin v26.4 - https:\/\/yoast.com\/wordpress\/plugins\/seo\/ -->\n<title>Diplom-Meteorologe: \u201cSchwere St\u00fcrme werden in Europa k\u00fcnftig h\u00e4ufiger auftreten\u201d - die-wetterversicherung.de<\/title>\n<meta name=\"robots\" content=\"index, follow, max-snippet:-1, max-image-preview:large, max-video-preview:-1\" \/>\n<link rel=\"canonical\" href=\"https:\/\/die-wetterversicherung.de\/blog\/diplom-meteorologe-schwere-stuerme-werden-in-europa-kuenftig-haeufiger-auftreten\/\" \/>\n<meta property=\"og:locale\" content=\"de_DE\" \/>\n<meta property=\"og:type\" content=\"article\" \/>\n<meta property=\"og:title\" content=\"Diplom-Meteorologe: \u201cSchwere St\u00fcrme werden in Europa k\u00fcnftig h\u00e4ufiger auftreten\u201d - die-wetterversicherung.de\" \/>\n<meta property=\"og:description\" content=\"M\u00fcssen wir uns an schwere St\u00fcrme gew\u00f6hnen? die-wetterversicherung.de sprach mit einem Diplom-Meteorologen des Deutschen Wetterdienstes.\" \/>\n<meta property=\"og:url\" content=\"https:\/\/die-wetterversicherung.de\/blog\/diplom-meteorologe-schwere-stuerme-werden-in-europa-kuenftig-haeufiger-auftreten\/\" \/>\n<meta property=\"og:site_name\" content=\"die-wetterversicherung.de\" \/>\n<meta property=\"article:publisher\" content=\"https:\/\/www.facebook.com\/diewetterversicherung\" \/>\n<meta property=\"article:published_time\" content=\"2018-01-24T14:59:41+00:00\" \/>\n<meta property=\"og:image\" content=\"https:\/\/die-wetterversicherung.de\/blog\/wp-content\/uploads\/2018\/01\/unwetter-deutschlandsturmtief-sturmsch\u00e4den-elementarversicherung-e1516805366730.jpg\" \/>\n\t<meta property=\"og:image:width\" content=\"2000\" \/>\n\t<meta property=\"og:image:height\" content=\"1330\" \/>\n\t<meta property=\"og:image:type\" content=\"image\/jpeg\" \/>\n<meta name=\"author\" content=\"admin\" \/>\n<meta name=\"twitter:card\" content=\"summary_large_image\" \/>\n<meta name=\"twitter:label1\" content=\"Verfasst von\" \/>\n\t<meta name=\"twitter:data1\" content=\"admin\" \/>\n\t<meta name=\"twitter:label2\" content=\"Gesch\u00e4tzte Lesezeit\" \/>\n\t<meta name=\"twitter:data2\" content=\"3\u00a0Minuten\" \/>\n<script type=\"application\/ld+json\" class=\"yoast-schema-graph\">{\"@context\":\"https:\/\/schema.org\",\"@graph\":[{\"@type\":\"WebPage\",\"@id\":\"https:\/\/die-wetterversicherung.de\/blog\/diplom-meteorologe-schwere-stuerme-werden-in-europa-kuenftig-haeufiger-auftreten\/\",\"url\":\"https:\/\/die-wetterversicherung.de\/blog\/diplom-meteorologe-schwere-stuerme-werden-in-europa-kuenftig-haeufiger-auftreten\/\",\"name\":\"Diplom-Meteorologe: \u201cSchwere St\u00fcrme werden in Europa k\u00fcnftig h\u00e4ufiger auftreten\u201d - die-wetterversicherung.de\",\"isPartOf\":{\"@id\":\"https:\/\/die-wetterversicherung.de\/blog\/#website\"},\"primaryImageOfPage\":{\"@id\":\"https:\/\/die-wetterversicherung.de\/blog\/diplom-meteorologe-schwere-stuerme-werden-in-europa-kuenftig-haeufiger-auftreten\/#primaryimage\"},\"image\":{\"@id\":\"https:\/\/die-wetterversicherung.de\/blog\/diplom-meteorologe-schwere-stuerme-werden-in-europa-kuenftig-haeufiger-auftreten\/#primaryimage\"},\"thumbnailUrl\":\"https:\/\/die-wetterversicherung.de\/blog\/wp-content\/uploads\/2018\/01\/unwetter-deutschlandsturmtief-sturmsch\u00e4den-elementarversicherung-e1516805366730.jpg\",\"datePublished\":\"2018-01-24T14:59:41+00:00\",\"author\":{\"@id\":\"https:\/\/die-wetterversicherung.de\/blog\/#\/schema\/person\/ece359d1fb2756d4f371d523c75b881a\"},\"breadcrumb\":{\"@id\":\"https:\/\/die-wetterversicherung.de\/blog\/diplom-meteorologe-schwere-stuerme-werden-in-europa-kuenftig-haeufiger-auftreten\/#breadcrumb\"},\"inLanguage\":\"de\",\"potentialAction\":[{\"@type\":\"ReadAction\",\"target\":[\"https:\/\/die-wetterversicherung.de\/blog\/diplom-meteorologe-schwere-stuerme-werden-in-europa-kuenftig-haeufiger-auftreten\/\"]}]},{\"@type\":\"ImageObject\",\"inLanguage\":\"de\",\"@id\":\"https:\/\/die-wetterversicherung.de\/blog\/diplom-meteorologe-schwere-stuerme-werden-in-europa-kuenftig-haeufiger-auftreten\/#primaryimage\",\"url\":\"https:\/\/die-wetterversicherung.de\/blog\/wp-content\/uploads\/2018\/01\/unwetter-deutschlandsturmtief-sturmsch\u00e4den-elementarversicherung-e1516805366730.jpg\",\"contentUrl\":\"https:\/\/die-wetterversicherung.de\/blog\/wp-content\/uploads\/2018\/01\/unwetter-deutschlandsturmtief-sturmsch\u00e4den-elementarversicherung-e1516805366730.jpg\",\"width\":2000,\"height\":1330,\"caption\":\"Waldsch\u00e4den nach \u201cFriederike\u201d in NRW. Foto: Jan Preller\/Wald und Holz NRW\"},{\"@type\":\"BreadcrumbList\",\"@id\":\"https:\/\/die-wetterversicherung.de\/blog\/diplom-meteorologe-schwere-stuerme-werden-in-europa-kuenftig-haeufiger-auftreten\/#breadcrumb\",\"itemListElement\":[{\"@type\":\"ListItem\",\"position\":1,\"name\":\"Startseite\",\"item\":\"https:\/\/die-wetterversicherung.de\/blog\/\"},{\"@type\":\"ListItem\",\"position\":2,\"name\":\"Diplom-Meteorologe: \u201cSchwere St\u00fcrme werden in Europa k\u00fcnftig h\u00e4ufiger auftreten\u201d\"}]},{\"@type\":\"WebSite\",\"@id\":\"https:\/\/die-wetterversicherung.de\/blog\/#website\",\"url\":\"https:\/\/die-wetterversicherung.de\/blog\/\",\"name\":\"die-wetterversicherung.de\",\"description\":\"Wetterversicherung-Blog\",\"potentialAction\":[{\"@type\":\"SearchAction\",\"target\":{\"@type\":\"EntryPoint\",\"urlTemplate\":\"https:\/\/die-wetterversicherung.de\/blog\/?s={search_term_string}\"},\"query-input\":{\"@type\":\"PropertyValueSpecification\",\"valueRequired\":true,\"valueName\":\"search_term_string\"}}],\"inLanguage\":\"de\"},{\"@type\":\"Person\",\"@id\":\"https:\/\/die-wetterversicherung.de\/blog\/#\/schema\/person\/ece359d1fb2756d4f371d523c75b881a\",\"name\":\"admin\",\"url\":\"https:\/\/die-wetterversicherung.de\/blog\/author\/admin\/\"}]}<\/script>\n<!-- \/ Yoast SEO plugin. -->","yoast_head_json":{"title":"Diplom-Meteorologe: \u201cSchwere St\u00fcrme werden in Europa k\u00fcnftig h\u00e4ufiger auftreten\u201d - die-wetterversicherung.de","robots":{"index":"index","follow":"follow","max-snippet":"max-snippet:-1","max-image-preview":"max-image-preview:large","max-video-preview":"max-video-preview:-1"},"canonical":"https:\/\/die-wetterversicherung.de\/blog\/diplom-meteorologe-schwere-stuerme-werden-in-europa-kuenftig-haeufiger-auftreten\/","og_locale":"de_DE","og_type":"article","og_title":"Diplom-Meteorologe: \u201cSchwere St\u00fcrme werden in Europa k\u00fcnftig h\u00e4ufiger auftreten\u201d - die-wetterversicherung.de","og_description":"M\u00fcssen wir uns an schwere St\u00fcrme gew\u00f6hnen? die-wetterversicherung.de sprach mit einem Diplom-Meteorologen des Deutschen Wetterdienstes.","og_url":"https:\/\/die-wetterversicherung.de\/blog\/diplom-meteorologe-schwere-stuerme-werden-in-europa-kuenftig-haeufiger-auftreten\/","og_site_name":"die-wetterversicherung.de","article_publisher":"https:\/\/www.facebook.com\/diewetterversicherung","article_published_time":"2018-01-24T14:59:41+00:00","og_image":[{"width":2000,"height":1330,"url":"https:\/\/die-wetterversicherung.de\/blog\/wp-content\/uploads\/2018\/01\/unwetter-deutschlandsturmtief-sturmsch\u00e4den-elementarversicherung-e1516805366730.jpg","type":"image\/jpeg"}],"author":"admin","twitter_card":"summary_large_image","twitter_misc":{"Verfasst von":"admin","Gesch\u00e4tzte Lesezeit":"3\u00a0Minuten"},"schema":{"@context":"https:\/\/schema.org","@graph":[{"@type":"WebPage","@id":"https:\/\/die-wetterversicherung.de\/blog\/diplom-meteorologe-schwere-stuerme-werden-in-europa-kuenftig-haeufiger-auftreten\/","url":"https:\/\/die-wetterversicherung.de\/blog\/diplom-meteorologe-schwere-stuerme-werden-in-europa-kuenftig-haeufiger-auftreten\/","name":"Diplom-Meteorologe: \u201cSchwere St\u00fcrme werden in Europa k\u00fcnftig h\u00e4ufiger auftreten\u201d - die-wetterversicherung.de","isPartOf":{"@id":"https:\/\/die-wetterversicherung.de\/blog\/#website"},"primaryImageOfPage":{"@id":"https:\/\/die-wetterversicherung.de\/blog\/diplom-meteorologe-schwere-stuerme-werden-in-europa-kuenftig-haeufiger-auftreten\/#primaryimage"},"image":{"@id":"https:\/\/die-wetterversicherung.de\/blog\/diplom-meteorologe-schwere-stuerme-werden-in-europa-kuenftig-haeufiger-auftreten\/#primaryimage"},"thumbnailUrl":"https:\/\/die-wetterversicherung.de\/blog\/wp-content\/uploads\/2018\/01\/unwetter-deutschlandsturmtief-sturmsch\u00e4den-elementarversicherung-e1516805366730.jpg","datePublished":"2018-01-24T14:59:41+00:00","author":{"@id":"https:\/\/die-wetterversicherung.de\/blog\/#\/schema\/person\/ece359d1fb2756d4f371d523c75b881a"},"breadcrumb":{"@id":"https:\/\/die-wetterversicherung.de\/blog\/diplom-meteorologe-schwere-stuerme-werden-in-europa-kuenftig-haeufiger-auftreten\/#breadcrumb"},"inLanguage":"de","potentialAction":[{"@type":"ReadAction","target":["https:\/\/die-wetterversicherung.de\/blog\/diplom-meteorologe-schwere-stuerme-werden-in-europa-kuenftig-haeufiger-auftreten\/"]}]},{"@type":"ImageObject","inLanguage":"de","@id":"https:\/\/die-wetterversicherung.de\/blog\/diplom-meteorologe-schwere-stuerme-werden-in-europa-kuenftig-haeufiger-auftreten\/#primaryimage","url":"https:\/\/die-wetterversicherung.de\/blog\/wp-content\/uploads\/2018\/01\/unwetter-deutschlandsturmtief-sturmsch\u00e4den-elementarversicherung-e1516805366730.jpg","contentUrl":"https:\/\/die-wetterversicherung.de\/blog\/wp-content\/uploads\/2018\/01\/unwetter-deutschlandsturmtief-sturmsch\u00e4den-elementarversicherung-e1516805366730.jpg","width":2000,"height":1330,"caption":"Waldsch\u00e4den nach \u201cFriederike\u201d in NRW. Foto: Jan Preller\/Wald und Holz NRW"},{"@type":"BreadcrumbList","@id":"https:\/\/die-wetterversicherung.de\/blog\/diplom-meteorologe-schwere-stuerme-werden-in-europa-kuenftig-haeufiger-auftreten\/#breadcrumb","itemListElement":[{"@type":"ListItem","position":1,"name":"Startseite","item":"https:\/\/die-wetterversicherung.de\/blog\/"},{"@type":"ListItem","position":2,"name":"Diplom-Meteorologe: \u201cSchwere St\u00fcrme werden in Europa k\u00fcnftig h\u00e4ufiger auftreten\u201d"}]},{"@type":"WebSite","@id":"https:\/\/die-wetterversicherung.de\/blog\/#website","url":"https:\/\/die-wetterversicherung.de\/blog\/","name":"die-wetterversicherung.de","description":"Wetterversicherung-Blog","potentialAction":[{"@type":"SearchAction","target":{"@type":"EntryPoint","urlTemplate":"https:\/\/die-wetterversicherung.de\/blog\/?s={search_term_string}"},"query-input":{"@type":"PropertyValueSpecification","valueRequired":true,"valueName":"search_term_string"}}],"inLanguage":"de"},{"@type":"Person","@id":"https:\/\/die-wetterversicherung.de\/blog\/#\/schema\/person\/ece359d1fb2756d4f371d523c75b881a","name":"admin","url":"https:\/\/die-wetterversicherung.de\/blog\/author\/admin\/"}]}},"_links":{"self":[{"href":"https:\/\/die-wetterversicherung.de\/blog\/wp-json\/wp\/v2\/posts\/1889","targetHints":{"allow":["GET"]}}],"collection":[{"href":"https:\/\/die-wetterversicherung.de\/blog\/wp-json\/wp\/v2\/posts"}],"about":[{"href":"https:\/\/die-wetterversicherung.de\/blog\/wp-json\/wp\/v2\/types\/post"}],"author":[{"embeddable":true,"href":"https:\/\/die-wetterversicherung.de\/blog\/wp-json\/wp\/v2\/users\/5"}],"replies":[{"embeddable":true,"href":"https:\/\/die-wetterversicherung.de\/blog\/wp-json\/wp\/v2\/comments?post=1889"}],"version-history":[{"count":1,"href":"https:\/\/die-wetterversicherung.de\/blog\/wp-json\/wp\/v2\/posts\/1889\/revisions"}],"predecessor-version":[{"id":1891,"href":"https:\/\/die-wetterversicherung.de\/blog\/wp-json\/wp\/v2\/posts\/1889\/revisions\/1891"}],"wp:featuredmedia":[{"embeddable":true,"href":"https:\/\/die-wetterversicherung.de\/blog\/wp-json\/wp\/v2\/media\/1890"}],"wp:attachment":[{"href":"https:\/\/die-wetterversicherung.de\/blog\/wp-json\/wp\/v2\/media?parent=1889"}],"wp:term":[{"taxonomy":"category","embeddable":true,"href":"https:\/\/die-wetterversicherung.de\/blog\/wp-json\/wp\/v2\/categories?post=1889"},{"taxonomy":"post_tag","embeddable":true,"href":"https:\/\/die-wetterversicherung.de\/blog\/wp-json\/wp\/v2\/tags?post=1889"}],"curies":[{"name":"wp","href":"https:\/\/api.w.org\/{rel}","templated":true}]}}