{"id":1882,"date":"2018-01-17T10:29:10","date_gmt":"2018-01-17T09:29:10","guid":{"rendered":"https:\/\/die-wetterversicherung.de\/?p=1882"},"modified":"2018-01-17T10:39:33","modified_gmt":"2018-01-17T09:39:33","slug":"landwirtschaft-hat-eigene-klimaziele","status":"publish","type":"post","link":"https:\/\/die-wetterversicherung.de\/blog\/landwirtschaft-hat-eigene-klimaziele\/","title":{"rendered":"Landwirtschaft hat eigene Klimaziele"},"content":{"rendered":"<p><b>W\u00e4hrend die Parteien die Klimaziele 2020 der Bundesregierung beiseite geschoben haben, definiert der Bauernverband konkrete Ziele f\u00fcr den Klimaschutz der Landwirtschaft.<\/b><\/p>\n<div id=\"attachment_1884\" style=\"width: 300px\" class=\"wp-caption alignleft\"><img loading=\"lazy\" decoding=\"async\" aria-describedby=\"caption-attachment-1884\" class=\"size-medium wp-image-1884\" src=\"https:\/\/die-wetterversicherung.de\/wp-content\/uploads\/2018\/01\/klimaschutz-treibhauseffekt-klimaziel-klimawandel-treibhausgase-300x200.jpg\" alt=\"Foto: pixabay\" width=\"300\" height=\"200\" srcset=\"https:\/\/die-wetterversicherung.de\/blog\/wp-content\/uploads\/2018\/01\/klimaschutz-treibhauseffekt-klimaziel-klimawandel-treibhausgase-300x200.jpg 300w, https:\/\/die-wetterversicherung.de\/blog\/wp-content\/uploads\/2018\/01\/klimaschutz-treibhauseffekt-klimaziel-klimawandel-treibhausgase-768x512.jpg 768w, https:\/\/die-wetterversicherung.de\/blog\/wp-content\/uploads\/2018\/01\/klimaschutz-treibhauseffekt-klimaziel-klimawandel-treibhausgase-1024x682.jpg 1024w, https:\/\/die-wetterversicherung.de\/blog\/wp-content\/uploads\/2018\/01\/klimaschutz-treibhauseffekt-klimaziel-klimawandel-treibhausgase.jpg 1920w\" sizes=\"auto, (max-width: 300px) 100vw, 300px\" \/><p id=\"caption-attachment-1884\" class=\"wp-caption-text\">Foto: pixabay<\/p><\/div>\n<p>CDU und SPD haben die Klimaziele 2020 aufgegeben. Geplant war, dass Deutschland den CO<sub><span style=\"font-size: small;\">2<\/span><\/sub>-Aussto\u00df bis zum Jahr 2020 um 40 Prozent gegen\u00fcber 1990 verringert. W\u00e4hrend der Sondierungsgespr\u00e4che kam die Erkenntnis: Bis dahin den Treibhausgaseffekt effektiv zu minimieren funktioniert nicht!<\/p>\n<p>Der <a href=\"http:\/\/www.bauernverband.de\/\" target=\"_blank\">Deutsche Bauernverband (DBV)<\/a> hat jetzt seine Klimastrategie 2.0 vorgestellt. Diese enth\u00e4lt sowohl eine Zusammenfassung der bisherigen Klimaleistungen der Landwirtschaft als auch eigene Klimaziele &#8211; nicht so eng gesteckt wie die der Bundesregierung, aber daf\u00fcr wohl realistischer. Demnach sollen die Treibhausgase aus der Landwirtschaft bis 2030 gegen\u00fcber dem Referenzjahr 1990 um 30 Prozent gesenkt werden. Der Verband sieht auch eine Verdopplung der CO<sub><span style=\"font-size: small;\">2<\/span><\/sub>-Vermeidungsleistung durch Bioenergie bis 2030 gegen\u00fcber 2010 als realistisch und zielf\u00fchrend f\u00fcr den Klimaschutz an.<\/p>\n<p><b>Deutsche Milcherzeuger am umweltfreundlichsten<\/b><\/p>\n<p>\u201cAls zus\u00e4tzliche Ziele haben wir uns in der Klimastrategie 2.0 vorgenommen, die Klimaeffizienz landwirtschaftlicher Erzeugung weiter zu steigern. Bereits heute erzeugen unsere <a href=\"https:\/\/blog.gruuna.com\/tag\/milch\/\" target=\"_blank\">Milchviehhalter<\/a> in Deutschland ihre Milch mit weltweit den geringsten Emissionen an Treibhausgasen.\u201d, sagte der DBV-Umweltbeauftragte Eberhard Hartelt in Berlin. Er hob hervor, dass es auch das Ziel sei, die CO<sub><span style=\"font-size: small;\">2<\/span><\/sub>-Senkenleistung in landwirtschaftlichen B\u00f6den und der Forstwirtschaft zu erhalten und auszubauen.<\/p>\n<p><b>Landwirte unmittelbar vom Klimawandel betroffen<\/b><\/p>\n<p>DBV-Pr\u00e4sident Joachim Rukwied erkl\u00e4rte, dass f\u00fcr die Landwirte der Klimaschutz eine enorme Herausforderung sei, da sie wie kein anderer Wirtschaftszweig vom <a href=\"https:\/\/die-wetterversicherung.de\/klimagipfel-landwirte-tun-etwas-fuer-den-klimaschutz\/\" target=\"_blank\">Klimawandel<\/a> betroffen seien. \u201cDie Extremwetterereignisse im zur\u00fcckliegenden Jahr haben das unmittelbar gezeigt\u201d, betonte Rukwied.<\/p>\n<p>Bereits 2010 hatte der Bauernverband strategische Ziele f\u00fcr den Klimaschutz in Angriff genommen. Mit seiner Klimastrategie 2.0 zieht der Bauernverband eine Zwischenbilanz zum Klimaschutz in der Landwirtschaft, formuliert konkrete Ziele und beschreibt ein Paket von \u00fcber 20 Ma\u00dfnahmen f\u00fcr eine weitere Verbesserung der Klimaschutzleistungen der Land- und Forstwirtschaft. Dabei spielen etwa die noch zielgenauere <a href=\"https:\/\/www.gruuna.com\/de\/search?term=d%C3%BCngung\" target=\"_blank\">D\u00fcngung<\/a> und die passgenau zugeschnittene F\u00fctterung eine Rolle.<\/p>\n<p>Download: Der DBV hat die Klimastrategie\u00a02.0 <a href=\"http:\/\/media.repro-mayr.de\/76\/710876.pdf\" target=\"_blank\">als PDF zur Verf\u00fcgung gestellt<\/a>.<\/p>\n","protected":false},"excerpt":{"rendered":"<p>W\u00e4hrend die Parteien die Klimaziele 2020 der Bundesregierung beiseite geschoben haben, definiert der Bauernverband konkrete Ziele f\u00fcr den Klimaschutz der Landwirtschaft.<\/p><p><a class=\"more-link btn\" href=\"https:\/\/die-wetterversicherung.de\/blog\/landwirtschaft-hat-eigene-klimaziele\/\">Weiterlesen<\/a><\/p>\n","protected":false},"author":5,"featured_media":1884,"comment_status":"open","ping_status":"closed","sticky":false,"template":"","format":"standard","meta":{"footnotes":""},"categories":[3],"tags":[83,230,84],"class_list":["post-1882","post","type-post","status-publish","format-standard","has-post-thumbnail","hentry","category-die-wetterversicherung","tag-klima","tag-klimaschutz","tag-klimawandel","item-wrap"],"yoast_head":"<!-- This site is optimized with the Yoast SEO plugin v26.4 - https:\/\/yoast.com\/wordpress\/plugins\/seo\/ -->\n<title>Landwirtschaft hat eigene Klimaziele - die-wetterversicherung.de<\/title>\n<meta name=\"robots\" content=\"index, follow, max-snippet:-1, max-image-preview:large, max-video-preview:-1\" \/>\n<link rel=\"canonical\" href=\"https:\/\/die-wetterversicherung.de\/blog\/landwirtschaft-hat-eigene-klimaziele\/\" \/>\n<meta property=\"og:locale\" content=\"de_DE\" \/>\n<meta property=\"og:type\" content=\"article\" \/>\n<meta property=\"og:title\" content=\"Landwirtschaft hat eigene Klimaziele - die-wetterversicherung.de\" \/>\n<meta property=\"og:description\" content=\"W\u00e4hrend die Parteien die Klimaziele 2020 der Bundesregierung beiseite geschoben haben, definiert der Bauernverband konkrete Ziele f\u00fcr den Klimaschutz der Landwirtschaft.\" \/>\n<meta property=\"og:url\" content=\"https:\/\/die-wetterversicherung.de\/blog\/landwirtschaft-hat-eigene-klimaziele\/\" \/>\n<meta property=\"og:site_name\" content=\"die-wetterversicherung.de\" \/>\n<meta property=\"article:publisher\" content=\"https:\/\/www.facebook.com\/diewetterversicherung\" \/>\n<meta property=\"article:published_time\" content=\"2018-01-17T09:29:10+00:00\" \/>\n<meta property=\"article:modified_time\" content=\"2018-01-17T09:39:33+00:00\" \/>\n<meta property=\"og:image\" content=\"https:\/\/die-wetterversicherung.de\/blog\/wp-content\/uploads\/2018\/01\/klimaschutz-treibhauseffekt-klimaziel-klimawandel-treibhausgase.jpg\" \/>\n\t<meta property=\"og:image:width\" content=\"1920\" \/>\n\t<meta property=\"og:image:height\" content=\"1279\" \/>\n\t<meta property=\"og:image:type\" content=\"image\/jpeg\" \/>\n<meta name=\"author\" content=\"admin\" \/>\n<meta name=\"twitter:card\" content=\"summary_large_image\" \/>\n<meta name=\"twitter:label1\" content=\"Verfasst von\" \/>\n\t<meta name=\"twitter:data1\" content=\"admin\" \/>\n\t<meta name=\"twitter:label2\" content=\"Gesch\u00e4tzte Lesezeit\" \/>\n\t<meta name=\"twitter:data2\" content=\"2\u00a0Minuten\" \/>\n<script type=\"application\/ld+json\" class=\"yoast-schema-graph\">{\"@context\":\"https:\/\/schema.org\",\"@graph\":[{\"@type\":\"WebPage\",\"@id\":\"https:\/\/die-wetterversicherung.de\/blog\/landwirtschaft-hat-eigene-klimaziele\/\",\"url\":\"https:\/\/die-wetterversicherung.de\/blog\/landwirtschaft-hat-eigene-klimaziele\/\",\"name\":\"Landwirtschaft hat eigene Klimaziele - die-wetterversicherung.de\",\"isPartOf\":{\"@id\":\"https:\/\/die-wetterversicherung.de\/blog\/#website\"},\"primaryImageOfPage\":{\"@id\":\"https:\/\/die-wetterversicherung.de\/blog\/landwirtschaft-hat-eigene-klimaziele\/#primaryimage\"},\"image\":{\"@id\":\"https:\/\/die-wetterversicherung.de\/blog\/landwirtschaft-hat-eigene-klimaziele\/#primaryimage\"},\"thumbnailUrl\":\"https:\/\/die-wetterversicherung.de\/blog\/wp-content\/uploads\/2018\/01\/klimaschutz-treibhauseffekt-klimaziel-klimawandel-treibhausgase.jpg\",\"datePublished\":\"2018-01-17T09:29:10+00:00\",\"dateModified\":\"2018-01-17T09:39:33+00:00\",\"author\":{\"@id\":\"https:\/\/die-wetterversicherung.de\/blog\/#\/schema\/person\/ece359d1fb2756d4f371d523c75b881a\"},\"breadcrumb\":{\"@id\":\"https:\/\/die-wetterversicherung.de\/blog\/landwirtschaft-hat-eigene-klimaziele\/#breadcrumb\"},\"inLanguage\":\"de\",\"potentialAction\":[{\"@type\":\"ReadAction\",\"target\":[\"https:\/\/die-wetterversicherung.de\/blog\/landwirtschaft-hat-eigene-klimaziele\/\"]}]},{\"@type\":\"ImageObject\",\"inLanguage\":\"de\",\"@id\":\"https:\/\/die-wetterversicherung.de\/blog\/landwirtschaft-hat-eigene-klimaziele\/#primaryimage\",\"url\":\"https:\/\/die-wetterversicherung.de\/blog\/wp-content\/uploads\/2018\/01\/klimaschutz-treibhauseffekt-klimaziel-klimawandel-treibhausgase.jpg\",\"contentUrl\":\"https:\/\/die-wetterversicherung.de\/blog\/wp-content\/uploads\/2018\/01\/klimaschutz-treibhauseffekt-klimaziel-klimawandel-treibhausgase.jpg\",\"width\":1920,\"height\":1279,\"caption\":\"Foto: pixabay\"},{\"@type\":\"BreadcrumbList\",\"@id\":\"https:\/\/die-wetterversicherung.de\/blog\/landwirtschaft-hat-eigene-klimaziele\/#breadcrumb\",\"itemListElement\":[{\"@type\":\"ListItem\",\"position\":1,\"name\":\"Startseite\",\"item\":\"https:\/\/die-wetterversicherung.de\/blog\/\"},{\"@type\":\"ListItem\",\"position\":2,\"name\":\"Landwirtschaft hat eigene Klimaziele\"}]},{\"@type\":\"WebSite\",\"@id\":\"https:\/\/die-wetterversicherung.de\/blog\/#website\",\"url\":\"https:\/\/die-wetterversicherung.de\/blog\/\",\"name\":\"die-wetterversicherung.de\",\"description\":\"Wetterversicherung-Blog\",\"potentialAction\":[{\"@type\":\"SearchAction\",\"target\":{\"@type\":\"EntryPoint\",\"urlTemplate\":\"https:\/\/die-wetterversicherung.de\/blog\/?s={search_term_string}\"},\"query-input\":{\"@type\":\"PropertyValueSpecification\",\"valueRequired\":true,\"valueName\":\"search_term_string\"}}],\"inLanguage\":\"de\"},{\"@type\":\"Person\",\"@id\":\"https:\/\/die-wetterversicherung.de\/blog\/#\/schema\/person\/ece359d1fb2756d4f371d523c75b881a\",\"name\":\"admin\",\"url\":\"https:\/\/die-wetterversicherung.de\/blog\/author\/admin\/\"}]}<\/script>\n<!-- \/ Yoast SEO plugin. -->","yoast_head_json":{"title":"Landwirtschaft hat eigene Klimaziele - die-wetterversicherung.de","robots":{"index":"index","follow":"follow","max-snippet":"max-snippet:-1","max-image-preview":"max-image-preview:large","max-video-preview":"max-video-preview:-1"},"canonical":"https:\/\/die-wetterversicherung.de\/blog\/landwirtschaft-hat-eigene-klimaziele\/","og_locale":"de_DE","og_type":"article","og_title":"Landwirtschaft hat eigene Klimaziele - die-wetterversicherung.de","og_description":"W\u00e4hrend die Parteien die Klimaziele 2020 der Bundesregierung beiseite geschoben haben, definiert der Bauernverband konkrete Ziele f\u00fcr den Klimaschutz der Landwirtschaft.","og_url":"https:\/\/die-wetterversicherung.de\/blog\/landwirtschaft-hat-eigene-klimaziele\/","og_site_name":"die-wetterversicherung.de","article_publisher":"https:\/\/www.facebook.com\/diewetterversicherung","article_published_time":"2018-01-17T09:29:10+00:00","article_modified_time":"2018-01-17T09:39:33+00:00","og_image":[{"width":1920,"height":1279,"url":"https:\/\/die-wetterversicherung.de\/blog\/wp-content\/uploads\/2018\/01\/klimaschutz-treibhauseffekt-klimaziel-klimawandel-treibhausgase.jpg","type":"image\/jpeg"}],"author":"admin","twitter_card":"summary_large_image","twitter_misc":{"Verfasst von":"admin","Gesch\u00e4tzte Lesezeit":"2\u00a0Minuten"},"schema":{"@context":"https:\/\/schema.org","@graph":[{"@type":"WebPage","@id":"https:\/\/die-wetterversicherung.de\/blog\/landwirtschaft-hat-eigene-klimaziele\/","url":"https:\/\/die-wetterversicherung.de\/blog\/landwirtschaft-hat-eigene-klimaziele\/","name":"Landwirtschaft hat eigene Klimaziele - die-wetterversicherung.de","isPartOf":{"@id":"https:\/\/die-wetterversicherung.de\/blog\/#website"},"primaryImageOfPage":{"@id":"https:\/\/die-wetterversicherung.de\/blog\/landwirtschaft-hat-eigene-klimaziele\/#primaryimage"},"image":{"@id":"https:\/\/die-wetterversicherung.de\/blog\/landwirtschaft-hat-eigene-klimaziele\/#primaryimage"},"thumbnailUrl":"https:\/\/die-wetterversicherung.de\/blog\/wp-content\/uploads\/2018\/01\/klimaschutz-treibhauseffekt-klimaziel-klimawandel-treibhausgase.jpg","datePublished":"2018-01-17T09:29:10+00:00","dateModified":"2018-01-17T09:39:33+00:00","author":{"@id":"https:\/\/die-wetterversicherung.de\/blog\/#\/schema\/person\/ece359d1fb2756d4f371d523c75b881a"},"breadcrumb":{"@id":"https:\/\/die-wetterversicherung.de\/blog\/landwirtschaft-hat-eigene-klimaziele\/#breadcrumb"},"inLanguage":"de","potentialAction":[{"@type":"ReadAction","target":["https:\/\/die-wetterversicherung.de\/blog\/landwirtschaft-hat-eigene-klimaziele\/"]}]},{"@type":"ImageObject","inLanguage":"de","@id":"https:\/\/die-wetterversicherung.de\/blog\/landwirtschaft-hat-eigene-klimaziele\/#primaryimage","url":"https:\/\/die-wetterversicherung.de\/blog\/wp-content\/uploads\/2018\/01\/klimaschutz-treibhauseffekt-klimaziel-klimawandel-treibhausgase.jpg","contentUrl":"https:\/\/die-wetterversicherung.de\/blog\/wp-content\/uploads\/2018\/01\/klimaschutz-treibhauseffekt-klimaziel-klimawandel-treibhausgase.jpg","width":1920,"height":1279,"caption":"Foto: pixabay"},{"@type":"BreadcrumbList","@id":"https:\/\/die-wetterversicherung.de\/blog\/landwirtschaft-hat-eigene-klimaziele\/#breadcrumb","itemListElement":[{"@type":"ListItem","position":1,"name":"Startseite","item":"https:\/\/die-wetterversicherung.de\/blog\/"},{"@type":"ListItem","position":2,"name":"Landwirtschaft hat eigene Klimaziele"}]},{"@type":"WebSite","@id":"https:\/\/die-wetterversicherung.de\/blog\/#website","url":"https:\/\/die-wetterversicherung.de\/blog\/","name":"die-wetterversicherung.de","description":"Wetterversicherung-Blog","potentialAction":[{"@type":"SearchAction","target":{"@type":"EntryPoint","urlTemplate":"https:\/\/die-wetterversicherung.de\/blog\/?s={search_term_string}"},"query-input":{"@type":"PropertyValueSpecification","valueRequired":true,"valueName":"search_term_string"}}],"inLanguage":"de"},{"@type":"Person","@id":"https:\/\/die-wetterversicherung.de\/blog\/#\/schema\/person\/ece359d1fb2756d4f371d523c75b881a","name":"admin","url":"https:\/\/die-wetterversicherung.de\/blog\/author\/admin\/"}]}},"_links":{"self":[{"href":"https:\/\/die-wetterversicherung.de\/blog\/wp-json\/wp\/v2\/posts\/1882","targetHints":{"allow":["GET"]}}],"collection":[{"href":"https:\/\/die-wetterversicherung.de\/blog\/wp-json\/wp\/v2\/posts"}],"about":[{"href":"https:\/\/die-wetterversicherung.de\/blog\/wp-json\/wp\/v2\/types\/post"}],"author":[{"embeddable":true,"href":"https:\/\/die-wetterversicherung.de\/blog\/wp-json\/wp\/v2\/users\/5"}],"replies":[{"embeddable":true,"href":"https:\/\/die-wetterversicherung.de\/blog\/wp-json\/wp\/v2\/comments?post=1882"}],"version-history":[{"count":4,"href":"https:\/\/die-wetterversicherung.de\/blog\/wp-json\/wp\/v2\/posts\/1882\/revisions"}],"predecessor-version":[{"id":1887,"href":"https:\/\/die-wetterversicherung.de\/blog\/wp-json\/wp\/v2\/posts\/1882\/revisions\/1887"}],"wp:featuredmedia":[{"embeddable":true,"href":"https:\/\/die-wetterversicherung.de\/blog\/wp-json\/wp\/v2\/media\/1884"}],"wp:attachment":[{"href":"https:\/\/die-wetterversicherung.de\/blog\/wp-json\/wp\/v2\/media?parent=1882"}],"wp:term":[{"taxonomy":"category","embeddable":true,"href":"https:\/\/die-wetterversicherung.de\/blog\/wp-json\/wp\/v2\/categories?post=1882"},{"taxonomy":"post_tag","embeddable":true,"href":"https:\/\/die-wetterversicherung.de\/blog\/wp-json\/wp\/v2\/tags?post=1882"}],"curies":[{"name":"wp","href":"https:\/\/api.w.org\/{rel}","templated":true}]}}