{"id":1876,"date":"2018-01-10T11:45:36","date_gmt":"2018-01-10T10:45:36","guid":{"rendered":"https:\/\/die-wetterversicherung.de\/?p=1876"},"modified":"2018-01-10T11:47:01","modified_gmt":"2018-01-10T10:47:01","slug":"diese-schaeden-verursachte-sturmtief-burglind","status":"publish","type":"post","link":"https:\/\/die-wetterversicherung.de\/blog\/diese-schaeden-verursachte-sturmtief-burglind\/","title":{"rendered":"Diese Sch\u00e4den verursachte Sturmtief \u201cBurglind\u201d"},"content":{"rendered":"<p><b>Im Vergleich zu anderen Extremwetterereignissen aus der j\u00fcngeren Vergangenheit war \u201cBurglind\u201d kein Rekordsturm, hinterlie\u00df aber trotzdem schwere Sch\u00e4den.<\/b><\/p>\n<div id=\"attachment_1877\" style=\"width: 300px\" class=\"wp-caption alignleft\"><img loading=\"lazy\" decoding=\"async\" aria-describedby=\"caption-attachment-1877\" class=\"size-medium wp-image-1877\" src=\"https:\/\/die-wetterversicherung.de\/wp-content\/uploads\/2018\/01\/tiefdruckgebiet-sturmtief-unwetterwarnung-orkanb\u00f6en-300x198.jpg\" alt=\"Foto: pixabay (Symbolbild)\" width=\"300\" height=\"198\" srcset=\"https:\/\/die-wetterversicherung.de\/blog\/wp-content\/uploads\/2018\/01\/tiefdruckgebiet-sturmtief-unwetterwarnung-orkanb\u00f6en-300x198.jpg 300w, https:\/\/die-wetterversicherung.de\/blog\/wp-content\/uploads\/2018\/01\/tiefdruckgebiet-sturmtief-unwetterwarnung-orkanb\u00f6en-768x508.jpg 768w, https:\/\/die-wetterversicherung.de\/blog\/wp-content\/uploads\/2018\/01\/tiefdruckgebiet-sturmtief-unwetterwarnung-orkanb\u00f6en-1024x677.jpg 1024w, https:\/\/die-wetterversicherung.de\/blog\/wp-content\/uploads\/2018\/01\/tiefdruckgebiet-sturmtief-unwetterwarnung-orkanb\u00f6en.jpg 1920w\" sizes=\"auto, (max-width: 300px) 100vw, 300px\" \/><p id=\"caption-attachment-1877\" class=\"wp-caption-text\">Foto: pixabay (Symbolbild)<\/p><\/div>\n<p>Gesperrte Bahnstrecken, \u00fcberflutete Stra\u00dfen, umgest\u00fcrzte B\u00e4ume, Starkregen, regions\u00fcbergreifende Unwetterwarnungen: Zu Jahresbeginn zog das <a href=\"https:\/\/die-wetterversicherung.de\/sturmschaeden-richtig-der-versicherung-melden\/\" target=\"_blank\">Sturmtief<\/a> \u201cBurglind\u201d \u00fcber Europa. In Deutschland waren vor allem der S\u00fcden und der Westen betroffen. Im Nordschwarzwald wurden Windgeschwindigkeiten von bis zu 160 km\/h gemessen. Die gro\u00dfen Fl\u00fcsse, wie Rhein und Donau, traten \u00fcber die Ufer. In Saarbr\u00fccken musste sogar einige Tage lang die Stadtautobahn, die unmittelbar an der Saar verl\u00e4uft, komplett gesperrt werden. Die Mosel war f\u00fcr Schiffe nicht passierbar. Inzwischen gehen die Pegelst\u00e4nde wieder zur\u00fcck.<\/p>\n<p>Der <a href=\"http:\/\/www.gdv.de\/\" target=\"_blank\">Gesamtverband der Deutschen Versichicherungswirtschaft (GDV)<\/a> sch\u00e4tzt den Gesamtschaden auf \u201cdeutlich weniger als eine halbe Milliarde Euro\u201d ein &#8211; ein schwerer, aber kein Rekordsturm.<\/p>\n<p><b>\u201cKyrill\u201d bislang schwerster Wintersturm<\/b><\/p>\n<p>Der verheerendste Wintersturm der vergangenen 20 Jahre ist immer noch \u201cKyrill\u201d, der im Januar 2007 mit Windgeschwindigkeiten von \u00fcber 200 km\/h \u00fcber Europa fegte. Das Tiefdruckgebiet entstand &#8211; wie \u201cBurglind\u201d auch &#8211; \u00fcber dem Atlantik und hinterlie\u00df in Deutschland Sch\u00e4den von rund 2 Milliarden Euro. Im Ranking der Winterst\u00fcrme folgen die Tiefs Lothar 1999 mit 800 Millionen Euro und \u201cJeanett\u201d 2002 mit rund 760 Millionen Euro.<\/p>\n<p><img loading=\"lazy\" decoding=\"async\" class=\"alignleft wp-image-1878 size-full\" src=\"https:\/\/die-wetterversicherung.de\/wp-content\/uploads\/2018\/01\/infografik_11360_durch_unwetter_bedingten_versicherungsschaeden_n.jpg\" alt=\"infografik_11360_durch_unwetter_bedingten_versicherungsschaeden_n\" width=\"960\" height=\"684\" srcset=\"https:\/\/die-wetterversicherung.de\/blog\/wp-content\/uploads\/2018\/01\/infografik_11360_durch_unwetter_bedingten_versicherungsschaeden_n.jpg 960w, https:\/\/die-wetterversicherung.de\/blog\/wp-content\/uploads\/2018\/01\/infografik_11360_durch_unwetter_bedingten_versicherungsschaeden_n-300x214.jpg 300w, https:\/\/die-wetterversicherung.de\/blog\/wp-content\/uploads\/2018\/01\/infografik_11360_durch_unwetter_bedingten_versicherungsschaeden_n-768x547.jpg 768w\" sizes=\"auto, (max-width: 960px) 100vw, 960px\" \/><\/p>\n<p>&nbsp;<\/p>\n","protected":false},"excerpt":{"rendered":"<p>Im Vergleich zu anderen Extremwetterereignissen aus der j\u00fcngeren Vergangenheit war \u201cBurglind\u201d kein Rekordsturm, hinterlie\u00df aber trotzdem schwere Sch\u00e4den.<\/p><p><a class=\"more-link btn\" href=\"https:\/\/die-wetterversicherung.de\/blog\/diese-schaeden-verursachte-sturmtief-burglind\/\">Weiterlesen<\/a><\/p>\n","protected":false},"author":5,"featured_media":1877,"comment_status":"open","ping_status":"closed","sticky":false,"template":"","format":"standard","meta":{"footnotes":""},"categories":[4],"tags":[257,160,185,256],"class_list":["post-1876","post","type-post","status-publish","format-standard","has-post-thumbnail","hentry","category-lasst-uns-ubers-wetter-reden","tag-burglind","tag-extremwetter","tag-schaeden","tag-sturmtief","item-wrap"],"yoast_head":"<!-- This site is optimized with the Yoast SEO plugin v26.4 - https:\/\/yoast.com\/wordpress\/plugins\/seo\/ -->\n<title>Diese Sch\u00e4den verursachte Sturmtief \u201cBurglind\u201d - die-wetterversicherung.de<\/title>\n<meta name=\"robots\" content=\"index, follow, max-snippet:-1, max-image-preview:large, max-video-preview:-1\" \/>\n<link rel=\"canonical\" href=\"https:\/\/die-wetterversicherung.de\/blog\/diese-schaeden-verursachte-sturmtief-burglind\/\" \/>\n<meta property=\"og:locale\" content=\"de_DE\" \/>\n<meta property=\"og:type\" content=\"article\" \/>\n<meta property=\"og:title\" content=\"Diese Sch\u00e4den verursachte Sturmtief \u201cBurglind\u201d - die-wetterversicherung.de\" \/>\n<meta property=\"og:description\" content=\"Im Vergleich zu anderen Extremwetterereignissen aus der j\u00fcngeren Vergangenheit war \u201cBurglind\u201d kein Rekordsturm, hinterlie\u00df aber trotzdem schwere Sch\u00e4den.\" \/>\n<meta property=\"og:url\" content=\"https:\/\/die-wetterversicherung.de\/blog\/diese-schaeden-verursachte-sturmtief-burglind\/\" \/>\n<meta property=\"og:site_name\" content=\"die-wetterversicherung.de\" \/>\n<meta property=\"article:publisher\" content=\"https:\/\/www.facebook.com\/diewetterversicherung\" \/>\n<meta property=\"article:published_time\" content=\"2018-01-10T10:45:36+00:00\" \/>\n<meta property=\"article:modified_time\" content=\"2018-01-10T10:47:01+00:00\" \/>\n<meta property=\"og:image\" content=\"https:\/\/die-wetterversicherung.de\/blog\/wp-content\/uploads\/2018\/01\/tiefdruckgebiet-sturmtief-unwetterwarnung-orkanb\u00f6en.jpg\" \/>\n\t<meta property=\"og:image:width\" content=\"1920\" \/>\n\t<meta property=\"og:image:height\" content=\"1270\" \/>\n\t<meta property=\"og:image:type\" content=\"image\/jpeg\" \/>\n<meta name=\"author\" content=\"admin\" \/>\n<meta name=\"twitter:card\" content=\"summary_large_image\" \/>\n<meta name=\"twitter:label1\" content=\"Verfasst von\" \/>\n\t<meta name=\"twitter:data1\" content=\"admin\" \/>\n\t<meta name=\"twitter:label2\" content=\"Gesch\u00e4tzte Lesezeit\" \/>\n\t<meta name=\"twitter:data2\" content=\"1\u00a0Minute\" \/>\n<script type=\"application\/ld+json\" class=\"yoast-schema-graph\">{\"@context\":\"https:\/\/schema.org\",\"@graph\":[{\"@type\":\"WebPage\",\"@id\":\"https:\/\/die-wetterversicherung.de\/blog\/diese-schaeden-verursachte-sturmtief-burglind\/\",\"url\":\"https:\/\/die-wetterversicherung.de\/blog\/diese-schaeden-verursachte-sturmtief-burglind\/\",\"name\":\"Diese Sch\u00e4den verursachte Sturmtief \u201cBurglind\u201d - die-wetterversicherung.de\",\"isPartOf\":{\"@id\":\"https:\/\/die-wetterversicherung.de\/blog\/#website\"},\"primaryImageOfPage\":{\"@id\":\"https:\/\/die-wetterversicherung.de\/blog\/diese-schaeden-verursachte-sturmtief-burglind\/#primaryimage\"},\"image\":{\"@id\":\"https:\/\/die-wetterversicherung.de\/blog\/diese-schaeden-verursachte-sturmtief-burglind\/#primaryimage\"},\"thumbnailUrl\":\"https:\/\/die-wetterversicherung.de\/blog\/wp-content\/uploads\/2018\/01\/tiefdruckgebiet-sturmtief-unwetterwarnung-orkanb\u00f6en.jpg\",\"datePublished\":\"2018-01-10T10:45:36+00:00\",\"dateModified\":\"2018-01-10T10:47:01+00:00\",\"author\":{\"@id\":\"https:\/\/die-wetterversicherung.de\/blog\/#\/schema\/person\/ece359d1fb2756d4f371d523c75b881a\"},\"breadcrumb\":{\"@id\":\"https:\/\/die-wetterversicherung.de\/blog\/diese-schaeden-verursachte-sturmtief-burglind\/#breadcrumb\"},\"inLanguage\":\"de\",\"potentialAction\":[{\"@type\":\"ReadAction\",\"target\":[\"https:\/\/die-wetterversicherung.de\/blog\/diese-schaeden-verursachte-sturmtief-burglind\/\"]}]},{\"@type\":\"ImageObject\",\"inLanguage\":\"de\",\"@id\":\"https:\/\/die-wetterversicherung.de\/blog\/diese-schaeden-verursachte-sturmtief-burglind\/#primaryimage\",\"url\":\"https:\/\/die-wetterversicherung.de\/blog\/wp-content\/uploads\/2018\/01\/tiefdruckgebiet-sturmtief-unwetterwarnung-orkanb\u00f6en.jpg\",\"contentUrl\":\"https:\/\/die-wetterversicherung.de\/blog\/wp-content\/uploads\/2018\/01\/tiefdruckgebiet-sturmtief-unwetterwarnung-orkanb\u00f6en.jpg\",\"width\":1920,\"height\":1270,\"caption\":\"Foto: pixabay (Symbolbild)\"},{\"@type\":\"BreadcrumbList\",\"@id\":\"https:\/\/die-wetterversicherung.de\/blog\/diese-schaeden-verursachte-sturmtief-burglind\/#breadcrumb\",\"itemListElement\":[{\"@type\":\"ListItem\",\"position\":1,\"name\":\"Startseite\",\"item\":\"https:\/\/die-wetterversicherung.de\/blog\/\"},{\"@type\":\"ListItem\",\"position\":2,\"name\":\"Diese Sch\u00e4den verursachte Sturmtief \u201cBurglind\u201d\"}]},{\"@type\":\"WebSite\",\"@id\":\"https:\/\/die-wetterversicherung.de\/blog\/#website\",\"url\":\"https:\/\/die-wetterversicherung.de\/blog\/\",\"name\":\"die-wetterversicherung.de\",\"description\":\"Wetterversicherung-Blog\",\"potentialAction\":[{\"@type\":\"SearchAction\",\"target\":{\"@type\":\"EntryPoint\",\"urlTemplate\":\"https:\/\/die-wetterversicherung.de\/blog\/?s={search_term_string}\"},\"query-input\":{\"@type\":\"PropertyValueSpecification\",\"valueRequired\":true,\"valueName\":\"search_term_string\"}}],\"inLanguage\":\"de\"},{\"@type\":\"Person\",\"@id\":\"https:\/\/die-wetterversicherung.de\/blog\/#\/schema\/person\/ece359d1fb2756d4f371d523c75b881a\",\"name\":\"admin\",\"url\":\"https:\/\/die-wetterversicherung.de\/blog\/author\/admin\/\"}]}<\/script>\n<!-- \/ Yoast SEO plugin. -->","yoast_head_json":{"title":"Diese Sch\u00e4den verursachte Sturmtief \u201cBurglind\u201d - die-wetterversicherung.de","robots":{"index":"index","follow":"follow","max-snippet":"max-snippet:-1","max-image-preview":"max-image-preview:large","max-video-preview":"max-video-preview:-1"},"canonical":"https:\/\/die-wetterversicherung.de\/blog\/diese-schaeden-verursachte-sturmtief-burglind\/","og_locale":"de_DE","og_type":"article","og_title":"Diese Sch\u00e4den verursachte Sturmtief \u201cBurglind\u201d - die-wetterversicherung.de","og_description":"Im Vergleich zu anderen Extremwetterereignissen aus der j\u00fcngeren Vergangenheit war \u201cBurglind\u201d kein Rekordsturm, hinterlie\u00df aber trotzdem schwere Sch\u00e4den.","og_url":"https:\/\/die-wetterversicherung.de\/blog\/diese-schaeden-verursachte-sturmtief-burglind\/","og_site_name":"die-wetterversicherung.de","article_publisher":"https:\/\/www.facebook.com\/diewetterversicherung","article_published_time":"2018-01-10T10:45:36+00:00","article_modified_time":"2018-01-10T10:47:01+00:00","og_image":[{"width":1920,"height":1270,"url":"https:\/\/die-wetterversicherung.de\/blog\/wp-content\/uploads\/2018\/01\/tiefdruckgebiet-sturmtief-unwetterwarnung-orkanb\u00f6en.jpg","type":"image\/jpeg"}],"author":"admin","twitter_card":"summary_large_image","twitter_misc":{"Verfasst von":"admin","Gesch\u00e4tzte Lesezeit":"1\u00a0Minute"},"schema":{"@context":"https:\/\/schema.org","@graph":[{"@type":"WebPage","@id":"https:\/\/die-wetterversicherung.de\/blog\/diese-schaeden-verursachte-sturmtief-burglind\/","url":"https:\/\/die-wetterversicherung.de\/blog\/diese-schaeden-verursachte-sturmtief-burglind\/","name":"Diese Sch\u00e4den verursachte Sturmtief \u201cBurglind\u201d - die-wetterversicherung.de","isPartOf":{"@id":"https:\/\/die-wetterversicherung.de\/blog\/#website"},"primaryImageOfPage":{"@id":"https:\/\/die-wetterversicherung.de\/blog\/diese-schaeden-verursachte-sturmtief-burglind\/#primaryimage"},"image":{"@id":"https:\/\/die-wetterversicherung.de\/blog\/diese-schaeden-verursachte-sturmtief-burglind\/#primaryimage"},"thumbnailUrl":"https:\/\/die-wetterversicherung.de\/blog\/wp-content\/uploads\/2018\/01\/tiefdruckgebiet-sturmtief-unwetterwarnung-orkanb\u00f6en.jpg","datePublished":"2018-01-10T10:45:36+00:00","dateModified":"2018-01-10T10:47:01+00:00","author":{"@id":"https:\/\/die-wetterversicherung.de\/blog\/#\/schema\/person\/ece359d1fb2756d4f371d523c75b881a"},"breadcrumb":{"@id":"https:\/\/die-wetterversicherung.de\/blog\/diese-schaeden-verursachte-sturmtief-burglind\/#breadcrumb"},"inLanguage":"de","potentialAction":[{"@type":"ReadAction","target":["https:\/\/die-wetterversicherung.de\/blog\/diese-schaeden-verursachte-sturmtief-burglind\/"]}]},{"@type":"ImageObject","inLanguage":"de","@id":"https:\/\/die-wetterversicherung.de\/blog\/diese-schaeden-verursachte-sturmtief-burglind\/#primaryimage","url":"https:\/\/die-wetterversicherung.de\/blog\/wp-content\/uploads\/2018\/01\/tiefdruckgebiet-sturmtief-unwetterwarnung-orkanb\u00f6en.jpg","contentUrl":"https:\/\/die-wetterversicherung.de\/blog\/wp-content\/uploads\/2018\/01\/tiefdruckgebiet-sturmtief-unwetterwarnung-orkanb\u00f6en.jpg","width":1920,"height":1270,"caption":"Foto: pixabay (Symbolbild)"},{"@type":"BreadcrumbList","@id":"https:\/\/die-wetterversicherung.de\/blog\/diese-schaeden-verursachte-sturmtief-burglind\/#breadcrumb","itemListElement":[{"@type":"ListItem","position":1,"name":"Startseite","item":"https:\/\/die-wetterversicherung.de\/blog\/"},{"@type":"ListItem","position":2,"name":"Diese Sch\u00e4den verursachte Sturmtief \u201cBurglind\u201d"}]},{"@type":"WebSite","@id":"https:\/\/die-wetterversicherung.de\/blog\/#website","url":"https:\/\/die-wetterversicherung.de\/blog\/","name":"die-wetterversicherung.de","description":"Wetterversicherung-Blog","potentialAction":[{"@type":"SearchAction","target":{"@type":"EntryPoint","urlTemplate":"https:\/\/die-wetterversicherung.de\/blog\/?s={search_term_string}"},"query-input":{"@type":"PropertyValueSpecification","valueRequired":true,"valueName":"search_term_string"}}],"inLanguage":"de"},{"@type":"Person","@id":"https:\/\/die-wetterversicherung.de\/blog\/#\/schema\/person\/ece359d1fb2756d4f371d523c75b881a","name":"admin","url":"https:\/\/die-wetterversicherung.de\/blog\/author\/admin\/"}]}},"_links":{"self":[{"href":"https:\/\/die-wetterversicherung.de\/blog\/wp-json\/wp\/v2\/posts\/1876","targetHints":{"allow":["GET"]}}],"collection":[{"href":"https:\/\/die-wetterversicherung.de\/blog\/wp-json\/wp\/v2\/posts"}],"about":[{"href":"https:\/\/die-wetterversicherung.de\/blog\/wp-json\/wp\/v2\/types\/post"}],"author":[{"embeddable":true,"href":"https:\/\/die-wetterversicherung.de\/blog\/wp-json\/wp\/v2\/users\/5"}],"replies":[{"embeddable":true,"href":"https:\/\/die-wetterversicherung.de\/blog\/wp-json\/wp\/v2\/comments?post=1876"}],"version-history":[{"count":2,"href":"https:\/\/die-wetterversicherung.de\/blog\/wp-json\/wp\/v2\/posts\/1876\/revisions"}],"predecessor-version":[{"id":1880,"href":"https:\/\/die-wetterversicherung.de\/blog\/wp-json\/wp\/v2\/posts\/1876\/revisions\/1880"}],"wp:featuredmedia":[{"embeddable":true,"href":"https:\/\/die-wetterversicherung.de\/blog\/wp-json\/wp\/v2\/media\/1877"}],"wp:attachment":[{"href":"https:\/\/die-wetterversicherung.de\/blog\/wp-json\/wp\/v2\/media?parent=1876"}],"wp:term":[{"taxonomy":"category","embeddable":true,"href":"https:\/\/die-wetterversicherung.de\/blog\/wp-json\/wp\/v2\/categories?post=1876"},{"taxonomy":"post_tag","embeddable":true,"href":"https:\/\/die-wetterversicherung.de\/blog\/wp-json\/wp\/v2\/tags?post=1876"}],"curies":[{"name":"wp","href":"https:\/\/api.w.org\/{rel}","templated":true}]}}