{"id":1857,"date":"2017-12-13T06:00:45","date_gmt":"2017-12-13T05:00:45","guid":{"rendered":"https:\/\/die-wetterversicherung.de\/?p=1857"},"modified":"2017-12-01T21:52:55","modified_gmt":"2017-12-01T20:52:55","slug":"koennten-kohlekraftwerke-bald-geschichte-sein","status":"publish","type":"post","link":"https:\/\/die-wetterversicherung.de\/blog\/koennten-kohlekraftwerke-bald-geschichte-sein\/","title":{"rendered":"K\u00f6nnten Kohlekraftwerke bald Geschichte sein?"},"content":{"rendered":"<p><b>Unterirdische W\u00e4rmespeicher k\u00f6nnten mittelfristig fossile Energie teilweise ersetzen.<\/b><\/p>\n<div id=\"attachment_1858\" style=\"width: 300px\" class=\"wp-caption alignleft\"><img loading=\"lazy\" decoding=\"async\" aria-describedby=\"caption-attachment-1858\" class=\"size-medium wp-image-1858\" src=\"https:\/\/die-wetterversicherung.de\/wp-content\/uploads\/2017\/12\/erneuerbare-energien-kohlekraftwerk-klimawandel-wa\u0308rmespeicher-300x200.jpg\" alt=\"Foto: Fernw\u00e4rme-Verbund Saar\" width=\"300\" height=\"200\" srcset=\"https:\/\/die-wetterversicherung.de\/blog\/wp-content\/uploads\/2017\/12\/erneuerbare-energien-kohlekraftwerk-klimawandel-wa\u0308rmespeicher-300x200.jpg 300w, https:\/\/die-wetterversicherung.de\/blog\/wp-content\/uploads\/2017\/12\/erneuerbare-energien-kohlekraftwerk-klimawandel-wa\u0308rmespeicher-768x512.jpg 768w, https:\/\/die-wetterversicherung.de\/blog\/wp-content\/uploads\/2017\/12\/erneuerbare-energien-kohlekraftwerk-klimawandel-wa\u0308rmespeicher-1024x683.jpg 1024w, https:\/\/die-wetterversicherung.de\/blog\/wp-content\/uploads\/2017\/12\/erneuerbare-energien-kohlekraftwerk-klimawandel-wa\u0308rmespeicher.jpg 1536w\" sizes=\"auto, (max-width: 300px) 100vw, 300px\" \/><p id=\"caption-attachment-1858\" class=\"wp-caption-text\">Foto: Fernw\u00e4rme-Verbund Saar<\/p><\/div>\n<p><span style=\"font-weight: 400;\">Bis 2050 soll die Energieversorgung in Deutschland zu 60 Prozent aus <\/span><a href=\"http:\/\/www.gvf.de\/erneuerbare-energien\/\" target=\"_blank\"><span style=\"font-weight: 400;\">erneuerbarer Energie<\/span><\/a><span style=\"font-weight: 400;\"> gedeckt werden \u2013 eine Herausforderung f\u00fcr Politik und Wissenschaft im Kampf gegen den <\/span><a href=\"https:\/\/die-wetterversicherung.de\/klimagipfel-landwirte-tun-etwas-fuer-den-klimaschutz\/\" target=\"_blank\"><span style=\"font-weight: 400;\">Klimawandel<\/span><\/a><span style=\"font-weight: 400;\">. 100 Experten aus ganz Deutschland haben sich Ende November in Kiel getroffen, um den Status Quo eines einzigartigen Projektes zu er\u00f6rtern: St\u00e4dte als Quelle erneuerbarer Energie.<\/span><\/p>\n<p><span style=\"font-weight: 400;\">Im Rahmen des Forschungsprojektes <\/span><a href=\"http:\/\/www.angusplus.de\/\" target=\"_blank\"><span style=\"font-weight: 400;\">\u201eAngus+\u201c<\/span><\/a><span style=\"font-weight: 400;\"> wollen Wissenschaftler herausfinden, ob es m\u00f6glich ist, urbane und industrielle W\u00e4rme in unterirdischen <\/span><span style=\"font-weight: 400;\">W\u00e4rmespeichern<\/span><span style=\"font-weight: 400;\"> zu sammeln und gezielt f\u00fcr die Energieerzeugung zu nutzen. Dazu z\u00e4hlen zum Beispiel Ab- und Prozessw\u00e4rme aus Geb\u00e4udeklimatisierung. Besonders die Auswirkungen auf die Energiewende durch die Nutzung des geologischen Untergrundes als thermischer, elektrischer und stofflicher Speicher werden untersucht. Aber auch Risiken und Auswirkungsprognosen als Grundlagen einer zuk\u00fcnftigen Raumplanung des Untergrundes werden thematisiert.<\/span><\/p>\n<p><b>St\u00e4dte geben W\u00e4rme ab<\/b><\/p>\n<p><span style=\"font-weight: 400;\">\u201eDie regenerative W\u00e4rme- und K\u00e4lteversorgung von St\u00e4dten ist auch international einer der bedeutendsten Hebel f\u00fcr die Energiewende und einer der Schl\u00fcssel f\u00fcr den Kohleausstieg.\u201c, sagte Professor Andreas Dahmke von der Kieler Christian-Albrechts-Universit\u00e4t auf dem Symposium. Die Nutzung saisonaler unterirdischer W\u00e4rmespeicher er\u00f6ffne dabei die M\u00f6glichkeit, <\/span><span style=\"font-weight: 400;\">Kohlekraftwerke<\/span><span style=\"font-weight: 400;\"> sogar schon mittelfristig teilweise ersetzen zu k\u00f6nnen, prognostiziert Dahmke. Sebastian Bauer, ebenfalls von der CAU, erg\u00e4nzte: \u201eEs existieren in St\u00e4dten gerade in den Sommermonaten eine Reihe potenzieller W\u00e4rmequellen, deren Einbindung in die st\u00e4dtische W\u00e4rmeversorgung m\u00f6glich wird, wenn saisonale W\u00e4rmespeicher verf\u00fcgbar sind.\u201c Die Wissenschaftler sehen sich bereits in der Lage, bei relativ geringer Raumbeanspruchung von weniger als 10 Prozent der oberen 200 Meter des geologischen Untergrunds W\u00e4rme- und K\u00e4ltespeicher mit den entsprechend gro\u00dfen Kapazit\u00e4ten zu errichten. <\/span><\/p>\n<p><span style=\"font-weight: 400;\">Das Projekt \u201eAngus+\u201d wird vom Bundesministerium f\u00fcr Wirtschaft und Energie (BMWi) bis Ende 2020 mit 6,6 Millionen Euro gef\u00f6rdert.<\/span><\/p>\n","protected":false},"excerpt":{"rendered":"<p>Unterirdische W\u00e4rmespeicher k\u00f6nnten mittelfristig fossile Energie teilweise ersetzen.<\/p><p><a class=\"more-link btn\" href=\"https:\/\/die-wetterversicherung.de\/blog\/koennten-kohlekraftwerke-bald-geschichte-sein\/\">Weiterlesen<\/a><\/p>\n","protected":false},"author":5,"featured_media":1858,"comment_status":"open","ping_status":"closed","sticky":false,"template":"","format":"standard","meta":{"footnotes":""},"categories":[4],"tags":[244,84,245,246],"class_list":["post-1857","post","type-post","status-publish","format-standard","has-post-thumbnail","hentry","category-lasst-uns-ubers-wetter-reden","tag-erneuerbare-energien","tag-klimawandel","tag-kohlekraftwerk","tag-waermespeicher","item-wrap"],"yoast_head":"<!-- This site is optimized with the Yoast SEO plugin v26.4 - https:\/\/yoast.com\/wordpress\/plugins\/seo\/ -->\n<title>K\u00f6nnten Kohlekraftwerke bald Geschichte sein? - die-wetterversicherung.de<\/title>\n<meta name=\"robots\" content=\"index, follow, max-snippet:-1, max-image-preview:large, max-video-preview:-1\" \/>\n<link rel=\"canonical\" href=\"https:\/\/die-wetterversicherung.de\/blog\/koennten-kohlekraftwerke-bald-geschichte-sein\/\" \/>\n<meta property=\"og:locale\" content=\"de_DE\" \/>\n<meta property=\"og:type\" content=\"article\" \/>\n<meta property=\"og:title\" content=\"K\u00f6nnten Kohlekraftwerke bald Geschichte sein? - die-wetterversicherung.de\" \/>\n<meta property=\"og:description\" content=\"Unterirdische W\u00e4rmespeicher k\u00f6nnten mittelfristig fossile Energie teilweise ersetzen.\" \/>\n<meta property=\"og:url\" content=\"https:\/\/die-wetterversicherung.de\/blog\/koennten-kohlekraftwerke-bald-geschichte-sein\/\" \/>\n<meta property=\"og:site_name\" content=\"die-wetterversicherung.de\" \/>\n<meta property=\"article:publisher\" content=\"https:\/\/www.facebook.com\/diewetterversicherung\" \/>\n<meta property=\"article:published_time\" content=\"2017-12-13T05:00:45+00:00\" \/>\n<meta property=\"og:image\" content=\"https:\/\/die-wetterversicherung.de\/blog\/wp-content\/uploads\/2017\/12\/erneuerbare-energien-kohlekraftwerk-klimawandel-wa\u0308rmespeicher.jpg\" \/>\n\t<meta property=\"og:image:width\" content=\"1536\" \/>\n\t<meta property=\"og:image:height\" content=\"1024\" \/>\n\t<meta property=\"og:image:type\" content=\"image\/jpeg\" \/>\n<meta name=\"author\" content=\"admin\" \/>\n<meta name=\"twitter:card\" content=\"summary_large_image\" \/>\n<meta name=\"twitter:label1\" content=\"Verfasst von\" \/>\n\t<meta name=\"twitter:data1\" content=\"admin\" \/>\n\t<meta name=\"twitter:label2\" content=\"Gesch\u00e4tzte Lesezeit\" \/>\n\t<meta name=\"twitter:data2\" content=\"2\u00a0Minuten\" \/>\n<script type=\"application\/ld+json\" class=\"yoast-schema-graph\">{\"@context\":\"https:\/\/schema.org\",\"@graph\":[{\"@type\":\"WebPage\",\"@id\":\"https:\/\/die-wetterversicherung.de\/blog\/koennten-kohlekraftwerke-bald-geschichte-sein\/\",\"url\":\"https:\/\/die-wetterversicherung.de\/blog\/koennten-kohlekraftwerke-bald-geschichte-sein\/\",\"name\":\"K\u00f6nnten Kohlekraftwerke bald Geschichte sein? - die-wetterversicherung.de\",\"isPartOf\":{\"@id\":\"https:\/\/die-wetterversicherung.de\/blog\/#website\"},\"primaryImageOfPage\":{\"@id\":\"https:\/\/die-wetterversicherung.de\/blog\/koennten-kohlekraftwerke-bald-geschichte-sein\/#primaryimage\"},\"image\":{\"@id\":\"https:\/\/die-wetterversicherung.de\/blog\/koennten-kohlekraftwerke-bald-geschichte-sein\/#primaryimage\"},\"thumbnailUrl\":\"https:\/\/die-wetterversicherung.de\/blog\/wp-content\/uploads\/2017\/12\/erneuerbare-energien-kohlekraftwerk-klimawandel-wa\u0308rmespeicher.jpg\",\"datePublished\":\"2017-12-13T05:00:45+00:00\",\"author\":{\"@id\":\"https:\/\/die-wetterversicherung.de\/blog\/#\/schema\/person\/ece359d1fb2756d4f371d523c75b881a\"},\"breadcrumb\":{\"@id\":\"https:\/\/die-wetterversicherung.de\/blog\/koennten-kohlekraftwerke-bald-geschichte-sein\/#breadcrumb\"},\"inLanguage\":\"de\",\"potentialAction\":[{\"@type\":\"ReadAction\",\"target\":[\"https:\/\/die-wetterversicherung.de\/blog\/koennten-kohlekraftwerke-bald-geschichte-sein\/\"]}]},{\"@type\":\"ImageObject\",\"inLanguage\":\"de\",\"@id\":\"https:\/\/die-wetterversicherung.de\/blog\/koennten-kohlekraftwerke-bald-geschichte-sein\/#primaryimage\",\"url\":\"https:\/\/die-wetterversicherung.de\/blog\/wp-content\/uploads\/2017\/12\/erneuerbare-energien-kohlekraftwerk-klimawandel-wa\u0308rmespeicher.jpg\",\"contentUrl\":\"https:\/\/die-wetterversicherung.de\/blog\/wp-content\/uploads\/2017\/12\/erneuerbare-energien-kohlekraftwerk-klimawandel-wa\u0308rmespeicher.jpg\",\"width\":1536,\"height\":1024,\"caption\":\"Foto: Fernw\u00e4rme-Verbund Saar\"},{\"@type\":\"BreadcrumbList\",\"@id\":\"https:\/\/die-wetterversicherung.de\/blog\/koennten-kohlekraftwerke-bald-geschichte-sein\/#breadcrumb\",\"itemListElement\":[{\"@type\":\"ListItem\",\"position\":1,\"name\":\"Startseite\",\"item\":\"https:\/\/die-wetterversicherung.de\/blog\/\"},{\"@type\":\"ListItem\",\"position\":2,\"name\":\"K\u00f6nnten Kohlekraftwerke bald Geschichte sein?\"}]},{\"@type\":\"WebSite\",\"@id\":\"https:\/\/die-wetterversicherung.de\/blog\/#website\",\"url\":\"https:\/\/die-wetterversicherung.de\/blog\/\",\"name\":\"die-wetterversicherung.de\",\"description\":\"Wetterversicherung-Blog\",\"potentialAction\":[{\"@type\":\"SearchAction\",\"target\":{\"@type\":\"EntryPoint\",\"urlTemplate\":\"https:\/\/die-wetterversicherung.de\/blog\/?s={search_term_string}\"},\"query-input\":{\"@type\":\"PropertyValueSpecification\",\"valueRequired\":true,\"valueName\":\"search_term_string\"}}],\"inLanguage\":\"de\"},{\"@type\":\"Person\",\"@id\":\"https:\/\/die-wetterversicherung.de\/blog\/#\/schema\/person\/ece359d1fb2756d4f371d523c75b881a\",\"name\":\"admin\",\"url\":\"https:\/\/die-wetterversicherung.de\/blog\/author\/admin\/\"}]}<\/script>\n<!-- \/ Yoast SEO plugin. -->","yoast_head_json":{"title":"K\u00f6nnten Kohlekraftwerke bald Geschichte sein? - die-wetterversicherung.de","robots":{"index":"index","follow":"follow","max-snippet":"max-snippet:-1","max-image-preview":"max-image-preview:large","max-video-preview":"max-video-preview:-1"},"canonical":"https:\/\/die-wetterversicherung.de\/blog\/koennten-kohlekraftwerke-bald-geschichte-sein\/","og_locale":"de_DE","og_type":"article","og_title":"K\u00f6nnten Kohlekraftwerke bald Geschichte sein? - die-wetterversicherung.de","og_description":"Unterirdische W\u00e4rmespeicher k\u00f6nnten mittelfristig fossile Energie teilweise ersetzen.","og_url":"https:\/\/die-wetterversicherung.de\/blog\/koennten-kohlekraftwerke-bald-geschichte-sein\/","og_site_name":"die-wetterversicherung.de","article_publisher":"https:\/\/www.facebook.com\/diewetterversicherung","article_published_time":"2017-12-13T05:00:45+00:00","og_image":[{"width":1536,"height":1024,"url":"https:\/\/die-wetterversicherung.de\/blog\/wp-content\/uploads\/2017\/12\/erneuerbare-energien-kohlekraftwerk-klimawandel-wa\u0308rmespeicher.jpg","type":"image\/jpeg"}],"author":"admin","twitter_card":"summary_large_image","twitter_misc":{"Verfasst von":"admin","Gesch\u00e4tzte Lesezeit":"2\u00a0Minuten"},"schema":{"@context":"https:\/\/schema.org","@graph":[{"@type":"WebPage","@id":"https:\/\/die-wetterversicherung.de\/blog\/koennten-kohlekraftwerke-bald-geschichte-sein\/","url":"https:\/\/die-wetterversicherung.de\/blog\/koennten-kohlekraftwerke-bald-geschichte-sein\/","name":"K\u00f6nnten Kohlekraftwerke bald Geschichte sein? - die-wetterversicherung.de","isPartOf":{"@id":"https:\/\/die-wetterversicherung.de\/blog\/#website"},"primaryImageOfPage":{"@id":"https:\/\/die-wetterversicherung.de\/blog\/koennten-kohlekraftwerke-bald-geschichte-sein\/#primaryimage"},"image":{"@id":"https:\/\/die-wetterversicherung.de\/blog\/koennten-kohlekraftwerke-bald-geschichte-sein\/#primaryimage"},"thumbnailUrl":"https:\/\/die-wetterversicherung.de\/blog\/wp-content\/uploads\/2017\/12\/erneuerbare-energien-kohlekraftwerk-klimawandel-wa\u0308rmespeicher.jpg","datePublished":"2017-12-13T05:00:45+00:00","author":{"@id":"https:\/\/die-wetterversicherung.de\/blog\/#\/schema\/person\/ece359d1fb2756d4f371d523c75b881a"},"breadcrumb":{"@id":"https:\/\/die-wetterversicherung.de\/blog\/koennten-kohlekraftwerke-bald-geschichte-sein\/#breadcrumb"},"inLanguage":"de","potentialAction":[{"@type":"ReadAction","target":["https:\/\/die-wetterversicherung.de\/blog\/koennten-kohlekraftwerke-bald-geschichte-sein\/"]}]},{"@type":"ImageObject","inLanguage":"de","@id":"https:\/\/die-wetterversicherung.de\/blog\/koennten-kohlekraftwerke-bald-geschichte-sein\/#primaryimage","url":"https:\/\/die-wetterversicherung.de\/blog\/wp-content\/uploads\/2017\/12\/erneuerbare-energien-kohlekraftwerk-klimawandel-wa\u0308rmespeicher.jpg","contentUrl":"https:\/\/die-wetterversicherung.de\/blog\/wp-content\/uploads\/2017\/12\/erneuerbare-energien-kohlekraftwerk-klimawandel-wa\u0308rmespeicher.jpg","width":1536,"height":1024,"caption":"Foto: Fernw\u00e4rme-Verbund Saar"},{"@type":"BreadcrumbList","@id":"https:\/\/die-wetterversicherung.de\/blog\/koennten-kohlekraftwerke-bald-geschichte-sein\/#breadcrumb","itemListElement":[{"@type":"ListItem","position":1,"name":"Startseite","item":"https:\/\/die-wetterversicherung.de\/blog\/"},{"@type":"ListItem","position":2,"name":"K\u00f6nnten Kohlekraftwerke bald Geschichte sein?"}]},{"@type":"WebSite","@id":"https:\/\/die-wetterversicherung.de\/blog\/#website","url":"https:\/\/die-wetterversicherung.de\/blog\/","name":"die-wetterversicherung.de","description":"Wetterversicherung-Blog","potentialAction":[{"@type":"SearchAction","target":{"@type":"EntryPoint","urlTemplate":"https:\/\/die-wetterversicherung.de\/blog\/?s={search_term_string}"},"query-input":{"@type":"PropertyValueSpecification","valueRequired":true,"valueName":"search_term_string"}}],"inLanguage":"de"},{"@type":"Person","@id":"https:\/\/die-wetterversicherung.de\/blog\/#\/schema\/person\/ece359d1fb2756d4f371d523c75b881a","name":"admin","url":"https:\/\/die-wetterversicherung.de\/blog\/author\/admin\/"}]}},"_links":{"self":[{"href":"https:\/\/die-wetterversicherung.de\/blog\/wp-json\/wp\/v2\/posts\/1857","targetHints":{"allow":["GET"]}}],"collection":[{"href":"https:\/\/die-wetterversicherung.de\/blog\/wp-json\/wp\/v2\/posts"}],"about":[{"href":"https:\/\/die-wetterversicherung.de\/blog\/wp-json\/wp\/v2\/types\/post"}],"author":[{"embeddable":true,"href":"https:\/\/die-wetterversicherung.de\/blog\/wp-json\/wp\/v2\/users\/5"}],"replies":[{"embeddable":true,"href":"https:\/\/die-wetterversicherung.de\/blog\/wp-json\/wp\/v2\/comments?post=1857"}],"version-history":[{"count":2,"href":"https:\/\/die-wetterversicherung.de\/blog\/wp-json\/wp\/v2\/posts\/1857\/revisions"}],"predecessor-version":[{"id":1860,"href":"https:\/\/die-wetterversicherung.de\/blog\/wp-json\/wp\/v2\/posts\/1857\/revisions\/1860"}],"wp:featuredmedia":[{"embeddable":true,"href":"https:\/\/die-wetterversicherung.de\/blog\/wp-json\/wp\/v2\/media\/1858"}],"wp:attachment":[{"href":"https:\/\/die-wetterversicherung.de\/blog\/wp-json\/wp\/v2\/media?parent=1857"}],"wp:term":[{"taxonomy":"category","embeddable":true,"href":"https:\/\/die-wetterversicherung.de\/blog\/wp-json\/wp\/v2\/categories?post=1857"},{"taxonomy":"post_tag","embeddable":true,"href":"https:\/\/die-wetterversicherung.de\/blog\/wp-json\/wp\/v2\/tags?post=1857"}],"curies":[{"name":"wp","href":"https:\/\/api.w.org\/{rel}","templated":true}]}}