{"id":1853,"date":"2017-12-06T06:00:19","date_gmt":"2017-12-06T05:00:19","guid":{"rendered":"https:\/\/die-wetterversicherung.de\/?p=1853"},"modified":"2017-12-01T21:43:36","modified_gmt":"2017-12-01T20:43:36","slug":"wetterphaenomen-koennte-lebensmittelpreise-in-die-hoehe-treiben","status":"publish","type":"post","link":"https:\/\/die-wetterversicherung.de\/blog\/wetterphaenomen-koennte-lebensmittelpreise-in-die-hoehe-treiben\/","title":{"rendered":"Wetterph\u00e4nomen k\u00f6nnte Lebensmittelpreise in die H\u00f6he treiben"},"content":{"rendered":"<p><b>Experten rechnen mit einer relativ hohen Wahrscheinlichkeit, dass diesen Winter \u201eLa Ni\u00f1a\u201c auftritt<\/b><span style=\"font-weight: 400;\">. <\/span><b>Ein Analyst warnt vor dem Anstieg der <\/b><b>Lebensmittelpreise<\/b><b>.<\/b><\/p>\n<div id=\"attachment_1854\" style=\"width: 300px\" class=\"wp-caption alignleft\"><img loading=\"lazy\" decoding=\"async\" aria-describedby=\"caption-attachment-1854\" class=\"size-medium wp-image-1854\" src=\"https:\/\/die-wetterversicherung.de\/wp-content\/uploads\/2017\/12\/Lebensmittelpreise-La-Nin\u0303a-2016-Wetterpha\u0308nomene-300x199.jpg\" alt=\"Foto: pixabay\" width=\"300\" height=\"199\" srcset=\"https:\/\/die-wetterversicherung.de\/blog\/wp-content\/uploads\/2017\/12\/Lebensmittelpreise-La-Nin\u0303a-2016-Wetterpha\u0308nomene-300x199.jpg 300w, https:\/\/die-wetterversicherung.de\/blog\/wp-content\/uploads\/2017\/12\/Lebensmittelpreise-La-Nin\u0303a-2016-Wetterpha\u0308nomene-768x510.jpg 768w, https:\/\/die-wetterversicherung.de\/blog\/wp-content\/uploads\/2017\/12\/Lebensmittelpreise-La-Nin\u0303a-2016-Wetterpha\u0308nomene-1024x681.jpg 1024w, https:\/\/die-wetterversicherung.de\/blog\/wp-content\/uploads\/2017\/12\/Lebensmittelpreise-La-Nin\u0303a-2016-Wetterpha\u0308nomene.jpg 1500w\" sizes=\"auto, (max-width: 300px) 100vw, 300px\" \/><p id=\"caption-attachment-1854\" class=\"wp-caption-text\">Foto: pixabay<\/p><\/div>\n<p>F\u00fcr Ende Dezember rechnen Experten mit dem Wetterph\u00e4nomen \u201eLa Ni\u00f1a\u201c, das traditionellerweise nach \u201eEl Nino\u201c ebenfalls im pazifischen Raum auftritt \u2013 mit Folgen f\u00fcr den globalen Lebensmittelmarkt. Stefan Vogel, Analyst bei der Rabobank, sagte der britischen Zeitung \u201eGuardian\u201c: \u201eWir sehen eine deutliche Gefahr am Horizont, was die globalen Lebensmittelpreise im Jahr 2018 betrifft\u201d. Durch zerst\u00f6rte Ernten k\u00f6nnte die relativ hohe Stabilit\u00e4t des Lebensmittelmarktes der vergangenen Jahre kippen.<\/p>\n<p><b>Wetterph\u00e4nomene<\/b><b> zerst\u00f6ren Ernten<\/b><\/p>\n<p>\u201eLa Ni\u00f1a\u201c f\u00fcr ist das Gegenst\u00fcck zu <a href=\"https:\/\/die-wetterversicherung.de\/elnino-co2\/\" target=\"_blank\">\u201eEl Ni\u00f1o\u201c<\/a> und Teil einer Wetterschaukel, die sich alle paar Jahre zwischen Asien und dem amerikanischen Kontinent hin- und her bewegt. W\u00e4hrend durch \u201eEl Ni\u00f1o\u201c Lateinamerika mit katastrophalen D\u00fcrren zu k\u00e4mpfen hat, werden asiatische Regionen von Taifunen und Hurrikans heimgesucht. Bei \u201eLa Ni\u00f1a\u201c ist es umgekehrt: D\u00fcrre in Asien, St\u00fcrme und \u00dcberflutungen an der Pazifikk\u00fcste Lateinamerikas.<\/p>\n<p><span style=\"font-weight: 400;\">Der Grund sind \u00fcberdurchschnittlich hohe Luftdruckunterschiede zwischen S\u00fcdamerika und Indonesien. Dadurch werden die Passatwinde verst\u00e4rkt. Diese treiben das warme Oberfl\u00e4chenwasser des Pazifiks nach S\u00fcdostasien. Vor der K\u00fcste Perus hingegen str\u00f6mt als Folge mehr kaltes Wasser aus der Tiefe nach. In S\u00fcdamerika regnet es weniger, in Nordamerika ist mit dem vermehrten Auftreten von Hurrikans zu rechnen \u2013 und in S\u00fcdostasien vertrocknen die \u00c4cker. <\/span><span style=\"font-weight: 400;\">\u201eLa Ni\u00f1a\u201c trat zwar 2016<\/span><span style=\"font-weight: 400;\"> auch auf, nach Einsch\u00e4tzung von Experten der US-Beh\u00f6rde <a href=\"http:\/\/www.noaa.gov\/\" target=\"_blank\">\u201eNational Oceanic and Atmospheric Administration\u201c (NOAA)<\/a> liegt die Wahrscheinlichkeit, dass sich das Wetterereignis diesen Winter wiederholt, bei 65 bis 75 Prozent.<\/span><\/p>\n<p>&nbsp;<\/p>\n","protected":false},"excerpt":{"rendered":"<p>Experten rechnen mit einer relativ hohen Wahrscheinlichkeit, dass diesen Winter \u201eLa Ni\u00f1a\u201c auftritt. Ein Analyst warnt vor dem Anstieg der Lebensmittelpreise.<\/p><p><a class=\"more-link btn\" href=\"https:\/\/die-wetterversicherung.de\/blog\/wetterphaenomen-koennte-lebensmittelpreise-in-die-hoehe-treiben\/\">Weiterlesen<\/a><\/p>\n","protected":false},"author":5,"featured_media":1854,"comment_status":"open","ping_status":"closed","sticky":false,"template":"","format":"standard","meta":{"footnotes":""},"categories":[4],"tags":[242,241,243],"class_list":["post-1853","post","type-post","status-publish","format-standard","has-post-thumbnail","hentry","category-lasst-uns-ubers-wetter-reden","tag-la-nina-2016","tag-lebensmittelpreise","tag-wetterphaenomene","item-wrap"],"yoast_head":"<!-- This site is optimized with the Yoast SEO plugin v26.4 - https:\/\/yoast.com\/wordpress\/plugins\/seo\/ -->\n<title>Wetterph\u00e4nomen k\u00f6nnte Lebensmittelpreise in die H\u00f6he treiben - die-wetterversicherung.de<\/title>\n<meta name=\"robots\" content=\"index, follow, max-snippet:-1, max-image-preview:large, max-video-preview:-1\" \/>\n<link rel=\"canonical\" href=\"https:\/\/die-wetterversicherung.de\/blog\/wetterphaenomen-koennte-lebensmittelpreise-in-die-hoehe-treiben\/\" \/>\n<meta property=\"og:locale\" content=\"de_DE\" \/>\n<meta property=\"og:type\" content=\"article\" \/>\n<meta property=\"og:title\" content=\"Wetterph\u00e4nomen k\u00f6nnte Lebensmittelpreise in die H\u00f6he treiben - die-wetterversicherung.de\" \/>\n<meta property=\"og:description\" content=\"Experten rechnen mit einer relativ hohen Wahrscheinlichkeit, dass diesen Winter \u201eLa Ni\u00f1a\u201c auftritt. Ein Analyst warnt vor dem Anstieg der Lebensmittelpreise.\" \/>\n<meta property=\"og:url\" content=\"https:\/\/die-wetterversicherung.de\/blog\/wetterphaenomen-koennte-lebensmittelpreise-in-die-hoehe-treiben\/\" \/>\n<meta property=\"og:site_name\" content=\"die-wetterversicherung.de\" \/>\n<meta property=\"article:publisher\" content=\"https:\/\/www.facebook.com\/diewetterversicherung\" \/>\n<meta property=\"article:published_time\" content=\"2017-12-06T05:00:19+00:00\" \/>\n<meta property=\"og:image\" content=\"https:\/\/die-wetterversicherung.de\/blog\/wp-content\/uploads\/2017\/12\/Lebensmittelpreise-La-Nin\u0303a-2016-Wetterpha\u0308nomene.jpg\" \/>\n\t<meta property=\"og:image:width\" content=\"1500\" \/>\n\t<meta property=\"og:image:height\" content=\"997\" \/>\n\t<meta property=\"og:image:type\" content=\"image\/jpeg\" \/>\n<meta name=\"author\" content=\"admin\" \/>\n<meta name=\"twitter:card\" content=\"summary_large_image\" \/>\n<meta name=\"twitter:label1\" content=\"Verfasst von\" \/>\n\t<meta name=\"twitter:data1\" content=\"admin\" \/>\n\t<meta name=\"twitter:label2\" content=\"Gesch\u00e4tzte Lesezeit\" \/>\n\t<meta name=\"twitter:data2\" content=\"1\u00a0Minute\" \/>\n<script type=\"application\/ld+json\" class=\"yoast-schema-graph\">{\"@context\":\"https:\/\/schema.org\",\"@graph\":[{\"@type\":\"WebPage\",\"@id\":\"https:\/\/die-wetterversicherung.de\/blog\/wetterphaenomen-koennte-lebensmittelpreise-in-die-hoehe-treiben\/\",\"url\":\"https:\/\/die-wetterversicherung.de\/blog\/wetterphaenomen-koennte-lebensmittelpreise-in-die-hoehe-treiben\/\",\"name\":\"Wetterph\u00e4nomen k\u00f6nnte Lebensmittelpreise in die H\u00f6he treiben - die-wetterversicherung.de\",\"isPartOf\":{\"@id\":\"https:\/\/die-wetterversicherung.de\/blog\/#website\"},\"primaryImageOfPage\":{\"@id\":\"https:\/\/die-wetterversicherung.de\/blog\/wetterphaenomen-koennte-lebensmittelpreise-in-die-hoehe-treiben\/#primaryimage\"},\"image\":{\"@id\":\"https:\/\/die-wetterversicherung.de\/blog\/wetterphaenomen-koennte-lebensmittelpreise-in-die-hoehe-treiben\/#primaryimage\"},\"thumbnailUrl\":\"https:\/\/die-wetterversicherung.de\/blog\/wp-content\/uploads\/2017\/12\/Lebensmittelpreise-La-Nin\u0303a-2016-Wetterpha\u0308nomene.jpg\",\"datePublished\":\"2017-12-06T05:00:19+00:00\",\"author\":{\"@id\":\"https:\/\/die-wetterversicherung.de\/blog\/#\/schema\/person\/ece359d1fb2756d4f371d523c75b881a\"},\"breadcrumb\":{\"@id\":\"https:\/\/die-wetterversicherung.de\/blog\/wetterphaenomen-koennte-lebensmittelpreise-in-die-hoehe-treiben\/#breadcrumb\"},\"inLanguage\":\"de\",\"potentialAction\":[{\"@type\":\"ReadAction\",\"target\":[\"https:\/\/die-wetterversicherung.de\/blog\/wetterphaenomen-koennte-lebensmittelpreise-in-die-hoehe-treiben\/\"]}]},{\"@type\":\"ImageObject\",\"inLanguage\":\"de\",\"@id\":\"https:\/\/die-wetterversicherung.de\/blog\/wetterphaenomen-koennte-lebensmittelpreise-in-die-hoehe-treiben\/#primaryimage\",\"url\":\"https:\/\/die-wetterversicherung.de\/blog\/wp-content\/uploads\/2017\/12\/Lebensmittelpreise-La-Nin\u0303a-2016-Wetterpha\u0308nomene.jpg\",\"contentUrl\":\"https:\/\/die-wetterversicherung.de\/blog\/wp-content\/uploads\/2017\/12\/Lebensmittelpreise-La-Nin\u0303a-2016-Wetterpha\u0308nomene.jpg\",\"width\":1500,\"height\":997,\"caption\":\"Foto: pixabay\"},{\"@type\":\"BreadcrumbList\",\"@id\":\"https:\/\/die-wetterversicherung.de\/blog\/wetterphaenomen-koennte-lebensmittelpreise-in-die-hoehe-treiben\/#breadcrumb\",\"itemListElement\":[{\"@type\":\"ListItem\",\"position\":1,\"name\":\"Startseite\",\"item\":\"https:\/\/die-wetterversicherung.de\/blog\/\"},{\"@type\":\"ListItem\",\"position\":2,\"name\":\"Wetterph\u00e4nomen k\u00f6nnte Lebensmittelpreise in die H\u00f6he treiben\"}]},{\"@type\":\"WebSite\",\"@id\":\"https:\/\/die-wetterversicherung.de\/blog\/#website\",\"url\":\"https:\/\/die-wetterversicherung.de\/blog\/\",\"name\":\"die-wetterversicherung.de\",\"description\":\"Wetterversicherung-Blog\",\"potentialAction\":[{\"@type\":\"SearchAction\",\"target\":{\"@type\":\"EntryPoint\",\"urlTemplate\":\"https:\/\/die-wetterversicherung.de\/blog\/?s={search_term_string}\"},\"query-input\":{\"@type\":\"PropertyValueSpecification\",\"valueRequired\":true,\"valueName\":\"search_term_string\"}}],\"inLanguage\":\"de\"},{\"@type\":\"Person\",\"@id\":\"https:\/\/die-wetterversicherung.de\/blog\/#\/schema\/person\/ece359d1fb2756d4f371d523c75b881a\",\"name\":\"admin\",\"url\":\"https:\/\/die-wetterversicherung.de\/blog\/author\/admin\/\"}]}<\/script>\n<!-- \/ Yoast SEO plugin. -->","yoast_head_json":{"title":"Wetterph\u00e4nomen k\u00f6nnte Lebensmittelpreise in die H\u00f6he treiben - die-wetterversicherung.de","robots":{"index":"index","follow":"follow","max-snippet":"max-snippet:-1","max-image-preview":"max-image-preview:large","max-video-preview":"max-video-preview:-1"},"canonical":"https:\/\/die-wetterversicherung.de\/blog\/wetterphaenomen-koennte-lebensmittelpreise-in-die-hoehe-treiben\/","og_locale":"de_DE","og_type":"article","og_title":"Wetterph\u00e4nomen k\u00f6nnte Lebensmittelpreise in die H\u00f6he treiben - die-wetterversicherung.de","og_description":"Experten rechnen mit einer relativ hohen Wahrscheinlichkeit, dass diesen Winter \u201eLa Ni\u00f1a\u201c auftritt. Ein Analyst warnt vor dem Anstieg der Lebensmittelpreise.","og_url":"https:\/\/die-wetterversicherung.de\/blog\/wetterphaenomen-koennte-lebensmittelpreise-in-die-hoehe-treiben\/","og_site_name":"die-wetterversicherung.de","article_publisher":"https:\/\/www.facebook.com\/diewetterversicherung","article_published_time":"2017-12-06T05:00:19+00:00","og_image":[{"width":1500,"height":997,"url":"https:\/\/die-wetterversicherung.de\/blog\/wp-content\/uploads\/2017\/12\/Lebensmittelpreise-La-Nin\u0303a-2016-Wetterpha\u0308nomene.jpg","type":"image\/jpeg"}],"author":"admin","twitter_card":"summary_large_image","twitter_misc":{"Verfasst von":"admin","Gesch\u00e4tzte Lesezeit":"1\u00a0Minute"},"schema":{"@context":"https:\/\/schema.org","@graph":[{"@type":"WebPage","@id":"https:\/\/die-wetterversicherung.de\/blog\/wetterphaenomen-koennte-lebensmittelpreise-in-die-hoehe-treiben\/","url":"https:\/\/die-wetterversicherung.de\/blog\/wetterphaenomen-koennte-lebensmittelpreise-in-die-hoehe-treiben\/","name":"Wetterph\u00e4nomen k\u00f6nnte Lebensmittelpreise in die H\u00f6he treiben - die-wetterversicherung.de","isPartOf":{"@id":"https:\/\/die-wetterversicherung.de\/blog\/#website"},"primaryImageOfPage":{"@id":"https:\/\/die-wetterversicherung.de\/blog\/wetterphaenomen-koennte-lebensmittelpreise-in-die-hoehe-treiben\/#primaryimage"},"image":{"@id":"https:\/\/die-wetterversicherung.de\/blog\/wetterphaenomen-koennte-lebensmittelpreise-in-die-hoehe-treiben\/#primaryimage"},"thumbnailUrl":"https:\/\/die-wetterversicherung.de\/blog\/wp-content\/uploads\/2017\/12\/Lebensmittelpreise-La-Nin\u0303a-2016-Wetterpha\u0308nomene.jpg","datePublished":"2017-12-06T05:00:19+00:00","author":{"@id":"https:\/\/die-wetterversicherung.de\/blog\/#\/schema\/person\/ece359d1fb2756d4f371d523c75b881a"},"breadcrumb":{"@id":"https:\/\/die-wetterversicherung.de\/blog\/wetterphaenomen-koennte-lebensmittelpreise-in-die-hoehe-treiben\/#breadcrumb"},"inLanguage":"de","potentialAction":[{"@type":"ReadAction","target":["https:\/\/die-wetterversicherung.de\/blog\/wetterphaenomen-koennte-lebensmittelpreise-in-die-hoehe-treiben\/"]}]},{"@type":"ImageObject","inLanguage":"de","@id":"https:\/\/die-wetterversicherung.de\/blog\/wetterphaenomen-koennte-lebensmittelpreise-in-die-hoehe-treiben\/#primaryimage","url":"https:\/\/die-wetterversicherung.de\/blog\/wp-content\/uploads\/2017\/12\/Lebensmittelpreise-La-Nin\u0303a-2016-Wetterpha\u0308nomene.jpg","contentUrl":"https:\/\/die-wetterversicherung.de\/blog\/wp-content\/uploads\/2017\/12\/Lebensmittelpreise-La-Nin\u0303a-2016-Wetterpha\u0308nomene.jpg","width":1500,"height":997,"caption":"Foto: pixabay"},{"@type":"BreadcrumbList","@id":"https:\/\/die-wetterversicherung.de\/blog\/wetterphaenomen-koennte-lebensmittelpreise-in-die-hoehe-treiben\/#breadcrumb","itemListElement":[{"@type":"ListItem","position":1,"name":"Startseite","item":"https:\/\/die-wetterversicherung.de\/blog\/"},{"@type":"ListItem","position":2,"name":"Wetterph\u00e4nomen k\u00f6nnte Lebensmittelpreise in die H\u00f6he treiben"}]},{"@type":"WebSite","@id":"https:\/\/die-wetterversicherung.de\/blog\/#website","url":"https:\/\/die-wetterversicherung.de\/blog\/","name":"die-wetterversicherung.de","description":"Wetterversicherung-Blog","potentialAction":[{"@type":"SearchAction","target":{"@type":"EntryPoint","urlTemplate":"https:\/\/die-wetterversicherung.de\/blog\/?s={search_term_string}"},"query-input":{"@type":"PropertyValueSpecification","valueRequired":true,"valueName":"search_term_string"}}],"inLanguage":"de"},{"@type":"Person","@id":"https:\/\/die-wetterversicherung.de\/blog\/#\/schema\/person\/ece359d1fb2756d4f371d523c75b881a","name":"admin","url":"https:\/\/die-wetterversicherung.de\/blog\/author\/admin\/"}]}},"_links":{"self":[{"href":"https:\/\/die-wetterversicherung.de\/blog\/wp-json\/wp\/v2\/posts\/1853","targetHints":{"allow":["GET"]}}],"collection":[{"href":"https:\/\/die-wetterversicherung.de\/blog\/wp-json\/wp\/v2\/posts"}],"about":[{"href":"https:\/\/die-wetterversicherung.de\/blog\/wp-json\/wp\/v2\/types\/post"}],"author":[{"embeddable":true,"href":"https:\/\/die-wetterversicherung.de\/blog\/wp-json\/wp\/v2\/users\/5"}],"replies":[{"embeddable":true,"href":"https:\/\/die-wetterversicherung.de\/blog\/wp-json\/wp\/v2\/comments?post=1853"}],"version-history":[{"count":2,"href":"https:\/\/die-wetterversicherung.de\/blog\/wp-json\/wp\/v2\/posts\/1853\/revisions"}],"predecessor-version":[{"id":1856,"href":"https:\/\/die-wetterversicherung.de\/blog\/wp-json\/wp\/v2\/posts\/1853\/revisions\/1856"}],"wp:featuredmedia":[{"embeddable":true,"href":"https:\/\/die-wetterversicherung.de\/blog\/wp-json\/wp\/v2\/media\/1854"}],"wp:attachment":[{"href":"https:\/\/die-wetterversicherung.de\/blog\/wp-json\/wp\/v2\/media?parent=1853"}],"wp:term":[{"taxonomy":"category","embeddable":true,"href":"https:\/\/die-wetterversicherung.de\/blog\/wp-json\/wp\/v2\/categories?post=1853"},{"taxonomy":"post_tag","embeddable":true,"href":"https:\/\/die-wetterversicherung.de\/blog\/wp-json\/wp\/v2\/tags?post=1853"}],"curies":[{"name":"wp","href":"https:\/\/api.w.org\/{rel}","templated":true}]}}