{"id":1850,"date":"2017-11-29T16:59:09","date_gmt":"2017-11-29T15:59:09","guid":{"rendered":"https:\/\/die-wetterversicherung.de\/?p=1850"},"modified":"2017-11-29T16:59:09","modified_gmt":"2017-11-29T15:59:09","slug":"den-wald-fuer-den-klimawandel-fit-machen","status":"publish","type":"post","link":"https:\/\/die-wetterversicherung.de\/blog\/den-wald-fuer-den-klimawandel-fit-machen\/","title":{"rendered":"Den Wald f\u00fcr den Klimawandel fit machen"},"content":{"rendered":"<p>&nbsp;<\/p>\n<p><b>Der <\/b><b>Wald in Deutschland<\/b><b> erholt sich, Mischw\u00e4lder k\u00f6nnten aber daf\u00fcr sorgen, dass es auch so bleibt.<\/b><\/p>\n<div id=\"attachment_1851\" style=\"width: 300px\" class=\"wp-caption alignleft\"><img loading=\"lazy\" decoding=\"async\" aria-describedby=\"caption-attachment-1851\" class=\"size-medium wp-image-1851\" src=\"https:\/\/die-wetterversicherung.de\/wp-content\/uploads\/2017\/11\/o\u0308kosystem-wald-wa\u0308lder-in-deutschland-folgen-des-klimawandels-300x201.jpg\" alt=\"Foto: pixabay\" width=\"300\" height=\"201\" srcset=\"https:\/\/die-wetterversicherung.de\/blog\/wp-content\/uploads\/2017\/11\/o\u0308kosystem-wald-wa\u0308lder-in-deutschland-folgen-des-klimawandels-300x201.jpg 300w, https:\/\/die-wetterversicherung.de\/blog\/wp-content\/uploads\/2017\/11\/o\u0308kosystem-wald-wa\u0308lder-in-deutschland-folgen-des-klimawandels-768x514.jpg 768w, https:\/\/die-wetterversicherung.de\/blog\/wp-content\/uploads\/2017\/11\/o\u0308kosystem-wald-wa\u0308lder-in-deutschland-folgen-des-klimawandels-1024x685.jpg 1024w, https:\/\/die-wetterversicherung.de\/blog\/wp-content\/uploads\/2017\/11\/o\u0308kosystem-wald-wa\u0308lder-in-deutschland-folgen-des-klimawandels.jpg 1500w\" sizes=\"auto, (max-width: 300px) 100vw, 300px\" \/><p id=\"caption-attachment-1851\" class=\"wp-caption-text\">Foto: pixabay<\/p><\/div>\n<p><span style=\"font-weight: 400;\">Der Klimawandel hat bereits <\/span><a href=\"https:\/\/die-wetterversicherung.de\/sturm-verwuestet-bayerische-waelder\/\" target=\"_blank\"><span style=\"font-weight: 400;\">Auswirkungen auf das <\/span><span style=\"font-weight: 400;\">\u00d6kosystem Wald<\/span><\/a><span style=\"font-weight: 400;\">. Das zeigt unter anderem der Waldzustandsbericht 2017 des Landes Sachsen-Anhalt. Vor allem Unwetter, St\u00fcrme, Trockenheit und Hitze sind es, die den B\u00e4umen zu schaffen machen. \u201eDennoch ist der Zustand unserer W\u00e4lder stabil\u201c, sagte Umweltministerin Claudia Dalbert bei der Vorstellung des Berichtes.<\/span><\/p>\n<p><b>W\u00e4lder dem Klimawandel anpassen<\/b><\/p>\n<p><span style=\"font-weight: 400;\">Die <\/span><span style=\"font-weight: 400;\">Folgen des Klimawandels<\/span><span style=\"font-weight: 400;\"> machen die W\u00e4lder auch anf\u00e4llig f\u00fcr biotische Schaderreger wie zum Beispiel den Buchdrucker. Eine L\u00f6sung sind Mischw\u00e4lder. Das Land Sachsen-Anhalt f\u00f6rdert deswegen den Waldumbau mit dem Aufbau von Mischwaldbest\u00e4nden. \u201eWir erhoffen uns davon die Erh\u00f6hung der Stabilit\u00e4t und Vitalit\u00e4t unserer W\u00e4lder. Gegen\u00fcber Gef\u00e4hrdungen werden sie dann besser gewappnet sein\u201c, so Dalbert.<\/span><\/p>\n<p><b>Buchen geht es besser<\/b><\/p>\n<p>Ein wichtiger Indikator f\u00fcr den Waldzustand ist der Kronenzustand. Die mittlere Kronenverlichtung der Waldb\u00e4ume in Sachsen-Anhalt betr\u00e4gt in diesem Jahr 17 Prozent und liegt damit seit 2005 stabil auf einem relativ geringen Niveau zwischen 14 und 17 Prozent. Beim \u201eSorgenkind\u201c Buche ist die mittlere Kronenverlichtung auf 33 Prozent gesunken. Grund daf\u00fcr sind die Niederschlagsmengen in dieser Vegetationsperiode. H\u00f6chstwerte f\u00fcr die mittlere Kronenverlichtung der Buche wurden 2004 mit 43 Prozent und 2016 mit 39 Prozent erreicht.<\/p>\n<p><b>Wald erholt sich auch im Westen<\/b><\/p>\n<p><span style=\"font-weight: 400;\">Auch im Westen Deutschlands hat sich der Waldzustand leicht verbessert, wie der Waldzustandsbericht Nordrhein-Westfalen zeigt. B<\/span><span style=\"font-weight: 400;\">ei den Laubb\u00e4umen haben sich besonders die Buchen im zur\u00fcckliegenden Jahr wieder erholt. Der Anteil der Eichen hat sich allerdings der Anteil der gut belaubten B\u00e4ume im Vergleich zu 2<\/span><span style=\"font-weight: 400;\">016 leicht verringert. Bei den Nadelb\u00e4umen haben sich die Nadelverluste bei den Fichten verringert, w\u00e4hrend die Kiefern eine st\u00e4rkere Kronenverlichtung zeigen.<\/span><\/p>\n<p>Ein Drittel der Fl\u00e4che von Deutschland besteht aus Wald (11,4 Millionen Hektar). Die h\u00e4ufigsten Baumarten in Deutschland sind die Nadelb\u00e4ume Fichte (26 Prozent) und Kiefer (23 Prozent), gefolgt von den Laubb\u00e4umen Buche (16 Prozent) und Eiche (11 Prozent).<\/p>\n<p><span style=\"font-weight: 400;\">Der Waldbericht der Bundesregierung kann auf der <\/span><a href=\"https:\/\/www.bundesregierung.de\/Content\/Infomaterial\/BMELV\/Waldbericht2017Kurzfassung_9966682.html\" target=\"_blank\"><span style=\"font-weight: 400;\">Internetseite des Bundeslandwirtschaftministeriums <\/span><\/a><span style=\"font-weight: 400;\">abgerufen werden.<\/span><\/p>\n","protected":false},"excerpt":{"rendered":"<p>Der Wald in Deutschland erholt sich, Mischw\u00e4lder k\u00f6nnten aber daf\u00fcr sorgen, dass es auch so bleibt.<\/p><p><a class=\"more-link btn\" href=\"https:\/\/die-wetterversicherung.de\/blog\/den-wald-fuer-den-klimawandel-fit-machen\/\">Weiterlesen<\/a><\/p>\n","protected":false},"author":5,"featured_media":1851,"comment_status":"open","ping_status":"closed","sticky":false,"template":"","format":"standard","meta":{"footnotes":""},"categories":[4],"tags":[228,239,240],"class_list":["post-1850","post","type-post","status-publish","format-standard","has-post-thumbnail","hentry","category-lasst-uns-ubers-wetter-reden","tag-folgen-des-klimawandels","tag-oekosystem-wald","tag-waelder-in-deutschland","item-wrap"],"yoast_head":"<!-- This site is optimized with the Yoast SEO plugin v26.4 - https:\/\/yoast.com\/wordpress\/plugins\/seo\/ -->\n<title>Den Wald f\u00fcr den Klimawandel fit machen - die-wetterversicherung.de<\/title>\n<meta name=\"robots\" content=\"index, follow, max-snippet:-1, max-image-preview:large, max-video-preview:-1\" \/>\n<link rel=\"canonical\" href=\"https:\/\/die-wetterversicherung.de\/blog\/den-wald-fuer-den-klimawandel-fit-machen\/\" \/>\n<meta property=\"og:locale\" content=\"de_DE\" \/>\n<meta property=\"og:type\" content=\"article\" \/>\n<meta property=\"og:title\" content=\"Den Wald f\u00fcr den Klimawandel fit machen - die-wetterversicherung.de\" \/>\n<meta property=\"og:description\" content=\"Der Wald in Deutschland erholt sich, Mischw\u00e4lder k\u00f6nnten aber daf\u00fcr sorgen, dass es auch so bleibt.\" \/>\n<meta property=\"og:url\" content=\"https:\/\/die-wetterversicherung.de\/blog\/den-wald-fuer-den-klimawandel-fit-machen\/\" \/>\n<meta property=\"og:site_name\" content=\"die-wetterversicherung.de\" \/>\n<meta property=\"article:publisher\" content=\"https:\/\/www.facebook.com\/diewetterversicherung\" \/>\n<meta property=\"article:published_time\" content=\"2017-11-29T15:59:09+00:00\" \/>\n<meta property=\"og:image\" content=\"https:\/\/die-wetterversicherung.de\/blog\/wp-content\/uploads\/2017\/11\/o\u0308kosystem-wald-wa\u0308lder-in-deutschland-folgen-des-klimawandels.jpg\" \/>\n\t<meta property=\"og:image:width\" content=\"1500\" \/>\n\t<meta property=\"og:image:height\" content=\"1004\" \/>\n\t<meta property=\"og:image:type\" content=\"image\/jpeg\" \/>\n<meta name=\"author\" content=\"admin\" \/>\n<meta name=\"twitter:card\" content=\"summary_large_image\" \/>\n<meta name=\"twitter:label1\" content=\"Verfasst von\" \/>\n\t<meta name=\"twitter:data1\" content=\"admin\" \/>\n\t<meta name=\"twitter:label2\" content=\"Gesch\u00e4tzte Lesezeit\" \/>\n\t<meta name=\"twitter:data2\" content=\"2\u00a0Minuten\" \/>\n<script type=\"application\/ld+json\" class=\"yoast-schema-graph\">{\"@context\":\"https:\/\/schema.org\",\"@graph\":[{\"@type\":\"WebPage\",\"@id\":\"https:\/\/die-wetterversicherung.de\/blog\/den-wald-fuer-den-klimawandel-fit-machen\/\",\"url\":\"https:\/\/die-wetterversicherung.de\/blog\/den-wald-fuer-den-klimawandel-fit-machen\/\",\"name\":\"Den Wald f\u00fcr den Klimawandel fit machen - die-wetterversicherung.de\",\"isPartOf\":{\"@id\":\"https:\/\/die-wetterversicherung.de\/blog\/#website\"},\"primaryImageOfPage\":{\"@id\":\"https:\/\/die-wetterversicherung.de\/blog\/den-wald-fuer-den-klimawandel-fit-machen\/#primaryimage\"},\"image\":{\"@id\":\"https:\/\/die-wetterversicherung.de\/blog\/den-wald-fuer-den-klimawandel-fit-machen\/#primaryimage\"},\"thumbnailUrl\":\"https:\/\/die-wetterversicherung.de\/blog\/wp-content\/uploads\/2017\/11\/o\u0308kosystem-wald-wa\u0308lder-in-deutschland-folgen-des-klimawandels.jpg\",\"datePublished\":\"2017-11-29T15:59:09+00:00\",\"author\":{\"@id\":\"https:\/\/die-wetterversicherung.de\/blog\/#\/schema\/person\/ece359d1fb2756d4f371d523c75b881a\"},\"breadcrumb\":{\"@id\":\"https:\/\/die-wetterversicherung.de\/blog\/den-wald-fuer-den-klimawandel-fit-machen\/#breadcrumb\"},\"inLanguage\":\"de\",\"potentialAction\":[{\"@type\":\"ReadAction\",\"target\":[\"https:\/\/die-wetterversicherung.de\/blog\/den-wald-fuer-den-klimawandel-fit-machen\/\"]}]},{\"@type\":\"ImageObject\",\"inLanguage\":\"de\",\"@id\":\"https:\/\/die-wetterversicherung.de\/blog\/den-wald-fuer-den-klimawandel-fit-machen\/#primaryimage\",\"url\":\"https:\/\/die-wetterversicherung.de\/blog\/wp-content\/uploads\/2017\/11\/o\u0308kosystem-wald-wa\u0308lder-in-deutschland-folgen-des-klimawandels.jpg\",\"contentUrl\":\"https:\/\/die-wetterversicherung.de\/blog\/wp-content\/uploads\/2017\/11\/o\u0308kosystem-wald-wa\u0308lder-in-deutschland-folgen-des-klimawandels.jpg\",\"width\":1500,\"height\":1004,\"caption\":\"Foto: pixabay\"},{\"@type\":\"BreadcrumbList\",\"@id\":\"https:\/\/die-wetterversicherung.de\/blog\/den-wald-fuer-den-klimawandel-fit-machen\/#breadcrumb\",\"itemListElement\":[{\"@type\":\"ListItem\",\"position\":1,\"name\":\"Startseite\",\"item\":\"https:\/\/die-wetterversicherung.de\/blog\/\"},{\"@type\":\"ListItem\",\"position\":2,\"name\":\"Den Wald f\u00fcr den Klimawandel fit machen\"}]},{\"@type\":\"WebSite\",\"@id\":\"https:\/\/die-wetterversicherung.de\/blog\/#website\",\"url\":\"https:\/\/die-wetterversicherung.de\/blog\/\",\"name\":\"die-wetterversicherung.de\",\"description\":\"Wetterversicherung-Blog\",\"potentialAction\":[{\"@type\":\"SearchAction\",\"target\":{\"@type\":\"EntryPoint\",\"urlTemplate\":\"https:\/\/die-wetterversicherung.de\/blog\/?s={search_term_string}\"},\"query-input\":{\"@type\":\"PropertyValueSpecification\",\"valueRequired\":true,\"valueName\":\"search_term_string\"}}],\"inLanguage\":\"de\"},{\"@type\":\"Person\",\"@id\":\"https:\/\/die-wetterversicherung.de\/blog\/#\/schema\/person\/ece359d1fb2756d4f371d523c75b881a\",\"name\":\"admin\",\"url\":\"https:\/\/die-wetterversicherung.de\/blog\/author\/admin\/\"}]}<\/script>\n<!-- \/ Yoast SEO plugin. -->","yoast_head_json":{"title":"Den Wald f\u00fcr den Klimawandel fit machen - die-wetterversicherung.de","robots":{"index":"index","follow":"follow","max-snippet":"max-snippet:-1","max-image-preview":"max-image-preview:large","max-video-preview":"max-video-preview:-1"},"canonical":"https:\/\/die-wetterversicherung.de\/blog\/den-wald-fuer-den-klimawandel-fit-machen\/","og_locale":"de_DE","og_type":"article","og_title":"Den Wald f\u00fcr den Klimawandel fit machen - die-wetterversicherung.de","og_description":"Der Wald in Deutschland erholt sich, Mischw\u00e4lder k\u00f6nnten aber daf\u00fcr sorgen, dass es auch so bleibt.","og_url":"https:\/\/die-wetterversicherung.de\/blog\/den-wald-fuer-den-klimawandel-fit-machen\/","og_site_name":"die-wetterversicherung.de","article_publisher":"https:\/\/www.facebook.com\/diewetterversicherung","article_published_time":"2017-11-29T15:59:09+00:00","og_image":[{"width":1500,"height":1004,"url":"https:\/\/die-wetterversicherung.de\/blog\/wp-content\/uploads\/2017\/11\/o\u0308kosystem-wald-wa\u0308lder-in-deutschland-folgen-des-klimawandels.jpg","type":"image\/jpeg"}],"author":"admin","twitter_card":"summary_large_image","twitter_misc":{"Verfasst von":"admin","Gesch\u00e4tzte Lesezeit":"2\u00a0Minuten"},"schema":{"@context":"https:\/\/schema.org","@graph":[{"@type":"WebPage","@id":"https:\/\/die-wetterversicherung.de\/blog\/den-wald-fuer-den-klimawandel-fit-machen\/","url":"https:\/\/die-wetterversicherung.de\/blog\/den-wald-fuer-den-klimawandel-fit-machen\/","name":"Den Wald f\u00fcr den Klimawandel fit machen - die-wetterversicherung.de","isPartOf":{"@id":"https:\/\/die-wetterversicherung.de\/blog\/#website"},"primaryImageOfPage":{"@id":"https:\/\/die-wetterversicherung.de\/blog\/den-wald-fuer-den-klimawandel-fit-machen\/#primaryimage"},"image":{"@id":"https:\/\/die-wetterversicherung.de\/blog\/den-wald-fuer-den-klimawandel-fit-machen\/#primaryimage"},"thumbnailUrl":"https:\/\/die-wetterversicherung.de\/blog\/wp-content\/uploads\/2017\/11\/o\u0308kosystem-wald-wa\u0308lder-in-deutschland-folgen-des-klimawandels.jpg","datePublished":"2017-11-29T15:59:09+00:00","author":{"@id":"https:\/\/die-wetterversicherung.de\/blog\/#\/schema\/person\/ece359d1fb2756d4f371d523c75b881a"},"breadcrumb":{"@id":"https:\/\/die-wetterversicherung.de\/blog\/den-wald-fuer-den-klimawandel-fit-machen\/#breadcrumb"},"inLanguage":"de","potentialAction":[{"@type":"ReadAction","target":["https:\/\/die-wetterversicherung.de\/blog\/den-wald-fuer-den-klimawandel-fit-machen\/"]}]},{"@type":"ImageObject","inLanguage":"de","@id":"https:\/\/die-wetterversicherung.de\/blog\/den-wald-fuer-den-klimawandel-fit-machen\/#primaryimage","url":"https:\/\/die-wetterversicherung.de\/blog\/wp-content\/uploads\/2017\/11\/o\u0308kosystem-wald-wa\u0308lder-in-deutschland-folgen-des-klimawandels.jpg","contentUrl":"https:\/\/die-wetterversicherung.de\/blog\/wp-content\/uploads\/2017\/11\/o\u0308kosystem-wald-wa\u0308lder-in-deutschland-folgen-des-klimawandels.jpg","width":1500,"height":1004,"caption":"Foto: pixabay"},{"@type":"BreadcrumbList","@id":"https:\/\/die-wetterversicherung.de\/blog\/den-wald-fuer-den-klimawandel-fit-machen\/#breadcrumb","itemListElement":[{"@type":"ListItem","position":1,"name":"Startseite","item":"https:\/\/die-wetterversicherung.de\/blog\/"},{"@type":"ListItem","position":2,"name":"Den Wald f\u00fcr den Klimawandel fit machen"}]},{"@type":"WebSite","@id":"https:\/\/die-wetterversicherung.de\/blog\/#website","url":"https:\/\/die-wetterversicherung.de\/blog\/","name":"die-wetterversicherung.de","description":"Wetterversicherung-Blog","potentialAction":[{"@type":"SearchAction","target":{"@type":"EntryPoint","urlTemplate":"https:\/\/die-wetterversicherung.de\/blog\/?s={search_term_string}"},"query-input":{"@type":"PropertyValueSpecification","valueRequired":true,"valueName":"search_term_string"}}],"inLanguage":"de"},{"@type":"Person","@id":"https:\/\/die-wetterversicherung.de\/blog\/#\/schema\/person\/ece359d1fb2756d4f371d523c75b881a","name":"admin","url":"https:\/\/die-wetterversicherung.de\/blog\/author\/admin\/"}]}},"_links":{"self":[{"href":"https:\/\/die-wetterversicherung.de\/blog\/wp-json\/wp\/v2\/posts\/1850","targetHints":{"allow":["GET"]}}],"collection":[{"href":"https:\/\/die-wetterversicherung.de\/blog\/wp-json\/wp\/v2\/posts"}],"about":[{"href":"https:\/\/die-wetterversicherung.de\/blog\/wp-json\/wp\/v2\/types\/post"}],"author":[{"embeddable":true,"href":"https:\/\/die-wetterversicherung.de\/blog\/wp-json\/wp\/v2\/users\/5"}],"replies":[{"embeddable":true,"href":"https:\/\/die-wetterversicherung.de\/blog\/wp-json\/wp\/v2\/comments?post=1850"}],"version-history":[{"count":1,"href":"https:\/\/die-wetterversicherung.de\/blog\/wp-json\/wp\/v2\/posts\/1850\/revisions"}],"predecessor-version":[{"id":1852,"href":"https:\/\/die-wetterversicherung.de\/blog\/wp-json\/wp\/v2\/posts\/1850\/revisions\/1852"}],"wp:featuredmedia":[{"embeddable":true,"href":"https:\/\/die-wetterversicherung.de\/blog\/wp-json\/wp\/v2\/media\/1851"}],"wp:attachment":[{"href":"https:\/\/die-wetterversicherung.de\/blog\/wp-json\/wp\/v2\/media?parent=1850"}],"wp:term":[{"taxonomy":"category","embeddable":true,"href":"https:\/\/die-wetterversicherung.de\/blog\/wp-json\/wp\/v2\/categories?post=1850"},{"taxonomy":"post_tag","embeddable":true,"href":"https:\/\/die-wetterversicherung.de\/blog\/wp-json\/wp\/v2\/tags?post=1850"}],"curies":[{"name":"wp","href":"https:\/\/api.w.org\/{rel}","templated":true}]}}