{"id":1842,"date":"2017-11-15T12:08:18","date_gmt":"2017-11-15T11:08:18","guid":{"rendered":"https:\/\/die-wetterversicherung.de\/?p=1842"},"modified":"2017-11-15T12:08:18","modified_gmt":"2017-11-15T11:08:18","slug":"klimaschutz-und-ernaehrungssicherheit-in-einklang-bringen","status":"publish","type":"post","link":"https:\/\/die-wetterversicherung.de\/blog\/klimaschutz-und-ernaehrungssicherheit-in-einklang-bringen\/","title":{"rendered":"Klimaschutz und Ern\u00e4hrungssicherheit in Einklang bringen"},"content":{"rendered":"<p><b>Um <\/b><b>Klimaschutz<\/b><b> und Ern\u00e4hrungssicherheit in einen fairen Ausgleich zu bringen, ist umfangreiches Wissen bei beiden Themen n\u00f6tig. Das BMEL f\u00f6rdert den globalen Austausch.<\/b><\/p>\n<div id=\"attachment_1843\" style=\"width: 300px\" class=\"wp-caption alignleft\"><img loading=\"lazy\" decoding=\"async\" aria-describedby=\"caption-attachment-1843\" class=\"size-medium wp-image-1843\" src=\"https:\/\/die-wetterversicherung.de\/wp-content\/uploads\/2017\/11\/Klimaschutz-Klimawandel-Treibhauseffekt-300x200.jpg\" alt=\"Foto: Christoph P\u00fcschner\/Diakonie Katastrophenhilfe\" width=\"300\" height=\"200\" srcset=\"https:\/\/die-wetterversicherung.de\/blog\/wp-content\/uploads\/2017\/11\/Klimaschutz-Klimawandel-Treibhauseffekt-300x200.jpg 300w, https:\/\/die-wetterversicherung.de\/blog\/wp-content\/uploads\/2017\/11\/Klimaschutz-Klimawandel-Treibhauseffekt-768x512.jpg 768w, https:\/\/die-wetterversicherung.de\/blog\/wp-content\/uploads\/2017\/11\/Klimaschutz-Klimawandel-Treibhauseffekt-1024x683.jpg 1024w, https:\/\/die-wetterversicherung.de\/blog\/wp-content\/uploads\/2017\/11\/Klimaschutz-Klimawandel-Treibhauseffekt.jpg 1500w\" sizes=\"auto, (max-width: 300px) 100vw, 300px\" \/><p id=\"caption-attachment-1843\" class=\"wp-caption-text\">Foto: Christoph P\u00fcschner\/Diakonie Katastrophenhilfe<\/p><\/div>\n<p><span style=\"font-weight: 400;\">Die Landwirtschaft steht in der Kritik, mit Treibhausgasemissionen, einen wesentlichen Teil zum <\/span><span style=\"font-weight: 400;\">Klimawandel<\/span><span style=\"font-weight: 400;\"> beizutragen. Dabei ist der CO<\/span><span style=\"font-weight: 400;\">2<\/span><span style=\"font-weight: 400;\">-Aussto\u00df der Agrarwirtschaft, im Gegensatz zu den Emissionen etwa aus dem Verkehr, <\/span><a href=\"https:\/\/die-wetterversicherung.de\/klimagipfel-landwirte-tun-etwas-fuer-den-klimaschutz\/\" target=\"_blank\"><span style=\"font-weight: 400;\">in den vergangenen Jahren kontinuierlich gesunken<\/span><\/a><span style=\"font-weight: 400;\">. Die Rolle der Landwirte f\u00fcr die globale Ern\u00e4hrungssicherheit bleibt innerhalb der Klimadebatte oft auf der Strecke. Im Fokus steht meist nur der <\/span><span style=\"font-weight: 400;\">Treibhauseffekt<\/span><span style=\"font-weight: 400;\">. Laut den Vereinten Nationen wird die Weltbev\u00f6lkerung bis 2050 von derzeit rund 7,5 Millarden auf 10 Milliarden ansteigen.<\/span><\/p>\n<p><b>Ziele mit Wissen erreichen<\/b><\/p>\n<p><span style=\"font-weight: 400;\">Grundlage, um gemeinsame Ziele zu erreichen, ist Wissen weiterzugeben und auszutauschen. Deshalb hat jetzt das <\/span><a href=\"https:\/\/www.bmel.de\/DE\/Startseite\/startseite_node.html\" target=\"_blank\"><span style=\"font-weight: 400;\">Bundeslandwirtschaftsministerium (BMEL) <\/span><\/a><span style=\"font-weight: 400;\">gemeinsam mit der Ern\u00e4hrungs- und Landwirtschaftsorganisation der Vereinten Nationen (FAO) ein Projekt f\u00fcr den Wissenstransfer angesto\u00dfen. Von dem \u201eKnowledge-hub\u201c sollen auch Entwicklungsl\u00e4nder profitieren. \u201eLandwirtschaft ist kein Selbstzweck, sondern die Grundlage der weltweiten Ern\u00e4hrungssicherung\u201c, sagte BMEL-Staatssekret\u00e4r Peter Bleser bei der Er\u00f6ffnung des FAO-Landwirtschaftstages im Rahmen der Weltklimakonferenz in Bonn.<\/span><\/p>\n<p><b>Deutschland spielt tragende Rolle<\/b><\/p>\n<p>Die Bek\u00e4mpfung des Hungers sei die vorrangige Aufgabe der Landwirte, so Bleser, dabei m\u00fcsse anerkannt werden, dass Lebensmittel nicht emissionsfrei erzeugt werden k\u00f6nnen. Er wies aber auch darauf hin, dass es auch darum geht, m\u00f6glichst klimaschonend zu arbeiten. Die Landwirtschaft spielt eine zentrale Rolle bei der Umsetzung der Klimaziele, da sie der einzige Sektor ist, der Treibhausgase speichern kann.<\/p>\n<p>\u201eDeutschland hat als Gunstregion die Verpflichtung, Fl\u00e4chen nachhaltig f\u00fcr die Ern\u00e4hrungssicherung zu nutzen\u201c, betonte Bleser. Er fasste zusammen: \u201eNeueste wissenschaftliche Erkenntnisse m\u00fcssen allen Akteuren, auch in Entwicklungsl\u00e4ndern, zur Verf\u00fcgung stehen. Die Klimaziele sind nur durch ein Miteinander von Landwirten, Wissenschaftlern, Politik und Zivilgesellschaft zu erreichen.\u201c Das BMEL f\u00f6rdert die Wissensplattform Landwirtschaft und Klima mit 500.000 Euro.<\/p>\n<p>&nbsp;<\/p>\n","protected":false},"excerpt":{"rendered":"<p>Um Klimaschutz und Ern\u00e4hrungssicherheit in einen fairen Ausgleich zu bringen, ist umfangreiches Wissen bei beiden Themen n\u00f6tig. Das BMEL f\u00f6rdert den globalen Austausch.<\/p><p><a class=\"more-link btn\" href=\"https:\/\/die-wetterversicherung.de\/blog\/klimaschutz-und-ernaehrungssicherheit-in-einklang-bringen\/\">Weiterlesen<\/a><\/p>\n","protected":false},"author":5,"featured_media":1843,"comment_status":"open","ping_status":"closed","sticky":false,"template":"","format":"standard","meta":{"footnotes":""},"categories":[4],"tags":[230,84,225],"class_list":["post-1842","post","type-post","status-publish","format-standard","has-post-thumbnail","hentry","category-lasst-uns-ubers-wetter-reden","tag-klimaschutz","tag-klimawandel","tag-treibhauseffekt","item-wrap"],"yoast_head":"<!-- This site is optimized with the Yoast SEO plugin v26.4 - https:\/\/yoast.com\/wordpress\/plugins\/seo\/ -->\n<title>Klimaschutz und Ern\u00e4hrungssicherheit in Einklang bringen - die-wetterversicherung.de<\/title>\n<meta name=\"robots\" content=\"index, follow, max-snippet:-1, max-image-preview:large, max-video-preview:-1\" \/>\n<link rel=\"canonical\" href=\"https:\/\/die-wetterversicherung.de\/blog\/klimaschutz-und-ernaehrungssicherheit-in-einklang-bringen\/\" \/>\n<meta property=\"og:locale\" content=\"de_DE\" \/>\n<meta property=\"og:type\" content=\"article\" \/>\n<meta property=\"og:title\" content=\"Klimaschutz und Ern\u00e4hrungssicherheit in Einklang bringen - die-wetterversicherung.de\" \/>\n<meta property=\"og:description\" content=\"Um Klimaschutz und Ern\u00e4hrungssicherheit in einen fairen Ausgleich zu bringen, ist umfangreiches Wissen bei beiden Themen n\u00f6tig. Das BMEL f\u00f6rdert den globalen Austausch.\" \/>\n<meta property=\"og:url\" content=\"https:\/\/die-wetterversicherung.de\/blog\/klimaschutz-und-ernaehrungssicherheit-in-einklang-bringen\/\" \/>\n<meta property=\"og:site_name\" content=\"die-wetterversicherung.de\" \/>\n<meta property=\"article:publisher\" content=\"https:\/\/www.facebook.com\/diewetterversicherung\" \/>\n<meta property=\"article:published_time\" content=\"2017-11-15T11:08:18+00:00\" \/>\n<meta property=\"og:image\" content=\"https:\/\/die-wetterversicherung.de\/blog\/wp-content\/uploads\/2017\/11\/Klimaschutz-Klimawandel-Treibhauseffekt.jpg\" \/>\n\t<meta property=\"og:image:width\" content=\"1500\" \/>\n\t<meta property=\"og:image:height\" content=\"1000\" \/>\n\t<meta property=\"og:image:type\" content=\"image\/jpeg\" \/>\n<meta name=\"author\" content=\"admin\" \/>\n<meta name=\"twitter:card\" content=\"summary_large_image\" \/>\n<meta name=\"twitter:label1\" content=\"Verfasst von\" \/>\n\t<meta name=\"twitter:data1\" content=\"admin\" \/>\n\t<meta name=\"twitter:label2\" content=\"Gesch\u00e4tzte Lesezeit\" \/>\n\t<meta name=\"twitter:data2\" content=\"2\u00a0Minuten\" \/>\n<script type=\"application\/ld+json\" class=\"yoast-schema-graph\">{\"@context\":\"https:\/\/schema.org\",\"@graph\":[{\"@type\":\"WebPage\",\"@id\":\"https:\/\/die-wetterversicherung.de\/blog\/klimaschutz-und-ernaehrungssicherheit-in-einklang-bringen\/\",\"url\":\"https:\/\/die-wetterversicherung.de\/blog\/klimaschutz-und-ernaehrungssicherheit-in-einklang-bringen\/\",\"name\":\"Klimaschutz und Ern\u00e4hrungssicherheit in Einklang bringen - die-wetterversicherung.de\",\"isPartOf\":{\"@id\":\"https:\/\/die-wetterversicherung.de\/blog\/#website\"},\"primaryImageOfPage\":{\"@id\":\"https:\/\/die-wetterversicherung.de\/blog\/klimaschutz-und-ernaehrungssicherheit-in-einklang-bringen\/#primaryimage\"},\"image\":{\"@id\":\"https:\/\/die-wetterversicherung.de\/blog\/klimaschutz-und-ernaehrungssicherheit-in-einklang-bringen\/#primaryimage\"},\"thumbnailUrl\":\"https:\/\/die-wetterversicherung.de\/blog\/wp-content\/uploads\/2017\/11\/Klimaschutz-Klimawandel-Treibhauseffekt.jpg\",\"datePublished\":\"2017-11-15T11:08:18+00:00\",\"author\":{\"@id\":\"https:\/\/die-wetterversicherung.de\/blog\/#\/schema\/person\/ece359d1fb2756d4f371d523c75b881a\"},\"breadcrumb\":{\"@id\":\"https:\/\/die-wetterversicherung.de\/blog\/klimaschutz-und-ernaehrungssicherheit-in-einklang-bringen\/#breadcrumb\"},\"inLanguage\":\"de\",\"potentialAction\":[{\"@type\":\"ReadAction\",\"target\":[\"https:\/\/die-wetterversicherung.de\/blog\/klimaschutz-und-ernaehrungssicherheit-in-einklang-bringen\/\"]}]},{\"@type\":\"ImageObject\",\"inLanguage\":\"de\",\"@id\":\"https:\/\/die-wetterversicherung.de\/blog\/klimaschutz-und-ernaehrungssicherheit-in-einklang-bringen\/#primaryimage\",\"url\":\"https:\/\/die-wetterversicherung.de\/blog\/wp-content\/uploads\/2017\/11\/Klimaschutz-Klimawandel-Treibhauseffekt.jpg\",\"contentUrl\":\"https:\/\/die-wetterversicherung.de\/blog\/wp-content\/uploads\/2017\/11\/Klimaschutz-Klimawandel-Treibhauseffekt.jpg\",\"width\":1500,\"height\":1000,\"caption\":\"Foto: Christoph P\u00fcschner\/Diakonie Katastrophenhilfe\"},{\"@type\":\"BreadcrumbList\",\"@id\":\"https:\/\/die-wetterversicherung.de\/blog\/klimaschutz-und-ernaehrungssicherheit-in-einklang-bringen\/#breadcrumb\",\"itemListElement\":[{\"@type\":\"ListItem\",\"position\":1,\"name\":\"Startseite\",\"item\":\"https:\/\/die-wetterversicherung.de\/blog\/\"},{\"@type\":\"ListItem\",\"position\":2,\"name\":\"Klimaschutz und Ern\u00e4hrungssicherheit in Einklang bringen\"}]},{\"@type\":\"WebSite\",\"@id\":\"https:\/\/die-wetterversicherung.de\/blog\/#website\",\"url\":\"https:\/\/die-wetterversicherung.de\/blog\/\",\"name\":\"die-wetterversicherung.de\",\"description\":\"Wetterversicherung-Blog\",\"potentialAction\":[{\"@type\":\"SearchAction\",\"target\":{\"@type\":\"EntryPoint\",\"urlTemplate\":\"https:\/\/die-wetterversicherung.de\/blog\/?s={search_term_string}\"},\"query-input\":{\"@type\":\"PropertyValueSpecification\",\"valueRequired\":true,\"valueName\":\"search_term_string\"}}],\"inLanguage\":\"de\"},{\"@type\":\"Person\",\"@id\":\"https:\/\/die-wetterversicherung.de\/blog\/#\/schema\/person\/ece359d1fb2756d4f371d523c75b881a\",\"name\":\"admin\",\"url\":\"https:\/\/die-wetterversicherung.de\/blog\/author\/admin\/\"}]}<\/script>\n<!-- \/ Yoast SEO plugin. -->","yoast_head_json":{"title":"Klimaschutz und Ern\u00e4hrungssicherheit in Einklang bringen - die-wetterversicherung.de","robots":{"index":"index","follow":"follow","max-snippet":"max-snippet:-1","max-image-preview":"max-image-preview:large","max-video-preview":"max-video-preview:-1"},"canonical":"https:\/\/die-wetterversicherung.de\/blog\/klimaschutz-und-ernaehrungssicherheit-in-einklang-bringen\/","og_locale":"de_DE","og_type":"article","og_title":"Klimaschutz und Ern\u00e4hrungssicherheit in Einklang bringen - die-wetterversicherung.de","og_description":"Um Klimaschutz und Ern\u00e4hrungssicherheit in einen fairen Ausgleich zu bringen, ist umfangreiches Wissen bei beiden Themen n\u00f6tig. Das BMEL f\u00f6rdert den globalen Austausch.","og_url":"https:\/\/die-wetterversicherung.de\/blog\/klimaschutz-und-ernaehrungssicherheit-in-einklang-bringen\/","og_site_name":"die-wetterversicherung.de","article_publisher":"https:\/\/www.facebook.com\/diewetterversicherung","article_published_time":"2017-11-15T11:08:18+00:00","og_image":[{"width":1500,"height":1000,"url":"https:\/\/die-wetterversicherung.de\/blog\/wp-content\/uploads\/2017\/11\/Klimaschutz-Klimawandel-Treibhauseffekt.jpg","type":"image\/jpeg"}],"author":"admin","twitter_card":"summary_large_image","twitter_misc":{"Verfasst von":"admin","Gesch\u00e4tzte Lesezeit":"2\u00a0Minuten"},"schema":{"@context":"https:\/\/schema.org","@graph":[{"@type":"WebPage","@id":"https:\/\/die-wetterversicherung.de\/blog\/klimaschutz-und-ernaehrungssicherheit-in-einklang-bringen\/","url":"https:\/\/die-wetterversicherung.de\/blog\/klimaschutz-und-ernaehrungssicherheit-in-einklang-bringen\/","name":"Klimaschutz und Ern\u00e4hrungssicherheit in Einklang bringen - die-wetterversicherung.de","isPartOf":{"@id":"https:\/\/die-wetterversicherung.de\/blog\/#website"},"primaryImageOfPage":{"@id":"https:\/\/die-wetterversicherung.de\/blog\/klimaschutz-und-ernaehrungssicherheit-in-einklang-bringen\/#primaryimage"},"image":{"@id":"https:\/\/die-wetterversicherung.de\/blog\/klimaschutz-und-ernaehrungssicherheit-in-einklang-bringen\/#primaryimage"},"thumbnailUrl":"https:\/\/die-wetterversicherung.de\/blog\/wp-content\/uploads\/2017\/11\/Klimaschutz-Klimawandel-Treibhauseffekt.jpg","datePublished":"2017-11-15T11:08:18+00:00","author":{"@id":"https:\/\/die-wetterversicherung.de\/blog\/#\/schema\/person\/ece359d1fb2756d4f371d523c75b881a"},"breadcrumb":{"@id":"https:\/\/die-wetterversicherung.de\/blog\/klimaschutz-und-ernaehrungssicherheit-in-einklang-bringen\/#breadcrumb"},"inLanguage":"de","potentialAction":[{"@type":"ReadAction","target":["https:\/\/die-wetterversicherung.de\/blog\/klimaschutz-und-ernaehrungssicherheit-in-einklang-bringen\/"]}]},{"@type":"ImageObject","inLanguage":"de","@id":"https:\/\/die-wetterversicherung.de\/blog\/klimaschutz-und-ernaehrungssicherheit-in-einklang-bringen\/#primaryimage","url":"https:\/\/die-wetterversicherung.de\/blog\/wp-content\/uploads\/2017\/11\/Klimaschutz-Klimawandel-Treibhauseffekt.jpg","contentUrl":"https:\/\/die-wetterversicherung.de\/blog\/wp-content\/uploads\/2017\/11\/Klimaschutz-Klimawandel-Treibhauseffekt.jpg","width":1500,"height":1000,"caption":"Foto: Christoph P\u00fcschner\/Diakonie Katastrophenhilfe"},{"@type":"BreadcrumbList","@id":"https:\/\/die-wetterversicherung.de\/blog\/klimaschutz-und-ernaehrungssicherheit-in-einklang-bringen\/#breadcrumb","itemListElement":[{"@type":"ListItem","position":1,"name":"Startseite","item":"https:\/\/die-wetterversicherung.de\/blog\/"},{"@type":"ListItem","position":2,"name":"Klimaschutz und Ern\u00e4hrungssicherheit in Einklang bringen"}]},{"@type":"WebSite","@id":"https:\/\/die-wetterversicherung.de\/blog\/#website","url":"https:\/\/die-wetterversicherung.de\/blog\/","name":"die-wetterversicherung.de","description":"Wetterversicherung-Blog","potentialAction":[{"@type":"SearchAction","target":{"@type":"EntryPoint","urlTemplate":"https:\/\/die-wetterversicherung.de\/blog\/?s={search_term_string}"},"query-input":{"@type":"PropertyValueSpecification","valueRequired":true,"valueName":"search_term_string"}}],"inLanguage":"de"},{"@type":"Person","@id":"https:\/\/die-wetterversicherung.de\/blog\/#\/schema\/person\/ece359d1fb2756d4f371d523c75b881a","name":"admin","url":"https:\/\/die-wetterversicherung.de\/blog\/author\/admin\/"}]}},"_links":{"self":[{"href":"https:\/\/die-wetterversicherung.de\/blog\/wp-json\/wp\/v2\/posts\/1842","targetHints":{"allow":["GET"]}}],"collection":[{"href":"https:\/\/die-wetterversicherung.de\/blog\/wp-json\/wp\/v2\/posts"}],"about":[{"href":"https:\/\/die-wetterversicherung.de\/blog\/wp-json\/wp\/v2\/types\/post"}],"author":[{"embeddable":true,"href":"https:\/\/die-wetterversicherung.de\/blog\/wp-json\/wp\/v2\/users\/5"}],"replies":[{"embeddable":true,"href":"https:\/\/die-wetterversicherung.de\/blog\/wp-json\/wp\/v2\/comments?post=1842"}],"version-history":[{"count":1,"href":"https:\/\/die-wetterversicherung.de\/blog\/wp-json\/wp\/v2\/posts\/1842\/revisions"}],"predecessor-version":[{"id":1844,"href":"https:\/\/die-wetterversicherung.de\/blog\/wp-json\/wp\/v2\/posts\/1842\/revisions\/1844"}],"wp:featuredmedia":[{"embeddable":true,"href":"https:\/\/die-wetterversicherung.de\/blog\/wp-json\/wp\/v2\/media\/1843"}],"wp:attachment":[{"href":"https:\/\/die-wetterversicherung.de\/blog\/wp-json\/wp\/v2\/media?parent=1842"}],"wp:term":[{"taxonomy":"category","embeddable":true,"href":"https:\/\/die-wetterversicherung.de\/blog\/wp-json\/wp\/v2\/categories?post=1842"},{"taxonomy":"post_tag","embeddable":true,"href":"https:\/\/die-wetterversicherung.de\/blog\/wp-json\/wp\/v2\/tags?post=1842"}],"curies":[{"name":"wp","href":"https:\/\/api.w.org\/{rel}","templated":true}]}}