{"id":1839,"date":"2017-11-08T15:42:57","date_gmt":"2017-11-08T14:42:57","guid":{"rendered":"https:\/\/die-wetterversicherung.de\/?p=1839"},"modified":"2017-11-08T15:44:54","modified_gmt":"2017-11-08T14:44:54","slug":"klimagipfel-landwirte-tun-etwas-fuer-den-klimaschutz","status":"publish","type":"post","link":"https:\/\/die-wetterversicherung.de\/blog\/klimagipfel-landwirte-tun-etwas-fuer-den-klimaschutz\/","title":{"rendered":"Klimagipfel: Landwirte tun etwas f\u00fcr den Klimaschutz"},"content":{"rendered":"<p><b>Landwirte k\u00e4mpfen gegen den Klimawandel, weil sie selbst betroffen sind.<\/b><\/p>\n<div id=\"attachment_1840\" style=\"width: 300px\" class=\"wp-caption alignleft\"><img loading=\"lazy\" decoding=\"async\" aria-describedby=\"caption-attachment-1840\" class=\"size-medium wp-image-1840\" src=\"https:\/\/die-wetterversicherung.de\/wp-content\/uploads\/2017\/11\/warming-2370285_1280-300x177.jpg\" alt=\"Foto: pixabay\" width=\"300\" height=\"177\" srcset=\"https:\/\/die-wetterversicherung.de\/blog\/wp-content\/uploads\/2017\/11\/warming-2370285_1280-300x177.jpg 300w, https:\/\/die-wetterversicherung.de\/blog\/wp-content\/uploads\/2017\/11\/warming-2370285_1280-768x454.jpg 768w, https:\/\/die-wetterversicherung.de\/blog\/wp-content\/uploads\/2017\/11\/warming-2370285_1280-1024x605.jpg 1024w, https:\/\/die-wetterversicherung.de\/blog\/wp-content\/uploads\/2017\/11\/warming-2370285_1280.jpg 1280w\" sizes=\"auto, (max-width: 300px) 100vw, 300px\" \/><p id=\"caption-attachment-1840\" class=\"wp-caption-text\">Foto: pixabay<\/p><\/div>\n<p><span style=\"font-weight: 400;\">Vor dem Hintergrund des <\/span><a href=\"https:\/\/www.cop23.de\/\" target=\"_blank\"><span style=\"font-weight: 400;\">UN-Klimakonferenzgipfels COP23<\/span><\/a><span style=\"font-weight: 400;\"> in Bonn macht der Deutsche Bauernverband (DBV) erneut auf die Leistungen der Landwirtschaft f\u00fcr den Klimaschutz aufmerksam. Der Beitrag der deutschen Landwirte: Effiziente und klimaschonende Nahrungsmittelerzeugung, CO<\/span><span style=\"font-weight: 400;\">2<\/span><span style=\"font-weight: 400;\">-Speicherung im Boden und die Erzeugung von Bioenergie.\u00a0<\/span><span style=\"font-weight: 400;\">\u201eEine produktiv ausgerichtete Landwirtschaft ist Teil der L\u00f6sung bei der Umsetzung des Pariser Klimaabkommens.\u201c, so der Bauernverband. Diese Rolle m\u00fcsse auch bei der Weltklimakonferenz in Bonn ber\u00fccksichtigt und gest\u00e4rkt werden.<\/span><\/p>\n<p>\u201eDeutschland als Co-Ausrichter der Klimakonferenz kann zeigen, wie eine nachhaltig effiziente Lebensmittelproduktion in Einklang mit der Bereitstellung von Bioenergie funktionieren kann.\u201c, sagte DBV-Generalsekret\u00e4r Bernhard Kr\u00fcsken im Vorfeld des Gipfels. Die Landwirtschaft in Deutschland sei sich ihrer Verantwortung bewusst, aber Klimaschutz ist eine globale Herausforderung, der sich einzelne Staaten nicht entziehen d\u00fcrfen, so Kr\u00fcsken weiter. \u201eBeim Klimagipfel sollte nicht vergessen werden, dass es die Bauern sind, die mit den Folgen des Klimawandels umgehen und f\u00fcr unsere Ern\u00e4hrung sorgen m\u00fcssen.\u201c, mahnte Kr\u00fcsken.<\/p>\n<p><b>Treibhausgase aus Landwirtschaft stark verringert<\/b><\/p>\n<p>In den letzten 15 Jahren hat sich der Treibhausgasaussto\u00df der Landwirtschaft um gut 16 Prozent verringert. Auch die Ertr\u00e4ge auf den Feldern und in den St\u00e4llen konnten durch eine verbesserte, klimaeffizientere Produktion gesteigert werden. So stiegen die Raps- und Weizenertr\u00e4ge um circa ein Viertel. Die Milchleistung je Kuh nahm um knapp ein Drittel zu.\u00a0<span style=\"font-weight: 400;\">\u201eDas zeigt, dass die deutsche Landwirtschaft mit immer weniger Treibhausgasen immer mehr Lebensmittel erzeugt.\u201c, erkl\u00e4rte der Generalsekret\u00e4r. <\/span><span style=\"font-weight: 400;\">Zus\u00e4tzlich helfe die Landwirtschaft anderen Wirtschaftsbereichen in Sachen Bioenergie beim Klimaschutz. \u201eOhne Biokraftstoffe h\u00e4tten die Emissionen durch den Verkehr im Jahr 2016 um 7,3 Millionen Tonnen CO<\/span><span style=\"font-weight: 400;\">2<\/span><span style=\"font-weight: 400;\"> h\u00f6her gelegen\u201c, so Kr\u00fcsken, \u201eund damit den Emissionswert von 1990 nicht nur leicht, sondern deutlich \u00fcbertroffen.\u201c<\/span><\/p>\n<p><b>Starkes Eigeninteresse der Landwirtschaft<\/b><\/p>\n<p><span style=\"font-weight: 400;\">Den weltweiten Klimaschutz in und mit der Landwirtschaft voranzubringen sei nur m\u00f6glich, wenn in effizientere Produktionsmethoden investiert und die Anpassungsf\u00e4higkeit der Landwirtschaft an den Klimawandel gest\u00e4rkt werde, f\u00e4hrt Kr\u00fcsken fort. Der DBV-Generalsekret\u00e4r weist auch auf das Eigeninteresse der Landwirte am Klimaschutz hin: \u201eWir sp\u00fcren in der Landwirtschaft heute bereits die Auswirkungen des Klimawandels. Sch\u00e4dlinge aus anderen Klimazonen wie die Kirschessigfliege finden den Weg zu uns, k\u00f6nnen \u00fcberwintern und bedrohen ganze Ernten. Wetterextreme erschweren das Wirtschaften und fordern die Z\u00fcchtung neuer Sorten heraus.\u201c 2017 hatten besonders die Obstbauern und Winzer in Deutschland massive Frostsch\u00e4den. Deshalb seien auch Beratung, Forschung sowie Vorsorge- und <\/span><a href=\"https:\/\/die-wetterversicherung.de\/\" target=\"_blank\"><span style=\"font-weight: 400;\">Versicherungsl\u00f6sungen<\/span><\/a><span style=\"font-weight: 400;\"> notwendig, um die Landwirtschaft f\u00fcr die Herausforderungen des Klimawandels fit zu machen, res\u00fcmiert Kr\u00fcsken.<\/span><\/p>\n","protected":false},"excerpt":{"rendered":"<p>Landwirte k\u00e4mpfen gegen den Klimawandel, weil sie selbst betroffen sind.<\/p><p><a class=\"more-link btn\" href=\"https:\/\/die-wetterversicherung.de\/blog\/klimagipfel-landwirte-tun-etwas-fuer-den-klimaschutz\/\">Weiterlesen<\/a><\/p>\n","protected":false},"author":5,"featured_media":1840,"comment_status":"open","ping_status":"closed","sticky":false,"template":"","format":"standard","meta":{"footnotes":""},"categories":[4],"tags":[84,235,234],"class_list":["post-1839","post","type-post","status-publish","format-standard","has-post-thumbnail","hentry","category-lasst-uns-ubers-wetter-reden","tag-klimawandel","tag-treibhausgase","tag-weltklimakonferenz","item-wrap"],"yoast_head":"<!-- This site is optimized with the Yoast SEO plugin v26.4 - https:\/\/yoast.com\/wordpress\/plugins\/seo\/ -->\n<title>Klimagipfel: Landwirte tun etwas f\u00fcr den Klimaschutz - die-wetterversicherung.de<\/title>\n<meta name=\"robots\" content=\"index, follow, max-snippet:-1, max-image-preview:large, max-video-preview:-1\" \/>\n<link rel=\"canonical\" href=\"https:\/\/die-wetterversicherung.de\/blog\/klimagipfel-landwirte-tun-etwas-fuer-den-klimaschutz\/\" \/>\n<meta property=\"og:locale\" content=\"de_DE\" \/>\n<meta property=\"og:type\" content=\"article\" \/>\n<meta property=\"og:title\" content=\"Klimagipfel: Landwirte tun etwas f\u00fcr den Klimaschutz - die-wetterversicherung.de\" \/>\n<meta property=\"og:description\" content=\"Landwirte k\u00e4mpfen gegen den Klimawandel, weil sie selbst betroffen sind.\" \/>\n<meta property=\"og:url\" content=\"https:\/\/die-wetterversicherung.de\/blog\/klimagipfel-landwirte-tun-etwas-fuer-den-klimaschutz\/\" \/>\n<meta property=\"og:site_name\" content=\"die-wetterversicherung.de\" \/>\n<meta property=\"article:publisher\" content=\"https:\/\/www.facebook.com\/diewetterversicherung\" \/>\n<meta property=\"article:published_time\" content=\"2017-11-08T14:42:57+00:00\" \/>\n<meta property=\"article:modified_time\" content=\"2017-11-08T14:44:54+00:00\" \/>\n<meta property=\"og:image\" content=\"https:\/\/die-wetterversicherung.de\/blog\/wp-content\/uploads\/2017\/11\/warming-2370285_1280.jpg\" \/>\n\t<meta property=\"og:image:width\" content=\"1280\" \/>\n\t<meta property=\"og:image:height\" content=\"756\" \/>\n\t<meta property=\"og:image:type\" content=\"image\/jpeg\" \/>\n<meta name=\"author\" content=\"admin\" \/>\n<meta name=\"twitter:card\" content=\"summary_large_image\" \/>\n<meta name=\"twitter:label1\" content=\"Verfasst von\" \/>\n\t<meta name=\"twitter:data1\" content=\"admin\" \/>\n\t<meta name=\"twitter:label2\" content=\"Gesch\u00e4tzte Lesezeit\" \/>\n\t<meta name=\"twitter:data2\" content=\"2\u00a0Minuten\" \/>\n<script type=\"application\/ld+json\" class=\"yoast-schema-graph\">{\"@context\":\"https:\/\/schema.org\",\"@graph\":[{\"@type\":\"WebPage\",\"@id\":\"https:\/\/die-wetterversicherung.de\/blog\/klimagipfel-landwirte-tun-etwas-fuer-den-klimaschutz\/\",\"url\":\"https:\/\/die-wetterversicherung.de\/blog\/klimagipfel-landwirte-tun-etwas-fuer-den-klimaschutz\/\",\"name\":\"Klimagipfel: Landwirte tun etwas f\u00fcr den Klimaschutz - die-wetterversicherung.de\",\"isPartOf\":{\"@id\":\"https:\/\/die-wetterversicherung.de\/blog\/#website\"},\"primaryImageOfPage\":{\"@id\":\"https:\/\/die-wetterversicherung.de\/blog\/klimagipfel-landwirte-tun-etwas-fuer-den-klimaschutz\/#primaryimage\"},\"image\":{\"@id\":\"https:\/\/die-wetterversicherung.de\/blog\/klimagipfel-landwirte-tun-etwas-fuer-den-klimaschutz\/#primaryimage\"},\"thumbnailUrl\":\"https:\/\/die-wetterversicherung.de\/blog\/wp-content\/uploads\/2017\/11\/warming-2370285_1280.jpg\",\"datePublished\":\"2017-11-08T14:42:57+00:00\",\"dateModified\":\"2017-11-08T14:44:54+00:00\",\"author\":{\"@id\":\"https:\/\/die-wetterversicherung.de\/blog\/#\/schema\/person\/ece359d1fb2756d4f371d523c75b881a\"},\"breadcrumb\":{\"@id\":\"https:\/\/die-wetterversicherung.de\/blog\/klimagipfel-landwirte-tun-etwas-fuer-den-klimaschutz\/#breadcrumb\"},\"inLanguage\":\"de\",\"potentialAction\":[{\"@type\":\"ReadAction\",\"target\":[\"https:\/\/die-wetterversicherung.de\/blog\/klimagipfel-landwirte-tun-etwas-fuer-den-klimaschutz\/\"]}]},{\"@type\":\"ImageObject\",\"inLanguage\":\"de\",\"@id\":\"https:\/\/die-wetterversicherung.de\/blog\/klimagipfel-landwirte-tun-etwas-fuer-den-klimaschutz\/#primaryimage\",\"url\":\"https:\/\/die-wetterversicherung.de\/blog\/wp-content\/uploads\/2017\/11\/warming-2370285_1280.jpg\",\"contentUrl\":\"https:\/\/die-wetterversicherung.de\/blog\/wp-content\/uploads\/2017\/11\/warming-2370285_1280.jpg\",\"width\":1280,\"height\":756,\"caption\":\"Foto: pixabay\"},{\"@type\":\"BreadcrumbList\",\"@id\":\"https:\/\/die-wetterversicherung.de\/blog\/klimagipfel-landwirte-tun-etwas-fuer-den-klimaschutz\/#breadcrumb\",\"itemListElement\":[{\"@type\":\"ListItem\",\"position\":1,\"name\":\"Startseite\",\"item\":\"https:\/\/die-wetterversicherung.de\/blog\/\"},{\"@type\":\"ListItem\",\"position\":2,\"name\":\"Klimagipfel: Landwirte tun etwas f\u00fcr den Klimaschutz\"}]},{\"@type\":\"WebSite\",\"@id\":\"https:\/\/die-wetterversicherung.de\/blog\/#website\",\"url\":\"https:\/\/die-wetterversicherung.de\/blog\/\",\"name\":\"die-wetterversicherung.de\",\"description\":\"Wetterversicherung-Blog\",\"potentialAction\":[{\"@type\":\"SearchAction\",\"target\":{\"@type\":\"EntryPoint\",\"urlTemplate\":\"https:\/\/die-wetterversicherung.de\/blog\/?s={search_term_string}\"},\"query-input\":{\"@type\":\"PropertyValueSpecification\",\"valueRequired\":true,\"valueName\":\"search_term_string\"}}],\"inLanguage\":\"de\"},{\"@type\":\"Person\",\"@id\":\"https:\/\/die-wetterversicherung.de\/blog\/#\/schema\/person\/ece359d1fb2756d4f371d523c75b881a\",\"name\":\"admin\",\"url\":\"https:\/\/die-wetterversicherung.de\/blog\/author\/admin\/\"}]}<\/script>\n<!-- \/ Yoast SEO plugin. -->","yoast_head_json":{"title":"Klimagipfel: Landwirte tun etwas f\u00fcr den Klimaschutz - die-wetterversicherung.de","robots":{"index":"index","follow":"follow","max-snippet":"max-snippet:-1","max-image-preview":"max-image-preview:large","max-video-preview":"max-video-preview:-1"},"canonical":"https:\/\/die-wetterversicherung.de\/blog\/klimagipfel-landwirte-tun-etwas-fuer-den-klimaschutz\/","og_locale":"de_DE","og_type":"article","og_title":"Klimagipfel: Landwirte tun etwas f\u00fcr den Klimaschutz - die-wetterversicherung.de","og_description":"Landwirte k\u00e4mpfen gegen den Klimawandel, weil sie selbst betroffen sind.","og_url":"https:\/\/die-wetterversicherung.de\/blog\/klimagipfel-landwirte-tun-etwas-fuer-den-klimaschutz\/","og_site_name":"die-wetterversicherung.de","article_publisher":"https:\/\/www.facebook.com\/diewetterversicherung","article_published_time":"2017-11-08T14:42:57+00:00","article_modified_time":"2017-11-08T14:44:54+00:00","og_image":[{"width":1280,"height":756,"url":"https:\/\/die-wetterversicherung.de\/blog\/wp-content\/uploads\/2017\/11\/warming-2370285_1280.jpg","type":"image\/jpeg"}],"author":"admin","twitter_card":"summary_large_image","twitter_misc":{"Verfasst von":"admin","Gesch\u00e4tzte Lesezeit":"2\u00a0Minuten"},"schema":{"@context":"https:\/\/schema.org","@graph":[{"@type":"WebPage","@id":"https:\/\/die-wetterversicherung.de\/blog\/klimagipfel-landwirte-tun-etwas-fuer-den-klimaschutz\/","url":"https:\/\/die-wetterversicherung.de\/blog\/klimagipfel-landwirte-tun-etwas-fuer-den-klimaschutz\/","name":"Klimagipfel: Landwirte tun etwas f\u00fcr den Klimaschutz - die-wetterversicherung.de","isPartOf":{"@id":"https:\/\/die-wetterversicherung.de\/blog\/#website"},"primaryImageOfPage":{"@id":"https:\/\/die-wetterversicherung.de\/blog\/klimagipfel-landwirte-tun-etwas-fuer-den-klimaschutz\/#primaryimage"},"image":{"@id":"https:\/\/die-wetterversicherung.de\/blog\/klimagipfel-landwirte-tun-etwas-fuer-den-klimaschutz\/#primaryimage"},"thumbnailUrl":"https:\/\/die-wetterversicherung.de\/blog\/wp-content\/uploads\/2017\/11\/warming-2370285_1280.jpg","datePublished":"2017-11-08T14:42:57+00:00","dateModified":"2017-11-08T14:44:54+00:00","author":{"@id":"https:\/\/die-wetterversicherung.de\/blog\/#\/schema\/person\/ece359d1fb2756d4f371d523c75b881a"},"breadcrumb":{"@id":"https:\/\/die-wetterversicherung.de\/blog\/klimagipfel-landwirte-tun-etwas-fuer-den-klimaschutz\/#breadcrumb"},"inLanguage":"de","potentialAction":[{"@type":"ReadAction","target":["https:\/\/die-wetterversicherung.de\/blog\/klimagipfel-landwirte-tun-etwas-fuer-den-klimaschutz\/"]}]},{"@type":"ImageObject","inLanguage":"de","@id":"https:\/\/die-wetterversicherung.de\/blog\/klimagipfel-landwirte-tun-etwas-fuer-den-klimaschutz\/#primaryimage","url":"https:\/\/die-wetterversicherung.de\/blog\/wp-content\/uploads\/2017\/11\/warming-2370285_1280.jpg","contentUrl":"https:\/\/die-wetterversicherung.de\/blog\/wp-content\/uploads\/2017\/11\/warming-2370285_1280.jpg","width":1280,"height":756,"caption":"Foto: pixabay"},{"@type":"BreadcrumbList","@id":"https:\/\/die-wetterversicherung.de\/blog\/klimagipfel-landwirte-tun-etwas-fuer-den-klimaschutz\/#breadcrumb","itemListElement":[{"@type":"ListItem","position":1,"name":"Startseite","item":"https:\/\/die-wetterversicherung.de\/blog\/"},{"@type":"ListItem","position":2,"name":"Klimagipfel: Landwirte tun etwas f\u00fcr den Klimaschutz"}]},{"@type":"WebSite","@id":"https:\/\/die-wetterversicherung.de\/blog\/#website","url":"https:\/\/die-wetterversicherung.de\/blog\/","name":"die-wetterversicherung.de","description":"Wetterversicherung-Blog","potentialAction":[{"@type":"SearchAction","target":{"@type":"EntryPoint","urlTemplate":"https:\/\/die-wetterversicherung.de\/blog\/?s={search_term_string}"},"query-input":{"@type":"PropertyValueSpecification","valueRequired":true,"valueName":"search_term_string"}}],"inLanguage":"de"},{"@type":"Person","@id":"https:\/\/die-wetterversicherung.de\/blog\/#\/schema\/person\/ece359d1fb2756d4f371d523c75b881a","name":"admin","url":"https:\/\/die-wetterversicherung.de\/blog\/author\/admin\/"}]}},"_links":{"self":[{"href":"https:\/\/die-wetterversicherung.de\/blog\/wp-json\/wp\/v2\/posts\/1839","targetHints":{"allow":["GET"]}}],"collection":[{"href":"https:\/\/die-wetterversicherung.de\/blog\/wp-json\/wp\/v2\/posts"}],"about":[{"href":"https:\/\/die-wetterversicherung.de\/blog\/wp-json\/wp\/v2\/types\/post"}],"author":[{"embeddable":true,"href":"https:\/\/die-wetterversicherung.de\/blog\/wp-json\/wp\/v2\/users\/5"}],"replies":[{"embeddable":true,"href":"https:\/\/die-wetterversicherung.de\/blog\/wp-json\/wp\/v2\/comments?post=1839"}],"version-history":[{"count":1,"href":"https:\/\/die-wetterversicherung.de\/blog\/wp-json\/wp\/v2\/posts\/1839\/revisions"}],"predecessor-version":[{"id":1841,"href":"https:\/\/die-wetterversicherung.de\/blog\/wp-json\/wp\/v2\/posts\/1839\/revisions\/1841"}],"wp:featuredmedia":[{"embeddable":true,"href":"https:\/\/die-wetterversicherung.de\/blog\/wp-json\/wp\/v2\/media\/1840"}],"wp:attachment":[{"href":"https:\/\/die-wetterversicherung.de\/blog\/wp-json\/wp\/v2\/media?parent=1839"}],"wp:term":[{"taxonomy":"category","embeddable":true,"href":"https:\/\/die-wetterversicherung.de\/blog\/wp-json\/wp\/v2\/categories?post=1839"},{"taxonomy":"post_tag","embeddable":true,"href":"https:\/\/die-wetterversicherung.de\/blog\/wp-json\/wp\/v2\/tags?post=1839"}],"curies":[{"name":"wp","href":"https:\/\/api.w.org\/{rel}","templated":true}]}}