{"id":1832,"date":"2017-11-01T09:45:27","date_gmt":"2017-11-01T08:45:27","guid":{"rendered":"https:\/\/die-wetterversicherung.de\/?p=1832"},"modified":"2017-11-01T12:06:11","modified_gmt":"2017-11-01T11:06:11","slug":"ende-des-heimischen-biodiesels","status":"publish","type":"post","link":"https:\/\/die-wetterversicherung.de\/blog\/ende-des-heimischen-biodiesels\/","title":{"rendered":"Heimischer Biodiesel am Ende?"},"content":{"rendered":"<p><b>EU-Parlament stimmt gegen Klimaschutz durch europ\u00e4ische Biokraftstoffe.<\/b><\/p>\n<div id=\"attachment_1835\" style=\"width: 300px\" class=\"wp-caption alignleft\"><img loading=\"lazy\" decoding=\"async\" aria-describedby=\"caption-attachment-1835\" class=\"size-medium wp-image-1835\" src=\"https:\/\/die-wetterversicherung.de\/wp-content\/uploads\/2017\/11\/61398369_m-300x200.jpg\" alt=\"Foto: kelifamiliy\/123rf.com\" width=\"300\" height=\"200\" srcset=\"https:\/\/die-wetterversicherung.de\/blog\/wp-content\/uploads\/2017\/11\/61398369_m-300x200.jpg 300w, https:\/\/die-wetterversicherung.de\/blog\/wp-content\/uploads\/2017\/11\/61398369_m-768x512.jpg 768w, https:\/\/die-wetterversicherung.de\/blog\/wp-content\/uploads\/2017\/11\/61398369_m.jpg 848w\" sizes=\"auto, (max-width: 300px) 100vw, 300px\" \/><p id=\"caption-attachment-1835\" class=\"wp-caption-text\">Foto: kelifamiliy\/123rf.com<\/p><\/div>\n<p>Der Umweltausschuss des Europ\u00e4ischen Parlaments hat gegen die Zukunft der Biokraftstoffe aus Anbaubiomasse abgestimmt. Diese sollen bis 2030 zur G\u00e4nze auslaufen. Zugleich sollen ab 2021 sogenannte iLUC-Faktoren eingef\u00fchrt werden.<\/p>\n<p><span style=\"font-weight: 400;\">iLUC steht f\u00fcr \u201eIndirect Land Use Change\u201c, also \u201eindirekte Landnutzungs\u00e4nderung\u201c. Dabei flie\u00dfen Treibhausgasemissionen aus dem Anbau der Pflanzen in die Klimabilanz der Biokraftstoffe ein. Die Emissionen entstehen aus den landwirtschaftlichen Bearbeitungsschritten, wie Aussaat oder D\u00fcngung. Die positive Klimabilanz der Produkte wird so getr\u00fcbt. 2015 hatten sich das EU-Parlament und der EU-Rat noch gegen diese Berechnungen ausgesprochen. Der Fokus der EU-Parlamentarier liegt jetzt auf Elektromobili\u00e4t.<\/span><\/p>\n<p><b>Ausschluss unberechtigt<\/b><\/p>\n<p>Der Deutsche Bauernverband (DBV) h\u00e4lt einen faktischen Ausschluss von Biodiesel und Pflanzen\u00f6len infolge eines Malus aus indirekten Landnutzungs\u00e4nderungen f\u00fcr unberechtigt. Die Forderung des EU-Umweltausschusses, Strom f\u00fcr Elektromobilit\u00e4t f\u00fcnffach auf das Klimaziel anzurechnen, sei nur virtueller Klimaschutz, so der Bauernverband. Das sei im Sinne eines tats\u00e4chlichen Klimaschutzes nicht vertretbar.<\/p>\n<p><b>Mit Palm\u00f6l in einem Topf<\/b><\/p>\n<p>Laut der Union zur F\u00f6rderung von Oel- und Proteinpflanzen (UFOP) sind die iLUC-Faktoren an die Palm\u00f6l-Problematik und der damit zusammenh\u00e4ngenden Rodungen des Regenwaldes adressiert. Die Union bef\u00fcrchtet aber, dass sie vor allem den europ\u00e4ischen<\/p>\n","protected":false},"excerpt":{"rendered":"<p>EU-Parlament stimmt gegen Klimaschutz durch europ\u00e4ische Biokraftstoffe.<\/p><p><a class=\"more-link btn\" href=\"https:\/\/die-wetterversicherung.de\/blog\/ende-des-heimischen-biodiesels\/\">Weiterlesen<\/a><\/p>\n","protected":false},"author":5,"featured_media":1835,"comment_status":"open","ping_status":"closed","sticky":false,"template":"","format":"standard","meta":{"footnotes":""},"categories":[4],"tags":[229,231,230,232,233],"class_list":["post-1832","post","type-post","status-publish","format-standard","has-post-thumbnail","hentry","category-lasst-uns-ubers-wetter-reden","tag-biodiesel","tag-biokraftstoffe","tag-klimaschutz","tag-palmoel","tag-regenwald","item-wrap"],"yoast_head":"<!-- This site is optimized with the Yoast SEO plugin v26.4 - https:\/\/yoast.com\/wordpress\/plugins\/seo\/ -->\n<title>Heimischer Biodiesel am Ende? - die-wetterversicherung.de<\/title>\n<meta name=\"robots\" content=\"index, follow, max-snippet:-1, max-image-preview:large, max-video-preview:-1\" \/>\n<link rel=\"canonical\" href=\"https:\/\/die-wetterversicherung.de\/blog\/ende-des-heimischen-biodiesels\/\" \/>\n<meta property=\"og:locale\" content=\"de_DE\" \/>\n<meta property=\"og:type\" content=\"article\" \/>\n<meta property=\"og:title\" content=\"Heimischer Biodiesel am Ende? - die-wetterversicherung.de\" \/>\n<meta property=\"og:description\" content=\"EU-Parlament stimmt gegen Klimaschutz durch europ\u00e4ische Biokraftstoffe.\" \/>\n<meta property=\"og:url\" content=\"https:\/\/die-wetterversicherung.de\/blog\/ende-des-heimischen-biodiesels\/\" \/>\n<meta property=\"og:site_name\" content=\"die-wetterversicherung.de\" \/>\n<meta property=\"article:publisher\" content=\"https:\/\/www.facebook.com\/diewetterversicherung\" \/>\n<meta property=\"article:published_time\" content=\"2017-11-01T08:45:27+00:00\" \/>\n<meta property=\"article:modified_time\" content=\"2017-11-01T11:06:11+00:00\" \/>\n<meta property=\"og:image\" content=\"https:\/\/die-wetterversicherung.de\/blog\/wp-content\/uploads\/2017\/11\/61398369_m.jpg\" \/>\n\t<meta property=\"og:image:width\" content=\"848\" \/>\n\t<meta property=\"og:image:height\" content=\"565\" \/>\n\t<meta property=\"og:image:type\" content=\"image\/jpeg\" \/>\n<meta name=\"author\" content=\"admin\" \/>\n<meta name=\"twitter:card\" content=\"summary_large_image\" \/>\n<meta name=\"twitter:label1\" content=\"Verfasst von\" \/>\n\t<meta name=\"twitter:data1\" content=\"admin\" \/>\n\t<meta name=\"twitter:label2\" content=\"Gesch\u00e4tzte Lesezeit\" \/>\n\t<meta name=\"twitter:data2\" content=\"1\u00a0Minute\" \/>\n<script type=\"application\/ld+json\" class=\"yoast-schema-graph\">{\"@context\":\"https:\/\/schema.org\",\"@graph\":[{\"@type\":\"WebPage\",\"@id\":\"https:\/\/die-wetterversicherung.de\/blog\/ende-des-heimischen-biodiesels\/\",\"url\":\"https:\/\/die-wetterversicherung.de\/blog\/ende-des-heimischen-biodiesels\/\",\"name\":\"Heimischer Biodiesel am Ende? - die-wetterversicherung.de\",\"isPartOf\":{\"@id\":\"https:\/\/die-wetterversicherung.de\/blog\/#website\"},\"primaryImageOfPage\":{\"@id\":\"https:\/\/die-wetterversicherung.de\/blog\/ende-des-heimischen-biodiesels\/#primaryimage\"},\"image\":{\"@id\":\"https:\/\/die-wetterversicherung.de\/blog\/ende-des-heimischen-biodiesels\/#primaryimage\"},\"thumbnailUrl\":\"https:\/\/die-wetterversicherung.de\/blog\/wp-content\/uploads\/2017\/11\/61398369_m.jpg\",\"datePublished\":\"2017-11-01T08:45:27+00:00\",\"dateModified\":\"2017-11-01T11:06:11+00:00\",\"author\":{\"@id\":\"https:\/\/die-wetterversicherung.de\/blog\/#\/schema\/person\/ece359d1fb2756d4f371d523c75b881a\"},\"breadcrumb\":{\"@id\":\"https:\/\/die-wetterversicherung.de\/blog\/ende-des-heimischen-biodiesels\/#breadcrumb\"},\"inLanguage\":\"de\",\"potentialAction\":[{\"@type\":\"ReadAction\",\"target\":[\"https:\/\/die-wetterversicherung.de\/blog\/ende-des-heimischen-biodiesels\/\"]}]},{\"@type\":\"ImageObject\",\"inLanguage\":\"de\",\"@id\":\"https:\/\/die-wetterversicherung.de\/blog\/ende-des-heimischen-biodiesels\/#primaryimage\",\"url\":\"https:\/\/die-wetterversicherung.de\/blog\/wp-content\/uploads\/2017\/11\/61398369_m.jpg\",\"contentUrl\":\"https:\/\/die-wetterversicherung.de\/blog\/wp-content\/uploads\/2017\/11\/61398369_m.jpg\",\"width\":848,\"height\":565,\"caption\":\"Foto: kelifamiliy\/123rf.com\"},{\"@type\":\"BreadcrumbList\",\"@id\":\"https:\/\/die-wetterversicherung.de\/blog\/ende-des-heimischen-biodiesels\/#breadcrumb\",\"itemListElement\":[{\"@type\":\"ListItem\",\"position\":1,\"name\":\"Startseite\",\"item\":\"https:\/\/die-wetterversicherung.de\/blog\/\"},{\"@type\":\"ListItem\",\"position\":2,\"name\":\"Heimischer Biodiesel am Ende?\"}]},{\"@type\":\"WebSite\",\"@id\":\"https:\/\/die-wetterversicherung.de\/blog\/#website\",\"url\":\"https:\/\/die-wetterversicherung.de\/blog\/\",\"name\":\"die-wetterversicherung.de\",\"description\":\"Wetterversicherung-Blog\",\"potentialAction\":[{\"@type\":\"SearchAction\",\"target\":{\"@type\":\"EntryPoint\",\"urlTemplate\":\"https:\/\/die-wetterversicherung.de\/blog\/?s={search_term_string}\"},\"query-input\":{\"@type\":\"PropertyValueSpecification\",\"valueRequired\":true,\"valueName\":\"search_term_string\"}}],\"inLanguage\":\"de\"},{\"@type\":\"Person\",\"@id\":\"https:\/\/die-wetterversicherung.de\/blog\/#\/schema\/person\/ece359d1fb2756d4f371d523c75b881a\",\"name\":\"admin\",\"url\":\"https:\/\/die-wetterversicherung.de\/blog\/author\/admin\/\"}]}<\/script>\n<!-- \/ Yoast SEO plugin. -->","yoast_head_json":{"title":"Heimischer Biodiesel am Ende? - die-wetterversicherung.de","robots":{"index":"index","follow":"follow","max-snippet":"max-snippet:-1","max-image-preview":"max-image-preview:large","max-video-preview":"max-video-preview:-1"},"canonical":"https:\/\/die-wetterversicherung.de\/blog\/ende-des-heimischen-biodiesels\/","og_locale":"de_DE","og_type":"article","og_title":"Heimischer Biodiesel am Ende? - die-wetterversicherung.de","og_description":"EU-Parlament stimmt gegen Klimaschutz durch europ\u00e4ische Biokraftstoffe.","og_url":"https:\/\/die-wetterversicherung.de\/blog\/ende-des-heimischen-biodiesels\/","og_site_name":"die-wetterversicherung.de","article_publisher":"https:\/\/www.facebook.com\/diewetterversicherung","article_published_time":"2017-11-01T08:45:27+00:00","article_modified_time":"2017-11-01T11:06:11+00:00","og_image":[{"width":848,"height":565,"url":"https:\/\/die-wetterversicherung.de\/blog\/wp-content\/uploads\/2017\/11\/61398369_m.jpg","type":"image\/jpeg"}],"author":"admin","twitter_card":"summary_large_image","twitter_misc":{"Verfasst von":"admin","Gesch\u00e4tzte Lesezeit":"1\u00a0Minute"},"schema":{"@context":"https:\/\/schema.org","@graph":[{"@type":"WebPage","@id":"https:\/\/die-wetterversicherung.de\/blog\/ende-des-heimischen-biodiesels\/","url":"https:\/\/die-wetterversicherung.de\/blog\/ende-des-heimischen-biodiesels\/","name":"Heimischer Biodiesel am Ende? - die-wetterversicherung.de","isPartOf":{"@id":"https:\/\/die-wetterversicherung.de\/blog\/#website"},"primaryImageOfPage":{"@id":"https:\/\/die-wetterversicherung.de\/blog\/ende-des-heimischen-biodiesels\/#primaryimage"},"image":{"@id":"https:\/\/die-wetterversicherung.de\/blog\/ende-des-heimischen-biodiesels\/#primaryimage"},"thumbnailUrl":"https:\/\/die-wetterversicherung.de\/blog\/wp-content\/uploads\/2017\/11\/61398369_m.jpg","datePublished":"2017-11-01T08:45:27+00:00","dateModified":"2017-11-01T11:06:11+00:00","author":{"@id":"https:\/\/die-wetterversicherung.de\/blog\/#\/schema\/person\/ece359d1fb2756d4f371d523c75b881a"},"breadcrumb":{"@id":"https:\/\/die-wetterversicherung.de\/blog\/ende-des-heimischen-biodiesels\/#breadcrumb"},"inLanguage":"de","potentialAction":[{"@type":"ReadAction","target":["https:\/\/die-wetterversicherung.de\/blog\/ende-des-heimischen-biodiesels\/"]}]},{"@type":"ImageObject","inLanguage":"de","@id":"https:\/\/die-wetterversicherung.de\/blog\/ende-des-heimischen-biodiesels\/#primaryimage","url":"https:\/\/die-wetterversicherung.de\/blog\/wp-content\/uploads\/2017\/11\/61398369_m.jpg","contentUrl":"https:\/\/die-wetterversicherung.de\/blog\/wp-content\/uploads\/2017\/11\/61398369_m.jpg","width":848,"height":565,"caption":"Foto: kelifamiliy\/123rf.com"},{"@type":"BreadcrumbList","@id":"https:\/\/die-wetterversicherung.de\/blog\/ende-des-heimischen-biodiesels\/#breadcrumb","itemListElement":[{"@type":"ListItem","position":1,"name":"Startseite","item":"https:\/\/die-wetterversicherung.de\/blog\/"},{"@type":"ListItem","position":2,"name":"Heimischer Biodiesel am Ende?"}]},{"@type":"WebSite","@id":"https:\/\/die-wetterversicherung.de\/blog\/#website","url":"https:\/\/die-wetterversicherung.de\/blog\/","name":"die-wetterversicherung.de","description":"Wetterversicherung-Blog","potentialAction":[{"@type":"SearchAction","target":{"@type":"EntryPoint","urlTemplate":"https:\/\/die-wetterversicherung.de\/blog\/?s={search_term_string}"},"query-input":{"@type":"PropertyValueSpecification","valueRequired":true,"valueName":"search_term_string"}}],"inLanguage":"de"},{"@type":"Person","@id":"https:\/\/die-wetterversicherung.de\/blog\/#\/schema\/person\/ece359d1fb2756d4f371d523c75b881a","name":"admin","url":"https:\/\/die-wetterversicherung.de\/blog\/author\/admin\/"}]}},"_links":{"self":[{"href":"https:\/\/die-wetterversicherung.de\/blog\/wp-json\/wp\/v2\/posts\/1832","targetHints":{"allow":["GET"]}}],"collection":[{"href":"https:\/\/die-wetterversicherung.de\/blog\/wp-json\/wp\/v2\/posts"}],"about":[{"href":"https:\/\/die-wetterversicherung.de\/blog\/wp-json\/wp\/v2\/types\/post"}],"author":[{"embeddable":true,"href":"https:\/\/die-wetterversicherung.de\/blog\/wp-json\/wp\/v2\/users\/5"}],"replies":[{"embeddable":true,"href":"https:\/\/die-wetterversicherung.de\/blog\/wp-json\/wp\/v2\/comments?post=1832"}],"version-history":[{"count":3,"href":"https:\/\/die-wetterversicherung.de\/blog\/wp-json\/wp\/v2\/posts\/1832\/revisions"}],"predecessor-version":[{"id":1837,"href":"https:\/\/die-wetterversicherung.de\/blog\/wp-json\/wp\/v2\/posts\/1832\/revisions\/1837"}],"wp:featuredmedia":[{"embeddable":true,"href":"https:\/\/die-wetterversicherung.de\/blog\/wp-json\/wp\/v2\/media\/1835"}],"wp:attachment":[{"href":"https:\/\/die-wetterversicherung.de\/blog\/wp-json\/wp\/v2\/media?parent=1832"}],"wp:term":[{"taxonomy":"category","embeddable":true,"href":"https:\/\/die-wetterversicherung.de\/blog\/wp-json\/wp\/v2\/categories?post=1832"},{"taxonomy":"post_tag","embeddable":true,"href":"https:\/\/die-wetterversicherung.de\/blog\/wp-json\/wp\/v2\/tags?post=1832"}],"curies":[{"name":"wp","href":"https:\/\/api.w.org\/{rel}","templated":true}]}}