{"id":1828,"date":"2017-10-25T15:37:08","date_gmt":"2017-10-25T13:37:08","guid":{"rendered":"https:\/\/die-wetterversicherung.de\/?p=1828"},"modified":"2017-10-25T15:37:08","modified_gmt":"2017-10-25T13:37:08","slug":"elnino-co2","status":"publish","type":"post","link":"https:\/\/die-wetterversicherung.de\/blog\/elnino-co2\/","title":{"rendered":"Extremer CO2-Anstieg durch El Ni\u00f1o"},"content":{"rendered":"<p><b>Durch das Klimaph\u00e4nomen El Ni\u00f1o gelangen 8,8 Milliarden Tonnen mehr Kohlendioxid in die Atmosph\u00e4re.<\/b><\/p>\n<div id=\"attachment_1830\" style=\"width: 300px\" class=\"wp-caption alignleft\"><img loading=\"lazy\" decoding=\"async\" aria-describedby=\"caption-attachment-1830\" class=\"size-medium wp-image-1830\" src=\"https:\/\/die-wetterversicherung.de\/wp-content\/uploads\/2017\/10\/El-Nino-Wetterpha\u0308nomen-Klima-CO2-Kohlendioxid-Atmospha\u0308re-300x132.jpg\" alt=\"Foto: pixabay (Symbolbild)\" width=\"300\" height=\"132\" srcset=\"https:\/\/die-wetterversicherung.de\/blog\/wp-content\/uploads\/2017\/10\/El-Nino-Wetterpha\u0308nomen-Klima-CO2-Kohlendioxid-Atmospha\u0308re-300x132.jpg 300w, https:\/\/die-wetterversicherung.de\/blog\/wp-content\/uploads\/2017\/10\/El-Nino-Wetterpha\u0308nomen-Klima-CO2-Kohlendioxid-Atmospha\u0308re-768x338.jpg 768w, https:\/\/die-wetterversicherung.de\/blog\/wp-content\/uploads\/2017\/10\/El-Nino-Wetterpha\u0308nomen-Klima-CO2-Kohlendioxid-Atmospha\u0308re-1024x451.jpg 1024w, https:\/\/die-wetterversicherung.de\/blog\/wp-content\/uploads\/2017\/10\/El-Nino-Wetterpha\u0308nomen-Klima-CO2-Kohlendioxid-Atmospha\u0308re.jpg 1920w\" sizes=\"auto, (max-width: 300px) 100vw, 300px\" \/><p id=\"caption-attachment-1830\" class=\"wp-caption-text\">Foto: pixabay (Symbolbild)<\/p><\/div>\n<p><span style=\"font-weight: 400;\">Durch das pazifische Wetterph\u00e4nomen El Ni\u00f1o kommt es nicht nur etwa alle zwei bis sieben Jahre zu \u00dcberschwemmungen und D\u00fcrrekatastrophen. \u201eDas (Christ)-Kind\u201c, wie es s\u00fcdamerikanische Fischer benannten, sorgt auch f\u00fcr erh\u00f6hte Kohlendioxidwerte in der Atmosph\u00e4re und verst\u00e4rkt dadurch den Treibhauseffekt. Das haben jetzt Wissenschaftler der Max-Planck-Institute f\u00fcr Chemie und f\u00fcr Biogeochemie anhand von Satellitendaten und Bodenmessstationen ermittelt. Zum Jahreswechsel 2015\/2016, an dem El Ni\u00f1o wieder auftrat, gelangten 8,8 Milliarden Tonnen Kohlendioxid (CO<sub>2<\/sub><\/span><span style=\"font-weight: 400;\">) zus\u00e4tzlich in die Atmosph\u00e4re. Das Gas wird haupts\u00e4chlich f\u00fcr den Klimawandel verantwortlich gemacht.<\/span><\/p>\n<p><b>Geschw\u00e4chte Vegetation<\/b><\/p>\n<p>W\u00e4hrend es durch El Ni\u00f1o im Nordwesten S\u00fcdamerikas zu \u00dcberschwemmungen kommt, haben das Amazonasgebiet, S\u00fcdostasien und Ostafrika mit D\u00fcrreperioden zu k\u00e4mpfen. Diese haben nicht nur Hunger zur Folge. Die Vegetation wird geschw\u00e4cht und kann weit weniger Photosynthese betreiben als gew\u00f6hnlich. Dieser Umstand ist Forschern schon seit l\u00e4ngerer Zeit bekannt. Doch erst jetzt konnte der Kohlendioxidschub beziffert werden.<\/p>\n<p>El Ni\u00f1o ist ein nat\u00fcrliches Warmwasserph\u00e4nomen, das unregelm\u00e4\u00dfig die Wassertemperaturen und Meeresstr\u00f6mungen im \u00e4quatorialen Pazifik durcheinanderbringt. Das hat enorme Auswirkungen auf das Wetter auf der gesamten S\u00fcdhalbkugel. W\u00e4hrend manche Gegenden mit massiven Niederschl\u00e4gen zu k\u00e4mpfen haben, leiden andere unter D\u00fcrre. Selbst das Wetter auf der Nordhalbkugel wird noch beeinflusst. Bedingt durch die chaotische Natur des Klimasystems, verl\u00e4uft dieser Zyklus nicht streng periodisch und kann deshalb nur schwer vorhergesagt werden.\u00a0<span style=\"font-weight: 400;\">El Ni\u00f1o beudeutet \u201edas Kind\u201c. S\u00fcdamerikanische Fischer haben das Naturph\u00e4nomen in Bezug auf \u201eChristkind\u201c so genannt, weil es immer um die Weihnachtszeit auftritt.<\/span><\/p>\n","protected":false},"excerpt":{"rendered":"<p>Durch das Klimaph\u00e4nomen El Ni\u00f1o gelangen 8,8 Milliarden Tonnen mehr Kohlendioxid in die Atmosph\u00e4re.<\/p><p><a class=\"more-link btn\" href=\"https:\/\/die-wetterversicherung.de\/blog\/elnino-co2\/\">Weiterlesen<\/a><\/p>\n","protected":false},"author":5,"featured_media":1830,"comment_status":"open","ping_status":"closed","sticky":false,"template":"","format":"standard","meta":{"footnotes":""},"categories":[4],"tags":[224,228,227,225,226],"class_list":["post-1828","post","type-post","status-publish","format-standard","has-post-thumbnail","hentry","category-lasst-uns-ubers-wetter-reden","tag-el-nino","tag-folgen-des-klimawandels","tag-naturphaenomen","tag-treibhauseffekt","tag-treibhausgas","item-wrap"],"yoast_head":"<!-- This site is optimized with the Yoast SEO plugin v26.4 - https:\/\/yoast.com\/wordpress\/plugins\/seo\/ -->\n<title>Extremer CO2-Anstieg durch El Ni\u00f1o - die-wetterversicherung.de<\/title>\n<meta name=\"robots\" content=\"index, follow, max-snippet:-1, max-image-preview:large, max-video-preview:-1\" \/>\n<link rel=\"canonical\" href=\"https:\/\/die-wetterversicherung.de\/blog\/elnino-co2\/\" \/>\n<meta property=\"og:locale\" content=\"de_DE\" \/>\n<meta property=\"og:type\" content=\"article\" \/>\n<meta property=\"og:title\" content=\"Extremer CO2-Anstieg durch El Ni\u00f1o - die-wetterversicherung.de\" \/>\n<meta property=\"og:description\" content=\"Durch das Klimaph\u00e4nomen El Ni\u00f1o gelangen 8,8 Milliarden Tonnen mehr Kohlendioxid in die Atmosph\u00e4re.\" \/>\n<meta property=\"og:url\" content=\"https:\/\/die-wetterversicherung.de\/blog\/elnino-co2\/\" \/>\n<meta property=\"og:site_name\" content=\"die-wetterversicherung.de\" \/>\n<meta property=\"article:publisher\" content=\"https:\/\/www.facebook.com\/diewetterversicherung\" \/>\n<meta property=\"article:published_time\" content=\"2017-10-25T13:37:08+00:00\" \/>\n<meta property=\"og:image\" content=\"https:\/\/die-wetterversicherung.de\/blog\/wp-content\/uploads\/2017\/10\/El-Nino-Wetterpha\u0308nomen-Klima-CO2-Kohlendioxid-Atmospha\u0308re.jpg\" \/>\n\t<meta property=\"og:image:width\" content=\"1920\" \/>\n\t<meta property=\"og:image:height\" content=\"846\" \/>\n\t<meta property=\"og:image:type\" content=\"image\/jpeg\" \/>\n<meta name=\"author\" content=\"admin\" \/>\n<meta name=\"twitter:card\" content=\"summary_large_image\" \/>\n<meta name=\"twitter:label1\" content=\"Verfasst von\" \/>\n\t<meta name=\"twitter:data1\" content=\"admin\" \/>\n\t<meta name=\"twitter:label2\" content=\"Gesch\u00e4tzte Lesezeit\" \/>\n\t<meta name=\"twitter:data2\" content=\"2\u00a0Minuten\" \/>\n<script type=\"application\/ld+json\" class=\"yoast-schema-graph\">{\"@context\":\"https:\/\/schema.org\",\"@graph\":[{\"@type\":\"WebPage\",\"@id\":\"https:\/\/die-wetterversicherung.de\/blog\/elnino-co2\/\",\"url\":\"https:\/\/die-wetterversicherung.de\/blog\/elnino-co2\/\",\"name\":\"Extremer CO2-Anstieg durch El Ni\u00f1o - die-wetterversicherung.de\",\"isPartOf\":{\"@id\":\"https:\/\/die-wetterversicherung.de\/blog\/#website\"},\"primaryImageOfPage\":{\"@id\":\"https:\/\/die-wetterversicherung.de\/blog\/elnino-co2\/#primaryimage\"},\"image\":{\"@id\":\"https:\/\/die-wetterversicherung.de\/blog\/elnino-co2\/#primaryimage\"},\"thumbnailUrl\":\"https:\/\/die-wetterversicherung.de\/blog\/wp-content\/uploads\/2017\/10\/El-Nino-Wetterpha\u0308nomen-Klima-CO2-Kohlendioxid-Atmospha\u0308re.jpg\",\"datePublished\":\"2017-10-25T13:37:08+00:00\",\"author\":{\"@id\":\"https:\/\/die-wetterversicherung.de\/blog\/#\/schema\/person\/ece359d1fb2756d4f371d523c75b881a\"},\"breadcrumb\":{\"@id\":\"https:\/\/die-wetterversicherung.de\/blog\/elnino-co2\/#breadcrumb\"},\"inLanguage\":\"de\",\"potentialAction\":[{\"@type\":\"ReadAction\",\"target\":[\"https:\/\/die-wetterversicherung.de\/blog\/elnino-co2\/\"]}]},{\"@type\":\"ImageObject\",\"inLanguage\":\"de\",\"@id\":\"https:\/\/die-wetterversicherung.de\/blog\/elnino-co2\/#primaryimage\",\"url\":\"https:\/\/die-wetterversicherung.de\/blog\/wp-content\/uploads\/2017\/10\/El-Nino-Wetterpha\u0308nomen-Klima-CO2-Kohlendioxid-Atmospha\u0308re.jpg\",\"contentUrl\":\"https:\/\/die-wetterversicherung.de\/blog\/wp-content\/uploads\/2017\/10\/El-Nino-Wetterpha\u0308nomen-Klima-CO2-Kohlendioxid-Atmospha\u0308re.jpg\",\"width\":1920,\"height\":846,\"caption\":\"Foto: pixabay (Symbolbild)\"},{\"@type\":\"BreadcrumbList\",\"@id\":\"https:\/\/die-wetterversicherung.de\/blog\/elnino-co2\/#breadcrumb\",\"itemListElement\":[{\"@type\":\"ListItem\",\"position\":1,\"name\":\"Startseite\",\"item\":\"https:\/\/die-wetterversicherung.de\/blog\/\"},{\"@type\":\"ListItem\",\"position\":2,\"name\":\"Extremer CO2-Anstieg durch El Ni\u00f1o\"}]},{\"@type\":\"WebSite\",\"@id\":\"https:\/\/die-wetterversicherung.de\/blog\/#website\",\"url\":\"https:\/\/die-wetterversicherung.de\/blog\/\",\"name\":\"die-wetterversicherung.de\",\"description\":\"Wetterversicherung-Blog\",\"potentialAction\":[{\"@type\":\"SearchAction\",\"target\":{\"@type\":\"EntryPoint\",\"urlTemplate\":\"https:\/\/die-wetterversicherung.de\/blog\/?s={search_term_string}\"},\"query-input\":{\"@type\":\"PropertyValueSpecification\",\"valueRequired\":true,\"valueName\":\"search_term_string\"}}],\"inLanguage\":\"de\"},{\"@type\":\"Person\",\"@id\":\"https:\/\/die-wetterversicherung.de\/blog\/#\/schema\/person\/ece359d1fb2756d4f371d523c75b881a\",\"name\":\"admin\",\"url\":\"https:\/\/die-wetterversicherung.de\/blog\/author\/admin\/\"}]}<\/script>\n<!-- \/ Yoast SEO plugin. -->","yoast_head_json":{"title":"Extremer CO2-Anstieg durch El Ni\u00f1o - die-wetterversicherung.de","robots":{"index":"index","follow":"follow","max-snippet":"max-snippet:-1","max-image-preview":"max-image-preview:large","max-video-preview":"max-video-preview:-1"},"canonical":"https:\/\/die-wetterversicherung.de\/blog\/elnino-co2\/","og_locale":"de_DE","og_type":"article","og_title":"Extremer CO2-Anstieg durch El Ni\u00f1o - die-wetterversicherung.de","og_description":"Durch das Klimaph\u00e4nomen El Ni\u00f1o gelangen 8,8 Milliarden Tonnen mehr Kohlendioxid in die Atmosph\u00e4re.","og_url":"https:\/\/die-wetterversicherung.de\/blog\/elnino-co2\/","og_site_name":"die-wetterversicherung.de","article_publisher":"https:\/\/www.facebook.com\/diewetterversicherung","article_published_time":"2017-10-25T13:37:08+00:00","og_image":[{"width":1920,"height":846,"url":"https:\/\/die-wetterversicherung.de\/blog\/wp-content\/uploads\/2017\/10\/El-Nino-Wetterpha\u0308nomen-Klima-CO2-Kohlendioxid-Atmospha\u0308re.jpg","type":"image\/jpeg"}],"author":"admin","twitter_card":"summary_large_image","twitter_misc":{"Verfasst von":"admin","Gesch\u00e4tzte Lesezeit":"2\u00a0Minuten"},"schema":{"@context":"https:\/\/schema.org","@graph":[{"@type":"WebPage","@id":"https:\/\/die-wetterversicherung.de\/blog\/elnino-co2\/","url":"https:\/\/die-wetterversicherung.de\/blog\/elnino-co2\/","name":"Extremer CO2-Anstieg durch El Ni\u00f1o - die-wetterversicherung.de","isPartOf":{"@id":"https:\/\/die-wetterversicherung.de\/blog\/#website"},"primaryImageOfPage":{"@id":"https:\/\/die-wetterversicherung.de\/blog\/elnino-co2\/#primaryimage"},"image":{"@id":"https:\/\/die-wetterversicherung.de\/blog\/elnino-co2\/#primaryimage"},"thumbnailUrl":"https:\/\/die-wetterversicherung.de\/blog\/wp-content\/uploads\/2017\/10\/El-Nino-Wetterpha\u0308nomen-Klima-CO2-Kohlendioxid-Atmospha\u0308re.jpg","datePublished":"2017-10-25T13:37:08+00:00","author":{"@id":"https:\/\/die-wetterversicherung.de\/blog\/#\/schema\/person\/ece359d1fb2756d4f371d523c75b881a"},"breadcrumb":{"@id":"https:\/\/die-wetterversicherung.de\/blog\/elnino-co2\/#breadcrumb"},"inLanguage":"de","potentialAction":[{"@type":"ReadAction","target":["https:\/\/die-wetterversicherung.de\/blog\/elnino-co2\/"]}]},{"@type":"ImageObject","inLanguage":"de","@id":"https:\/\/die-wetterversicherung.de\/blog\/elnino-co2\/#primaryimage","url":"https:\/\/die-wetterversicherung.de\/blog\/wp-content\/uploads\/2017\/10\/El-Nino-Wetterpha\u0308nomen-Klima-CO2-Kohlendioxid-Atmospha\u0308re.jpg","contentUrl":"https:\/\/die-wetterversicherung.de\/blog\/wp-content\/uploads\/2017\/10\/El-Nino-Wetterpha\u0308nomen-Klima-CO2-Kohlendioxid-Atmospha\u0308re.jpg","width":1920,"height":846,"caption":"Foto: pixabay (Symbolbild)"},{"@type":"BreadcrumbList","@id":"https:\/\/die-wetterversicherung.de\/blog\/elnino-co2\/#breadcrumb","itemListElement":[{"@type":"ListItem","position":1,"name":"Startseite","item":"https:\/\/die-wetterversicherung.de\/blog\/"},{"@type":"ListItem","position":2,"name":"Extremer CO2-Anstieg durch El Ni\u00f1o"}]},{"@type":"WebSite","@id":"https:\/\/die-wetterversicherung.de\/blog\/#website","url":"https:\/\/die-wetterversicherung.de\/blog\/","name":"die-wetterversicherung.de","description":"Wetterversicherung-Blog","potentialAction":[{"@type":"SearchAction","target":{"@type":"EntryPoint","urlTemplate":"https:\/\/die-wetterversicherung.de\/blog\/?s={search_term_string}"},"query-input":{"@type":"PropertyValueSpecification","valueRequired":true,"valueName":"search_term_string"}}],"inLanguage":"de"},{"@type":"Person","@id":"https:\/\/die-wetterversicherung.de\/blog\/#\/schema\/person\/ece359d1fb2756d4f371d523c75b881a","name":"admin","url":"https:\/\/die-wetterversicherung.de\/blog\/author\/admin\/"}]}},"_links":{"self":[{"href":"https:\/\/die-wetterversicherung.de\/blog\/wp-json\/wp\/v2\/posts\/1828","targetHints":{"allow":["GET"]}}],"collection":[{"href":"https:\/\/die-wetterversicherung.de\/blog\/wp-json\/wp\/v2\/posts"}],"about":[{"href":"https:\/\/die-wetterversicherung.de\/blog\/wp-json\/wp\/v2\/types\/post"}],"author":[{"embeddable":true,"href":"https:\/\/die-wetterversicherung.de\/blog\/wp-json\/wp\/v2\/users\/5"}],"replies":[{"embeddable":true,"href":"https:\/\/die-wetterversicherung.de\/blog\/wp-json\/wp\/v2\/comments?post=1828"}],"version-history":[{"count":2,"href":"https:\/\/die-wetterversicherung.de\/blog\/wp-json\/wp\/v2\/posts\/1828\/revisions"}],"predecessor-version":[{"id":1831,"href":"https:\/\/die-wetterversicherung.de\/blog\/wp-json\/wp\/v2\/posts\/1828\/revisions\/1831"}],"wp:featuredmedia":[{"embeddable":true,"href":"https:\/\/die-wetterversicherung.de\/blog\/wp-json\/wp\/v2\/media\/1830"}],"wp:attachment":[{"href":"https:\/\/die-wetterversicherung.de\/blog\/wp-json\/wp\/v2\/media?parent=1828"}],"wp:term":[{"taxonomy":"category","embeddable":true,"href":"https:\/\/die-wetterversicherung.de\/blog\/wp-json\/wp\/v2\/categories?post=1828"},{"taxonomy":"post_tag","embeddable":true,"href":"https:\/\/die-wetterversicherung.de\/blog\/wp-json\/wp\/v2\/tags?post=1828"}],"curies":[{"name":"wp","href":"https:\/\/api.w.org\/{rel}","templated":true}]}}