{"id":1816,"date":"2017-10-11T17:12:50","date_gmt":"2017-10-11T15:12:50","guid":{"rendered":"https:\/\/die-wetterversicherung.de\/?p=1816"},"modified":"2017-10-11T17:12:50","modified_gmt":"2017-10-11T15:12:50","slug":"schickt-uns-der-pazifik-hurrikans-nach-europa","status":"publish","type":"post","link":"https:\/\/die-wetterversicherung.de\/blog\/schickt-uns-der-pazifik-hurrikans-nach-europa\/","title":{"rendered":"Schickt uns der Pazifik Hurrikans nach Europa?"},"content":{"rendered":"<p><b>Wer Antworten auf diese Frage haben m\u00f6chte, kann an einem Online-Kurs von EUMETSAT teilnehmen.<\/b><\/p>\n<div id=\"attachment_1818\" style=\"width: 300px\" class=\"wp-caption alignleft\"><img loading=\"lazy\" decoding=\"async\" aria-describedby=\"caption-attachment-1818\" class=\"size-medium wp-image-1818\" src=\"https:\/\/die-wetterversicherung.de\/wp-content\/uploads\/2017\/10\/Ozean\u00a9pixabay-1-300x148.jpg\" alt=\"Foto: pixabay (Symbolbild)\" width=\"300\" height=\"148\" srcset=\"https:\/\/die-wetterversicherung.de\/blog\/wp-content\/uploads\/2017\/10\/Ozean\u00a9pixabay-1-300x148.jpg 300w, https:\/\/die-wetterversicherung.de\/blog\/wp-content\/uploads\/2017\/10\/Ozean\u00a9pixabay-1-768x379.jpg 768w, https:\/\/die-wetterversicherung.de\/blog\/wp-content\/uploads\/2017\/10\/Ozean\u00a9pixabay-1-1024x505.jpg 1024w, https:\/\/die-wetterversicherung.de\/blog\/wp-content\/uploads\/2017\/10\/Ozean\u00a9pixabay-1.jpg 1920w\" sizes=\"auto, (max-width: 300px) 100vw, 300px\" \/><p id=\"caption-attachment-1818\" class=\"wp-caption-text\">Foto: pixabay (Symbolbild)<\/p><\/div>\n<p>Ob ein unmittelbarer Zusammenhang zwischen dem Anstieg der Meerestemperaturen und den vermehrt auftretenden schweren Hurrikans in Amerika besteht, dar\u00fcber streiten sich die Wissenschaftler noch. Viele Forscher gehen davon aus. Vor allem Schwankungen des Phythoplanktons und die Einfl\u00fcsse des Temperaturanstieges des Pazifiks bereiten den Forschern Kopfzerbrechen. Phytoplankton besteht aus mehreren Algenarten, zum Beispiel aus Gr\u00fcn-, Kiesel-, und Goldalgen. Es ist ein elementarer Bestandteil der Nahrungskette und wichtig f\u00fcr die Photosynthese.<\/p>\n<p>Auf den ersten Blick scheint es, als best\u00fcnde kein Zusammenhang zwischen den k\u00fcrzlich verursachten Hurrikan-Sch\u00e4den und den Ver\u00e4nderungen in den Ozeanen auf das europ\u00e4ische Wetter. Doch die Klimaver\u00e4nderung ist etwas Globales. Deshalb ergibt sich die Frage, ob auch wir in Europa mit \u00e4hnlichen Katastrophen wie die Bewohner des amerikanischen Kontinents rechnen m\u00fcssen. Die Entwicklung des Phytoplanktons und die Wassererw\u00e4rmung in Bezug auf Europa wird erst seit 2016 vom Copernicus Sentinel-3-Satelliten verst\u00e4rkt beobachtet. Das Gute daran: Die Daten sind nicht nur Wissenschaftlern vorbehalten, sondern f\u00fcr jeden frei verf\u00fcgbar.<\/p>\n<p><span style=\"font-weight: 400;\">Am 16. Oktober wird EUMETSAT in einem Update des EU-finanzierten Online-Kurses \u201eMonitoring the Oceans from Space\u201c die Daten pr\u00e4sentieren. Die Anmeldung f\u00fcr den Kurs ist ab sofort m\u00f6glich.<\/span><\/p>\n<p><b>Weitere Informationen finden Sie unter:<\/b><\/p>\n<p><a href=\"http:\/\/www.futurelearn.com\/courses\/oceans-from-space\" target=\"_blank\"><span style=\"font-weight: 400;\">www.futurelearn.com\/courses\/oceans-from-space <\/span><\/a><span style=\"font-weight: 400;\"><br \/>\n<\/span><a href=\"http:\/\/www.eumetsat.int\/website\/home\/index.html\" target=\"_blank\"><span style=\"font-weight: 400;\">www.eumetsat.int\/website\/home\/index.html <\/span><\/a><\/p>\n","protected":false},"excerpt":{"rendered":"<p>Wer Antworten auf diese Frage haben m\u00f6chte, kann an einem Online-Kurs von EUMETSAT teilnehmen.<\/p><p><a class=\"more-link btn\" href=\"https:\/\/die-wetterversicherung.de\/blog\/schickt-uns-der-pazifik-hurrikans-nach-europa\/\">Weiterlesen<\/a><\/p>\n","protected":false},"author":5,"featured_media":1817,"comment_status":"open","ping_status":"closed","sticky":false,"template":"","format":"standard","meta":{"footnotes":""},"categories":[4],"tags":[215,203,213,83,84,217,216,214],"class_list":["post-1816","post","type-post","status-publish","format-standard","has-post-thumbnail","hentry","category-lasst-uns-ubers-wetter-reden","tag-beobachtung","tag-europa","tag-hurrikans","tag-klima","tag-klimawandel","tag-meer","tag-pazifik","tag-satelliten","item-wrap"],"yoast_head":"<!-- This site is optimized with the Yoast SEO plugin v26.4 - https:\/\/yoast.com\/wordpress\/plugins\/seo\/ -->\n<title>Schickt uns der Pazifik Hurrikans nach Europa? - die-wetterversicherung.de<\/title>\n<meta name=\"robots\" content=\"index, follow, max-snippet:-1, max-image-preview:large, max-video-preview:-1\" \/>\n<link rel=\"canonical\" href=\"https:\/\/die-wetterversicherung.de\/blog\/schickt-uns-der-pazifik-hurrikans-nach-europa\/\" \/>\n<meta property=\"og:locale\" content=\"de_DE\" \/>\n<meta property=\"og:type\" content=\"article\" \/>\n<meta property=\"og:title\" content=\"Schickt uns der Pazifik Hurrikans nach Europa? - die-wetterversicherung.de\" \/>\n<meta property=\"og:description\" content=\"Wer Antworten auf diese Frage haben m\u00f6chte, kann an einem Online-Kurs von EUMETSAT teilnehmen.\" \/>\n<meta property=\"og:url\" content=\"https:\/\/die-wetterversicherung.de\/blog\/schickt-uns-der-pazifik-hurrikans-nach-europa\/\" \/>\n<meta property=\"og:site_name\" content=\"die-wetterversicherung.de\" \/>\n<meta property=\"article:publisher\" content=\"https:\/\/www.facebook.com\/diewetterversicherung\" \/>\n<meta property=\"article:published_time\" content=\"2017-10-11T15:12:50+00:00\" \/>\n<meta property=\"og:image\" content=\"https:\/\/die-wetterversicherung.de\/blog\/wp-content\/uploads\/2017\/10\/Ozean\u00a9pixabay.jpg\" \/>\n\t<meta property=\"og:image:width\" content=\"1920\" \/>\n\t<meta property=\"og:image:height\" content=\"947\" \/>\n\t<meta property=\"og:image:type\" content=\"image\/jpeg\" \/>\n<meta name=\"author\" content=\"admin\" \/>\n<meta name=\"twitter:card\" content=\"summary_large_image\" \/>\n<meta name=\"twitter:label1\" content=\"Verfasst von\" \/>\n\t<meta name=\"twitter:data1\" content=\"admin\" \/>\n\t<meta name=\"twitter:label2\" content=\"Gesch\u00e4tzte Lesezeit\" \/>\n\t<meta name=\"twitter:data2\" content=\"1\u00a0Minute\" \/>\n<script type=\"application\/ld+json\" class=\"yoast-schema-graph\">{\"@context\":\"https:\/\/schema.org\",\"@graph\":[{\"@type\":\"WebPage\",\"@id\":\"https:\/\/die-wetterversicherung.de\/blog\/schickt-uns-der-pazifik-hurrikans-nach-europa\/\",\"url\":\"https:\/\/die-wetterversicherung.de\/blog\/schickt-uns-der-pazifik-hurrikans-nach-europa\/\",\"name\":\"Schickt uns der Pazifik Hurrikans nach Europa? - die-wetterversicherung.de\",\"isPartOf\":{\"@id\":\"https:\/\/die-wetterversicherung.de\/blog\/#website\"},\"primaryImageOfPage\":{\"@id\":\"https:\/\/die-wetterversicherung.de\/blog\/schickt-uns-der-pazifik-hurrikans-nach-europa\/#primaryimage\"},\"image\":{\"@id\":\"https:\/\/die-wetterversicherung.de\/blog\/schickt-uns-der-pazifik-hurrikans-nach-europa\/#primaryimage\"},\"thumbnailUrl\":\"https:\/\/die-wetterversicherung.de\/blog\/wp-content\/uploads\/2017\/10\/Ozean\u00a9pixabay.jpg\",\"datePublished\":\"2017-10-11T15:12:50+00:00\",\"author\":{\"@id\":\"https:\/\/die-wetterversicherung.de\/blog\/#\/schema\/person\/ece359d1fb2756d4f371d523c75b881a\"},\"breadcrumb\":{\"@id\":\"https:\/\/die-wetterversicherung.de\/blog\/schickt-uns-der-pazifik-hurrikans-nach-europa\/#breadcrumb\"},\"inLanguage\":\"de\",\"potentialAction\":[{\"@type\":\"ReadAction\",\"target\":[\"https:\/\/die-wetterversicherung.de\/blog\/schickt-uns-der-pazifik-hurrikans-nach-europa\/\"]}]},{\"@type\":\"ImageObject\",\"inLanguage\":\"de\",\"@id\":\"https:\/\/die-wetterversicherung.de\/blog\/schickt-uns-der-pazifik-hurrikans-nach-europa\/#primaryimage\",\"url\":\"https:\/\/die-wetterversicherung.de\/blog\/wp-content\/uploads\/2017\/10\/Ozean\u00a9pixabay.jpg\",\"contentUrl\":\"https:\/\/die-wetterversicherung.de\/blog\/wp-content\/uploads\/2017\/10\/Ozean\u00a9pixabay.jpg\",\"width\":1920,\"height\":947,\"caption\":\"Foto: pixabay (Symbolbild)\"},{\"@type\":\"BreadcrumbList\",\"@id\":\"https:\/\/die-wetterversicherung.de\/blog\/schickt-uns-der-pazifik-hurrikans-nach-europa\/#breadcrumb\",\"itemListElement\":[{\"@type\":\"ListItem\",\"position\":1,\"name\":\"Startseite\",\"item\":\"https:\/\/die-wetterversicherung.de\/blog\/\"},{\"@type\":\"ListItem\",\"position\":2,\"name\":\"Schickt uns der Pazifik Hurrikans nach Europa?\"}]},{\"@type\":\"WebSite\",\"@id\":\"https:\/\/die-wetterversicherung.de\/blog\/#website\",\"url\":\"https:\/\/die-wetterversicherung.de\/blog\/\",\"name\":\"die-wetterversicherung.de\",\"description\":\"Wetterversicherung-Blog\",\"potentialAction\":[{\"@type\":\"SearchAction\",\"target\":{\"@type\":\"EntryPoint\",\"urlTemplate\":\"https:\/\/die-wetterversicherung.de\/blog\/?s={search_term_string}\"},\"query-input\":{\"@type\":\"PropertyValueSpecification\",\"valueRequired\":true,\"valueName\":\"search_term_string\"}}],\"inLanguage\":\"de\"},{\"@type\":\"Person\",\"@id\":\"https:\/\/die-wetterversicherung.de\/blog\/#\/schema\/person\/ece359d1fb2756d4f371d523c75b881a\",\"name\":\"admin\",\"url\":\"https:\/\/die-wetterversicherung.de\/blog\/author\/admin\/\"}]}<\/script>\n<!-- \/ Yoast SEO plugin. -->","yoast_head_json":{"title":"Schickt uns der Pazifik Hurrikans nach Europa? - die-wetterversicherung.de","robots":{"index":"index","follow":"follow","max-snippet":"max-snippet:-1","max-image-preview":"max-image-preview:large","max-video-preview":"max-video-preview:-1"},"canonical":"https:\/\/die-wetterversicherung.de\/blog\/schickt-uns-der-pazifik-hurrikans-nach-europa\/","og_locale":"de_DE","og_type":"article","og_title":"Schickt uns der Pazifik Hurrikans nach Europa? - die-wetterversicherung.de","og_description":"Wer Antworten auf diese Frage haben m\u00f6chte, kann an einem Online-Kurs von EUMETSAT teilnehmen.","og_url":"https:\/\/die-wetterversicherung.de\/blog\/schickt-uns-der-pazifik-hurrikans-nach-europa\/","og_site_name":"die-wetterversicherung.de","article_publisher":"https:\/\/www.facebook.com\/diewetterversicherung","article_published_time":"2017-10-11T15:12:50+00:00","og_image":[{"width":1920,"height":947,"url":"https:\/\/die-wetterversicherung.de\/blog\/wp-content\/uploads\/2017\/10\/Ozean\u00a9pixabay.jpg","type":"image\/jpeg"}],"author":"admin","twitter_card":"summary_large_image","twitter_misc":{"Verfasst von":"admin","Gesch\u00e4tzte Lesezeit":"1\u00a0Minute"},"schema":{"@context":"https:\/\/schema.org","@graph":[{"@type":"WebPage","@id":"https:\/\/die-wetterversicherung.de\/blog\/schickt-uns-der-pazifik-hurrikans-nach-europa\/","url":"https:\/\/die-wetterversicherung.de\/blog\/schickt-uns-der-pazifik-hurrikans-nach-europa\/","name":"Schickt uns der Pazifik Hurrikans nach Europa? - die-wetterversicherung.de","isPartOf":{"@id":"https:\/\/die-wetterversicherung.de\/blog\/#website"},"primaryImageOfPage":{"@id":"https:\/\/die-wetterversicherung.de\/blog\/schickt-uns-der-pazifik-hurrikans-nach-europa\/#primaryimage"},"image":{"@id":"https:\/\/die-wetterversicherung.de\/blog\/schickt-uns-der-pazifik-hurrikans-nach-europa\/#primaryimage"},"thumbnailUrl":"https:\/\/die-wetterversicherung.de\/blog\/wp-content\/uploads\/2017\/10\/Ozean\u00a9pixabay.jpg","datePublished":"2017-10-11T15:12:50+00:00","author":{"@id":"https:\/\/die-wetterversicherung.de\/blog\/#\/schema\/person\/ece359d1fb2756d4f371d523c75b881a"},"breadcrumb":{"@id":"https:\/\/die-wetterversicherung.de\/blog\/schickt-uns-der-pazifik-hurrikans-nach-europa\/#breadcrumb"},"inLanguage":"de","potentialAction":[{"@type":"ReadAction","target":["https:\/\/die-wetterversicherung.de\/blog\/schickt-uns-der-pazifik-hurrikans-nach-europa\/"]}]},{"@type":"ImageObject","inLanguage":"de","@id":"https:\/\/die-wetterversicherung.de\/blog\/schickt-uns-der-pazifik-hurrikans-nach-europa\/#primaryimage","url":"https:\/\/die-wetterversicherung.de\/blog\/wp-content\/uploads\/2017\/10\/Ozean\u00a9pixabay.jpg","contentUrl":"https:\/\/die-wetterversicherung.de\/blog\/wp-content\/uploads\/2017\/10\/Ozean\u00a9pixabay.jpg","width":1920,"height":947,"caption":"Foto: pixabay (Symbolbild)"},{"@type":"BreadcrumbList","@id":"https:\/\/die-wetterversicherung.de\/blog\/schickt-uns-der-pazifik-hurrikans-nach-europa\/#breadcrumb","itemListElement":[{"@type":"ListItem","position":1,"name":"Startseite","item":"https:\/\/die-wetterversicherung.de\/blog\/"},{"@type":"ListItem","position":2,"name":"Schickt uns der Pazifik Hurrikans nach Europa?"}]},{"@type":"WebSite","@id":"https:\/\/die-wetterversicherung.de\/blog\/#website","url":"https:\/\/die-wetterversicherung.de\/blog\/","name":"die-wetterversicherung.de","description":"Wetterversicherung-Blog","potentialAction":[{"@type":"SearchAction","target":{"@type":"EntryPoint","urlTemplate":"https:\/\/die-wetterversicherung.de\/blog\/?s={search_term_string}"},"query-input":{"@type":"PropertyValueSpecification","valueRequired":true,"valueName":"search_term_string"}}],"inLanguage":"de"},{"@type":"Person","@id":"https:\/\/die-wetterversicherung.de\/blog\/#\/schema\/person\/ece359d1fb2756d4f371d523c75b881a","name":"admin","url":"https:\/\/die-wetterversicherung.de\/blog\/author\/admin\/"}]}},"_links":{"self":[{"href":"https:\/\/die-wetterversicherung.de\/blog\/wp-json\/wp\/v2\/posts\/1816","targetHints":{"allow":["GET"]}}],"collection":[{"href":"https:\/\/die-wetterversicherung.de\/blog\/wp-json\/wp\/v2\/posts"}],"about":[{"href":"https:\/\/die-wetterversicherung.de\/blog\/wp-json\/wp\/v2\/types\/post"}],"author":[{"embeddable":true,"href":"https:\/\/die-wetterversicherung.de\/blog\/wp-json\/wp\/v2\/users\/5"}],"replies":[{"embeddable":true,"href":"https:\/\/die-wetterversicherung.de\/blog\/wp-json\/wp\/v2\/comments?post=1816"}],"version-history":[{"count":1,"href":"https:\/\/die-wetterversicherung.de\/blog\/wp-json\/wp\/v2\/posts\/1816\/revisions"}],"predecessor-version":[{"id":1819,"href":"https:\/\/die-wetterversicherung.de\/blog\/wp-json\/wp\/v2\/posts\/1816\/revisions\/1819"}],"wp:featuredmedia":[{"embeddable":true,"href":"https:\/\/die-wetterversicherung.de\/blog\/wp-json\/wp\/v2\/media\/1817"}],"wp:attachment":[{"href":"https:\/\/die-wetterversicherung.de\/blog\/wp-json\/wp\/v2\/media?parent=1816"}],"wp:term":[{"taxonomy":"category","embeddable":true,"href":"https:\/\/die-wetterversicherung.de\/blog\/wp-json\/wp\/v2\/categories?post=1816"},{"taxonomy":"post_tag","embeddable":true,"href":"https:\/\/die-wetterversicherung.de\/blog\/wp-json\/wp\/v2\/tags?post=1816"}],"curies":[{"name":"wp","href":"https:\/\/api.w.org\/{rel}","templated":true}]}}