{"id":1807,"date":"2017-09-27T15:17:29","date_gmt":"2017-09-27T13:17:29","guid":{"rendered":"https:\/\/die-wetterversicherung.de\/?p=1807"},"modified":"2017-09-27T15:17:29","modified_gmt":"2017-09-27T13:17:29","slug":"klima-eu-parlament-will-waldnutzung-nicht-einschraenken","status":"publish","type":"post","link":"https:\/\/die-wetterversicherung.de\/blog\/klima-eu-parlament-will-waldnutzung-nicht-einschraenken\/","title":{"rendered":"Klima: EU-Parlament will Waldnutzung nicht einschr\u00e4nken"},"content":{"rendered":"<p><b>Im Gegensatz zur EU-Kommission spricht sich das EU-Parlament nicht daf\u00fcr aus, die intensive Waldnutzung zu beschr\u00e4nken.<\/b><\/p>\n<div id=\"attachment_1808\" style=\"width: 300px\" class=\"wp-caption alignleft\"><img loading=\"lazy\" decoding=\"async\" aria-describedby=\"caption-attachment-1808\" class=\"size-medium wp-image-1808\" src=\"https:\/\/die-wetterversicherung.de\/wp-content\/uploads\/2017\/09\/Vollernter\u00a9-FVA-H.Go\u0308ssl-300x200.jpg\" alt=\"Foto: FVA\/H. G\u00f6ssl\" width=\"300\" height=\"200\" srcset=\"https:\/\/die-wetterversicherung.de\/blog\/wp-content\/uploads\/2017\/09\/Vollernter\u00a9-FVA-H.Go\u0308ssl-300x200.jpg 300w, https:\/\/die-wetterversicherung.de\/blog\/wp-content\/uploads\/2017\/09\/Vollernter\u00a9-FVA-H.Go\u0308ssl-768x511.jpg 768w, https:\/\/die-wetterversicherung.de\/blog\/wp-content\/uploads\/2017\/09\/Vollernter\u00a9-FVA-H.Go\u0308ssl-1024x681.jpg 1024w, https:\/\/die-wetterversicherung.de\/blog\/wp-content\/uploads\/2017\/09\/Vollernter\u00a9-FVA-H.Go\u0308ssl.jpg 1500w\" sizes=\"auto, (max-width: 300px) 100vw, 300px\" \/><p id=\"caption-attachment-1808\" class=\"wp-caption-text\">Foto: FVA\/H. G\u00f6ssl<\/p><\/div>\n<p>In der j\u00fcngsten Plenarabstimmung \u00fcber die Regeln zur Erfassung der Kohlendioxid-Bilanz der Land- und Forstwirtschaft (LULUCF) sprach sich das EU-Parlament f\u00fcr intensive Waldnutzung aus. Bedingung: Die W\u00e4lder m\u00fcssen zugleich eine Treibhausgassenke sein.<\/p>\n<p><span style=\"font-weight: 400;\">Der Generalsekret\u00e4r des Deutschen Bauernverbandes (DBV), Bernhard Kr\u00fcsken, begr\u00fc\u00dft die Entscheidung: \u201eDies ist ein wegweisendes Signal f\u00fcr gr\u00fcnes Wachstum im l\u00e4ndlichen Raum und einen wirtschaftlich nachhaltigen Klimaschutz durch die Land- und Forstwirtschaft\u201c.<\/span><\/p>\n<p><span style=\"font-weight: 400;\">Entgegen dem Vorschlag der EU-Kommission will das EU-Parlament die zuk\u00fcnftige Waldbewirtschaftung nicht an der vergangenen Bewirtschaftungsintensit\u00e4t ausrichten. Die Abgeordneten haben sich auch daf\u00fcr ausgesprochen, den in der Klimabilanzierung anrechenbaren Anteil der Treibhausgassenke aus der Waldbewirtschaftung durch Holzprodukte zu erh\u00f6hen. Dies sei ein wichtiges Zeichen f\u00fcr die Bio\u00f6konomie und die Substitution fossiler Materialien, so Kr\u00fcsken. \u201eDer Nutzwald ist der ,Klimawald, denn ein solcher Wald kann durch hohe Zuwachsraten und Holznutzung der Atmosph\u00e4re mehr Kohlendioxid entziehen als ein ungenutzter Wald\u201c, betonte der Generalsekret\u00e4r. Kritisch sei aber die M\u00f6glichkeit zur Neuberechnung der sogenannten Forstreferenzwerte. Diese ist weiterhin im Verordnungsvorschlag f\u00fcr die k\u00fcnftige Klimabilanzierung enthalten. <\/span><\/p>\n","protected":false},"excerpt":{"rendered":"<p>Im Gegensatz zur EU-Kommission spricht sich das EU-Parlament nicht daf\u00fcr aus, die intensive Waldnutzung zu beschr\u00e4nken.<\/p><p><a class=\"more-link btn\" href=\"https:\/\/die-wetterversicherung.de\/blog\/klima-eu-parlament-will-waldnutzung-nicht-einschraenken\/\">Weiterlesen<\/a><\/p>\n","protected":false},"author":5,"featured_media":1808,"comment_status":"open","ping_status":"closed","sticky":false,"template":"","format":"standard","meta":{"footnotes":""},"categories":[4],"tags":[209,170,83,79,208],"class_list":["post-1807","post","type-post","status-publish","format-standard","has-post-thumbnail","hentry","category-lasst-uns-ubers-wetter-reden","tag-eu","tag-eu-parlament","tag-klima","tag-wald","tag-waldnutzung","item-wrap"],"yoast_head":"<!-- This site is optimized with the Yoast SEO plugin v26.4 - https:\/\/yoast.com\/wordpress\/plugins\/seo\/ -->\n<title>Klima: EU-Parlament will Waldnutzung nicht einschr\u00e4nken - die-wetterversicherung.de<\/title>\n<meta name=\"robots\" content=\"index, follow, max-snippet:-1, max-image-preview:large, max-video-preview:-1\" \/>\n<link rel=\"canonical\" href=\"https:\/\/die-wetterversicherung.de\/blog\/klima-eu-parlament-will-waldnutzung-nicht-einschraenken\/\" \/>\n<meta property=\"og:locale\" content=\"de_DE\" \/>\n<meta property=\"og:type\" content=\"article\" \/>\n<meta property=\"og:title\" content=\"Klima: EU-Parlament will Waldnutzung nicht einschr\u00e4nken - die-wetterversicherung.de\" \/>\n<meta property=\"og:description\" content=\"Im Gegensatz zur EU-Kommission spricht sich das EU-Parlament nicht daf\u00fcr aus, die intensive Waldnutzung zu beschr\u00e4nken.\" \/>\n<meta property=\"og:url\" content=\"https:\/\/die-wetterversicherung.de\/blog\/klima-eu-parlament-will-waldnutzung-nicht-einschraenken\/\" \/>\n<meta property=\"og:site_name\" content=\"die-wetterversicherung.de\" \/>\n<meta property=\"article:publisher\" content=\"https:\/\/www.facebook.com\/diewetterversicherung\" \/>\n<meta property=\"article:published_time\" content=\"2017-09-27T13:17:29+00:00\" \/>\n<meta property=\"og:image\" content=\"https:\/\/die-wetterversicherung.de\/blog\/wp-content\/uploads\/2017\/09\/Vollernter\u00a9-FVA-H.Go\u0308ssl.jpg\" \/>\n\t<meta property=\"og:image:width\" content=\"1500\" \/>\n\t<meta property=\"og:image:height\" content=\"998\" \/>\n\t<meta property=\"og:image:type\" content=\"image\/jpeg\" \/>\n<meta name=\"author\" content=\"admin\" \/>\n<meta name=\"twitter:card\" content=\"summary_large_image\" \/>\n<meta name=\"twitter:label1\" content=\"Verfasst von\" \/>\n\t<meta name=\"twitter:data1\" content=\"admin\" \/>\n\t<meta name=\"twitter:label2\" content=\"Gesch\u00e4tzte Lesezeit\" \/>\n\t<meta name=\"twitter:data2\" content=\"1\u00a0Minute\" \/>\n<script type=\"application\/ld+json\" class=\"yoast-schema-graph\">{\"@context\":\"https:\/\/schema.org\",\"@graph\":[{\"@type\":\"WebPage\",\"@id\":\"https:\/\/die-wetterversicherung.de\/blog\/klima-eu-parlament-will-waldnutzung-nicht-einschraenken\/\",\"url\":\"https:\/\/die-wetterversicherung.de\/blog\/klima-eu-parlament-will-waldnutzung-nicht-einschraenken\/\",\"name\":\"Klima: EU-Parlament will Waldnutzung nicht einschr\u00e4nken - die-wetterversicherung.de\",\"isPartOf\":{\"@id\":\"https:\/\/die-wetterversicherung.de\/blog\/#website\"},\"primaryImageOfPage\":{\"@id\":\"https:\/\/die-wetterversicherung.de\/blog\/klima-eu-parlament-will-waldnutzung-nicht-einschraenken\/#primaryimage\"},\"image\":{\"@id\":\"https:\/\/die-wetterversicherung.de\/blog\/klima-eu-parlament-will-waldnutzung-nicht-einschraenken\/#primaryimage\"},\"thumbnailUrl\":\"https:\/\/die-wetterversicherung.de\/blog\/wp-content\/uploads\/2017\/09\/Vollernter\u00a9-FVA-H.Go\u0308ssl.jpg\",\"datePublished\":\"2017-09-27T13:17:29+00:00\",\"author\":{\"@id\":\"https:\/\/die-wetterversicherung.de\/blog\/#\/schema\/person\/ece359d1fb2756d4f371d523c75b881a\"},\"breadcrumb\":{\"@id\":\"https:\/\/die-wetterversicherung.de\/blog\/klima-eu-parlament-will-waldnutzung-nicht-einschraenken\/#breadcrumb\"},\"inLanguage\":\"de\",\"potentialAction\":[{\"@type\":\"ReadAction\",\"target\":[\"https:\/\/die-wetterversicherung.de\/blog\/klima-eu-parlament-will-waldnutzung-nicht-einschraenken\/\"]}]},{\"@type\":\"ImageObject\",\"inLanguage\":\"de\",\"@id\":\"https:\/\/die-wetterversicherung.de\/blog\/klima-eu-parlament-will-waldnutzung-nicht-einschraenken\/#primaryimage\",\"url\":\"https:\/\/die-wetterversicherung.de\/blog\/wp-content\/uploads\/2017\/09\/Vollernter\u00a9-FVA-H.Go\u0308ssl.jpg\",\"contentUrl\":\"https:\/\/die-wetterversicherung.de\/blog\/wp-content\/uploads\/2017\/09\/Vollernter\u00a9-FVA-H.Go\u0308ssl.jpg\",\"width\":1500,\"height\":998,\"caption\":\"Foto: FVA\/H. G\u00f6ssl\"},{\"@type\":\"BreadcrumbList\",\"@id\":\"https:\/\/die-wetterversicherung.de\/blog\/klima-eu-parlament-will-waldnutzung-nicht-einschraenken\/#breadcrumb\",\"itemListElement\":[{\"@type\":\"ListItem\",\"position\":1,\"name\":\"Startseite\",\"item\":\"https:\/\/die-wetterversicherung.de\/blog\/\"},{\"@type\":\"ListItem\",\"position\":2,\"name\":\"Klima: EU-Parlament will Waldnutzung nicht einschr\u00e4nken\"}]},{\"@type\":\"WebSite\",\"@id\":\"https:\/\/die-wetterversicherung.de\/blog\/#website\",\"url\":\"https:\/\/die-wetterversicherung.de\/blog\/\",\"name\":\"die-wetterversicherung.de\",\"description\":\"Wetterversicherung-Blog\",\"potentialAction\":[{\"@type\":\"SearchAction\",\"target\":{\"@type\":\"EntryPoint\",\"urlTemplate\":\"https:\/\/die-wetterversicherung.de\/blog\/?s={search_term_string}\"},\"query-input\":{\"@type\":\"PropertyValueSpecification\",\"valueRequired\":true,\"valueName\":\"search_term_string\"}}],\"inLanguage\":\"de\"},{\"@type\":\"Person\",\"@id\":\"https:\/\/die-wetterversicherung.de\/blog\/#\/schema\/person\/ece359d1fb2756d4f371d523c75b881a\",\"name\":\"admin\",\"url\":\"https:\/\/die-wetterversicherung.de\/blog\/author\/admin\/\"}]}<\/script>\n<!-- \/ Yoast SEO plugin. -->","yoast_head_json":{"title":"Klima: EU-Parlament will Waldnutzung nicht einschr\u00e4nken - die-wetterversicherung.de","robots":{"index":"index","follow":"follow","max-snippet":"max-snippet:-1","max-image-preview":"max-image-preview:large","max-video-preview":"max-video-preview:-1"},"canonical":"https:\/\/die-wetterversicherung.de\/blog\/klima-eu-parlament-will-waldnutzung-nicht-einschraenken\/","og_locale":"de_DE","og_type":"article","og_title":"Klima: EU-Parlament will Waldnutzung nicht einschr\u00e4nken - die-wetterversicherung.de","og_description":"Im Gegensatz zur EU-Kommission spricht sich das EU-Parlament nicht daf\u00fcr aus, die intensive Waldnutzung zu beschr\u00e4nken.","og_url":"https:\/\/die-wetterversicherung.de\/blog\/klima-eu-parlament-will-waldnutzung-nicht-einschraenken\/","og_site_name":"die-wetterversicherung.de","article_publisher":"https:\/\/www.facebook.com\/diewetterversicherung","article_published_time":"2017-09-27T13:17:29+00:00","og_image":[{"width":1500,"height":998,"url":"https:\/\/die-wetterversicherung.de\/blog\/wp-content\/uploads\/2017\/09\/Vollernter\u00a9-FVA-H.Go\u0308ssl.jpg","type":"image\/jpeg"}],"author":"admin","twitter_card":"summary_large_image","twitter_misc":{"Verfasst von":"admin","Gesch\u00e4tzte Lesezeit":"1\u00a0Minute"},"schema":{"@context":"https:\/\/schema.org","@graph":[{"@type":"WebPage","@id":"https:\/\/die-wetterversicherung.de\/blog\/klima-eu-parlament-will-waldnutzung-nicht-einschraenken\/","url":"https:\/\/die-wetterversicherung.de\/blog\/klima-eu-parlament-will-waldnutzung-nicht-einschraenken\/","name":"Klima: EU-Parlament will Waldnutzung nicht einschr\u00e4nken - die-wetterversicherung.de","isPartOf":{"@id":"https:\/\/die-wetterversicherung.de\/blog\/#website"},"primaryImageOfPage":{"@id":"https:\/\/die-wetterversicherung.de\/blog\/klima-eu-parlament-will-waldnutzung-nicht-einschraenken\/#primaryimage"},"image":{"@id":"https:\/\/die-wetterversicherung.de\/blog\/klima-eu-parlament-will-waldnutzung-nicht-einschraenken\/#primaryimage"},"thumbnailUrl":"https:\/\/die-wetterversicherung.de\/blog\/wp-content\/uploads\/2017\/09\/Vollernter\u00a9-FVA-H.Go\u0308ssl.jpg","datePublished":"2017-09-27T13:17:29+00:00","author":{"@id":"https:\/\/die-wetterversicherung.de\/blog\/#\/schema\/person\/ece359d1fb2756d4f371d523c75b881a"},"breadcrumb":{"@id":"https:\/\/die-wetterversicherung.de\/blog\/klima-eu-parlament-will-waldnutzung-nicht-einschraenken\/#breadcrumb"},"inLanguage":"de","potentialAction":[{"@type":"ReadAction","target":["https:\/\/die-wetterversicherung.de\/blog\/klima-eu-parlament-will-waldnutzung-nicht-einschraenken\/"]}]},{"@type":"ImageObject","inLanguage":"de","@id":"https:\/\/die-wetterversicherung.de\/blog\/klima-eu-parlament-will-waldnutzung-nicht-einschraenken\/#primaryimage","url":"https:\/\/die-wetterversicherung.de\/blog\/wp-content\/uploads\/2017\/09\/Vollernter\u00a9-FVA-H.Go\u0308ssl.jpg","contentUrl":"https:\/\/die-wetterversicherung.de\/blog\/wp-content\/uploads\/2017\/09\/Vollernter\u00a9-FVA-H.Go\u0308ssl.jpg","width":1500,"height":998,"caption":"Foto: FVA\/H. G\u00f6ssl"},{"@type":"BreadcrumbList","@id":"https:\/\/die-wetterversicherung.de\/blog\/klima-eu-parlament-will-waldnutzung-nicht-einschraenken\/#breadcrumb","itemListElement":[{"@type":"ListItem","position":1,"name":"Startseite","item":"https:\/\/die-wetterversicherung.de\/blog\/"},{"@type":"ListItem","position":2,"name":"Klima: EU-Parlament will Waldnutzung nicht einschr\u00e4nken"}]},{"@type":"WebSite","@id":"https:\/\/die-wetterversicherung.de\/blog\/#website","url":"https:\/\/die-wetterversicherung.de\/blog\/","name":"die-wetterversicherung.de","description":"Wetterversicherung-Blog","potentialAction":[{"@type":"SearchAction","target":{"@type":"EntryPoint","urlTemplate":"https:\/\/die-wetterversicherung.de\/blog\/?s={search_term_string}"},"query-input":{"@type":"PropertyValueSpecification","valueRequired":true,"valueName":"search_term_string"}}],"inLanguage":"de"},{"@type":"Person","@id":"https:\/\/die-wetterversicherung.de\/blog\/#\/schema\/person\/ece359d1fb2756d4f371d523c75b881a","name":"admin","url":"https:\/\/die-wetterversicherung.de\/blog\/author\/admin\/"}]}},"_links":{"self":[{"href":"https:\/\/die-wetterversicherung.de\/blog\/wp-json\/wp\/v2\/posts\/1807","targetHints":{"allow":["GET"]}}],"collection":[{"href":"https:\/\/die-wetterversicherung.de\/blog\/wp-json\/wp\/v2\/posts"}],"about":[{"href":"https:\/\/die-wetterversicherung.de\/blog\/wp-json\/wp\/v2\/types\/post"}],"author":[{"embeddable":true,"href":"https:\/\/die-wetterversicherung.de\/blog\/wp-json\/wp\/v2\/users\/5"}],"replies":[{"embeddable":true,"href":"https:\/\/die-wetterversicherung.de\/blog\/wp-json\/wp\/v2\/comments?post=1807"}],"version-history":[{"count":1,"href":"https:\/\/die-wetterversicherung.de\/blog\/wp-json\/wp\/v2\/posts\/1807\/revisions"}],"predecessor-version":[{"id":1809,"href":"https:\/\/die-wetterversicherung.de\/blog\/wp-json\/wp\/v2\/posts\/1807\/revisions\/1809"}],"wp:featuredmedia":[{"embeddable":true,"href":"https:\/\/die-wetterversicherung.de\/blog\/wp-json\/wp\/v2\/media\/1808"}],"wp:attachment":[{"href":"https:\/\/die-wetterversicherung.de\/blog\/wp-json\/wp\/v2\/media?parent=1807"}],"wp:term":[{"taxonomy":"category","embeddable":true,"href":"https:\/\/die-wetterversicherung.de\/blog\/wp-json\/wp\/v2\/categories?post=1807"},{"taxonomy":"post_tag","embeddable":true,"href":"https:\/\/die-wetterversicherung.de\/blog\/wp-json\/wp\/v2\/tags?post=1807"}],"curies":[{"name":"wp","href":"https:\/\/api.w.org\/{rel}","templated":true}]}}