{"id":1783,"date":"2017-08-23T17:07:34","date_gmt":"2017-08-23T15:07:34","guid":{"rendered":"https:\/\/die-wetterversicherung.de\/?p=1783"},"modified":"2017-08-23T17:08:02","modified_gmt":"2017-08-23T15:08:02","slug":"sturm-verwuestet-bayerische-waelder","status":"publish","type":"post","link":"https:\/\/die-wetterversicherung.de\/blog\/sturm-verwuestet-bayerische-waelder\/","title":{"rendered":"Sturm verw\u00fcstet bayerische W\u00e4lder"},"content":{"rendered":"<p><b>W\u00e4hrend Deutschland und \u00d6sterreich von Unwettern heimgesucht wurden, k\u00e4mpft Italien schon seit Monaten mit Trockenheit.<\/b><\/p>\n<div id=\"attachment_1784\" style=\"width: 300px\" class=\"wp-caption alignleft\"><img loading=\"lazy\" decoding=\"async\" aria-describedby=\"caption-attachment-1784\" class=\"size-medium wp-image-1784\" src=\"https:\/\/die-wetterversicherung.de\/wp-content\/uploads\/2017\/08\/MK-FFP-Unwetter-6-300x182.jpg\" alt=\"Feuerwehreinsatz vergangenen Samstag auf dem Passauer Stadtberg. Foto: Feuerwehr Passau\/M. Kornexl\" width=\"300\" height=\"182\" srcset=\"https:\/\/die-wetterversicherung.de\/blog\/wp-content\/uploads\/2017\/08\/MK-FFP-Unwetter-6-300x182.jpg 300w, https:\/\/die-wetterversicherung.de\/blog\/wp-content\/uploads\/2017\/08\/MK-FFP-Unwetter-6-768x467.jpg 768w, https:\/\/die-wetterversicherung.de\/blog\/wp-content\/uploads\/2017\/08\/MK-FFP-Unwetter-6.jpg 800w\" sizes=\"auto, (max-width: 300px) 100vw, 300px\" \/><p id=\"caption-attachment-1784\" class=\"wp-caption-text\">Feuerwehreinsatz vergangenen Samstag auf dem Passauer Stadtberg. Foto: Feuerwehr Passau\/M. Kornexl<\/p><\/div>\n<p>Nachdem vor zwei Wochen ein Unwetter in Teilen \u00d6sterreichs f\u00fcr Zerst\u00f6rung durch Erdrutsche gesorgt hatte, wurde vergangenes Wochenende Niederbayern von einem heftigen Gewittersturm heimgesucht. In den Landkreisen Passau und Freyung-Grafenau sehen sich vor allem Waldbesitzer mit hohen Sch\u00e4den konfrontiert. Das bayerische Landwirtschaftsministerium geht in einer ersten Sch\u00e4tzung von mindestens zwei Millionen Hektar Schadholz aus. Der Sturm hat tausende Hektar Wald verw\u00fcstet und die Arbeit ganzer Waldbesitzer-Generationen zunichte gemacht.<\/p>\n<p><b>Vorsicht bei Aufr\u00e4umarbeiten<\/b><\/p>\n<p>F\u00fcr die Aufr\u00e4umarbeiten im Wald mahnt Brunner zu \u00e4u\u00dferster Vorsicht: \u201eDie umgest\u00fcrzten St\u00e4mme stehen unter gro\u00dfer Spannung, die Gefahr herabfallender \u00c4ste ist wesentlich h\u00f6her als sonst\u201c. Professionelle Beratung und Hilfe finden betroffene Waldbesitzer bei den bayerischen \u00c4mtern f\u00fcr Ern\u00e4hrung, Landwirtschaft und Forsten sowie bei den forstlichen Zusammenschl\u00fcssen.<\/p>\n<p><b>Hitzesch\u00e4den in Italien<\/b><\/p>\n<p>In Italien wiederum hat es schon seit Monaten nicht mehr geregnet. Folge der Hitzewelle sind hohe Ernteausf\u00e4lle. W\u00e4hrend in Norditalien die Tomatenernte bedroht ist, m\u00fcssen in S\u00fcditalien die Olivenbauern um ihre Ernte bangen. Der Landwirtschaftsverband Coldiretti geht von Einbu\u00dfen in Milliardenh\u00f6he aus. Auch die Trinkwasserversorgung ist gef\u00e4hrdet. Einige Kommunen hatten das Wasser bereits im Juni rationiert.<\/p>\n","protected":false},"excerpt":{"rendered":"<p>W\u00e4hrend Deutschland und \u00d6sterreich von Unwettern heimgesucht wurden, k\u00e4mpft Italien schon seit Monaten mit Trockenheit.<\/p><p><a class=\"more-link btn\" href=\"https:\/\/die-wetterversicherung.de\/blog\/sturm-verwuestet-bayerische-waelder\/\">Weiterlesen<\/a><\/p>\n","protected":false},"author":5,"featured_media":1784,"comment_status":"open","ping_status":"closed","sticky":false,"template":"","format":"standard","meta":{"footnotes":""},"categories":[4],"tags":[190,179,189,43,80],"class_list":["post-1783","post","type-post","status-publish","format-standard","has-post-thumbnail","hentry","category-lasst-uns-ubers-wetter-reden","tag-bayern","tag-gewitter","tag-passau","tag-sturm","tag-unwetter","item-wrap"],"yoast_head":"<!-- This site is optimized with the Yoast SEO plugin v26.4 - https:\/\/yoast.com\/wordpress\/plugins\/seo\/ -->\n<title>Sturm verw\u00fcstet bayerische W\u00e4lder - die-wetterversicherung.de<\/title>\n<meta name=\"robots\" content=\"index, follow, max-snippet:-1, max-image-preview:large, max-video-preview:-1\" \/>\n<link rel=\"canonical\" href=\"https:\/\/die-wetterversicherung.de\/blog\/sturm-verwuestet-bayerische-waelder\/\" \/>\n<meta property=\"og:locale\" content=\"de_DE\" \/>\n<meta property=\"og:type\" content=\"article\" \/>\n<meta property=\"og:title\" content=\"Sturm verw\u00fcstet bayerische W\u00e4lder - die-wetterversicherung.de\" \/>\n<meta property=\"og:description\" content=\"W\u00e4hrend Deutschland und \u00d6sterreich von Unwettern heimgesucht wurden, k\u00e4mpft Italien schon seit Monaten mit Trockenheit.\" \/>\n<meta property=\"og:url\" content=\"https:\/\/die-wetterversicherung.de\/blog\/sturm-verwuestet-bayerische-waelder\/\" \/>\n<meta property=\"og:site_name\" content=\"die-wetterversicherung.de\" \/>\n<meta property=\"article:publisher\" content=\"https:\/\/www.facebook.com\/diewetterversicherung\" \/>\n<meta property=\"article:published_time\" content=\"2017-08-23T15:07:34+00:00\" \/>\n<meta property=\"article:modified_time\" content=\"2017-08-23T15:08:02+00:00\" \/>\n<meta property=\"og:image\" content=\"https:\/\/die-wetterversicherung.de\/blog\/wp-content\/uploads\/2017\/08\/MK-FFP-Unwetter-6.jpg\" \/>\n\t<meta property=\"og:image:width\" content=\"800\" \/>\n\t<meta property=\"og:image:height\" content=\"486\" \/>\n\t<meta property=\"og:image:type\" content=\"image\/jpeg\" \/>\n<meta name=\"author\" content=\"admin\" \/>\n<meta name=\"twitter:card\" content=\"summary_large_image\" \/>\n<meta name=\"twitter:label1\" content=\"Verfasst von\" \/>\n\t<meta name=\"twitter:data1\" content=\"admin\" \/>\n\t<meta name=\"twitter:label2\" content=\"Gesch\u00e4tzte Lesezeit\" \/>\n\t<meta name=\"twitter:data2\" content=\"1\u00a0Minute\" \/>\n<script type=\"application\/ld+json\" class=\"yoast-schema-graph\">{\"@context\":\"https:\/\/schema.org\",\"@graph\":[{\"@type\":\"WebPage\",\"@id\":\"https:\/\/die-wetterversicherung.de\/blog\/sturm-verwuestet-bayerische-waelder\/\",\"url\":\"https:\/\/die-wetterversicherung.de\/blog\/sturm-verwuestet-bayerische-waelder\/\",\"name\":\"Sturm verw\u00fcstet bayerische W\u00e4lder - die-wetterversicherung.de\",\"isPartOf\":{\"@id\":\"https:\/\/die-wetterversicherung.de\/blog\/#website\"},\"primaryImageOfPage\":{\"@id\":\"https:\/\/die-wetterversicherung.de\/blog\/sturm-verwuestet-bayerische-waelder\/#primaryimage\"},\"image\":{\"@id\":\"https:\/\/die-wetterversicherung.de\/blog\/sturm-verwuestet-bayerische-waelder\/#primaryimage\"},\"thumbnailUrl\":\"https:\/\/die-wetterversicherung.de\/blog\/wp-content\/uploads\/2017\/08\/MK-FFP-Unwetter-6.jpg\",\"datePublished\":\"2017-08-23T15:07:34+00:00\",\"dateModified\":\"2017-08-23T15:08:02+00:00\",\"author\":{\"@id\":\"https:\/\/die-wetterversicherung.de\/blog\/#\/schema\/person\/ece359d1fb2756d4f371d523c75b881a\"},\"breadcrumb\":{\"@id\":\"https:\/\/die-wetterversicherung.de\/blog\/sturm-verwuestet-bayerische-waelder\/#breadcrumb\"},\"inLanguage\":\"de\",\"potentialAction\":[{\"@type\":\"ReadAction\",\"target\":[\"https:\/\/die-wetterversicherung.de\/blog\/sturm-verwuestet-bayerische-waelder\/\"]}]},{\"@type\":\"ImageObject\",\"inLanguage\":\"de\",\"@id\":\"https:\/\/die-wetterversicherung.de\/blog\/sturm-verwuestet-bayerische-waelder\/#primaryimage\",\"url\":\"https:\/\/die-wetterversicherung.de\/blog\/wp-content\/uploads\/2017\/08\/MK-FFP-Unwetter-6.jpg\",\"contentUrl\":\"https:\/\/die-wetterversicherung.de\/blog\/wp-content\/uploads\/2017\/08\/MK-FFP-Unwetter-6.jpg\",\"width\":800,\"height\":486,\"caption\":\"Feuerwehreinsatz vergangenen Samstag auf dem Passauer Stadtberg. Foto: Feuerwehr Passau\/M. Kornexl\"},{\"@type\":\"BreadcrumbList\",\"@id\":\"https:\/\/die-wetterversicherung.de\/blog\/sturm-verwuestet-bayerische-waelder\/#breadcrumb\",\"itemListElement\":[{\"@type\":\"ListItem\",\"position\":1,\"name\":\"Startseite\",\"item\":\"https:\/\/die-wetterversicherung.de\/blog\/\"},{\"@type\":\"ListItem\",\"position\":2,\"name\":\"Sturm verw\u00fcstet bayerische W\u00e4lder\"}]},{\"@type\":\"WebSite\",\"@id\":\"https:\/\/die-wetterversicherung.de\/blog\/#website\",\"url\":\"https:\/\/die-wetterversicherung.de\/blog\/\",\"name\":\"die-wetterversicherung.de\",\"description\":\"Wetterversicherung-Blog\",\"potentialAction\":[{\"@type\":\"SearchAction\",\"target\":{\"@type\":\"EntryPoint\",\"urlTemplate\":\"https:\/\/die-wetterversicherung.de\/blog\/?s={search_term_string}\"},\"query-input\":{\"@type\":\"PropertyValueSpecification\",\"valueRequired\":true,\"valueName\":\"search_term_string\"}}],\"inLanguage\":\"de\"},{\"@type\":\"Person\",\"@id\":\"https:\/\/die-wetterversicherung.de\/blog\/#\/schema\/person\/ece359d1fb2756d4f371d523c75b881a\",\"name\":\"admin\",\"url\":\"https:\/\/die-wetterversicherung.de\/blog\/author\/admin\/\"}]}<\/script>\n<!-- \/ Yoast SEO plugin. -->","yoast_head_json":{"title":"Sturm verw\u00fcstet bayerische W\u00e4lder - die-wetterversicherung.de","robots":{"index":"index","follow":"follow","max-snippet":"max-snippet:-1","max-image-preview":"max-image-preview:large","max-video-preview":"max-video-preview:-1"},"canonical":"https:\/\/die-wetterversicherung.de\/blog\/sturm-verwuestet-bayerische-waelder\/","og_locale":"de_DE","og_type":"article","og_title":"Sturm verw\u00fcstet bayerische W\u00e4lder - die-wetterversicherung.de","og_description":"W\u00e4hrend Deutschland und \u00d6sterreich von Unwettern heimgesucht wurden, k\u00e4mpft Italien schon seit Monaten mit Trockenheit.","og_url":"https:\/\/die-wetterversicherung.de\/blog\/sturm-verwuestet-bayerische-waelder\/","og_site_name":"die-wetterversicherung.de","article_publisher":"https:\/\/www.facebook.com\/diewetterversicherung","article_published_time":"2017-08-23T15:07:34+00:00","article_modified_time":"2017-08-23T15:08:02+00:00","og_image":[{"width":800,"height":486,"url":"https:\/\/die-wetterversicherung.de\/blog\/wp-content\/uploads\/2017\/08\/MK-FFP-Unwetter-6.jpg","type":"image\/jpeg"}],"author":"admin","twitter_card":"summary_large_image","twitter_misc":{"Verfasst von":"admin","Gesch\u00e4tzte Lesezeit":"1\u00a0Minute"},"schema":{"@context":"https:\/\/schema.org","@graph":[{"@type":"WebPage","@id":"https:\/\/die-wetterversicherung.de\/blog\/sturm-verwuestet-bayerische-waelder\/","url":"https:\/\/die-wetterversicherung.de\/blog\/sturm-verwuestet-bayerische-waelder\/","name":"Sturm verw\u00fcstet bayerische W\u00e4lder - die-wetterversicherung.de","isPartOf":{"@id":"https:\/\/die-wetterversicherung.de\/blog\/#website"},"primaryImageOfPage":{"@id":"https:\/\/die-wetterversicherung.de\/blog\/sturm-verwuestet-bayerische-waelder\/#primaryimage"},"image":{"@id":"https:\/\/die-wetterversicherung.de\/blog\/sturm-verwuestet-bayerische-waelder\/#primaryimage"},"thumbnailUrl":"https:\/\/die-wetterversicherung.de\/blog\/wp-content\/uploads\/2017\/08\/MK-FFP-Unwetter-6.jpg","datePublished":"2017-08-23T15:07:34+00:00","dateModified":"2017-08-23T15:08:02+00:00","author":{"@id":"https:\/\/die-wetterversicherung.de\/blog\/#\/schema\/person\/ece359d1fb2756d4f371d523c75b881a"},"breadcrumb":{"@id":"https:\/\/die-wetterversicherung.de\/blog\/sturm-verwuestet-bayerische-waelder\/#breadcrumb"},"inLanguage":"de","potentialAction":[{"@type":"ReadAction","target":["https:\/\/die-wetterversicherung.de\/blog\/sturm-verwuestet-bayerische-waelder\/"]}]},{"@type":"ImageObject","inLanguage":"de","@id":"https:\/\/die-wetterversicherung.de\/blog\/sturm-verwuestet-bayerische-waelder\/#primaryimage","url":"https:\/\/die-wetterversicherung.de\/blog\/wp-content\/uploads\/2017\/08\/MK-FFP-Unwetter-6.jpg","contentUrl":"https:\/\/die-wetterversicherung.de\/blog\/wp-content\/uploads\/2017\/08\/MK-FFP-Unwetter-6.jpg","width":800,"height":486,"caption":"Feuerwehreinsatz vergangenen Samstag auf dem Passauer Stadtberg. Foto: Feuerwehr Passau\/M. Kornexl"},{"@type":"BreadcrumbList","@id":"https:\/\/die-wetterversicherung.de\/blog\/sturm-verwuestet-bayerische-waelder\/#breadcrumb","itemListElement":[{"@type":"ListItem","position":1,"name":"Startseite","item":"https:\/\/die-wetterversicherung.de\/blog\/"},{"@type":"ListItem","position":2,"name":"Sturm verw\u00fcstet bayerische W\u00e4lder"}]},{"@type":"WebSite","@id":"https:\/\/die-wetterversicherung.de\/blog\/#website","url":"https:\/\/die-wetterversicherung.de\/blog\/","name":"die-wetterversicherung.de","description":"Wetterversicherung-Blog","potentialAction":[{"@type":"SearchAction","target":{"@type":"EntryPoint","urlTemplate":"https:\/\/die-wetterversicherung.de\/blog\/?s={search_term_string}"},"query-input":{"@type":"PropertyValueSpecification","valueRequired":true,"valueName":"search_term_string"}}],"inLanguage":"de"},{"@type":"Person","@id":"https:\/\/die-wetterversicherung.de\/blog\/#\/schema\/person\/ece359d1fb2756d4f371d523c75b881a","name":"admin","url":"https:\/\/die-wetterversicherung.de\/blog\/author\/admin\/"}]}},"_links":{"self":[{"href":"https:\/\/die-wetterversicherung.de\/blog\/wp-json\/wp\/v2\/posts\/1783","targetHints":{"allow":["GET"]}}],"collection":[{"href":"https:\/\/die-wetterversicherung.de\/blog\/wp-json\/wp\/v2\/posts"}],"about":[{"href":"https:\/\/die-wetterversicherung.de\/blog\/wp-json\/wp\/v2\/types\/post"}],"author":[{"embeddable":true,"href":"https:\/\/die-wetterversicherung.de\/blog\/wp-json\/wp\/v2\/users\/5"}],"replies":[{"embeddable":true,"href":"https:\/\/die-wetterversicherung.de\/blog\/wp-json\/wp\/v2\/comments?post=1783"}],"version-history":[{"count":2,"href":"https:\/\/die-wetterversicherung.de\/blog\/wp-json\/wp\/v2\/posts\/1783\/revisions"}],"predecessor-version":[{"id":1786,"href":"https:\/\/die-wetterversicherung.de\/blog\/wp-json\/wp\/v2\/posts\/1783\/revisions\/1786"}],"wp:featuredmedia":[{"embeddable":true,"href":"https:\/\/die-wetterversicherung.de\/blog\/wp-json\/wp\/v2\/media\/1784"}],"wp:attachment":[{"href":"https:\/\/die-wetterversicherung.de\/blog\/wp-json\/wp\/v2\/media?parent=1783"}],"wp:term":[{"taxonomy":"category","embeddable":true,"href":"https:\/\/die-wetterversicherung.de\/blog\/wp-json\/wp\/v2\/categories?post=1783"},{"taxonomy":"post_tag","embeddable":true,"href":"https:\/\/die-wetterversicherung.de\/blog\/wp-json\/wp\/v2\/tags?post=1783"}],"curies":[{"name":"wp","href":"https:\/\/api.w.org\/{rel}","templated":true}]}}