{"id":1776,"date":"2017-08-09T14:46:10","date_gmt":"2017-08-09T12:46:10","guid":{"rendered":"https:\/\/die-wetterversicherung.de\/?p=1776"},"modified":"2017-08-09T14:46:10","modified_gmt":"2017-08-09T12:46:10","slug":"immer-mehr-hitzetote-in-europa","status":"publish","type":"post","link":"https:\/\/die-wetterversicherung.de\/blog\/immer-mehr-hitzetote-in-europa\/","title":{"rendered":"Immer mehr Hitzetote in Europa?"},"content":{"rendered":"<p><b>Wissenschaftler warnen in einer Studie vor einem extremen Anstieg von Todesf\u00e4llen aufgrund der zunehmenden Hitze.<\/b><\/p>\n<div id=\"attachment_1777\" style=\"width: 300px\" class=\"wp-caption alignleft\"><img loading=\"lazy\" decoding=\"async\" aria-describedby=\"caption-attachment-1777\" class=\"size-medium wp-image-1777\" src=\"https:\/\/die-wetterversicherung.de\/wp-content\/uploads\/2017\/08\/hitze-300x192.jpg\" alt=\"Fotos: pixabay; Composing\" width=\"300\" height=\"192\" srcset=\"https:\/\/die-wetterversicherung.de\/blog\/wp-content\/uploads\/2017\/08\/hitze-300x192.jpg 300w, https:\/\/die-wetterversicherung.de\/blog\/wp-content\/uploads\/2017\/08\/hitze-768x492.jpg 768w, https:\/\/die-wetterversicherung.de\/blog\/wp-content\/uploads\/2017\/08\/hitze-1024x655.jpg 1024w, https:\/\/die-wetterversicherung.de\/blog\/wp-content\/uploads\/2017\/08\/hitze.jpg 1400w\" sizes=\"auto, (max-width: 300px) 100vw, 300px\" \/><p id=\"caption-attachment-1777\" class=\"wp-caption-text\">Fotos: pixabay; Composing<\/p><\/div>\n<p>Regelm\u00e4\u00dfige Waldbr\u00e4nde durch Hitzewellen im Mittelmeerraum \u2013 Mallorca-Urlauber leiden derzeit unter Temperaturen \u00fcber 40 Grad. F\u00fcr mehrere italienische St\u00e4dte wurde die h\u00f6chste Hitze-Warnstufe ausgerufen. Auch in Deutschland werden wiederholt Temperaturrekorde gemessen. In \u00d6sterreich starb vergangene Woche ein Rekrut w\u00e4hrend eines Marsches an \u00dcberhitzung. Forscher warnen jetzt: Die Zahl an Hitzetoten wird drastisch steigen!<\/p>\n<p>Laut der Studie, die im Magazin \u201eThe Lancet Planetary Health\u201c ver\u00f6ffentlicht wurde, werden Ende des Jahrhunderts in Europa j\u00e4hrlich 152.000 Menschen wegen Hitze ums Leben gekommen sein. Wenn die Wissenschaftler recht haben, w\u00e4re das ein Anstieg um das F\u00fcnfzigfache.<\/p>\n<p>\u201eZwei von drei Menschen in Europa w\u00e4ren davon betroffen, sollten die Emission von Treibhausgas nicht verringert und die Politik nicht klimafreundlicher werden.\u201c, rechnen die Autoren der Studie vor. Klimawandel sei eine der gr\u00f6\u00dften weltweiten Bedrohungen f\u00fcr die Gesundheit der Menschen im 21. Jahrhundert, so Giovanni Forzieri vom Forschungszentrum der EU-Kommission in Italien, das die Untersuchung mit geleitet hat.<\/p>\n","protected":false},"excerpt":{"rendered":"<p>Wissenschaftler warnen in einer Studie vor einem extremen Anstieg von Todesf\u00e4llen aufgrund der zunehmenden Hitze.<\/p><p><a class=\"more-link btn\" href=\"https:\/\/die-wetterversicherung.de\/blog\/immer-mehr-hitzetote-in-europa\/\">Weiterlesen<\/a><\/p>\n","protected":false},"author":5,"featured_media":1777,"comment_status":"open","ping_status":"closed","sticky":false,"template":"","format":"standard","meta":{"footnotes":""},"categories":[4],"tags":[88,188,84,13],"class_list":["post-1776","post","type-post","status-publish","format-standard","has-post-thumbnail","hentry","category-lasst-uns-ubers-wetter-reden","tag-hitze","tag-hitzetote","tag-klimawandel","tag-studie","item-wrap"],"yoast_head":"<!-- This site is optimized with the Yoast SEO plugin v26.4 - https:\/\/yoast.com\/wordpress\/plugins\/seo\/ -->\n<title>Immer mehr Hitzetote in Europa? - die-wetterversicherung.de<\/title>\n<meta name=\"robots\" content=\"index, follow, max-snippet:-1, max-image-preview:large, max-video-preview:-1\" \/>\n<link rel=\"canonical\" href=\"https:\/\/die-wetterversicherung.de\/blog\/immer-mehr-hitzetote-in-europa\/\" \/>\n<meta property=\"og:locale\" content=\"de_DE\" \/>\n<meta property=\"og:type\" content=\"article\" \/>\n<meta property=\"og:title\" content=\"Immer mehr Hitzetote in Europa? - die-wetterversicherung.de\" \/>\n<meta property=\"og:description\" content=\"Wissenschaftler warnen in einer Studie vor einem extremen Anstieg von Todesf\u00e4llen aufgrund der zunehmenden Hitze.\" \/>\n<meta property=\"og:url\" content=\"https:\/\/die-wetterversicherung.de\/blog\/immer-mehr-hitzetote-in-europa\/\" \/>\n<meta property=\"og:site_name\" content=\"die-wetterversicherung.de\" \/>\n<meta property=\"article:publisher\" content=\"https:\/\/www.facebook.com\/diewetterversicherung\" \/>\n<meta property=\"article:published_time\" content=\"2017-08-09T12:46:10+00:00\" \/>\n<meta property=\"og:image\" content=\"https:\/\/die-wetterversicherung.de\/blog\/wp-content\/uploads\/2017\/08\/hitze.jpg\" \/>\n\t<meta property=\"og:image:width\" content=\"1400\" \/>\n\t<meta property=\"og:image:height\" content=\"896\" \/>\n\t<meta property=\"og:image:type\" content=\"image\/jpeg\" \/>\n<meta name=\"author\" content=\"admin\" \/>\n<meta name=\"twitter:card\" content=\"summary_large_image\" \/>\n<meta name=\"twitter:label1\" content=\"Verfasst von\" \/>\n\t<meta name=\"twitter:data1\" content=\"admin\" \/>\n\t<meta name=\"twitter:label2\" content=\"Gesch\u00e4tzte Lesezeit\" \/>\n\t<meta name=\"twitter:data2\" content=\"1\u00a0Minute\" \/>\n<script type=\"application\/ld+json\" class=\"yoast-schema-graph\">{\"@context\":\"https:\/\/schema.org\",\"@graph\":[{\"@type\":\"WebPage\",\"@id\":\"https:\/\/die-wetterversicherung.de\/blog\/immer-mehr-hitzetote-in-europa\/\",\"url\":\"https:\/\/die-wetterversicherung.de\/blog\/immer-mehr-hitzetote-in-europa\/\",\"name\":\"Immer mehr Hitzetote in Europa? - die-wetterversicherung.de\",\"isPartOf\":{\"@id\":\"https:\/\/die-wetterversicherung.de\/blog\/#website\"},\"primaryImageOfPage\":{\"@id\":\"https:\/\/die-wetterversicherung.de\/blog\/immer-mehr-hitzetote-in-europa\/#primaryimage\"},\"image\":{\"@id\":\"https:\/\/die-wetterversicherung.de\/blog\/immer-mehr-hitzetote-in-europa\/#primaryimage\"},\"thumbnailUrl\":\"https:\/\/die-wetterversicherung.de\/blog\/wp-content\/uploads\/2017\/08\/hitze.jpg\",\"datePublished\":\"2017-08-09T12:46:10+00:00\",\"author\":{\"@id\":\"https:\/\/die-wetterversicherung.de\/blog\/#\/schema\/person\/ece359d1fb2756d4f371d523c75b881a\"},\"breadcrumb\":{\"@id\":\"https:\/\/die-wetterversicherung.de\/blog\/immer-mehr-hitzetote-in-europa\/#breadcrumb\"},\"inLanguage\":\"de\",\"potentialAction\":[{\"@type\":\"ReadAction\",\"target\":[\"https:\/\/die-wetterversicherung.de\/blog\/immer-mehr-hitzetote-in-europa\/\"]}]},{\"@type\":\"ImageObject\",\"inLanguage\":\"de\",\"@id\":\"https:\/\/die-wetterversicherung.de\/blog\/immer-mehr-hitzetote-in-europa\/#primaryimage\",\"url\":\"https:\/\/die-wetterversicherung.de\/blog\/wp-content\/uploads\/2017\/08\/hitze.jpg\",\"contentUrl\":\"https:\/\/die-wetterversicherung.de\/blog\/wp-content\/uploads\/2017\/08\/hitze.jpg\",\"width\":1400,\"height\":896,\"caption\":\"Fotos: pixabay; Composing\"},{\"@type\":\"BreadcrumbList\",\"@id\":\"https:\/\/die-wetterversicherung.de\/blog\/immer-mehr-hitzetote-in-europa\/#breadcrumb\",\"itemListElement\":[{\"@type\":\"ListItem\",\"position\":1,\"name\":\"Startseite\",\"item\":\"https:\/\/die-wetterversicherung.de\/blog\/\"},{\"@type\":\"ListItem\",\"position\":2,\"name\":\"Immer mehr Hitzetote in Europa?\"}]},{\"@type\":\"WebSite\",\"@id\":\"https:\/\/die-wetterversicherung.de\/blog\/#website\",\"url\":\"https:\/\/die-wetterversicherung.de\/blog\/\",\"name\":\"die-wetterversicherung.de\",\"description\":\"Wetterversicherung-Blog\",\"potentialAction\":[{\"@type\":\"SearchAction\",\"target\":{\"@type\":\"EntryPoint\",\"urlTemplate\":\"https:\/\/die-wetterversicherung.de\/blog\/?s={search_term_string}\"},\"query-input\":{\"@type\":\"PropertyValueSpecification\",\"valueRequired\":true,\"valueName\":\"search_term_string\"}}],\"inLanguage\":\"de\"},{\"@type\":\"Person\",\"@id\":\"https:\/\/die-wetterversicherung.de\/blog\/#\/schema\/person\/ece359d1fb2756d4f371d523c75b881a\",\"name\":\"admin\",\"url\":\"https:\/\/die-wetterversicherung.de\/blog\/author\/admin\/\"}]}<\/script>\n<!-- \/ Yoast SEO plugin. -->","yoast_head_json":{"title":"Immer mehr Hitzetote in Europa? - die-wetterversicherung.de","robots":{"index":"index","follow":"follow","max-snippet":"max-snippet:-1","max-image-preview":"max-image-preview:large","max-video-preview":"max-video-preview:-1"},"canonical":"https:\/\/die-wetterversicherung.de\/blog\/immer-mehr-hitzetote-in-europa\/","og_locale":"de_DE","og_type":"article","og_title":"Immer mehr Hitzetote in Europa? - die-wetterversicherung.de","og_description":"Wissenschaftler warnen in einer Studie vor einem extremen Anstieg von Todesf\u00e4llen aufgrund der zunehmenden Hitze.","og_url":"https:\/\/die-wetterversicherung.de\/blog\/immer-mehr-hitzetote-in-europa\/","og_site_name":"die-wetterversicherung.de","article_publisher":"https:\/\/www.facebook.com\/diewetterversicherung","article_published_time":"2017-08-09T12:46:10+00:00","og_image":[{"width":1400,"height":896,"url":"https:\/\/die-wetterversicherung.de\/blog\/wp-content\/uploads\/2017\/08\/hitze.jpg","type":"image\/jpeg"}],"author":"admin","twitter_card":"summary_large_image","twitter_misc":{"Verfasst von":"admin","Gesch\u00e4tzte Lesezeit":"1\u00a0Minute"},"schema":{"@context":"https:\/\/schema.org","@graph":[{"@type":"WebPage","@id":"https:\/\/die-wetterversicherung.de\/blog\/immer-mehr-hitzetote-in-europa\/","url":"https:\/\/die-wetterversicherung.de\/blog\/immer-mehr-hitzetote-in-europa\/","name":"Immer mehr Hitzetote in Europa? - die-wetterversicherung.de","isPartOf":{"@id":"https:\/\/die-wetterversicherung.de\/blog\/#website"},"primaryImageOfPage":{"@id":"https:\/\/die-wetterversicherung.de\/blog\/immer-mehr-hitzetote-in-europa\/#primaryimage"},"image":{"@id":"https:\/\/die-wetterversicherung.de\/blog\/immer-mehr-hitzetote-in-europa\/#primaryimage"},"thumbnailUrl":"https:\/\/die-wetterversicherung.de\/blog\/wp-content\/uploads\/2017\/08\/hitze.jpg","datePublished":"2017-08-09T12:46:10+00:00","author":{"@id":"https:\/\/die-wetterversicherung.de\/blog\/#\/schema\/person\/ece359d1fb2756d4f371d523c75b881a"},"breadcrumb":{"@id":"https:\/\/die-wetterversicherung.de\/blog\/immer-mehr-hitzetote-in-europa\/#breadcrumb"},"inLanguage":"de","potentialAction":[{"@type":"ReadAction","target":["https:\/\/die-wetterversicherung.de\/blog\/immer-mehr-hitzetote-in-europa\/"]}]},{"@type":"ImageObject","inLanguage":"de","@id":"https:\/\/die-wetterversicherung.de\/blog\/immer-mehr-hitzetote-in-europa\/#primaryimage","url":"https:\/\/die-wetterversicherung.de\/blog\/wp-content\/uploads\/2017\/08\/hitze.jpg","contentUrl":"https:\/\/die-wetterversicherung.de\/blog\/wp-content\/uploads\/2017\/08\/hitze.jpg","width":1400,"height":896,"caption":"Fotos: pixabay; Composing"},{"@type":"BreadcrumbList","@id":"https:\/\/die-wetterversicherung.de\/blog\/immer-mehr-hitzetote-in-europa\/#breadcrumb","itemListElement":[{"@type":"ListItem","position":1,"name":"Startseite","item":"https:\/\/die-wetterversicherung.de\/blog\/"},{"@type":"ListItem","position":2,"name":"Immer mehr Hitzetote in Europa?"}]},{"@type":"WebSite","@id":"https:\/\/die-wetterversicherung.de\/blog\/#website","url":"https:\/\/die-wetterversicherung.de\/blog\/","name":"die-wetterversicherung.de","description":"Wetterversicherung-Blog","potentialAction":[{"@type":"SearchAction","target":{"@type":"EntryPoint","urlTemplate":"https:\/\/die-wetterversicherung.de\/blog\/?s={search_term_string}"},"query-input":{"@type":"PropertyValueSpecification","valueRequired":true,"valueName":"search_term_string"}}],"inLanguage":"de"},{"@type":"Person","@id":"https:\/\/die-wetterversicherung.de\/blog\/#\/schema\/person\/ece359d1fb2756d4f371d523c75b881a","name":"admin","url":"https:\/\/die-wetterversicherung.de\/blog\/author\/admin\/"}]}},"_links":{"self":[{"href":"https:\/\/die-wetterversicherung.de\/blog\/wp-json\/wp\/v2\/posts\/1776","targetHints":{"allow":["GET"]}}],"collection":[{"href":"https:\/\/die-wetterversicherung.de\/blog\/wp-json\/wp\/v2\/posts"}],"about":[{"href":"https:\/\/die-wetterversicherung.de\/blog\/wp-json\/wp\/v2\/types\/post"}],"author":[{"embeddable":true,"href":"https:\/\/die-wetterversicherung.de\/blog\/wp-json\/wp\/v2\/users\/5"}],"replies":[{"embeddable":true,"href":"https:\/\/die-wetterversicherung.de\/blog\/wp-json\/wp\/v2\/comments?post=1776"}],"version-history":[{"count":1,"href":"https:\/\/die-wetterversicherung.de\/blog\/wp-json\/wp\/v2\/posts\/1776\/revisions"}],"predecessor-version":[{"id":1778,"href":"https:\/\/die-wetterversicherung.de\/blog\/wp-json\/wp\/v2\/posts\/1776\/revisions\/1778"}],"wp:featuredmedia":[{"embeddable":true,"href":"https:\/\/die-wetterversicherung.de\/blog\/wp-json\/wp\/v2\/media\/1777"}],"wp:attachment":[{"href":"https:\/\/die-wetterversicherung.de\/blog\/wp-json\/wp\/v2\/media?parent=1776"}],"wp:term":[{"taxonomy":"category","embeddable":true,"href":"https:\/\/die-wetterversicherung.de\/blog\/wp-json\/wp\/v2\/categories?post=1776"},{"taxonomy":"post_tag","embeddable":true,"href":"https:\/\/die-wetterversicherung.de\/blog\/wp-json\/wp\/v2\/tags?post=1776"}],"curies":[{"name":"wp","href":"https:\/\/api.w.org\/{rel}","templated":true}]}}