{"id":1767,"date":"2017-07-26T14:56:53","date_gmt":"2017-07-26T12:56:53","guid":{"rendered":"https:\/\/die-wetterversicherung.de\/?p=1767"},"modified":"2017-07-26T14:58:55","modified_gmt":"2017-07-26T12:58:55","slug":"diese-raupen-sind-auch-fuer-menschen-gefaehrlich","status":"publish","type":"post","link":"https:\/\/die-wetterversicherung.de\/blog\/diese-raupen-sind-auch-fuer-menschen-gefaehrlich\/","title":{"rendered":"Diese Raupen sind auch f\u00fcr Menschen gef\u00e4hrlich"},"content":{"rendered":"<p><b>Wegen des trockenen Sommers im Vorjahr gibt es dieses Jahr besonders viele Eichenprozessionsspinner.<\/b><\/p>\n<div id=\"attachment_1768\" style=\"width: 300px\" class=\"wp-caption alignleft\"><img loading=\"lazy\" decoding=\"async\" aria-describedby=\"caption-attachment-1768\" class=\"size-medium wp-image-1768\" src=\"https:\/\/die-wetterversicherung.de\/wp-content\/uploads\/2017\/07\/Echenprozessionsspinner\u00a9Christian-Fischer-300x200.jpg\" alt=\"Foto: Christian Fischer\/CC 2.0\" width=\"300\" height=\"200\" srcset=\"https:\/\/die-wetterversicherung.de\/blog\/wp-content\/uploads\/2017\/07\/Echenprozessionsspinner\u00a9Christian-Fischer-300x200.jpg 300w, https:\/\/die-wetterversicherung.de\/blog\/wp-content\/uploads\/2017\/07\/Echenprozessionsspinner\u00a9Christian-Fischer-768x511.jpg 768w, https:\/\/die-wetterversicherung.de\/blog\/wp-content\/uploads\/2017\/07\/Echenprozessionsspinner\u00a9Christian-Fischer.jpg 800w\" sizes=\"auto, (max-width: 300px) 100vw, 300px\" \/><p id=\"caption-attachment-1768\" class=\"wp-caption-text\">Foto: Christian Fischer\/<a href=\"https:\/\/creativecommons.org\/licenses\/by\/2.0\/de\/\" target=\"_blank\">CC 2.0<\/a><\/p><\/div>\n<p>In diesem Jahr ist ein besonders h\u00e4ufiges Auftreten festzustellen. Das teilt der Landesbetrieb Wald und Holz Nordrhein-Westfalen mit. Grund daf\u00fcr seien die idealen Wetterbedingungen im Vorjahr: Trockenheit und wenig Niederschlag. Betroffen sind vor allem besonnte Stiel-, Rot- und Traubeneichen, wobei in W\u00e4ldern vor allem die Randgebiete und Einzelb\u00e4ume befallen werden. Sch\u00e4den richten allerdings weniger die Falter, sondern vielmehr die Raupen an. Mit Hilfe von unz\u00e4hligen, feinen Brennhaaren sch\u00fctzen sie sich gegen Feinde.<\/p>\n<p><b>Auswirkungen auf den Wald<\/b><\/p>\n<p>Gesunde Eichenbest\u00e4nde k\u00f6nnen einen einmaligen Raupenfra\u00df ohne langfristige negative Folgen verkraften. Wird ein Bestand jedoch wiederholt befallen und kahl gefressen, k\u00f6nnen die Eichen anf\u00e4lliger f\u00fcr andere Sch\u00e4dlinge, wie den Eichenprachtk\u00e4fer, Eichenmehltau oder den Schwammspinner werden. Der gleichzeitige Befall mit mehreren Sch\u00e4dlingen kann schwere Auswirkungen auf die Vitalit\u00e4t der betroffenen B\u00e4ume haben und schlimmstenfalls zum Absterben einzelner B\u00e4ume oder sogar ganzer Best\u00e4nde f\u00fchren. Die Ausbreitung des Sch\u00e4dlings kann durch Absaugen der Nester und durch Biozide einged\u00e4mmt werden.<\/p>\n<p><b>Auch f\u00fcr Menschen gef\u00e4hrlich<\/b><b><br \/>\n<\/b><\/p>\n<p><span style=\"font-weight: 400;\">Die Raupen sind nicht nur f\u00fcr Baumbest\u00e4nde gef\u00e4hrlich, sondern k\u00f6nnen auch f\u00fcr Menschen zur Gefahr werden. Eine ausgewachsene Raupe verf\u00fcgt \u00fcber mehr als 600.000 winzige Brennhaare, die sie bei drohender Gefahr abschie\u00dfen kann. Die Brennhaare sind nur 0,1 Millimeter lang und einen Tausendstel Millimeter breit Allerdings h\u00e4lt die allergene Wirkung des Nesselgiftes bis zu zwei Jahre an. Zwischen Juni und September ist die Gefahr, in Kontakt mit den Brennhaaren zu kommen, besonders gro\u00df \u2013 entweder direkt durch die Raupen oder durch verbleibende Brennhaare in verlassenen Gespinsten. Die feinen H\u00e4rchen k\u00f6nnen zudem mehrere hundert Meter durch die Luft fliegen. Wenn man sie einatmet, kann es zu Atembeschwerden kommen. Bei Ber\u00fchrung reagiert die Haut zun\u00e4chst mit roten, juckenden Pusteln. Die Spitzen der Brennhaare bohren sich in die Haut und brechen danach ab, zum Beispiel beim Kratzen oder Waschen. <\/span><\/p>\n","protected":false},"excerpt":{"rendered":"<p>Wegen des trockenen Sommers im Vorjahr gibt es dieses Jahr besonders viele Eichenprozessionsspinner.<\/p><p><a class=\"more-link btn\" href=\"https:\/\/die-wetterversicherung.de\/blog\/diese-raupen-sind-auch-fuer-menschen-gefaehrlich\/\">Weiterlesen<\/a><\/p>\n","protected":false},"author":5,"featured_media":1768,"comment_status":"open","ping_status":"closed","sticky":false,"template":"","format":"standard","meta":{"footnotes":""},"categories":[4],"tags":[178,183,184,79],"class_list":["post-1767","post","type-post","status-publish","format-standard","has-post-thumbnail","hentry","category-lasst-uns-ubers-wetter-reden","tag-baeume","tag-eichenprozessionsspinner","tag-schaedlinge","tag-wald","item-wrap"],"yoast_head":"<!-- This site is optimized with the Yoast SEO plugin v26.4 - https:\/\/yoast.com\/wordpress\/plugins\/seo\/ -->\n<title>Diese Raupen sind auch f\u00fcr Menschen gef\u00e4hrlich - die-wetterversicherung.de<\/title>\n<meta name=\"robots\" content=\"index, follow, max-snippet:-1, max-image-preview:large, max-video-preview:-1\" \/>\n<link rel=\"canonical\" href=\"https:\/\/die-wetterversicherung.de\/blog\/diese-raupen-sind-auch-fuer-menschen-gefaehrlich\/\" \/>\n<meta property=\"og:locale\" content=\"de_DE\" \/>\n<meta property=\"og:type\" content=\"article\" \/>\n<meta property=\"og:title\" content=\"Diese Raupen sind auch f\u00fcr Menschen gef\u00e4hrlich - die-wetterversicherung.de\" \/>\n<meta property=\"og:description\" content=\"Wegen des trockenen Sommers im Vorjahr gibt es dieses Jahr besonders viele Eichenprozessionsspinner.\" \/>\n<meta property=\"og:url\" content=\"https:\/\/die-wetterversicherung.de\/blog\/diese-raupen-sind-auch-fuer-menschen-gefaehrlich\/\" \/>\n<meta property=\"og:site_name\" content=\"die-wetterversicherung.de\" \/>\n<meta property=\"article:publisher\" content=\"https:\/\/www.facebook.com\/diewetterversicherung\" \/>\n<meta property=\"article:published_time\" content=\"2017-07-26T12:56:53+00:00\" \/>\n<meta property=\"article:modified_time\" content=\"2017-07-26T12:58:55+00:00\" \/>\n<meta property=\"og:image\" content=\"https:\/\/die-wetterversicherung.de\/blog\/wp-content\/uploads\/2017\/07\/Echenprozessionsspinner\u00a9Christian-Fischer.jpg\" \/>\n\t<meta property=\"og:image:width\" content=\"800\" \/>\n\t<meta property=\"og:image:height\" content=\"532\" \/>\n\t<meta property=\"og:image:type\" content=\"image\/jpeg\" \/>\n<meta name=\"author\" content=\"admin\" \/>\n<meta name=\"twitter:card\" content=\"summary_large_image\" \/>\n<meta name=\"twitter:label1\" content=\"Verfasst von\" \/>\n\t<meta name=\"twitter:data1\" content=\"admin\" \/>\n\t<meta name=\"twitter:label2\" content=\"Gesch\u00e4tzte Lesezeit\" \/>\n\t<meta name=\"twitter:data2\" content=\"2\u00a0Minuten\" \/>\n<script type=\"application\/ld+json\" class=\"yoast-schema-graph\">{\"@context\":\"https:\/\/schema.org\",\"@graph\":[{\"@type\":\"WebPage\",\"@id\":\"https:\/\/die-wetterversicherung.de\/blog\/diese-raupen-sind-auch-fuer-menschen-gefaehrlich\/\",\"url\":\"https:\/\/die-wetterversicherung.de\/blog\/diese-raupen-sind-auch-fuer-menschen-gefaehrlich\/\",\"name\":\"Diese Raupen sind auch f\u00fcr Menschen gef\u00e4hrlich - die-wetterversicherung.de\",\"isPartOf\":{\"@id\":\"https:\/\/die-wetterversicherung.de\/blog\/#website\"},\"primaryImageOfPage\":{\"@id\":\"https:\/\/die-wetterversicherung.de\/blog\/diese-raupen-sind-auch-fuer-menschen-gefaehrlich\/#primaryimage\"},\"image\":{\"@id\":\"https:\/\/die-wetterversicherung.de\/blog\/diese-raupen-sind-auch-fuer-menschen-gefaehrlich\/#primaryimage\"},\"thumbnailUrl\":\"https:\/\/die-wetterversicherung.de\/blog\/wp-content\/uploads\/2017\/07\/Echenprozessionsspinner\u00a9Christian-Fischer.jpg\",\"datePublished\":\"2017-07-26T12:56:53+00:00\",\"dateModified\":\"2017-07-26T12:58:55+00:00\",\"author\":{\"@id\":\"https:\/\/die-wetterversicherung.de\/blog\/#\/schema\/person\/ece359d1fb2756d4f371d523c75b881a\"},\"breadcrumb\":{\"@id\":\"https:\/\/die-wetterversicherung.de\/blog\/diese-raupen-sind-auch-fuer-menschen-gefaehrlich\/#breadcrumb\"},\"inLanguage\":\"de\",\"potentialAction\":[{\"@type\":\"ReadAction\",\"target\":[\"https:\/\/die-wetterversicherung.de\/blog\/diese-raupen-sind-auch-fuer-menschen-gefaehrlich\/\"]}]},{\"@type\":\"ImageObject\",\"inLanguage\":\"de\",\"@id\":\"https:\/\/die-wetterversicherung.de\/blog\/diese-raupen-sind-auch-fuer-menschen-gefaehrlich\/#primaryimage\",\"url\":\"https:\/\/die-wetterversicherung.de\/blog\/wp-content\/uploads\/2017\/07\/Echenprozessionsspinner\u00a9Christian-Fischer.jpg\",\"contentUrl\":\"https:\/\/die-wetterversicherung.de\/blog\/wp-content\/uploads\/2017\/07\/Echenprozessionsspinner\u00a9Christian-Fischer.jpg\",\"width\":800,\"height\":532,\"caption\":\"Foto: Christian Fischer\/CC 2.0\"},{\"@type\":\"BreadcrumbList\",\"@id\":\"https:\/\/die-wetterversicherung.de\/blog\/diese-raupen-sind-auch-fuer-menschen-gefaehrlich\/#breadcrumb\",\"itemListElement\":[{\"@type\":\"ListItem\",\"position\":1,\"name\":\"Startseite\",\"item\":\"https:\/\/die-wetterversicherung.de\/blog\/\"},{\"@type\":\"ListItem\",\"position\":2,\"name\":\"Diese Raupen sind auch f\u00fcr Menschen gef\u00e4hrlich\"}]},{\"@type\":\"WebSite\",\"@id\":\"https:\/\/die-wetterversicherung.de\/blog\/#website\",\"url\":\"https:\/\/die-wetterversicherung.de\/blog\/\",\"name\":\"die-wetterversicherung.de\",\"description\":\"Wetterversicherung-Blog\",\"potentialAction\":[{\"@type\":\"SearchAction\",\"target\":{\"@type\":\"EntryPoint\",\"urlTemplate\":\"https:\/\/die-wetterversicherung.de\/blog\/?s={search_term_string}\"},\"query-input\":{\"@type\":\"PropertyValueSpecification\",\"valueRequired\":true,\"valueName\":\"search_term_string\"}}],\"inLanguage\":\"de\"},{\"@type\":\"Person\",\"@id\":\"https:\/\/die-wetterversicherung.de\/blog\/#\/schema\/person\/ece359d1fb2756d4f371d523c75b881a\",\"name\":\"admin\",\"url\":\"https:\/\/die-wetterversicherung.de\/blog\/author\/admin\/\"}]}<\/script>\n<!-- \/ Yoast SEO plugin. -->","yoast_head_json":{"title":"Diese Raupen sind auch f\u00fcr Menschen gef\u00e4hrlich - die-wetterversicherung.de","robots":{"index":"index","follow":"follow","max-snippet":"max-snippet:-1","max-image-preview":"max-image-preview:large","max-video-preview":"max-video-preview:-1"},"canonical":"https:\/\/die-wetterversicherung.de\/blog\/diese-raupen-sind-auch-fuer-menschen-gefaehrlich\/","og_locale":"de_DE","og_type":"article","og_title":"Diese Raupen sind auch f\u00fcr Menschen gef\u00e4hrlich - die-wetterversicherung.de","og_description":"Wegen des trockenen Sommers im Vorjahr gibt es dieses Jahr besonders viele Eichenprozessionsspinner.","og_url":"https:\/\/die-wetterversicherung.de\/blog\/diese-raupen-sind-auch-fuer-menschen-gefaehrlich\/","og_site_name":"die-wetterversicherung.de","article_publisher":"https:\/\/www.facebook.com\/diewetterversicherung","article_published_time":"2017-07-26T12:56:53+00:00","article_modified_time":"2017-07-26T12:58:55+00:00","og_image":[{"width":800,"height":532,"url":"https:\/\/die-wetterversicherung.de\/blog\/wp-content\/uploads\/2017\/07\/Echenprozessionsspinner\u00a9Christian-Fischer.jpg","type":"image\/jpeg"}],"author":"admin","twitter_card":"summary_large_image","twitter_misc":{"Verfasst von":"admin","Gesch\u00e4tzte Lesezeit":"2\u00a0Minuten"},"schema":{"@context":"https:\/\/schema.org","@graph":[{"@type":"WebPage","@id":"https:\/\/die-wetterversicherung.de\/blog\/diese-raupen-sind-auch-fuer-menschen-gefaehrlich\/","url":"https:\/\/die-wetterversicherung.de\/blog\/diese-raupen-sind-auch-fuer-menschen-gefaehrlich\/","name":"Diese Raupen sind auch f\u00fcr Menschen gef\u00e4hrlich - die-wetterversicherung.de","isPartOf":{"@id":"https:\/\/die-wetterversicherung.de\/blog\/#website"},"primaryImageOfPage":{"@id":"https:\/\/die-wetterversicherung.de\/blog\/diese-raupen-sind-auch-fuer-menschen-gefaehrlich\/#primaryimage"},"image":{"@id":"https:\/\/die-wetterversicherung.de\/blog\/diese-raupen-sind-auch-fuer-menschen-gefaehrlich\/#primaryimage"},"thumbnailUrl":"https:\/\/die-wetterversicherung.de\/blog\/wp-content\/uploads\/2017\/07\/Echenprozessionsspinner\u00a9Christian-Fischer.jpg","datePublished":"2017-07-26T12:56:53+00:00","dateModified":"2017-07-26T12:58:55+00:00","author":{"@id":"https:\/\/die-wetterversicherung.de\/blog\/#\/schema\/person\/ece359d1fb2756d4f371d523c75b881a"},"breadcrumb":{"@id":"https:\/\/die-wetterversicherung.de\/blog\/diese-raupen-sind-auch-fuer-menschen-gefaehrlich\/#breadcrumb"},"inLanguage":"de","potentialAction":[{"@type":"ReadAction","target":["https:\/\/die-wetterversicherung.de\/blog\/diese-raupen-sind-auch-fuer-menschen-gefaehrlich\/"]}]},{"@type":"ImageObject","inLanguage":"de","@id":"https:\/\/die-wetterversicherung.de\/blog\/diese-raupen-sind-auch-fuer-menschen-gefaehrlich\/#primaryimage","url":"https:\/\/die-wetterversicherung.de\/blog\/wp-content\/uploads\/2017\/07\/Echenprozessionsspinner\u00a9Christian-Fischer.jpg","contentUrl":"https:\/\/die-wetterversicherung.de\/blog\/wp-content\/uploads\/2017\/07\/Echenprozessionsspinner\u00a9Christian-Fischer.jpg","width":800,"height":532,"caption":"Foto: Christian Fischer\/CC 2.0"},{"@type":"BreadcrumbList","@id":"https:\/\/die-wetterversicherung.de\/blog\/diese-raupen-sind-auch-fuer-menschen-gefaehrlich\/#breadcrumb","itemListElement":[{"@type":"ListItem","position":1,"name":"Startseite","item":"https:\/\/die-wetterversicherung.de\/blog\/"},{"@type":"ListItem","position":2,"name":"Diese Raupen sind auch f\u00fcr Menschen gef\u00e4hrlich"}]},{"@type":"WebSite","@id":"https:\/\/die-wetterversicherung.de\/blog\/#website","url":"https:\/\/die-wetterversicherung.de\/blog\/","name":"die-wetterversicherung.de","description":"Wetterversicherung-Blog","potentialAction":[{"@type":"SearchAction","target":{"@type":"EntryPoint","urlTemplate":"https:\/\/die-wetterversicherung.de\/blog\/?s={search_term_string}"},"query-input":{"@type":"PropertyValueSpecification","valueRequired":true,"valueName":"search_term_string"}}],"inLanguage":"de"},{"@type":"Person","@id":"https:\/\/die-wetterversicherung.de\/blog\/#\/schema\/person\/ece359d1fb2756d4f371d523c75b881a","name":"admin","url":"https:\/\/die-wetterversicherung.de\/blog\/author\/admin\/"}]}},"_links":{"self":[{"href":"https:\/\/die-wetterversicherung.de\/blog\/wp-json\/wp\/v2\/posts\/1767","targetHints":{"allow":["GET"]}}],"collection":[{"href":"https:\/\/die-wetterversicherung.de\/blog\/wp-json\/wp\/v2\/posts"}],"about":[{"href":"https:\/\/die-wetterversicherung.de\/blog\/wp-json\/wp\/v2\/types\/post"}],"author":[{"embeddable":true,"href":"https:\/\/die-wetterversicherung.de\/blog\/wp-json\/wp\/v2\/users\/5"}],"replies":[{"embeddable":true,"href":"https:\/\/die-wetterversicherung.de\/blog\/wp-json\/wp\/v2\/comments?post=1767"}],"version-history":[{"count":3,"href":"https:\/\/die-wetterversicherung.de\/blog\/wp-json\/wp\/v2\/posts\/1767\/revisions"}],"predecessor-version":[{"id":1771,"href":"https:\/\/die-wetterversicherung.de\/blog\/wp-json\/wp\/v2\/posts\/1767\/revisions\/1771"}],"wp:featuredmedia":[{"embeddable":true,"href":"https:\/\/die-wetterversicherung.de\/blog\/wp-json\/wp\/v2\/media\/1768"}],"wp:attachment":[{"href":"https:\/\/die-wetterversicherung.de\/blog\/wp-json\/wp\/v2\/media?parent=1767"}],"wp:term":[{"taxonomy":"category","embeddable":true,"href":"https:\/\/die-wetterversicherung.de\/blog\/wp-json\/wp\/v2\/categories?post=1767"},{"taxonomy":"post_tag","embeddable":true,"href":"https:\/\/die-wetterversicherung.de\/blog\/wp-json\/wp\/v2\/tags?post=1767"}],"curies":[{"name":"wp","href":"https:\/\/api.w.org\/{rel}","templated":true}]}}