{"id":1758,"date":"2017-07-12T14:59:48","date_gmt":"2017-07-12T12:59:48","guid":{"rendered":"https:\/\/die-wetterversicherung.de\/?p=1758"},"modified":"2017-07-12T15:01:27","modified_gmt":"2017-07-12T13:01:27","slug":"dieser-baum-wird-den-klimawandel-nicht-ueberleben","status":"publish","type":"post","link":"https:\/\/die-wetterversicherung.de\/blog\/dieser-baum-wird-den-klimawandel-nicht-ueberleben\/","title":{"rendered":"Dieser Baum wird den Klimawandel nicht \u00fcberleben"},"content":{"rendered":"<p><b>Wissenschaftler bef\u00fcrchten, dass die Fichte aus unseren W\u00e4lder verschwindet.<\/b><\/p>\n<div id=\"attachment_1759\" style=\"width: 300px\" class=\"wp-caption alignleft\"><img loading=\"lazy\" decoding=\"async\" aria-describedby=\"caption-attachment-1759\" class=\"size-medium wp-image-1759\" src=\"https:\/\/die-wetterversicherung.de\/wp-content\/uploads\/2017\/07\/Schwarzwald\u00a9pixabay-300x200.jpg\" alt=\"Foto: pixabay\" width=\"300\" height=\"200\" srcset=\"https:\/\/die-wetterversicherung.de\/blog\/wp-content\/uploads\/2017\/07\/Schwarzwald\u00a9pixabay-300x200.jpg 300w, https:\/\/die-wetterversicherung.de\/blog\/wp-content\/uploads\/2017\/07\/Schwarzwald\u00a9pixabay-768x512.jpg 768w, https:\/\/die-wetterversicherung.de\/blog\/wp-content\/uploads\/2017\/07\/Schwarzwald\u00a9pixabay-1024x683.jpg 1024w, https:\/\/die-wetterversicherung.de\/blog\/wp-content\/uploads\/2017\/07\/Schwarzwald\u00a9pixabay.jpg 1500w\" sizes=\"auto, (max-width: 300px) 100vw, 300px\" \/><p id=\"caption-attachment-1759\" class=\"wp-caption-text\">Foto: pixabay<\/p><\/div>\n<p>Mit \u00fcber 26.000 Kubikmeter Holzeinschlag 2016 ist die Fichte der bedeutendste Baum f\u00fcr die Forstwirtschaft. Doch langfristig werden sich Forstwirte umstellen m\u00fcssen. Irgendwann wird es die Fichte in Deutschland nicht mehr geben, zumindest wenn es nach einer Studie der Albert-Ludwigs-Universit\u00e4t Freiburg geht. Am Beispiel Schwarzwald haben Prof. J\u00fcrgen Bauhaus und Valentia Vitali erforscht, dass die Fichte nicht mit dem Klimawandel zurecht kommt.<\/p>\n<p>Viele Pflanzen seien der voranschreitenden Trockenheit durch den Klimawandel nicht gewachsen, so auch die Fichte, wissen die Forscher. Kern der Studie war zu erforschen, welche Baumarten sich in Zukunft in Deutschland wohlf\u00fchlen k\u00f6nnten. Das Ergebnis: Wei\u00dftannen und Douglasien k\u00f6nnten langfristig die Fichte ersetzen, weil sie besser an Trockenzeiten angepasst sind. Die Wei\u00dftanne ist ohnehin ein heimischer Baum, die Douglasie stammt aus Nordamerika.<\/p>\n<p>Das Team um Prof. Bauhaus hat \u00fcber 800 B\u00e4ume in unterschiedlichen H\u00f6henlagen des Schwarzwalds untersucht. Anhand des Jahrringwachstums der B\u00e4ume vor, w\u00e4hrend und nach extremen Sommertrockenheiten der Jahre 1976 und 2003 haben sie festgestellt, welche Nadelbaumarten D\u00fcrren am besten standhalten und sich danach am schnellsten und vollst\u00e4ndigsten erholen. Ver\u00f6ffentlicht haben die Wissenschaftler ihre Ergebnisse in der Fachzeitschrift \u201eGlobal Change Biology\u201c.<\/p>\n","protected":false},"excerpt":{"rendered":"<p>Wissenschaftler bef\u00fcrchten, dass die Fichte aus unseren W\u00e4lder verschwindet.<\/p><p><a class=\"more-link btn\" href=\"https:\/\/die-wetterversicherung.de\/blog\/dieser-baum-wird-den-klimawandel-nicht-ueberleben\/\">Weiterlesen<\/a><\/p>\n","protected":false},"author":5,"featured_media":1759,"comment_status":"open","ping_status":"closed","sticky":false,"template":"","format":"standard","meta":{"footnotes":""},"categories":[4],"tags":[178,85,81,84,177],"class_list":["post-1758","post","type-post","status-publish","format-standard","has-post-thumbnail","hentry","category-lasst-uns-ubers-wetter-reden","tag-baeume","tag-forschung","tag-forstwirtschaft","tag-klimawandel","tag-schwarzwald","item-wrap"],"yoast_head":"<!-- This site is optimized with the Yoast SEO plugin v26.4 - https:\/\/yoast.com\/wordpress\/plugins\/seo\/ -->\n<title>Dieser Baum wird den Klimawandel nicht \u00fcberleben - die-wetterversicherung.de<\/title>\n<meta name=\"robots\" content=\"index, follow, max-snippet:-1, max-image-preview:large, max-video-preview:-1\" \/>\n<link rel=\"canonical\" href=\"https:\/\/die-wetterversicherung.de\/blog\/dieser-baum-wird-den-klimawandel-nicht-ueberleben\/\" \/>\n<meta property=\"og:locale\" content=\"de_DE\" \/>\n<meta property=\"og:type\" content=\"article\" \/>\n<meta property=\"og:title\" content=\"Dieser Baum wird den Klimawandel nicht \u00fcberleben - die-wetterversicherung.de\" \/>\n<meta property=\"og:description\" content=\"Wissenschaftler bef\u00fcrchten, dass die Fichte aus unseren W\u00e4lder verschwindet.\" \/>\n<meta property=\"og:url\" content=\"https:\/\/die-wetterversicherung.de\/blog\/dieser-baum-wird-den-klimawandel-nicht-ueberleben\/\" \/>\n<meta property=\"og:site_name\" content=\"die-wetterversicherung.de\" \/>\n<meta property=\"article:publisher\" content=\"https:\/\/www.facebook.com\/diewetterversicherung\" \/>\n<meta property=\"article:published_time\" content=\"2017-07-12T12:59:48+00:00\" \/>\n<meta property=\"article:modified_time\" content=\"2017-07-12T13:01:27+00:00\" \/>\n<meta property=\"og:image\" content=\"https:\/\/die-wetterversicherung.de\/blog\/wp-content\/uploads\/2017\/07\/Schwarzwald\u00a9pixabay.jpg\" \/>\n\t<meta property=\"og:image:width\" content=\"1500\" \/>\n\t<meta property=\"og:image:height\" content=\"1000\" \/>\n\t<meta property=\"og:image:type\" content=\"image\/jpeg\" \/>\n<meta name=\"author\" content=\"admin\" \/>\n<meta name=\"twitter:card\" content=\"summary_large_image\" \/>\n<meta name=\"twitter:label1\" content=\"Verfasst von\" \/>\n\t<meta name=\"twitter:data1\" content=\"admin\" \/>\n\t<meta name=\"twitter:label2\" content=\"Gesch\u00e4tzte Lesezeit\" \/>\n\t<meta name=\"twitter:data2\" content=\"1\u00a0Minute\" \/>\n<script type=\"application\/ld+json\" class=\"yoast-schema-graph\">{\"@context\":\"https:\/\/schema.org\",\"@graph\":[{\"@type\":\"WebPage\",\"@id\":\"https:\/\/die-wetterversicherung.de\/blog\/dieser-baum-wird-den-klimawandel-nicht-ueberleben\/\",\"url\":\"https:\/\/die-wetterversicherung.de\/blog\/dieser-baum-wird-den-klimawandel-nicht-ueberleben\/\",\"name\":\"Dieser Baum wird den Klimawandel nicht \u00fcberleben - die-wetterversicherung.de\",\"isPartOf\":{\"@id\":\"https:\/\/die-wetterversicherung.de\/blog\/#website\"},\"primaryImageOfPage\":{\"@id\":\"https:\/\/die-wetterversicherung.de\/blog\/dieser-baum-wird-den-klimawandel-nicht-ueberleben\/#primaryimage\"},\"image\":{\"@id\":\"https:\/\/die-wetterversicherung.de\/blog\/dieser-baum-wird-den-klimawandel-nicht-ueberleben\/#primaryimage\"},\"thumbnailUrl\":\"https:\/\/die-wetterversicherung.de\/blog\/wp-content\/uploads\/2017\/07\/Schwarzwald\u00a9pixabay.jpg\",\"datePublished\":\"2017-07-12T12:59:48+00:00\",\"dateModified\":\"2017-07-12T13:01:27+00:00\",\"author\":{\"@id\":\"https:\/\/die-wetterversicherung.de\/blog\/#\/schema\/person\/ece359d1fb2756d4f371d523c75b881a\"},\"breadcrumb\":{\"@id\":\"https:\/\/die-wetterversicherung.de\/blog\/dieser-baum-wird-den-klimawandel-nicht-ueberleben\/#breadcrumb\"},\"inLanguage\":\"de\",\"potentialAction\":[{\"@type\":\"ReadAction\",\"target\":[\"https:\/\/die-wetterversicherung.de\/blog\/dieser-baum-wird-den-klimawandel-nicht-ueberleben\/\"]}]},{\"@type\":\"ImageObject\",\"inLanguage\":\"de\",\"@id\":\"https:\/\/die-wetterversicherung.de\/blog\/dieser-baum-wird-den-klimawandel-nicht-ueberleben\/#primaryimage\",\"url\":\"https:\/\/die-wetterversicherung.de\/blog\/wp-content\/uploads\/2017\/07\/Schwarzwald\u00a9pixabay.jpg\",\"contentUrl\":\"https:\/\/die-wetterversicherung.de\/blog\/wp-content\/uploads\/2017\/07\/Schwarzwald\u00a9pixabay.jpg\",\"width\":1500,\"height\":1000,\"caption\":\"Foto: pixabay\"},{\"@type\":\"BreadcrumbList\",\"@id\":\"https:\/\/die-wetterversicherung.de\/blog\/dieser-baum-wird-den-klimawandel-nicht-ueberleben\/#breadcrumb\",\"itemListElement\":[{\"@type\":\"ListItem\",\"position\":1,\"name\":\"Startseite\",\"item\":\"https:\/\/die-wetterversicherung.de\/blog\/\"},{\"@type\":\"ListItem\",\"position\":2,\"name\":\"Dieser Baum wird den Klimawandel nicht \u00fcberleben\"}]},{\"@type\":\"WebSite\",\"@id\":\"https:\/\/die-wetterversicherung.de\/blog\/#website\",\"url\":\"https:\/\/die-wetterversicherung.de\/blog\/\",\"name\":\"die-wetterversicherung.de\",\"description\":\"Wetterversicherung-Blog\",\"potentialAction\":[{\"@type\":\"SearchAction\",\"target\":{\"@type\":\"EntryPoint\",\"urlTemplate\":\"https:\/\/die-wetterversicherung.de\/blog\/?s={search_term_string}\"},\"query-input\":{\"@type\":\"PropertyValueSpecification\",\"valueRequired\":true,\"valueName\":\"search_term_string\"}}],\"inLanguage\":\"de\"},{\"@type\":\"Person\",\"@id\":\"https:\/\/die-wetterversicherung.de\/blog\/#\/schema\/person\/ece359d1fb2756d4f371d523c75b881a\",\"name\":\"admin\",\"url\":\"https:\/\/die-wetterversicherung.de\/blog\/author\/admin\/\"}]}<\/script>\n<!-- \/ Yoast SEO plugin. -->","yoast_head_json":{"title":"Dieser Baum wird den Klimawandel nicht \u00fcberleben - die-wetterversicherung.de","robots":{"index":"index","follow":"follow","max-snippet":"max-snippet:-1","max-image-preview":"max-image-preview:large","max-video-preview":"max-video-preview:-1"},"canonical":"https:\/\/die-wetterversicherung.de\/blog\/dieser-baum-wird-den-klimawandel-nicht-ueberleben\/","og_locale":"de_DE","og_type":"article","og_title":"Dieser Baum wird den Klimawandel nicht \u00fcberleben - die-wetterversicherung.de","og_description":"Wissenschaftler bef\u00fcrchten, dass die Fichte aus unseren W\u00e4lder verschwindet.","og_url":"https:\/\/die-wetterversicherung.de\/blog\/dieser-baum-wird-den-klimawandel-nicht-ueberleben\/","og_site_name":"die-wetterversicherung.de","article_publisher":"https:\/\/www.facebook.com\/diewetterversicherung","article_published_time":"2017-07-12T12:59:48+00:00","article_modified_time":"2017-07-12T13:01:27+00:00","og_image":[{"width":1500,"height":1000,"url":"https:\/\/die-wetterversicherung.de\/blog\/wp-content\/uploads\/2017\/07\/Schwarzwald\u00a9pixabay.jpg","type":"image\/jpeg"}],"author":"admin","twitter_card":"summary_large_image","twitter_misc":{"Verfasst von":"admin","Gesch\u00e4tzte Lesezeit":"1\u00a0Minute"},"schema":{"@context":"https:\/\/schema.org","@graph":[{"@type":"WebPage","@id":"https:\/\/die-wetterversicherung.de\/blog\/dieser-baum-wird-den-klimawandel-nicht-ueberleben\/","url":"https:\/\/die-wetterversicherung.de\/blog\/dieser-baum-wird-den-klimawandel-nicht-ueberleben\/","name":"Dieser Baum wird den Klimawandel nicht \u00fcberleben - die-wetterversicherung.de","isPartOf":{"@id":"https:\/\/die-wetterversicherung.de\/blog\/#website"},"primaryImageOfPage":{"@id":"https:\/\/die-wetterversicherung.de\/blog\/dieser-baum-wird-den-klimawandel-nicht-ueberleben\/#primaryimage"},"image":{"@id":"https:\/\/die-wetterversicherung.de\/blog\/dieser-baum-wird-den-klimawandel-nicht-ueberleben\/#primaryimage"},"thumbnailUrl":"https:\/\/die-wetterversicherung.de\/blog\/wp-content\/uploads\/2017\/07\/Schwarzwald\u00a9pixabay.jpg","datePublished":"2017-07-12T12:59:48+00:00","dateModified":"2017-07-12T13:01:27+00:00","author":{"@id":"https:\/\/die-wetterversicherung.de\/blog\/#\/schema\/person\/ece359d1fb2756d4f371d523c75b881a"},"breadcrumb":{"@id":"https:\/\/die-wetterversicherung.de\/blog\/dieser-baum-wird-den-klimawandel-nicht-ueberleben\/#breadcrumb"},"inLanguage":"de","potentialAction":[{"@type":"ReadAction","target":["https:\/\/die-wetterversicherung.de\/blog\/dieser-baum-wird-den-klimawandel-nicht-ueberleben\/"]}]},{"@type":"ImageObject","inLanguage":"de","@id":"https:\/\/die-wetterversicherung.de\/blog\/dieser-baum-wird-den-klimawandel-nicht-ueberleben\/#primaryimage","url":"https:\/\/die-wetterversicherung.de\/blog\/wp-content\/uploads\/2017\/07\/Schwarzwald\u00a9pixabay.jpg","contentUrl":"https:\/\/die-wetterversicherung.de\/blog\/wp-content\/uploads\/2017\/07\/Schwarzwald\u00a9pixabay.jpg","width":1500,"height":1000,"caption":"Foto: pixabay"},{"@type":"BreadcrumbList","@id":"https:\/\/die-wetterversicherung.de\/blog\/dieser-baum-wird-den-klimawandel-nicht-ueberleben\/#breadcrumb","itemListElement":[{"@type":"ListItem","position":1,"name":"Startseite","item":"https:\/\/die-wetterversicherung.de\/blog\/"},{"@type":"ListItem","position":2,"name":"Dieser Baum wird den Klimawandel nicht \u00fcberleben"}]},{"@type":"WebSite","@id":"https:\/\/die-wetterversicherung.de\/blog\/#website","url":"https:\/\/die-wetterversicherung.de\/blog\/","name":"die-wetterversicherung.de","description":"Wetterversicherung-Blog","potentialAction":[{"@type":"SearchAction","target":{"@type":"EntryPoint","urlTemplate":"https:\/\/die-wetterversicherung.de\/blog\/?s={search_term_string}"},"query-input":{"@type":"PropertyValueSpecification","valueRequired":true,"valueName":"search_term_string"}}],"inLanguage":"de"},{"@type":"Person","@id":"https:\/\/die-wetterversicherung.de\/blog\/#\/schema\/person\/ece359d1fb2756d4f371d523c75b881a","name":"admin","url":"https:\/\/die-wetterversicherung.de\/blog\/author\/admin\/"}]}},"_links":{"self":[{"href":"https:\/\/die-wetterversicherung.de\/blog\/wp-json\/wp\/v2\/posts\/1758","targetHints":{"allow":["GET"]}}],"collection":[{"href":"https:\/\/die-wetterversicherung.de\/blog\/wp-json\/wp\/v2\/posts"}],"about":[{"href":"https:\/\/die-wetterversicherung.de\/blog\/wp-json\/wp\/v2\/types\/post"}],"author":[{"embeddable":true,"href":"https:\/\/die-wetterversicherung.de\/blog\/wp-json\/wp\/v2\/users\/5"}],"replies":[{"embeddable":true,"href":"https:\/\/die-wetterversicherung.de\/blog\/wp-json\/wp\/v2\/comments?post=1758"}],"version-history":[{"count":2,"href":"https:\/\/die-wetterversicherung.de\/blog\/wp-json\/wp\/v2\/posts\/1758\/revisions"}],"predecessor-version":[{"id":1761,"href":"https:\/\/die-wetterversicherung.de\/blog\/wp-json\/wp\/v2\/posts\/1758\/revisions\/1761"}],"wp:featuredmedia":[{"embeddable":true,"href":"https:\/\/die-wetterversicherung.de\/blog\/wp-json\/wp\/v2\/media\/1759"}],"wp:attachment":[{"href":"https:\/\/die-wetterversicherung.de\/blog\/wp-json\/wp\/v2\/media?parent=1758"}],"wp:term":[{"taxonomy":"category","embeddable":true,"href":"https:\/\/die-wetterversicherung.de\/blog\/wp-json\/wp\/v2\/categories?post=1758"},{"taxonomy":"post_tag","embeddable":true,"href":"https:\/\/die-wetterversicherung.de\/blog\/wp-json\/wp\/v2\/tags?post=1758"}],"curies":[{"name":"wp","href":"https:\/\/api.w.org\/{rel}","templated":true}]}}