{"id":1754,"date":"2017-07-05T15:33:04","date_gmt":"2017-07-05T13:33:04","guid":{"rendered":"https:\/\/die-wetterversicherung.de\/?p=1754"},"modified":"2017-07-05T15:33:04","modified_gmt":"2017-07-05T13:33:04","slug":"ertragspotenziale-durch-wetterextreme-verringert","status":"publish","type":"post","link":"https:\/\/die-wetterversicherung.de\/blog\/ertragspotenziale-durch-wetterextreme-verringert\/","title":{"rendered":"Ertragspotenziale durch Wetterextreme verringert"},"content":{"rendered":"<p><b>Die deutschen Landwirte erwarten Getreideernte auf Vorjahresniveau, regionale Unterschiede<\/b><\/p>\n<div id=\"attachment_1755\" style=\"width: 300px\" class=\"wp-caption alignleft\"><img loading=\"lazy\" decoding=\"async\" aria-describedby=\"caption-attachment-1755\" class=\"size-medium wp-image-1755\" src=\"https:\/\/die-wetterversicherung.de\/wp-content\/uploads\/2017\/07\/Getreideernte\u00a9pixabay-300x200.jpg\" alt=\"Foto: pixabay\" width=\"300\" height=\"200\" srcset=\"https:\/\/die-wetterversicherung.de\/blog\/wp-content\/uploads\/2017\/07\/Getreideernte\u00a9pixabay-300x200.jpg 300w, https:\/\/die-wetterversicherung.de\/blog\/wp-content\/uploads\/2017\/07\/Getreideernte\u00a9pixabay-768x512.jpg 768w, https:\/\/die-wetterversicherung.de\/blog\/wp-content\/uploads\/2017\/07\/Getreideernte\u00a9pixabay-1024x683.jpg 1024w, https:\/\/die-wetterversicherung.de\/blog\/wp-content\/uploads\/2017\/07\/Getreideernte\u00a9pixabay.jpg 1920w\" sizes=\"auto, (max-width: 300px) 100vw, 300px\" \/><p id=\"caption-attachment-1755\" class=\"wp-caption-text\">Foto: pixabay<\/p><\/div>\n<p>\u201eZum Erntebeginn sehen wir beim Zustand der Getreide- und Rapsbest\u00e4nde in Deutschland deutliche regionale Unterschiede\u201c, sagte DBV-Pr\u00e4sident Joachim Rukwied zum Auftakt der Getreide und Rapsernte. Der Deutsche Bauernverband erwartet eine Getreideernte von gut 45 Millionen Tonnen, die mengenm\u00e4\u00dfig knapp dem Vorjahr mit 45,4 Millionen Tonnen entsprechen wird. Der Durchschnitt der Ernten 2012 bis 2016 in H\u00f6he von 47,9 Millionen Tonnen wird damit aber nicht erreicht. Die zuletzt hei\u00dfen und trockenen Witterungsverh\u00e4ltnisse und der Starkregen in einigen Regionen bringen vor allem beim Weizen einige Unsicherheit bei der Sch\u00e4tzung der Getreideernte.<\/p>\n<p><span style=\"font-weight: 400;\">Die Wintergerstenbest\u00e4nde sind durch die Trockenheit im Juni mit regional extrem hohen Temperaturen schnell abgereift. Letztendlich w\u00fcrden jedoch die ersten Druschergebnisse zeigen, inwieweit die teils extreme Juni-Witterung die Ertr\u00e4ge und Qualit\u00e4ten von Winterweizen, Winterraps und das Sommergetreide beeinflusst hat, sagte Rukwied. Deshalb seien derzeit die Erwartungen der Landwirte an die diesj\u00e4hrige Ernte eher zur\u00fcckhaltend. In weiten Teilen Deutschlands lassen sich Trockensch\u00e4den in den Best\u00e4nden erkennen. Gerade der Winterweizen k\u00f6nnte zuletzt Ertragspotenzial und Qualit\u00e4t eingeb\u00fc\u00dft haben. Da dieser mit knapp 3,2 Millionen Hektar die wichtigste in Deutschland angebaute Getreideart sei, sei sein Ertrag ein ma\u00dfgeblicher Faktor f\u00fcr das Gesamtergebnis der Getreideernte, erl\u00e4uterte der Bauernpr\u00e4sident. Der DBV erstellt seine Ernteprognose auf der Basis von Umfragen unter den 18 Landesbauernverb\u00e4nden zu ihren aktuellen Ertragssch\u00e4tzungen.<\/span><\/p>\n<p><b>Sch\u00e4dlinge und K\u00e4lte belasten Winterraps<\/b><\/p>\n<p><span style=\"font-weight: 400;\">Beim Winterraps geht der Bauernverband derzeit von einer Erntemenge von knapp 4,7 Millionen Tonnen aus. Die Ertragserwartungen liegen mit rund 3,6 Tonnen pro Hektar niedriger als der F\u00fcnfjahresdurchschnitt von 3,9 Tonnen pro Hektar. Ursachen hierf\u00fcr sind ein regional erh\u00f6hter Krankheits- und Sch\u00e4dlingsdruck, der K\u00e4lteeinbruch mit Nachtfr\u00f6sten im April, welcher die Rapsbest\u00e4nde in der Bl\u00fcte traf, sowie die Trockenheit der letzten Wochen.<\/span><\/p>\n<p><b>Trockensch\u00e4den in Norddeutschland<\/b><\/p>\n<p><span style=\"font-weight: 400;\">Naturgem\u00e4\u00df sind die Ertragserwartungen in den einzelnen Regionen Deutschlands sehr unterschiedlich. Die Wasserversorgung war zum Ende des Fr\u00fchjahrs in Norddeutschland weit weniger angespannt als in den \u00fcbrigen Regionen Deutschlands. Insbesondere auf leichten sandigen B\u00f6den traten Trockensch\u00e4den auf. Das liegt am geringeren Wasserhalteverm\u00f6gen. Die Getreide- und Rapsbest\u00e4nde auf schwereren B\u00f6den profitierten dagegen von den h\u00f6heren Wasservorr\u00e4ten. Die Niederschl\u00e4ge der vergangenen Woche haben die Wasserversorgung verbessert, andererseits die begonnene Wintergerstenernte jedoch unterbrochen. Auch die Wasserversorgung in den kommenden Monaten ist von hoher Bedeutung. So h\u00e4ngt das Ertragspotenzial von Kartoffeln, Zuckerr\u00fcben aber auch von Mais ma\u00dfgeblich von den Witterungsbedingungen in den Sommermonaten ab.<\/span><\/p>\n<p><b>Wetterextreme erfordern gutes Risikomanagement<\/b><\/p>\n<p><span style=\"font-weight: 400;\">Rukwied wies noch einmal auf die Wichtigkeit von gutem <\/span><a href=\"https:\/\/die-wetterversicherung.de\/\" target=\"_blank\"><span style=\"font-weight: 400;\">Risikomanagement<\/span><\/a><span style=\"font-weight: 400;\"> hin. Vor allem Obst- und Weinbetriebe sehen sich mit extremen Ernteausf\u00e4llen konfrontiert. \u201eDie Wetterextreme bestimmen das Erntejahr unserer Obst- und Weinbauern in diesem Jahr ungew\u00f6hnlich stark\u201c, so der Bauernpr\u00e4sident. Einige Betriebe seien massiv gesch\u00e4digt. Der starke Frost Mitte April nach dem warmen M\u00e4rz f\u00fchrte zu gro\u00dfen Sch\u00e4den zum Beispiel bei Kirschen, Pflaumen, \u00c4pfeln und Wein. Ende Mai bis in den Juni hinein mussten die Obstbauern regional mit Starkregen und Hagel fertig werden.<\/span><\/p>\n","protected":false},"excerpt":{"rendered":"<p>Die deutschen Landwirte erwarten Getreideernte auf Vorjahresniveau, regionale Unterschiede<\/p><p><a class=\"more-link btn\" href=\"https:\/\/die-wetterversicherung.de\/blog\/ertragspotenziale-durch-wetterextreme-verringert\/\">Weiterlesen<\/a><\/p>\n","protected":false},"author":5,"featured_media":1755,"comment_status":"open","ping_status":"closed","sticky":false,"template":"","format":"standard","meta":{"footnotes":""},"categories":[4],"tags":[39,40,176],"class_list":["post-1754","post","type-post","status-publish","format-standard","has-post-thumbnail","hentry","category-lasst-uns-ubers-wetter-reden","tag-ernte","tag-ernteausfall","tag-wetterextreme","item-wrap"],"yoast_head":"<!-- This site is optimized with the Yoast SEO plugin v26.4 - https:\/\/yoast.com\/wordpress\/plugins\/seo\/ -->\n<title>Ertragspotenziale durch Wetterextreme verringert - die-wetterversicherung.de<\/title>\n<meta name=\"robots\" content=\"index, follow, max-snippet:-1, max-image-preview:large, max-video-preview:-1\" \/>\n<link rel=\"canonical\" href=\"https:\/\/die-wetterversicherung.de\/blog\/ertragspotenziale-durch-wetterextreme-verringert\/\" \/>\n<meta property=\"og:locale\" content=\"de_DE\" \/>\n<meta property=\"og:type\" content=\"article\" \/>\n<meta property=\"og:title\" content=\"Ertragspotenziale durch Wetterextreme verringert - die-wetterversicherung.de\" \/>\n<meta property=\"og:description\" content=\"Die deutschen Landwirte erwarten Getreideernte auf Vorjahresniveau, regionale Unterschiede\" \/>\n<meta property=\"og:url\" content=\"https:\/\/die-wetterversicherung.de\/blog\/ertragspotenziale-durch-wetterextreme-verringert\/\" \/>\n<meta property=\"og:site_name\" content=\"die-wetterversicherung.de\" \/>\n<meta property=\"article:publisher\" content=\"https:\/\/www.facebook.com\/diewetterversicherung\" \/>\n<meta property=\"article:published_time\" content=\"2017-07-05T13:33:04+00:00\" \/>\n<meta property=\"og:image\" content=\"https:\/\/die-wetterversicherung.de\/blog\/wp-content\/uploads\/2017\/07\/Getreideernte\u00a9pixabay.jpg\" \/>\n\t<meta property=\"og:image:width\" content=\"1920\" \/>\n\t<meta property=\"og:image:height\" content=\"1280\" \/>\n\t<meta property=\"og:image:type\" content=\"image\/jpeg\" \/>\n<meta name=\"author\" content=\"admin\" \/>\n<meta name=\"twitter:card\" content=\"summary_large_image\" \/>\n<meta name=\"twitter:label1\" content=\"Verfasst von\" \/>\n\t<meta name=\"twitter:data1\" content=\"admin\" \/>\n\t<meta name=\"twitter:label2\" content=\"Gesch\u00e4tzte Lesezeit\" \/>\n\t<meta name=\"twitter:data2\" content=\"3\u00a0Minuten\" \/>\n<script type=\"application\/ld+json\" class=\"yoast-schema-graph\">{\"@context\":\"https:\/\/schema.org\",\"@graph\":[{\"@type\":\"WebPage\",\"@id\":\"https:\/\/die-wetterversicherung.de\/blog\/ertragspotenziale-durch-wetterextreme-verringert\/\",\"url\":\"https:\/\/die-wetterversicherung.de\/blog\/ertragspotenziale-durch-wetterextreme-verringert\/\",\"name\":\"Ertragspotenziale durch Wetterextreme verringert - die-wetterversicherung.de\",\"isPartOf\":{\"@id\":\"https:\/\/die-wetterversicherung.de\/blog\/#website\"},\"primaryImageOfPage\":{\"@id\":\"https:\/\/die-wetterversicherung.de\/blog\/ertragspotenziale-durch-wetterextreme-verringert\/#primaryimage\"},\"image\":{\"@id\":\"https:\/\/die-wetterversicherung.de\/blog\/ertragspotenziale-durch-wetterextreme-verringert\/#primaryimage\"},\"thumbnailUrl\":\"https:\/\/die-wetterversicherung.de\/blog\/wp-content\/uploads\/2017\/07\/Getreideernte\u00a9pixabay.jpg\",\"datePublished\":\"2017-07-05T13:33:04+00:00\",\"author\":{\"@id\":\"https:\/\/die-wetterversicherung.de\/blog\/#\/schema\/person\/ece359d1fb2756d4f371d523c75b881a\"},\"breadcrumb\":{\"@id\":\"https:\/\/die-wetterversicherung.de\/blog\/ertragspotenziale-durch-wetterextreme-verringert\/#breadcrumb\"},\"inLanguage\":\"de\",\"potentialAction\":[{\"@type\":\"ReadAction\",\"target\":[\"https:\/\/die-wetterversicherung.de\/blog\/ertragspotenziale-durch-wetterextreme-verringert\/\"]}]},{\"@type\":\"ImageObject\",\"inLanguage\":\"de\",\"@id\":\"https:\/\/die-wetterversicherung.de\/blog\/ertragspotenziale-durch-wetterextreme-verringert\/#primaryimage\",\"url\":\"https:\/\/die-wetterversicherung.de\/blog\/wp-content\/uploads\/2017\/07\/Getreideernte\u00a9pixabay.jpg\",\"contentUrl\":\"https:\/\/die-wetterversicherung.de\/blog\/wp-content\/uploads\/2017\/07\/Getreideernte\u00a9pixabay.jpg\",\"width\":1920,\"height\":1280,\"caption\":\"Foto: pixabay\"},{\"@type\":\"BreadcrumbList\",\"@id\":\"https:\/\/die-wetterversicherung.de\/blog\/ertragspotenziale-durch-wetterextreme-verringert\/#breadcrumb\",\"itemListElement\":[{\"@type\":\"ListItem\",\"position\":1,\"name\":\"Startseite\",\"item\":\"https:\/\/die-wetterversicherung.de\/blog\/\"},{\"@type\":\"ListItem\",\"position\":2,\"name\":\"Ertragspotenziale durch Wetterextreme verringert\"}]},{\"@type\":\"WebSite\",\"@id\":\"https:\/\/die-wetterversicherung.de\/blog\/#website\",\"url\":\"https:\/\/die-wetterversicherung.de\/blog\/\",\"name\":\"die-wetterversicherung.de\",\"description\":\"Wetterversicherung-Blog\",\"potentialAction\":[{\"@type\":\"SearchAction\",\"target\":{\"@type\":\"EntryPoint\",\"urlTemplate\":\"https:\/\/die-wetterversicherung.de\/blog\/?s={search_term_string}\"},\"query-input\":{\"@type\":\"PropertyValueSpecification\",\"valueRequired\":true,\"valueName\":\"search_term_string\"}}],\"inLanguage\":\"de\"},{\"@type\":\"Person\",\"@id\":\"https:\/\/die-wetterversicherung.de\/blog\/#\/schema\/person\/ece359d1fb2756d4f371d523c75b881a\",\"name\":\"admin\",\"url\":\"https:\/\/die-wetterversicherung.de\/blog\/author\/admin\/\"}]}<\/script>\n<!-- \/ Yoast SEO plugin. -->","yoast_head_json":{"title":"Ertragspotenziale durch Wetterextreme verringert - die-wetterversicherung.de","robots":{"index":"index","follow":"follow","max-snippet":"max-snippet:-1","max-image-preview":"max-image-preview:large","max-video-preview":"max-video-preview:-1"},"canonical":"https:\/\/die-wetterversicherung.de\/blog\/ertragspotenziale-durch-wetterextreme-verringert\/","og_locale":"de_DE","og_type":"article","og_title":"Ertragspotenziale durch Wetterextreme verringert - die-wetterversicherung.de","og_description":"Die deutschen Landwirte erwarten Getreideernte auf Vorjahresniveau, regionale Unterschiede","og_url":"https:\/\/die-wetterversicherung.de\/blog\/ertragspotenziale-durch-wetterextreme-verringert\/","og_site_name":"die-wetterversicherung.de","article_publisher":"https:\/\/www.facebook.com\/diewetterversicherung","article_published_time":"2017-07-05T13:33:04+00:00","og_image":[{"width":1920,"height":1280,"url":"https:\/\/die-wetterversicherung.de\/blog\/wp-content\/uploads\/2017\/07\/Getreideernte\u00a9pixabay.jpg","type":"image\/jpeg"}],"author":"admin","twitter_card":"summary_large_image","twitter_misc":{"Verfasst von":"admin","Gesch\u00e4tzte Lesezeit":"3\u00a0Minuten"},"schema":{"@context":"https:\/\/schema.org","@graph":[{"@type":"WebPage","@id":"https:\/\/die-wetterversicherung.de\/blog\/ertragspotenziale-durch-wetterextreme-verringert\/","url":"https:\/\/die-wetterversicherung.de\/blog\/ertragspotenziale-durch-wetterextreme-verringert\/","name":"Ertragspotenziale durch Wetterextreme verringert - die-wetterversicherung.de","isPartOf":{"@id":"https:\/\/die-wetterversicherung.de\/blog\/#website"},"primaryImageOfPage":{"@id":"https:\/\/die-wetterversicherung.de\/blog\/ertragspotenziale-durch-wetterextreme-verringert\/#primaryimage"},"image":{"@id":"https:\/\/die-wetterversicherung.de\/blog\/ertragspotenziale-durch-wetterextreme-verringert\/#primaryimage"},"thumbnailUrl":"https:\/\/die-wetterversicherung.de\/blog\/wp-content\/uploads\/2017\/07\/Getreideernte\u00a9pixabay.jpg","datePublished":"2017-07-05T13:33:04+00:00","author":{"@id":"https:\/\/die-wetterversicherung.de\/blog\/#\/schema\/person\/ece359d1fb2756d4f371d523c75b881a"},"breadcrumb":{"@id":"https:\/\/die-wetterversicherung.de\/blog\/ertragspotenziale-durch-wetterextreme-verringert\/#breadcrumb"},"inLanguage":"de","potentialAction":[{"@type":"ReadAction","target":["https:\/\/die-wetterversicherung.de\/blog\/ertragspotenziale-durch-wetterextreme-verringert\/"]}]},{"@type":"ImageObject","inLanguage":"de","@id":"https:\/\/die-wetterversicherung.de\/blog\/ertragspotenziale-durch-wetterextreme-verringert\/#primaryimage","url":"https:\/\/die-wetterversicherung.de\/blog\/wp-content\/uploads\/2017\/07\/Getreideernte\u00a9pixabay.jpg","contentUrl":"https:\/\/die-wetterversicherung.de\/blog\/wp-content\/uploads\/2017\/07\/Getreideernte\u00a9pixabay.jpg","width":1920,"height":1280,"caption":"Foto: pixabay"},{"@type":"BreadcrumbList","@id":"https:\/\/die-wetterversicherung.de\/blog\/ertragspotenziale-durch-wetterextreme-verringert\/#breadcrumb","itemListElement":[{"@type":"ListItem","position":1,"name":"Startseite","item":"https:\/\/die-wetterversicherung.de\/blog\/"},{"@type":"ListItem","position":2,"name":"Ertragspotenziale durch Wetterextreme verringert"}]},{"@type":"WebSite","@id":"https:\/\/die-wetterversicherung.de\/blog\/#website","url":"https:\/\/die-wetterversicherung.de\/blog\/","name":"die-wetterversicherung.de","description":"Wetterversicherung-Blog","potentialAction":[{"@type":"SearchAction","target":{"@type":"EntryPoint","urlTemplate":"https:\/\/die-wetterversicherung.de\/blog\/?s={search_term_string}"},"query-input":{"@type":"PropertyValueSpecification","valueRequired":true,"valueName":"search_term_string"}}],"inLanguage":"de"},{"@type":"Person","@id":"https:\/\/die-wetterversicherung.de\/blog\/#\/schema\/person\/ece359d1fb2756d4f371d523c75b881a","name":"admin","url":"https:\/\/die-wetterversicherung.de\/blog\/author\/admin\/"}]}},"_links":{"self":[{"href":"https:\/\/die-wetterversicherung.de\/blog\/wp-json\/wp\/v2\/posts\/1754","targetHints":{"allow":["GET"]}}],"collection":[{"href":"https:\/\/die-wetterversicherung.de\/blog\/wp-json\/wp\/v2\/posts"}],"about":[{"href":"https:\/\/die-wetterversicherung.de\/blog\/wp-json\/wp\/v2\/types\/post"}],"author":[{"embeddable":true,"href":"https:\/\/die-wetterversicherung.de\/blog\/wp-json\/wp\/v2\/users\/5"}],"replies":[{"embeddable":true,"href":"https:\/\/die-wetterversicherung.de\/blog\/wp-json\/wp\/v2\/comments?post=1754"}],"version-history":[{"count":1,"href":"https:\/\/die-wetterversicherung.de\/blog\/wp-json\/wp\/v2\/posts\/1754\/revisions"}],"predecessor-version":[{"id":1756,"href":"https:\/\/die-wetterversicherung.de\/blog\/wp-json\/wp\/v2\/posts\/1754\/revisions\/1756"}],"wp:featuredmedia":[{"embeddable":true,"href":"https:\/\/die-wetterversicherung.de\/blog\/wp-json\/wp\/v2\/media\/1755"}],"wp:attachment":[{"href":"https:\/\/die-wetterversicherung.de\/blog\/wp-json\/wp\/v2\/media?parent=1754"}],"wp:term":[{"taxonomy":"category","embeddable":true,"href":"https:\/\/die-wetterversicherung.de\/blog\/wp-json\/wp\/v2\/categories?post=1754"},{"taxonomy":"post_tag","embeddable":true,"href":"https:\/\/die-wetterversicherung.de\/blog\/wp-json\/wp\/v2\/tags?post=1754"}],"curies":[{"name":"wp","href":"https:\/\/api.w.org\/{rel}","templated":true}]}}