{"id":1751,"date":"2017-06-28T11:31:29","date_gmt":"2017-06-28T09:31:29","guid":{"rendered":"https:\/\/die-wetterversicherung.de\/?p=1751"},"modified":"2017-06-28T11:31:46","modified_gmt":"2017-06-28T09:31:46","slug":"holzhaeuser-sollen-klimawandel-eindaemmen","status":"publish","type":"post","link":"https:\/\/die-wetterversicherung.de\/blog\/holzhaeuser-sollen-klimawandel-eindaemmen\/","title":{"rendered":"Holzh\u00e4user sollen Klimawandel eind\u00e4mmen"},"content":{"rendered":"<p><b>Holz speichert CO<sub>2<\/sub><\/b><b>, der Deutsche Holzfertigbau-Verband (DHV) kann sich eine gesetzliche \u201eMindestholzbauquote\u201c f\u00fcr \u00f6ffentliche Bauvorhaben vorstellen.<\/b><\/p>\n<div id=\"attachment_1752\" style=\"width: 300px\" class=\"wp-caption alignleft\"><img loading=\"lazy\" decoding=\"async\" aria-describedby=\"caption-attachment-1752\" class=\"size-medium wp-image-1752\" src=\"https:\/\/die-wetterversicherung.de\/wp-content\/uploads\/2017\/06\/Holzhaus\u00a9Foto-MM-HolzHaus-DHV-300x202.jpg\" alt=\"Foto: MM HolzHaus\/DHV\" width=\"300\" height=\"202\" srcset=\"https:\/\/die-wetterversicherung.de\/blog\/wp-content\/uploads\/2017\/06\/Holzhaus\u00a9Foto-MM-HolzHaus-DHV-300x202.jpg 300w, https:\/\/die-wetterversicherung.de\/blog\/wp-content\/uploads\/2017\/06\/Holzhaus\u00a9Foto-MM-HolzHaus-DHV-768x518.jpg 768w, https:\/\/die-wetterversicherung.de\/blog\/wp-content\/uploads\/2017\/06\/Holzhaus\u00a9Foto-MM-HolzHaus-DHV-1024x690.jpg 1024w, https:\/\/die-wetterversicherung.de\/blog\/wp-content\/uploads\/2017\/06\/Holzhaus\u00a9Foto-MM-HolzHaus-DHV.jpg 1500w\" sizes=\"auto, (max-width: 300px) 100vw, 300px\" \/><p id=\"caption-attachment-1752\" class=\"wp-caption-text\">Foto: MM HolzHaus\/DHV<\/p><\/div>\n<p><span style=\"font-weight: 400;\">Dass Holz klimasch\u00e4dliches Kohlendioxid (CO<sub>2<\/sub><\/span><span style=\"font-weight: 400;\">) speichert, ist erwiesen. Der Deutsche Holzfertigbau-Verband (DHV) nimmt das zum Anlass, f\u00fcr Holz als Bau- und D\u00e4mmmaterial zu werben. Sintflutartige Regeng\u00fcsse, orkanartige St\u00fcrme, vollgelaufene Keller und \u00fcberschwemmte Wohnungen hinterlie\u00dfen nicht nur im Ged\u00e4chtnis der unmittelbar Betroffenen Spuren, so der Verband. Deshalb regt der DHV f\u00fcr \u00f6ffentliche Bauvorhaben die verbindliche Einf\u00fchrung einer sogenannten \u201eBio-Quote\u201c nach M\u00fcnchener Vorbild an.<\/span><\/p>\n<p><span style=\"font-weight: 400;\">Die demokratischen politischen Parteien in Deutschland fordert der DHV auf, sich zum Umgang mit dem Klimawandel noch vor der Bundestagswahl klar und unmissverst\u00e4ndlich zu positionieren. \u201eEiner der wichtigsten Vorz\u00fcge des Naturwerkstoffs ist die Eigenschaft, Kohlendioxid dauerhaft in sich zu binden. Ein Kubikmeter Holz speichert etwa eine TonneCO<sub>2<\/sub>\u201c, erkl\u00e4rt DHV-Pr\u00e4sident Erwin Taglieber. Er rechnet vor: F\u00fcr ein Fertighaus aus Holz mit 150 m\u00b2 Wohnnutzfl\u00e4che w\u00fcrden ungef\u00e4hr 25 bis 30 Kubikmeter Nadelholz verbaut und damit das Klima um etwa 25 bis 30 TonnenCO<sub>2<\/sub><\/span><span style=\"font-weight: 400;\">\u00a0entlastet. Kein anderer Werkstoff k\u00f6nne da mithalten, so Taglieber.<\/span><\/p>\n<p>Wenn Bund und L\u00e4nder mit \u201egutem Beispiel\u201c vorangingen, sei das auch eine Vorbildwirkung auf private Bauherren, so der DHV. Die Verwendung von nat\u00fcrlichen Materialien wie Holz, Hanf oder auch Stroh k\u00f6nne dann durch die KfW-Bank gef\u00f6rdert werden, kann sich der Verband vorstellen.<\/p>\n","protected":false},"excerpt":{"rendered":"<p>Holz speichert CO2, der Deutsche Holzfertigbau-Verband (DHV) kann sich eine gesetzliche \u201eMindestholzbauquote\u201c f\u00fcr \u00f6ffentliche Bauvorhaben vorstellen.<\/p><p><a class=\"more-link btn\" href=\"https:\/\/die-wetterversicherung.de\/blog\/holzhaeuser-sollen-klimawandel-eindaemmen\/\">Weiterlesen<\/a><\/p>\n","protected":false},"author":5,"featured_media":1752,"comment_status":"open","ping_status":"closed","sticky":false,"template":"","format":"standard","meta":{"footnotes":""},"categories":[4],"tags":[172,173,174,175,84],"class_list":["post-1751","post","type-post","status-publish","format-standard","has-post-thumbnail","hentry","category-lasst-uns-ubers-wetter-reden","tag-co2","tag-holz","tag-holzbau","tag-holzhaeuser","tag-klimawandel","item-wrap"],"yoast_head":"<!-- This site is optimized with the Yoast SEO plugin v26.4 - https:\/\/yoast.com\/wordpress\/plugins\/seo\/ -->\n<title>Holzh\u00e4user sollen Klimawandel eind\u00e4mmen - die-wetterversicherung.de<\/title>\n<meta name=\"robots\" content=\"index, follow, max-snippet:-1, max-image-preview:large, max-video-preview:-1\" \/>\n<link rel=\"canonical\" href=\"https:\/\/die-wetterversicherung.de\/blog\/holzhaeuser-sollen-klimawandel-eindaemmen\/\" \/>\n<meta property=\"og:locale\" content=\"de_DE\" \/>\n<meta property=\"og:type\" content=\"article\" \/>\n<meta property=\"og:title\" content=\"Holzh\u00e4user sollen Klimawandel eind\u00e4mmen - die-wetterversicherung.de\" \/>\n<meta property=\"og:description\" content=\"Holz speichert CO2, der Deutsche Holzfertigbau-Verband (DHV) kann sich eine gesetzliche \u201eMindestholzbauquote\u201c f\u00fcr \u00f6ffentliche Bauvorhaben vorstellen.\" \/>\n<meta property=\"og:url\" content=\"https:\/\/die-wetterversicherung.de\/blog\/holzhaeuser-sollen-klimawandel-eindaemmen\/\" \/>\n<meta property=\"og:site_name\" content=\"die-wetterversicherung.de\" \/>\n<meta property=\"article:publisher\" content=\"https:\/\/www.facebook.com\/diewetterversicherung\" \/>\n<meta property=\"article:published_time\" content=\"2017-06-28T09:31:29+00:00\" \/>\n<meta property=\"article:modified_time\" content=\"2017-06-28T09:31:46+00:00\" \/>\n<meta property=\"og:image\" content=\"https:\/\/die-wetterversicherung.de\/blog\/wp-content\/uploads\/2017\/06\/Holzhaus\u00a9Foto-MM-HolzHaus-DHV.jpg\" \/>\n\t<meta property=\"og:image:width\" content=\"1500\" \/>\n\t<meta property=\"og:image:height\" content=\"1011\" \/>\n\t<meta property=\"og:image:type\" content=\"image\/jpeg\" \/>\n<meta name=\"author\" content=\"admin\" \/>\n<meta name=\"twitter:card\" content=\"summary_large_image\" \/>\n<meta name=\"twitter:label1\" content=\"Verfasst von\" \/>\n\t<meta name=\"twitter:data1\" content=\"admin\" \/>\n\t<meta name=\"twitter:label2\" content=\"Gesch\u00e4tzte Lesezeit\" \/>\n\t<meta name=\"twitter:data2\" content=\"1\u00a0Minute\" \/>\n<script type=\"application\/ld+json\" class=\"yoast-schema-graph\">{\"@context\":\"https:\/\/schema.org\",\"@graph\":[{\"@type\":\"WebPage\",\"@id\":\"https:\/\/die-wetterversicherung.de\/blog\/holzhaeuser-sollen-klimawandel-eindaemmen\/\",\"url\":\"https:\/\/die-wetterversicherung.de\/blog\/holzhaeuser-sollen-klimawandel-eindaemmen\/\",\"name\":\"Holzh\u00e4user sollen Klimawandel eind\u00e4mmen - die-wetterversicherung.de\",\"isPartOf\":{\"@id\":\"https:\/\/die-wetterversicherung.de\/blog\/#website\"},\"primaryImageOfPage\":{\"@id\":\"https:\/\/die-wetterversicherung.de\/blog\/holzhaeuser-sollen-klimawandel-eindaemmen\/#primaryimage\"},\"image\":{\"@id\":\"https:\/\/die-wetterversicherung.de\/blog\/holzhaeuser-sollen-klimawandel-eindaemmen\/#primaryimage\"},\"thumbnailUrl\":\"https:\/\/die-wetterversicherung.de\/blog\/wp-content\/uploads\/2017\/06\/Holzhaus\u00a9Foto-MM-HolzHaus-DHV.jpg\",\"datePublished\":\"2017-06-28T09:31:29+00:00\",\"dateModified\":\"2017-06-28T09:31:46+00:00\",\"author\":{\"@id\":\"https:\/\/die-wetterversicherung.de\/blog\/#\/schema\/person\/ece359d1fb2756d4f371d523c75b881a\"},\"breadcrumb\":{\"@id\":\"https:\/\/die-wetterversicherung.de\/blog\/holzhaeuser-sollen-klimawandel-eindaemmen\/#breadcrumb\"},\"inLanguage\":\"de\",\"potentialAction\":[{\"@type\":\"ReadAction\",\"target\":[\"https:\/\/die-wetterversicherung.de\/blog\/holzhaeuser-sollen-klimawandel-eindaemmen\/\"]}]},{\"@type\":\"ImageObject\",\"inLanguage\":\"de\",\"@id\":\"https:\/\/die-wetterversicherung.de\/blog\/holzhaeuser-sollen-klimawandel-eindaemmen\/#primaryimage\",\"url\":\"https:\/\/die-wetterversicherung.de\/blog\/wp-content\/uploads\/2017\/06\/Holzhaus\u00a9Foto-MM-HolzHaus-DHV.jpg\",\"contentUrl\":\"https:\/\/die-wetterversicherung.de\/blog\/wp-content\/uploads\/2017\/06\/Holzhaus\u00a9Foto-MM-HolzHaus-DHV.jpg\",\"width\":1500,\"height\":1011,\"caption\":\"Foto: MM HolzHaus\/DHV\"},{\"@type\":\"BreadcrumbList\",\"@id\":\"https:\/\/die-wetterversicherung.de\/blog\/holzhaeuser-sollen-klimawandel-eindaemmen\/#breadcrumb\",\"itemListElement\":[{\"@type\":\"ListItem\",\"position\":1,\"name\":\"Startseite\",\"item\":\"https:\/\/die-wetterversicherung.de\/blog\/\"},{\"@type\":\"ListItem\",\"position\":2,\"name\":\"Holzh\u00e4user sollen Klimawandel eind\u00e4mmen\"}]},{\"@type\":\"WebSite\",\"@id\":\"https:\/\/die-wetterversicherung.de\/blog\/#website\",\"url\":\"https:\/\/die-wetterversicherung.de\/blog\/\",\"name\":\"die-wetterversicherung.de\",\"description\":\"Wetterversicherung-Blog\",\"potentialAction\":[{\"@type\":\"SearchAction\",\"target\":{\"@type\":\"EntryPoint\",\"urlTemplate\":\"https:\/\/die-wetterversicherung.de\/blog\/?s={search_term_string}\"},\"query-input\":{\"@type\":\"PropertyValueSpecification\",\"valueRequired\":true,\"valueName\":\"search_term_string\"}}],\"inLanguage\":\"de\"},{\"@type\":\"Person\",\"@id\":\"https:\/\/die-wetterversicherung.de\/blog\/#\/schema\/person\/ece359d1fb2756d4f371d523c75b881a\",\"name\":\"admin\",\"url\":\"https:\/\/die-wetterversicherung.de\/blog\/author\/admin\/\"}]}<\/script>\n<!-- \/ Yoast SEO plugin. -->","yoast_head_json":{"title":"Holzh\u00e4user sollen Klimawandel eind\u00e4mmen - die-wetterversicherung.de","robots":{"index":"index","follow":"follow","max-snippet":"max-snippet:-1","max-image-preview":"max-image-preview:large","max-video-preview":"max-video-preview:-1"},"canonical":"https:\/\/die-wetterversicherung.de\/blog\/holzhaeuser-sollen-klimawandel-eindaemmen\/","og_locale":"de_DE","og_type":"article","og_title":"Holzh\u00e4user sollen Klimawandel eind\u00e4mmen - die-wetterversicherung.de","og_description":"Holz speichert CO2, der Deutsche Holzfertigbau-Verband (DHV) kann sich eine gesetzliche \u201eMindestholzbauquote\u201c f\u00fcr \u00f6ffentliche Bauvorhaben vorstellen.","og_url":"https:\/\/die-wetterversicherung.de\/blog\/holzhaeuser-sollen-klimawandel-eindaemmen\/","og_site_name":"die-wetterversicherung.de","article_publisher":"https:\/\/www.facebook.com\/diewetterversicherung","article_published_time":"2017-06-28T09:31:29+00:00","article_modified_time":"2017-06-28T09:31:46+00:00","og_image":[{"width":1500,"height":1011,"url":"https:\/\/die-wetterversicherung.de\/blog\/wp-content\/uploads\/2017\/06\/Holzhaus\u00a9Foto-MM-HolzHaus-DHV.jpg","type":"image\/jpeg"}],"author":"admin","twitter_card":"summary_large_image","twitter_misc":{"Verfasst von":"admin","Gesch\u00e4tzte Lesezeit":"1\u00a0Minute"},"schema":{"@context":"https:\/\/schema.org","@graph":[{"@type":"WebPage","@id":"https:\/\/die-wetterversicherung.de\/blog\/holzhaeuser-sollen-klimawandel-eindaemmen\/","url":"https:\/\/die-wetterversicherung.de\/blog\/holzhaeuser-sollen-klimawandel-eindaemmen\/","name":"Holzh\u00e4user sollen Klimawandel eind\u00e4mmen - die-wetterversicherung.de","isPartOf":{"@id":"https:\/\/die-wetterversicherung.de\/blog\/#website"},"primaryImageOfPage":{"@id":"https:\/\/die-wetterversicherung.de\/blog\/holzhaeuser-sollen-klimawandel-eindaemmen\/#primaryimage"},"image":{"@id":"https:\/\/die-wetterversicherung.de\/blog\/holzhaeuser-sollen-klimawandel-eindaemmen\/#primaryimage"},"thumbnailUrl":"https:\/\/die-wetterversicherung.de\/blog\/wp-content\/uploads\/2017\/06\/Holzhaus\u00a9Foto-MM-HolzHaus-DHV.jpg","datePublished":"2017-06-28T09:31:29+00:00","dateModified":"2017-06-28T09:31:46+00:00","author":{"@id":"https:\/\/die-wetterversicherung.de\/blog\/#\/schema\/person\/ece359d1fb2756d4f371d523c75b881a"},"breadcrumb":{"@id":"https:\/\/die-wetterversicherung.de\/blog\/holzhaeuser-sollen-klimawandel-eindaemmen\/#breadcrumb"},"inLanguage":"de","potentialAction":[{"@type":"ReadAction","target":["https:\/\/die-wetterversicherung.de\/blog\/holzhaeuser-sollen-klimawandel-eindaemmen\/"]}]},{"@type":"ImageObject","inLanguage":"de","@id":"https:\/\/die-wetterversicherung.de\/blog\/holzhaeuser-sollen-klimawandel-eindaemmen\/#primaryimage","url":"https:\/\/die-wetterversicherung.de\/blog\/wp-content\/uploads\/2017\/06\/Holzhaus\u00a9Foto-MM-HolzHaus-DHV.jpg","contentUrl":"https:\/\/die-wetterversicherung.de\/blog\/wp-content\/uploads\/2017\/06\/Holzhaus\u00a9Foto-MM-HolzHaus-DHV.jpg","width":1500,"height":1011,"caption":"Foto: MM HolzHaus\/DHV"},{"@type":"BreadcrumbList","@id":"https:\/\/die-wetterversicherung.de\/blog\/holzhaeuser-sollen-klimawandel-eindaemmen\/#breadcrumb","itemListElement":[{"@type":"ListItem","position":1,"name":"Startseite","item":"https:\/\/die-wetterversicherung.de\/blog\/"},{"@type":"ListItem","position":2,"name":"Holzh\u00e4user sollen Klimawandel eind\u00e4mmen"}]},{"@type":"WebSite","@id":"https:\/\/die-wetterversicherung.de\/blog\/#website","url":"https:\/\/die-wetterversicherung.de\/blog\/","name":"die-wetterversicherung.de","description":"Wetterversicherung-Blog","potentialAction":[{"@type":"SearchAction","target":{"@type":"EntryPoint","urlTemplate":"https:\/\/die-wetterversicherung.de\/blog\/?s={search_term_string}"},"query-input":{"@type":"PropertyValueSpecification","valueRequired":true,"valueName":"search_term_string"}}],"inLanguage":"de"},{"@type":"Person","@id":"https:\/\/die-wetterversicherung.de\/blog\/#\/schema\/person\/ece359d1fb2756d4f371d523c75b881a","name":"admin","url":"https:\/\/die-wetterversicherung.de\/blog\/author\/admin\/"}]}},"_links":{"self":[{"href":"https:\/\/die-wetterversicherung.de\/blog\/wp-json\/wp\/v2\/posts\/1751","targetHints":{"allow":["GET"]}}],"collection":[{"href":"https:\/\/die-wetterversicherung.de\/blog\/wp-json\/wp\/v2\/posts"}],"about":[{"href":"https:\/\/die-wetterversicherung.de\/blog\/wp-json\/wp\/v2\/types\/post"}],"author":[{"embeddable":true,"href":"https:\/\/die-wetterversicherung.de\/blog\/wp-json\/wp\/v2\/users\/5"}],"replies":[{"embeddable":true,"href":"https:\/\/die-wetterversicherung.de\/blog\/wp-json\/wp\/v2\/comments?post=1751"}],"version-history":[{"count":1,"href":"https:\/\/die-wetterversicherung.de\/blog\/wp-json\/wp\/v2\/posts\/1751\/revisions"}],"predecessor-version":[{"id":1753,"href":"https:\/\/die-wetterversicherung.de\/blog\/wp-json\/wp\/v2\/posts\/1751\/revisions\/1753"}],"wp:featuredmedia":[{"embeddable":true,"href":"https:\/\/die-wetterversicherung.de\/blog\/wp-json\/wp\/v2\/media\/1752"}],"wp:attachment":[{"href":"https:\/\/die-wetterversicherung.de\/blog\/wp-json\/wp\/v2\/media?parent=1751"}],"wp:term":[{"taxonomy":"category","embeddable":true,"href":"https:\/\/die-wetterversicherung.de\/blog\/wp-json\/wp\/v2\/categories?post=1751"},{"taxonomy":"post_tag","embeddable":true,"href":"https:\/\/die-wetterversicherung.de\/blog\/wp-json\/wp\/v2\/tags?post=1751"}],"curies":[{"name":"wp","href":"https:\/\/api.w.org\/{rel}","templated":true}]}}