{"id":1747,"date":"2017-06-21T13:38:35","date_gmt":"2017-06-21T11:38:35","guid":{"rendered":"https:\/\/die-wetterversicherung.de\/?p=1747"},"modified":"2017-06-21T13:38:35","modified_gmt":"2017-06-21T11:38:35","slug":"eu-erkennt-klimaschutzleistungen-der-landwirte-an","status":"publish","type":"post","link":"https:\/\/die-wetterversicherung.de\/blog\/eu-erkennt-klimaschutzleistungen-der-landwirte-an\/","title":{"rendered":"EU erkennt Klimaschutzleistungen der Landwirte an"},"content":{"rendered":"<p><b>Die Land- und Forstwirtschaft spielt eine wichtige Rolle bei der Bindung von Treibhausgasen.<\/b><\/p>\n<div id=\"attachment_1748\" style=\"width: 300px\" class=\"wp-caption alignleft\"><img loading=\"lazy\" decoding=\"async\" aria-describedby=\"caption-attachment-1748\" class=\"size-medium wp-image-1748\" src=\"https:\/\/die-wetterversicherung.de\/wp-content\/uploads\/2017\/06\/wald-wiese-klima-300x159.jpg\" alt=\"Foto: pixabay\" width=\"300\" height=\"159\" srcset=\"https:\/\/die-wetterversicherung.de\/blog\/wp-content\/uploads\/2017\/06\/wald-wiese-klima-300x159.jpg 300w, https:\/\/die-wetterversicherung.de\/blog\/wp-content\/uploads\/2017\/06\/wald-wiese-klima-768x407.jpg 768w, https:\/\/die-wetterversicherung.de\/blog\/wp-content\/uploads\/2017\/06\/wald-wiese-klima-1024x542.jpg 1024w, https:\/\/die-wetterversicherung.de\/blog\/wp-content\/uploads\/2017\/06\/wald-wiese-klima.jpg 1920w\" sizes=\"auto, (max-width: 300px) 100vw, 300px\" \/><p id=\"caption-attachment-1748\" class=\"wp-caption-text\">Foto: pixabay<\/p><\/div>\n<p>Das EU-Parlament hat vergangene Woche mit Blick auf den Klimaschutz 2020 f\u00fcr die Sonderrolle der Landwirtschaft bei der Ern\u00e4hrungssicherung abgestimmt. \u201eGleichzeitig wird die Bedeutung der Land- und Forstwirtschaft bei der Bindung von Treibhausgasen anerkannt\u201c, freut sich der Deutsche Bauernverband (DBV). Parallel lenkt der Verband ein, dass die tats\u00e4chliche Leistung deutlich h\u00f6her sei, als vom EU-Parlament zugestanden. Es sei aber wichtig, dass diese erstmals angerechnet w\u00fcrde. Dabei geht es um die Bindung von Kohlendioxid in B\u00f6den und W\u00e4ldern.<\/p>\n<p><span style=\"font-weight: 400;\">Die EU will k\u00fcnftig die Bindung von Treibhausgasen durch Agrarfl\u00e4chen bis zu einer H\u00f6he von 280 Millionen TonnenCO<sub>2<\/sub><\/span><span style=\"font-weight: 400;\">\u00a0entsprechend auf die Klimaziele anrechnen. Diese Einbeziehung in die Klimapolitik sei ein wichtiger Schritt hin zur Umsetzung des Pariser Klimaabkommens, so der DBV. Das EU-Parlament h\u00e4lt daran fest, dass der Klimaschutz die Ern\u00e4hrungssicherung nicht gef\u00e4hrden darf. Auch die Anpassungen an die negativen Folgen des Klimawandels seien zu verst\u00e4rken.<\/span><\/p>\n","protected":false},"excerpt":{"rendered":"<p>Die Land- und Forstwirtschaft spielt eine wichtige Rolle bei der Bindung von Treibhausgasen.<\/p><p><a class=\"more-link btn\" href=\"https:\/\/die-wetterversicherung.de\/blog\/eu-erkennt-klimaschutzleistungen-der-landwirte-an\/\">Weiterlesen<\/a><\/p>\n","protected":false},"author":5,"featured_media":1748,"comment_status":"open","ping_status":"closed","sticky":false,"template":"","format":"standard","meta":{"footnotes":""},"categories":[4],"tags":[172,171,170,83,37],"class_list":["post-1747","post","type-post","status-publish","format-standard","has-post-thumbnail","hentry","category-lasst-uns-ubers-wetter-reden","tag-co2","tag-ernaehrungsicherheit","tag-eu-parlament","tag-klima","tag-landwirtschaft","item-wrap"],"yoast_head":"<!-- This site is optimized with the Yoast SEO plugin v26.4 - https:\/\/yoast.com\/wordpress\/plugins\/seo\/ -->\n<title>EU erkennt Klimaschutzleistungen der Landwirte an - die-wetterversicherung.de<\/title>\n<meta name=\"robots\" content=\"index, follow, max-snippet:-1, max-image-preview:large, max-video-preview:-1\" \/>\n<link rel=\"canonical\" href=\"https:\/\/die-wetterversicherung.de\/blog\/eu-erkennt-klimaschutzleistungen-der-landwirte-an\/\" \/>\n<meta property=\"og:locale\" content=\"de_DE\" \/>\n<meta property=\"og:type\" content=\"article\" \/>\n<meta property=\"og:title\" content=\"EU erkennt Klimaschutzleistungen der Landwirte an - die-wetterversicherung.de\" \/>\n<meta property=\"og:description\" content=\"Die Land- und Forstwirtschaft spielt eine wichtige Rolle bei der Bindung von Treibhausgasen.\" \/>\n<meta property=\"og:url\" content=\"https:\/\/die-wetterversicherung.de\/blog\/eu-erkennt-klimaschutzleistungen-der-landwirte-an\/\" \/>\n<meta property=\"og:site_name\" content=\"die-wetterversicherung.de\" \/>\n<meta property=\"article:publisher\" content=\"https:\/\/www.facebook.com\/diewetterversicherung\" \/>\n<meta property=\"article:published_time\" content=\"2017-06-21T11:38:35+00:00\" \/>\n<meta property=\"og:image\" content=\"https:\/\/die-wetterversicherung.de\/blog\/wp-content\/uploads\/2017\/06\/wald-wiese-klima.jpg\" \/>\n\t<meta property=\"og:image:width\" content=\"1920\" \/>\n\t<meta property=\"og:image:height\" content=\"1017\" \/>\n\t<meta property=\"og:image:type\" content=\"image\/jpeg\" \/>\n<meta name=\"author\" content=\"admin\" \/>\n<meta name=\"twitter:card\" content=\"summary_large_image\" \/>\n<meta name=\"twitter:label1\" content=\"Verfasst von\" \/>\n\t<meta name=\"twitter:data1\" content=\"admin\" \/>\n\t<meta name=\"twitter:label2\" content=\"Gesch\u00e4tzte Lesezeit\" \/>\n\t<meta name=\"twitter:data2\" content=\"1\u00a0Minute\" \/>\n<script type=\"application\/ld+json\" class=\"yoast-schema-graph\">{\"@context\":\"https:\/\/schema.org\",\"@graph\":[{\"@type\":\"WebPage\",\"@id\":\"https:\/\/die-wetterversicherung.de\/blog\/eu-erkennt-klimaschutzleistungen-der-landwirte-an\/\",\"url\":\"https:\/\/die-wetterversicherung.de\/blog\/eu-erkennt-klimaschutzleistungen-der-landwirte-an\/\",\"name\":\"EU erkennt Klimaschutzleistungen der Landwirte an - die-wetterversicherung.de\",\"isPartOf\":{\"@id\":\"https:\/\/die-wetterversicherung.de\/blog\/#website\"},\"primaryImageOfPage\":{\"@id\":\"https:\/\/die-wetterversicherung.de\/blog\/eu-erkennt-klimaschutzleistungen-der-landwirte-an\/#primaryimage\"},\"image\":{\"@id\":\"https:\/\/die-wetterversicherung.de\/blog\/eu-erkennt-klimaschutzleistungen-der-landwirte-an\/#primaryimage\"},\"thumbnailUrl\":\"https:\/\/die-wetterversicherung.de\/blog\/wp-content\/uploads\/2017\/06\/wald-wiese-klima.jpg\",\"datePublished\":\"2017-06-21T11:38:35+00:00\",\"author\":{\"@id\":\"https:\/\/die-wetterversicherung.de\/blog\/#\/schema\/person\/ece359d1fb2756d4f371d523c75b881a\"},\"breadcrumb\":{\"@id\":\"https:\/\/die-wetterversicherung.de\/blog\/eu-erkennt-klimaschutzleistungen-der-landwirte-an\/#breadcrumb\"},\"inLanguage\":\"de\",\"potentialAction\":[{\"@type\":\"ReadAction\",\"target\":[\"https:\/\/die-wetterversicherung.de\/blog\/eu-erkennt-klimaschutzleistungen-der-landwirte-an\/\"]}]},{\"@type\":\"ImageObject\",\"inLanguage\":\"de\",\"@id\":\"https:\/\/die-wetterversicherung.de\/blog\/eu-erkennt-klimaschutzleistungen-der-landwirte-an\/#primaryimage\",\"url\":\"https:\/\/die-wetterversicherung.de\/blog\/wp-content\/uploads\/2017\/06\/wald-wiese-klima.jpg\",\"contentUrl\":\"https:\/\/die-wetterversicherung.de\/blog\/wp-content\/uploads\/2017\/06\/wald-wiese-klima.jpg\",\"width\":1920,\"height\":1017,\"caption\":\"Foto: pixabay\"},{\"@type\":\"BreadcrumbList\",\"@id\":\"https:\/\/die-wetterversicherung.de\/blog\/eu-erkennt-klimaschutzleistungen-der-landwirte-an\/#breadcrumb\",\"itemListElement\":[{\"@type\":\"ListItem\",\"position\":1,\"name\":\"Startseite\",\"item\":\"https:\/\/die-wetterversicherung.de\/blog\/\"},{\"@type\":\"ListItem\",\"position\":2,\"name\":\"EU erkennt Klimaschutzleistungen der Landwirte an\"}]},{\"@type\":\"WebSite\",\"@id\":\"https:\/\/die-wetterversicherung.de\/blog\/#website\",\"url\":\"https:\/\/die-wetterversicherung.de\/blog\/\",\"name\":\"die-wetterversicherung.de\",\"description\":\"Wetterversicherung-Blog\",\"potentialAction\":[{\"@type\":\"SearchAction\",\"target\":{\"@type\":\"EntryPoint\",\"urlTemplate\":\"https:\/\/die-wetterversicherung.de\/blog\/?s={search_term_string}\"},\"query-input\":{\"@type\":\"PropertyValueSpecification\",\"valueRequired\":true,\"valueName\":\"search_term_string\"}}],\"inLanguage\":\"de\"},{\"@type\":\"Person\",\"@id\":\"https:\/\/die-wetterversicherung.de\/blog\/#\/schema\/person\/ece359d1fb2756d4f371d523c75b881a\",\"name\":\"admin\",\"url\":\"https:\/\/die-wetterversicherung.de\/blog\/author\/admin\/\"}]}<\/script>\n<!-- \/ Yoast SEO plugin. -->","yoast_head_json":{"title":"EU erkennt Klimaschutzleistungen der Landwirte an - die-wetterversicherung.de","robots":{"index":"index","follow":"follow","max-snippet":"max-snippet:-1","max-image-preview":"max-image-preview:large","max-video-preview":"max-video-preview:-1"},"canonical":"https:\/\/die-wetterversicherung.de\/blog\/eu-erkennt-klimaschutzleistungen-der-landwirte-an\/","og_locale":"de_DE","og_type":"article","og_title":"EU erkennt Klimaschutzleistungen der Landwirte an - die-wetterversicherung.de","og_description":"Die Land- und Forstwirtschaft spielt eine wichtige Rolle bei der Bindung von Treibhausgasen.","og_url":"https:\/\/die-wetterversicherung.de\/blog\/eu-erkennt-klimaschutzleistungen-der-landwirte-an\/","og_site_name":"die-wetterversicherung.de","article_publisher":"https:\/\/www.facebook.com\/diewetterversicherung","article_published_time":"2017-06-21T11:38:35+00:00","og_image":[{"width":1920,"height":1017,"url":"https:\/\/die-wetterversicherung.de\/blog\/wp-content\/uploads\/2017\/06\/wald-wiese-klima.jpg","type":"image\/jpeg"}],"author":"admin","twitter_card":"summary_large_image","twitter_misc":{"Verfasst von":"admin","Gesch\u00e4tzte Lesezeit":"1\u00a0Minute"},"schema":{"@context":"https:\/\/schema.org","@graph":[{"@type":"WebPage","@id":"https:\/\/die-wetterversicherung.de\/blog\/eu-erkennt-klimaschutzleistungen-der-landwirte-an\/","url":"https:\/\/die-wetterversicherung.de\/blog\/eu-erkennt-klimaschutzleistungen-der-landwirte-an\/","name":"EU erkennt Klimaschutzleistungen der Landwirte an - die-wetterversicherung.de","isPartOf":{"@id":"https:\/\/die-wetterversicherung.de\/blog\/#website"},"primaryImageOfPage":{"@id":"https:\/\/die-wetterversicherung.de\/blog\/eu-erkennt-klimaschutzleistungen-der-landwirte-an\/#primaryimage"},"image":{"@id":"https:\/\/die-wetterversicherung.de\/blog\/eu-erkennt-klimaschutzleistungen-der-landwirte-an\/#primaryimage"},"thumbnailUrl":"https:\/\/die-wetterversicherung.de\/blog\/wp-content\/uploads\/2017\/06\/wald-wiese-klima.jpg","datePublished":"2017-06-21T11:38:35+00:00","author":{"@id":"https:\/\/die-wetterversicherung.de\/blog\/#\/schema\/person\/ece359d1fb2756d4f371d523c75b881a"},"breadcrumb":{"@id":"https:\/\/die-wetterversicherung.de\/blog\/eu-erkennt-klimaschutzleistungen-der-landwirte-an\/#breadcrumb"},"inLanguage":"de","potentialAction":[{"@type":"ReadAction","target":["https:\/\/die-wetterversicherung.de\/blog\/eu-erkennt-klimaschutzleistungen-der-landwirte-an\/"]}]},{"@type":"ImageObject","inLanguage":"de","@id":"https:\/\/die-wetterversicherung.de\/blog\/eu-erkennt-klimaschutzleistungen-der-landwirte-an\/#primaryimage","url":"https:\/\/die-wetterversicherung.de\/blog\/wp-content\/uploads\/2017\/06\/wald-wiese-klima.jpg","contentUrl":"https:\/\/die-wetterversicherung.de\/blog\/wp-content\/uploads\/2017\/06\/wald-wiese-klima.jpg","width":1920,"height":1017,"caption":"Foto: pixabay"},{"@type":"BreadcrumbList","@id":"https:\/\/die-wetterversicherung.de\/blog\/eu-erkennt-klimaschutzleistungen-der-landwirte-an\/#breadcrumb","itemListElement":[{"@type":"ListItem","position":1,"name":"Startseite","item":"https:\/\/die-wetterversicherung.de\/blog\/"},{"@type":"ListItem","position":2,"name":"EU erkennt Klimaschutzleistungen der Landwirte an"}]},{"@type":"WebSite","@id":"https:\/\/die-wetterversicherung.de\/blog\/#website","url":"https:\/\/die-wetterversicherung.de\/blog\/","name":"die-wetterversicherung.de","description":"Wetterversicherung-Blog","potentialAction":[{"@type":"SearchAction","target":{"@type":"EntryPoint","urlTemplate":"https:\/\/die-wetterversicherung.de\/blog\/?s={search_term_string}"},"query-input":{"@type":"PropertyValueSpecification","valueRequired":true,"valueName":"search_term_string"}}],"inLanguage":"de"},{"@type":"Person","@id":"https:\/\/die-wetterversicherung.de\/blog\/#\/schema\/person\/ece359d1fb2756d4f371d523c75b881a","name":"admin","url":"https:\/\/die-wetterversicherung.de\/blog\/author\/admin\/"}]}},"_links":{"self":[{"href":"https:\/\/die-wetterversicherung.de\/blog\/wp-json\/wp\/v2\/posts\/1747","targetHints":{"allow":["GET"]}}],"collection":[{"href":"https:\/\/die-wetterversicherung.de\/blog\/wp-json\/wp\/v2\/posts"}],"about":[{"href":"https:\/\/die-wetterversicherung.de\/blog\/wp-json\/wp\/v2\/types\/post"}],"author":[{"embeddable":true,"href":"https:\/\/die-wetterversicherung.de\/blog\/wp-json\/wp\/v2\/users\/5"}],"replies":[{"embeddable":true,"href":"https:\/\/die-wetterversicherung.de\/blog\/wp-json\/wp\/v2\/comments?post=1747"}],"version-history":[{"count":1,"href":"https:\/\/die-wetterversicherung.de\/blog\/wp-json\/wp\/v2\/posts\/1747\/revisions"}],"predecessor-version":[{"id":1749,"href":"https:\/\/die-wetterversicherung.de\/blog\/wp-json\/wp\/v2\/posts\/1747\/revisions\/1749"}],"wp:featuredmedia":[{"embeddable":true,"href":"https:\/\/die-wetterversicherung.de\/blog\/wp-json\/wp\/v2\/media\/1748"}],"wp:attachment":[{"href":"https:\/\/die-wetterversicherung.de\/blog\/wp-json\/wp\/v2\/media?parent=1747"}],"wp:term":[{"taxonomy":"category","embeddable":true,"href":"https:\/\/die-wetterversicherung.de\/blog\/wp-json\/wp\/v2\/categories?post=1747"},{"taxonomy":"post_tag","embeddable":true,"href":"https:\/\/die-wetterversicherung.de\/blog\/wp-json\/wp\/v2\/tags?post=1747"}],"curies":[{"name":"wp","href":"https:\/\/api.w.org\/{rel}","templated":true}]}}