{"id":1744,"date":"2017-06-14T16:16:35","date_gmt":"2017-06-14T14:16:35","guid":{"rendered":"https:\/\/die-wetterversicherung.de\/?p=1744"},"modified":"2017-06-14T16:16:35","modified_gmt":"2017-06-14T14:16:35","slug":"so-sollen-staedter-vor-uv-strahlen-geschuetzt-werden","status":"publish","type":"post","link":"https:\/\/die-wetterversicherung.de\/blog\/so-sollen-staedter-vor-uv-strahlen-geschuetzt-werden\/","title":{"rendered":"So sollen St\u00e4dter vor UV-Strahlen gesch\u00fctzt werden"},"content":{"rendered":"<p><b>Experten fordern Stadtentwickler zu aktiver Ma\u00dfnahmenentwicklung zu UV- und W\u00e4rmeschutz auf.<\/b><\/p>\n<div id=\"attachment_1745\" style=\"width: 300px\" class=\"wp-caption alignleft\"><img loading=\"lazy\" decoding=\"async\" aria-describedby=\"caption-attachment-1745\" class=\"size-medium wp-image-1745\" src=\"https:\/\/die-wetterversicherung.de\/wp-content\/uploads\/2017\/06\/Sonne-Stadt-300x187.jpg\" alt=\"Foto: pixabay\" width=\"300\" height=\"187\" srcset=\"https:\/\/die-wetterversicherung.de\/blog\/wp-content\/uploads\/2017\/06\/Sonne-Stadt-300x187.jpg 300w, https:\/\/die-wetterversicherung.de\/blog\/wp-content\/uploads\/2017\/06\/Sonne-Stadt-768x478.jpg 768w, https:\/\/die-wetterversicherung.de\/blog\/wp-content\/uploads\/2017\/06\/Sonne-Stadt-1024x637.jpg 1024w, https:\/\/die-wetterversicherung.de\/blog\/wp-content\/uploads\/2017\/06\/Sonne-Stadt.jpg 1485w\" sizes=\"auto, (max-width: 300px) 100vw, 300px\" \/><p id=\"caption-attachment-1745\" class=\"wp-caption-text\">Foto: pixabay<\/p><\/div>\n<p>Die durch den Klimawandel steigende Sonnen- und Hitzebelastung und das daraus resultierende verst\u00e4rkte Hautkrebsrisiko wird vor allem Stadtbewohner treffen. Ein Grund ist das ver\u00e4nderte Freizeitverhalten. Zu diesem Ergebnis kamen Experten der Arbeitsgemeinschaft Dermatologische Pr\u00e4vention e.V. (ADP), der Deutschen Krebshilfe und des Bundesamt f\u00fcr Strahlenschutz (BfS). Um B\u00fcrgerinnen und B\u00fcrger im Alltag die M\u00f6glichkeit zu geben, sich vor \u00fcberm\u00e4\u00dfiger UV- und W\u00e4rmestrahlung zu sch\u00fctzen, fordern Pr\u00e4ventionsexperten die Stadtentwicklungspolitik auf, sich aktiv mit der Thematik auseinanderzusetzen.<\/p>\n<p><b>Nicht nur beim \u201eSonnenbaden\u201c<\/b><\/p>\n<p>Das BfS weist darauf hin, dass intensive Sonnenstrahlung an vielen Orten des Alltags auftritt. Menschen seien beispielsweise am Arbeitsplatz, auf dem Schulhof, dem Kita-Au\u00dfengel\u00e4nde, im Park oder auch auf dem Fu\u00dfballplatz der UV-Strahlung ausgesetzt. \u201eDas Lebens- und Arbeitsumfeld der Menschen sollte so gestaltet sein, dass alle, die sich im Freien aufhalten, starker UV-Strahlung ausweichen k\u00f6nnen. Das ist die Aufgabe der Verh\u00e4ltnispr\u00e4vention von Hautkrebs.\u201c, so Dr. Cornelia Baldermann, Koordinatorin des UV-Schutz-B\u00fcndnisses des BfS.<\/p>\n<p><b>UV-Strahlung bisher nicht ber\u00fccksichtigt<\/b><\/p>\n<p>Aufgrund oft fehlender Gr\u00fcnfl\u00e4chen, wie Baumgruppen, sind Stadtbewohner verst\u00e4rkt der UV-Strahlung ausgesetzt. Das B\u00fcndnis will erreichen, dass Stadtplaner nicht nur die Hitzeentwicklungen in St\u00e4dten ber\u00fccksichtigen, sondern auch die gef\u00e4hrlichen UV-Strahlen. \u201eErkl\u00e4rtes Ziel der Architektur und Stadtplanung ist es, qualit\u00e4tsvolle Geb\u00e4ude und Au\u00dfenr\u00e4ume zu schaffen. Vor dem Hintergrund extremer werdender Umweltbedingungen wird zuk\u00fcnftig bei der baulichen Gestaltung unserer St\u00e4dte die Verh\u00e4ltnispr\u00e4vention eine st\u00e4rkere Rolle spielen m\u00fcssen.\u201c, so Anke Jurleit, Projektmanagerin bei der Drees &amp; Sommer Infra Consult und Entwicklungsmanagement GmbH. Erreicht werden kann das durch Verschattungselemente und Begr\u00fcnungen. Gleichzeitig sollen die Stadtbewohner aber auch f\u00fcr den eigenen Schutz und die Sinnhaftigkeit solcher Elemente sensibilisiert werden. \u201eWenn die Stadtplaner ohnehin schon aufgrund der h\u00f6heren Temperaturen neu planen, dann k\u00f6nnen sie auch die UV-Strahlung ber\u00fccksichtigen.\u201c, so Jan Lauer vom Bundesamt f\u00fcr Strahlenschutz.<\/p>\n","protected":false},"excerpt":{"rendered":"<p>Experten fordern Stadtentwickler zu aktiver Ma\u00dfnahmenentwicklung zu UV- und W\u00e4rmeschutz auf.<\/p><p><a class=\"more-link btn\" href=\"https:\/\/die-wetterversicherung.de\/blog\/so-sollen-staedter-vor-uv-strahlen-geschuetzt-werden\/\">Weiterlesen<\/a><\/p>\n","protected":false},"author":5,"featured_media":1745,"comment_status":"open","ping_status":"closed","sticky":false,"template":"","format":"standard","meta":{"footnotes":""},"categories":[4],"tags":[84,122,169,168],"class_list":["post-1744","post","type-post","status-publish","format-standard","has-post-thumbnail","hentry","category-lasst-uns-ubers-wetter-reden","tag-klimawandel","tag-sonne","tag-staedte","tag-uv-strahlen","item-wrap"],"yoast_head":"<!-- This site is optimized with the Yoast SEO plugin v26.4 - https:\/\/yoast.com\/wordpress\/plugins\/seo\/ -->\n<title>So sollen St\u00e4dter vor UV-Strahlen gesch\u00fctzt werden - die-wetterversicherung.de<\/title>\n<meta name=\"robots\" content=\"index, follow, max-snippet:-1, max-image-preview:large, max-video-preview:-1\" \/>\n<link rel=\"canonical\" href=\"https:\/\/die-wetterversicherung.de\/blog\/so-sollen-staedter-vor-uv-strahlen-geschuetzt-werden\/\" \/>\n<meta property=\"og:locale\" content=\"de_DE\" \/>\n<meta property=\"og:type\" content=\"article\" \/>\n<meta property=\"og:title\" content=\"So sollen St\u00e4dter vor UV-Strahlen gesch\u00fctzt werden - die-wetterversicherung.de\" \/>\n<meta property=\"og:description\" content=\"Experten fordern Stadtentwickler zu aktiver Ma\u00dfnahmenentwicklung zu UV- und W\u00e4rmeschutz auf.\" \/>\n<meta property=\"og:url\" content=\"https:\/\/die-wetterversicherung.de\/blog\/so-sollen-staedter-vor-uv-strahlen-geschuetzt-werden\/\" \/>\n<meta property=\"og:site_name\" content=\"die-wetterversicherung.de\" \/>\n<meta property=\"article:publisher\" content=\"https:\/\/www.facebook.com\/diewetterversicherung\" \/>\n<meta property=\"article:published_time\" content=\"2017-06-14T14:16:35+00:00\" \/>\n<meta property=\"og:image\" content=\"https:\/\/die-wetterversicherung.de\/blog\/wp-content\/uploads\/2017\/06\/Sonne-Stadt.jpg\" \/>\n\t<meta property=\"og:image:width\" content=\"1485\" \/>\n\t<meta property=\"og:image:height\" content=\"924\" \/>\n\t<meta property=\"og:image:type\" content=\"image\/jpeg\" \/>\n<meta name=\"author\" content=\"admin\" \/>\n<meta name=\"twitter:card\" content=\"summary_large_image\" \/>\n<meta name=\"twitter:label1\" content=\"Verfasst von\" \/>\n\t<meta name=\"twitter:data1\" content=\"admin\" \/>\n\t<meta name=\"twitter:label2\" content=\"Gesch\u00e4tzte Lesezeit\" \/>\n\t<meta name=\"twitter:data2\" content=\"2\u00a0Minuten\" \/>\n<script type=\"application\/ld+json\" class=\"yoast-schema-graph\">{\"@context\":\"https:\/\/schema.org\",\"@graph\":[{\"@type\":\"WebPage\",\"@id\":\"https:\/\/die-wetterversicherung.de\/blog\/so-sollen-staedter-vor-uv-strahlen-geschuetzt-werden\/\",\"url\":\"https:\/\/die-wetterversicherung.de\/blog\/so-sollen-staedter-vor-uv-strahlen-geschuetzt-werden\/\",\"name\":\"So sollen St\u00e4dter vor UV-Strahlen gesch\u00fctzt werden - die-wetterversicherung.de\",\"isPartOf\":{\"@id\":\"https:\/\/die-wetterversicherung.de\/blog\/#website\"},\"primaryImageOfPage\":{\"@id\":\"https:\/\/die-wetterversicherung.de\/blog\/so-sollen-staedter-vor-uv-strahlen-geschuetzt-werden\/#primaryimage\"},\"image\":{\"@id\":\"https:\/\/die-wetterversicherung.de\/blog\/so-sollen-staedter-vor-uv-strahlen-geschuetzt-werden\/#primaryimage\"},\"thumbnailUrl\":\"https:\/\/die-wetterversicherung.de\/blog\/wp-content\/uploads\/2017\/06\/Sonne-Stadt.jpg\",\"datePublished\":\"2017-06-14T14:16:35+00:00\",\"author\":{\"@id\":\"https:\/\/die-wetterversicherung.de\/blog\/#\/schema\/person\/ece359d1fb2756d4f371d523c75b881a\"},\"breadcrumb\":{\"@id\":\"https:\/\/die-wetterversicherung.de\/blog\/so-sollen-staedter-vor-uv-strahlen-geschuetzt-werden\/#breadcrumb\"},\"inLanguage\":\"de\",\"potentialAction\":[{\"@type\":\"ReadAction\",\"target\":[\"https:\/\/die-wetterversicherung.de\/blog\/so-sollen-staedter-vor-uv-strahlen-geschuetzt-werden\/\"]}]},{\"@type\":\"ImageObject\",\"inLanguage\":\"de\",\"@id\":\"https:\/\/die-wetterversicherung.de\/blog\/so-sollen-staedter-vor-uv-strahlen-geschuetzt-werden\/#primaryimage\",\"url\":\"https:\/\/die-wetterversicherung.de\/blog\/wp-content\/uploads\/2017\/06\/Sonne-Stadt.jpg\",\"contentUrl\":\"https:\/\/die-wetterversicherung.de\/blog\/wp-content\/uploads\/2017\/06\/Sonne-Stadt.jpg\",\"width\":1485,\"height\":924,\"caption\":\"Foto: pixabay\"},{\"@type\":\"BreadcrumbList\",\"@id\":\"https:\/\/die-wetterversicherung.de\/blog\/so-sollen-staedter-vor-uv-strahlen-geschuetzt-werden\/#breadcrumb\",\"itemListElement\":[{\"@type\":\"ListItem\",\"position\":1,\"name\":\"Startseite\",\"item\":\"https:\/\/die-wetterversicherung.de\/blog\/\"},{\"@type\":\"ListItem\",\"position\":2,\"name\":\"So sollen St\u00e4dter vor UV-Strahlen gesch\u00fctzt werden\"}]},{\"@type\":\"WebSite\",\"@id\":\"https:\/\/die-wetterversicherung.de\/blog\/#website\",\"url\":\"https:\/\/die-wetterversicherung.de\/blog\/\",\"name\":\"die-wetterversicherung.de\",\"description\":\"Wetterversicherung-Blog\",\"potentialAction\":[{\"@type\":\"SearchAction\",\"target\":{\"@type\":\"EntryPoint\",\"urlTemplate\":\"https:\/\/die-wetterversicherung.de\/blog\/?s={search_term_string}\"},\"query-input\":{\"@type\":\"PropertyValueSpecification\",\"valueRequired\":true,\"valueName\":\"search_term_string\"}}],\"inLanguage\":\"de\"},{\"@type\":\"Person\",\"@id\":\"https:\/\/die-wetterversicherung.de\/blog\/#\/schema\/person\/ece359d1fb2756d4f371d523c75b881a\",\"name\":\"admin\",\"url\":\"https:\/\/die-wetterversicherung.de\/blog\/author\/admin\/\"}]}<\/script>\n<!-- \/ Yoast SEO plugin. -->","yoast_head_json":{"title":"So sollen St\u00e4dter vor UV-Strahlen gesch\u00fctzt werden - die-wetterversicherung.de","robots":{"index":"index","follow":"follow","max-snippet":"max-snippet:-1","max-image-preview":"max-image-preview:large","max-video-preview":"max-video-preview:-1"},"canonical":"https:\/\/die-wetterversicherung.de\/blog\/so-sollen-staedter-vor-uv-strahlen-geschuetzt-werden\/","og_locale":"de_DE","og_type":"article","og_title":"So sollen St\u00e4dter vor UV-Strahlen gesch\u00fctzt werden - die-wetterversicherung.de","og_description":"Experten fordern Stadtentwickler zu aktiver Ma\u00dfnahmenentwicklung zu UV- und W\u00e4rmeschutz auf.","og_url":"https:\/\/die-wetterversicherung.de\/blog\/so-sollen-staedter-vor-uv-strahlen-geschuetzt-werden\/","og_site_name":"die-wetterversicherung.de","article_publisher":"https:\/\/www.facebook.com\/diewetterversicherung","article_published_time":"2017-06-14T14:16:35+00:00","og_image":[{"width":1485,"height":924,"url":"https:\/\/die-wetterversicherung.de\/blog\/wp-content\/uploads\/2017\/06\/Sonne-Stadt.jpg","type":"image\/jpeg"}],"author":"admin","twitter_card":"summary_large_image","twitter_misc":{"Verfasst von":"admin","Gesch\u00e4tzte Lesezeit":"2\u00a0Minuten"},"schema":{"@context":"https:\/\/schema.org","@graph":[{"@type":"WebPage","@id":"https:\/\/die-wetterversicherung.de\/blog\/so-sollen-staedter-vor-uv-strahlen-geschuetzt-werden\/","url":"https:\/\/die-wetterversicherung.de\/blog\/so-sollen-staedter-vor-uv-strahlen-geschuetzt-werden\/","name":"So sollen St\u00e4dter vor UV-Strahlen gesch\u00fctzt werden - die-wetterversicherung.de","isPartOf":{"@id":"https:\/\/die-wetterversicherung.de\/blog\/#website"},"primaryImageOfPage":{"@id":"https:\/\/die-wetterversicherung.de\/blog\/so-sollen-staedter-vor-uv-strahlen-geschuetzt-werden\/#primaryimage"},"image":{"@id":"https:\/\/die-wetterversicherung.de\/blog\/so-sollen-staedter-vor-uv-strahlen-geschuetzt-werden\/#primaryimage"},"thumbnailUrl":"https:\/\/die-wetterversicherung.de\/blog\/wp-content\/uploads\/2017\/06\/Sonne-Stadt.jpg","datePublished":"2017-06-14T14:16:35+00:00","author":{"@id":"https:\/\/die-wetterversicherung.de\/blog\/#\/schema\/person\/ece359d1fb2756d4f371d523c75b881a"},"breadcrumb":{"@id":"https:\/\/die-wetterversicherung.de\/blog\/so-sollen-staedter-vor-uv-strahlen-geschuetzt-werden\/#breadcrumb"},"inLanguage":"de","potentialAction":[{"@type":"ReadAction","target":["https:\/\/die-wetterversicherung.de\/blog\/so-sollen-staedter-vor-uv-strahlen-geschuetzt-werden\/"]}]},{"@type":"ImageObject","inLanguage":"de","@id":"https:\/\/die-wetterversicherung.de\/blog\/so-sollen-staedter-vor-uv-strahlen-geschuetzt-werden\/#primaryimage","url":"https:\/\/die-wetterversicherung.de\/blog\/wp-content\/uploads\/2017\/06\/Sonne-Stadt.jpg","contentUrl":"https:\/\/die-wetterversicherung.de\/blog\/wp-content\/uploads\/2017\/06\/Sonne-Stadt.jpg","width":1485,"height":924,"caption":"Foto: pixabay"},{"@type":"BreadcrumbList","@id":"https:\/\/die-wetterversicherung.de\/blog\/so-sollen-staedter-vor-uv-strahlen-geschuetzt-werden\/#breadcrumb","itemListElement":[{"@type":"ListItem","position":1,"name":"Startseite","item":"https:\/\/die-wetterversicherung.de\/blog\/"},{"@type":"ListItem","position":2,"name":"So sollen St\u00e4dter vor UV-Strahlen gesch\u00fctzt werden"}]},{"@type":"WebSite","@id":"https:\/\/die-wetterversicherung.de\/blog\/#website","url":"https:\/\/die-wetterversicherung.de\/blog\/","name":"die-wetterversicherung.de","description":"Wetterversicherung-Blog","potentialAction":[{"@type":"SearchAction","target":{"@type":"EntryPoint","urlTemplate":"https:\/\/die-wetterversicherung.de\/blog\/?s={search_term_string}"},"query-input":{"@type":"PropertyValueSpecification","valueRequired":true,"valueName":"search_term_string"}}],"inLanguage":"de"},{"@type":"Person","@id":"https:\/\/die-wetterversicherung.de\/blog\/#\/schema\/person\/ece359d1fb2756d4f371d523c75b881a","name":"admin","url":"https:\/\/die-wetterversicherung.de\/blog\/author\/admin\/"}]}},"_links":{"self":[{"href":"https:\/\/die-wetterversicherung.de\/blog\/wp-json\/wp\/v2\/posts\/1744","targetHints":{"allow":["GET"]}}],"collection":[{"href":"https:\/\/die-wetterversicherung.de\/blog\/wp-json\/wp\/v2\/posts"}],"about":[{"href":"https:\/\/die-wetterversicherung.de\/blog\/wp-json\/wp\/v2\/types\/post"}],"author":[{"embeddable":true,"href":"https:\/\/die-wetterversicherung.de\/blog\/wp-json\/wp\/v2\/users\/5"}],"replies":[{"embeddable":true,"href":"https:\/\/die-wetterversicherung.de\/blog\/wp-json\/wp\/v2\/comments?post=1744"}],"version-history":[{"count":1,"href":"https:\/\/die-wetterversicherung.de\/blog\/wp-json\/wp\/v2\/posts\/1744\/revisions"}],"predecessor-version":[{"id":1746,"href":"https:\/\/die-wetterversicherung.de\/blog\/wp-json\/wp\/v2\/posts\/1744\/revisions\/1746"}],"wp:featuredmedia":[{"embeddable":true,"href":"https:\/\/die-wetterversicherung.de\/blog\/wp-json\/wp\/v2\/media\/1745"}],"wp:attachment":[{"href":"https:\/\/die-wetterversicherung.de\/blog\/wp-json\/wp\/v2\/media?parent=1744"}],"wp:term":[{"taxonomy":"category","embeddable":true,"href":"https:\/\/die-wetterversicherung.de\/blog\/wp-json\/wp\/v2\/categories?post=1744"},{"taxonomy":"post_tag","embeddable":true,"href":"https:\/\/die-wetterversicherung.de\/blog\/wp-json\/wp\/v2\/tags?post=1744"}],"curies":[{"name":"wp","href":"https:\/\/api.w.org\/{rel}","templated":true}]}}