{"id":1736,"date":"2017-05-31T16:33:43","date_gmt":"2017-05-31T14:33:43","guid":{"rendered":"https:\/\/die-wetterversicherung.de\/?p=1736"},"modified":"2017-05-31T16:33:43","modified_gmt":"2017-05-31T14:33:43","slug":"wenn-die-sonne-an-die-wand-faehrt","status":"publish","type":"post","link":"https:\/\/die-wetterversicherung.de\/blog\/wenn-die-sonne-an-die-wand-faehrt\/","title":{"rendered":"Wenn die Sonne an die Wand f\u00e4hrt"},"content":{"rendered":"<p><b>Solaranlagen m\u00fcssen nicht immer horizontal ausgerichtet sein. Vertikale Kollektoren bieten einige Vorteile.<\/b><\/p>\n<div id=\"attachment_1737\" style=\"width: 300px\" class=\"wp-caption alignleft\"><img loading=\"lazy\" decoding=\"async\" aria-describedby=\"caption-attachment-1737\" class=\"size-medium wp-image-1737\" src=\"https:\/\/die-wetterversicherung.de\/wp-content\/uploads\/2017\/05\/SWISS_KRONO_01-300x202.jpg\" alt=\"Foto: Meyer Burger Technology AG\" width=\"300\" height=\"202\" srcset=\"https:\/\/die-wetterversicherung.de\/blog\/wp-content\/uploads\/2017\/05\/SWISS_KRONO_01-300x202.jpg 300w, https:\/\/die-wetterversicherung.de\/blog\/wp-content\/uploads\/2017\/05\/SWISS_KRONO_01-768x517.jpg 768w, https:\/\/die-wetterversicherung.de\/blog\/wp-content\/uploads\/2017\/05\/SWISS_KRONO_01-1024x689.jpg 1024w, https:\/\/die-wetterversicherung.de\/blog\/wp-content\/uploads\/2017\/05\/SWISS_KRONO_01.jpg 1420w\" sizes=\"auto, (max-width: 300px) 100vw, 300px\" \/><p id=\"caption-attachment-1737\" class=\"wp-caption-text\">Foto: Meyer Burger Technology AG<\/p><\/div>\n<p>Solaranlagen auf dem Dach kennt man, Kollektoren auf der Wiese auch. Seit einiger Zeit gibt es auch die M\u00f6glichkeit, Photovoltaikanlagen an der Hauswand zu installieren \u2013 \u00a0Solarfassaden. Voraussetzung ist nat\u00fcrlich, dass die Wand bei Sonnenschein nicht im Schatten steht.<\/p>\n<p>Die Hauptargumente der Entwickler und Unternehmen sind nicht nur die moderne Anmutung, sondern auch die Einfachheit der Installation. W\u00e4hrend man bei der Befestigung einer Photovoltaikanlage auf dem Dach auf die Statik achten muss und bei Flachd\u00e4chern auch auf Gegengewichte, fallen bei Solarfassaden diese Umst\u00e4nde weg. Auf manchen D\u00e4chern, wie Reetd\u00e4chern, ist eine Installation gar nicht m\u00f6glich.<\/p>\n<p>Die vertikalen Kollektoren haben auch noch den Vorteil, dass sie d\u00e4mmend wirken. So spart man Heizkosten. Bei Regen kann gel\u00fcftet werden, weil sie auch Wind und Wetter abhalten. Farben und Design k\u00f6nnen dem Haus angepasst werden.<\/p>\n<p><span style=\"font-weight: 400;\">Weitere Informationen zu den noch wenig verbreiteten Solarfassaden findet man zum Beispiel auf der Internetseite <\/span><a href=\"http:\/\/www.solarserver.de\/solar-magazin\/solar-report\/gebaeudeintegrierte-photovoltaik-neue-geschaeftsmodelle-koennten-solarfassaden-zum-durchbruch-verhelfen.html\" target=\"_blank\"><span style=\"font-weight: 400;\">solarserver.de<\/span><\/a><span style=\"font-weight: 400;\">.<\/span><\/p>\n","protected":false},"excerpt":{"rendered":"<p>Solaranlagen m\u00fcssen nicht immer horizontal ausgerichtet sein. Vertikale Kollektoren bieten einige Vorteile.<\/p><p><a class=\"more-link btn\" href=\"https:\/\/die-wetterversicherung.de\/blog\/wenn-die-sonne-an-die-wand-faehrt\/\">Weiterlesen<\/a><\/p>\n","protected":false},"author":5,"featured_media":1737,"comment_status":"open","ping_status":"closed","sticky":false,"template":"","format":"standard","meta":{"footnotes":""},"categories":[4],"tags":[163,164,162],"class_list":["post-1736","post","type-post","status-publish","format-standard","has-post-thumbnail","hentry","category-lasst-uns-ubers-wetter-reden","tag-solar","tag-solarfassaden","tag-sonnenenergie","item-wrap"],"yoast_head":"<!-- This site is optimized with the Yoast SEO plugin v26.4 - https:\/\/yoast.com\/wordpress\/plugins\/seo\/ -->\n<title>Wenn die Sonne an die Wand f\u00e4hrt - die-wetterversicherung.de<\/title>\n<meta name=\"robots\" content=\"index, follow, max-snippet:-1, max-image-preview:large, max-video-preview:-1\" \/>\n<link rel=\"canonical\" href=\"https:\/\/die-wetterversicherung.de\/blog\/wenn-die-sonne-an-die-wand-faehrt\/\" \/>\n<meta property=\"og:locale\" content=\"de_DE\" \/>\n<meta property=\"og:type\" content=\"article\" \/>\n<meta property=\"og:title\" content=\"Wenn die Sonne an die Wand f\u00e4hrt - die-wetterversicherung.de\" \/>\n<meta property=\"og:description\" content=\"Solaranlagen m\u00fcssen nicht immer horizontal ausgerichtet sein. Vertikale Kollektoren bieten einige Vorteile.\" \/>\n<meta property=\"og:url\" content=\"https:\/\/die-wetterversicherung.de\/blog\/wenn-die-sonne-an-die-wand-faehrt\/\" \/>\n<meta property=\"og:site_name\" content=\"die-wetterversicherung.de\" \/>\n<meta property=\"article:publisher\" content=\"https:\/\/www.facebook.com\/diewetterversicherung\" \/>\n<meta property=\"article:published_time\" content=\"2017-05-31T14:33:43+00:00\" \/>\n<meta property=\"og:image\" content=\"https:\/\/die-wetterversicherung.de\/blog\/wp-content\/uploads\/2017\/05\/SWISS_KRONO_01.jpg\" \/>\n\t<meta property=\"og:image:width\" content=\"1420\" \/>\n\t<meta property=\"og:image:height\" content=\"956\" \/>\n\t<meta property=\"og:image:type\" content=\"image\/jpeg\" \/>\n<meta name=\"author\" content=\"admin\" \/>\n<meta name=\"twitter:card\" content=\"summary_large_image\" \/>\n<meta name=\"twitter:label1\" content=\"Verfasst von\" \/>\n\t<meta name=\"twitter:data1\" content=\"admin\" \/>\n\t<meta name=\"twitter:label2\" content=\"Gesch\u00e4tzte Lesezeit\" \/>\n\t<meta name=\"twitter:data2\" content=\"1\u00a0Minute\" \/>\n<script type=\"application\/ld+json\" class=\"yoast-schema-graph\">{\"@context\":\"https:\/\/schema.org\",\"@graph\":[{\"@type\":\"WebPage\",\"@id\":\"https:\/\/die-wetterversicherung.de\/blog\/wenn-die-sonne-an-die-wand-faehrt\/\",\"url\":\"https:\/\/die-wetterversicherung.de\/blog\/wenn-die-sonne-an-die-wand-faehrt\/\",\"name\":\"Wenn die Sonne an die Wand f\u00e4hrt - die-wetterversicherung.de\",\"isPartOf\":{\"@id\":\"https:\/\/die-wetterversicherung.de\/blog\/#website\"},\"primaryImageOfPage\":{\"@id\":\"https:\/\/die-wetterversicherung.de\/blog\/wenn-die-sonne-an-die-wand-faehrt\/#primaryimage\"},\"image\":{\"@id\":\"https:\/\/die-wetterversicherung.de\/blog\/wenn-die-sonne-an-die-wand-faehrt\/#primaryimage\"},\"thumbnailUrl\":\"https:\/\/die-wetterversicherung.de\/blog\/wp-content\/uploads\/2017\/05\/SWISS_KRONO_01.jpg\",\"datePublished\":\"2017-05-31T14:33:43+00:00\",\"author\":{\"@id\":\"https:\/\/die-wetterversicherung.de\/blog\/#\/schema\/person\/ece359d1fb2756d4f371d523c75b881a\"},\"breadcrumb\":{\"@id\":\"https:\/\/die-wetterversicherung.de\/blog\/wenn-die-sonne-an-die-wand-faehrt\/#breadcrumb\"},\"inLanguage\":\"de\",\"potentialAction\":[{\"@type\":\"ReadAction\",\"target\":[\"https:\/\/die-wetterversicherung.de\/blog\/wenn-die-sonne-an-die-wand-faehrt\/\"]}]},{\"@type\":\"ImageObject\",\"inLanguage\":\"de\",\"@id\":\"https:\/\/die-wetterversicherung.de\/blog\/wenn-die-sonne-an-die-wand-faehrt\/#primaryimage\",\"url\":\"https:\/\/die-wetterversicherung.de\/blog\/wp-content\/uploads\/2017\/05\/SWISS_KRONO_01.jpg\",\"contentUrl\":\"https:\/\/die-wetterversicherung.de\/blog\/wp-content\/uploads\/2017\/05\/SWISS_KRONO_01.jpg\",\"width\":1420,\"height\":956,\"caption\":\"Foto: Meyer Burger Technology AG\"},{\"@type\":\"BreadcrumbList\",\"@id\":\"https:\/\/die-wetterversicherung.de\/blog\/wenn-die-sonne-an-die-wand-faehrt\/#breadcrumb\",\"itemListElement\":[{\"@type\":\"ListItem\",\"position\":1,\"name\":\"Startseite\",\"item\":\"https:\/\/die-wetterversicherung.de\/blog\/\"},{\"@type\":\"ListItem\",\"position\":2,\"name\":\"Wenn die Sonne an die Wand f\u00e4hrt\"}]},{\"@type\":\"WebSite\",\"@id\":\"https:\/\/die-wetterversicherung.de\/blog\/#website\",\"url\":\"https:\/\/die-wetterversicherung.de\/blog\/\",\"name\":\"die-wetterversicherung.de\",\"description\":\"Wetterversicherung-Blog\",\"potentialAction\":[{\"@type\":\"SearchAction\",\"target\":{\"@type\":\"EntryPoint\",\"urlTemplate\":\"https:\/\/die-wetterversicherung.de\/blog\/?s={search_term_string}\"},\"query-input\":{\"@type\":\"PropertyValueSpecification\",\"valueRequired\":true,\"valueName\":\"search_term_string\"}}],\"inLanguage\":\"de\"},{\"@type\":\"Person\",\"@id\":\"https:\/\/die-wetterversicherung.de\/blog\/#\/schema\/person\/ece359d1fb2756d4f371d523c75b881a\",\"name\":\"admin\",\"url\":\"https:\/\/die-wetterversicherung.de\/blog\/author\/admin\/\"}]}<\/script>\n<!-- \/ Yoast SEO plugin. -->","yoast_head_json":{"title":"Wenn die Sonne an die Wand f\u00e4hrt - die-wetterversicherung.de","robots":{"index":"index","follow":"follow","max-snippet":"max-snippet:-1","max-image-preview":"max-image-preview:large","max-video-preview":"max-video-preview:-1"},"canonical":"https:\/\/die-wetterversicherung.de\/blog\/wenn-die-sonne-an-die-wand-faehrt\/","og_locale":"de_DE","og_type":"article","og_title":"Wenn die Sonne an die Wand f\u00e4hrt - die-wetterversicherung.de","og_description":"Solaranlagen m\u00fcssen nicht immer horizontal ausgerichtet sein. Vertikale Kollektoren bieten einige Vorteile.","og_url":"https:\/\/die-wetterversicherung.de\/blog\/wenn-die-sonne-an-die-wand-faehrt\/","og_site_name":"die-wetterversicherung.de","article_publisher":"https:\/\/www.facebook.com\/diewetterversicherung","article_published_time":"2017-05-31T14:33:43+00:00","og_image":[{"width":1420,"height":956,"url":"https:\/\/die-wetterversicherung.de\/blog\/wp-content\/uploads\/2017\/05\/SWISS_KRONO_01.jpg","type":"image\/jpeg"}],"author":"admin","twitter_card":"summary_large_image","twitter_misc":{"Verfasst von":"admin","Gesch\u00e4tzte Lesezeit":"1\u00a0Minute"},"schema":{"@context":"https:\/\/schema.org","@graph":[{"@type":"WebPage","@id":"https:\/\/die-wetterversicherung.de\/blog\/wenn-die-sonne-an-die-wand-faehrt\/","url":"https:\/\/die-wetterversicherung.de\/blog\/wenn-die-sonne-an-die-wand-faehrt\/","name":"Wenn die Sonne an die Wand f\u00e4hrt - die-wetterversicherung.de","isPartOf":{"@id":"https:\/\/die-wetterversicherung.de\/blog\/#website"},"primaryImageOfPage":{"@id":"https:\/\/die-wetterversicherung.de\/blog\/wenn-die-sonne-an-die-wand-faehrt\/#primaryimage"},"image":{"@id":"https:\/\/die-wetterversicherung.de\/blog\/wenn-die-sonne-an-die-wand-faehrt\/#primaryimage"},"thumbnailUrl":"https:\/\/die-wetterversicherung.de\/blog\/wp-content\/uploads\/2017\/05\/SWISS_KRONO_01.jpg","datePublished":"2017-05-31T14:33:43+00:00","author":{"@id":"https:\/\/die-wetterversicherung.de\/blog\/#\/schema\/person\/ece359d1fb2756d4f371d523c75b881a"},"breadcrumb":{"@id":"https:\/\/die-wetterversicherung.de\/blog\/wenn-die-sonne-an-die-wand-faehrt\/#breadcrumb"},"inLanguage":"de","potentialAction":[{"@type":"ReadAction","target":["https:\/\/die-wetterversicherung.de\/blog\/wenn-die-sonne-an-die-wand-faehrt\/"]}]},{"@type":"ImageObject","inLanguage":"de","@id":"https:\/\/die-wetterversicherung.de\/blog\/wenn-die-sonne-an-die-wand-faehrt\/#primaryimage","url":"https:\/\/die-wetterversicherung.de\/blog\/wp-content\/uploads\/2017\/05\/SWISS_KRONO_01.jpg","contentUrl":"https:\/\/die-wetterversicherung.de\/blog\/wp-content\/uploads\/2017\/05\/SWISS_KRONO_01.jpg","width":1420,"height":956,"caption":"Foto: Meyer Burger Technology AG"},{"@type":"BreadcrumbList","@id":"https:\/\/die-wetterversicherung.de\/blog\/wenn-die-sonne-an-die-wand-faehrt\/#breadcrumb","itemListElement":[{"@type":"ListItem","position":1,"name":"Startseite","item":"https:\/\/die-wetterversicherung.de\/blog\/"},{"@type":"ListItem","position":2,"name":"Wenn die Sonne an die Wand f\u00e4hrt"}]},{"@type":"WebSite","@id":"https:\/\/die-wetterversicherung.de\/blog\/#website","url":"https:\/\/die-wetterversicherung.de\/blog\/","name":"die-wetterversicherung.de","description":"Wetterversicherung-Blog","potentialAction":[{"@type":"SearchAction","target":{"@type":"EntryPoint","urlTemplate":"https:\/\/die-wetterversicherung.de\/blog\/?s={search_term_string}"},"query-input":{"@type":"PropertyValueSpecification","valueRequired":true,"valueName":"search_term_string"}}],"inLanguage":"de"},{"@type":"Person","@id":"https:\/\/die-wetterversicherung.de\/blog\/#\/schema\/person\/ece359d1fb2756d4f371d523c75b881a","name":"admin","url":"https:\/\/die-wetterversicherung.de\/blog\/author\/admin\/"}]}},"_links":{"self":[{"href":"https:\/\/die-wetterversicherung.de\/blog\/wp-json\/wp\/v2\/posts\/1736","targetHints":{"allow":["GET"]}}],"collection":[{"href":"https:\/\/die-wetterversicherung.de\/blog\/wp-json\/wp\/v2\/posts"}],"about":[{"href":"https:\/\/die-wetterversicherung.de\/blog\/wp-json\/wp\/v2\/types\/post"}],"author":[{"embeddable":true,"href":"https:\/\/die-wetterversicherung.de\/blog\/wp-json\/wp\/v2\/users\/5"}],"replies":[{"embeddable":true,"href":"https:\/\/die-wetterversicherung.de\/blog\/wp-json\/wp\/v2\/comments?post=1736"}],"version-history":[{"count":1,"href":"https:\/\/die-wetterversicherung.de\/blog\/wp-json\/wp\/v2\/posts\/1736\/revisions"}],"predecessor-version":[{"id":1738,"href":"https:\/\/die-wetterversicherung.de\/blog\/wp-json\/wp\/v2\/posts\/1736\/revisions\/1738"}],"wp:featuredmedia":[{"embeddable":true,"href":"https:\/\/die-wetterversicherung.de\/blog\/wp-json\/wp\/v2\/media\/1737"}],"wp:attachment":[{"href":"https:\/\/die-wetterversicherung.de\/blog\/wp-json\/wp\/v2\/media?parent=1736"}],"wp:term":[{"taxonomy":"category","embeddable":true,"href":"https:\/\/die-wetterversicherung.de\/blog\/wp-json\/wp\/v2\/categories?post=1736"},{"taxonomy":"post_tag","embeddable":true,"href":"https:\/\/die-wetterversicherung.de\/blog\/wp-json\/wp\/v2\/tags?post=1736"}],"curies":[{"name":"wp","href":"https:\/\/api.w.org\/{rel}","templated":true}]}}