{"id":1732,"date":"2017-05-24T15:26:14","date_gmt":"2017-05-24T13:26:14","guid":{"rendered":"https:\/\/die-wetterversicherung.de\/?p=1732"},"modified":"2017-05-24T15:26:14","modified_gmt":"2017-05-24T13:26:14","slug":"rukwied-klimawandel-erfordert-mehr-risikoabsicherung","status":"publish","type":"post","link":"https:\/\/die-wetterversicherung.de\/blog\/rukwied-klimawandel-erfordert-mehr-risikoabsicherung\/","title":{"rendered":"Rukwied: \u201eKlimawandel erfordert mehr Risikoabsicherung\u201c"},"content":{"rendered":"<p><b>Bauernpr\u00e4sident Joachim Rukwied r\u00e4t Landwirten und Winzern zu aktivem Risikomanagement.<\/b><\/p>\n<div id=\"attachment_1733\" style=\"width: 300px\" class=\"wp-caption alignleft\"><img loading=\"lazy\" decoding=\"async\" aria-describedby=\"caption-attachment-1733\" class=\"size-medium wp-image-1733\" src=\"https:\/\/die-wetterversicherung.de\/wp-content\/uploads\/2017\/05\/Frostschaden-Rukwied-300x167.jpg\" alt=\"Fotos: DWI, DBV; Composing\" width=\"300\" height=\"167\" srcset=\"https:\/\/die-wetterversicherung.de\/blog\/wp-content\/uploads\/2017\/05\/Frostschaden-Rukwied-300x167.jpg 300w, https:\/\/die-wetterversicherung.de\/blog\/wp-content\/uploads\/2017\/05\/Frostschaden-Rukwied-768x427.jpg 768w, https:\/\/die-wetterversicherung.de\/blog\/wp-content\/uploads\/2017\/05\/Frostschaden-Rukwied.jpg 800w\" sizes=\"auto, (max-width: 300px) 100vw, 300px\" \/><p id=\"caption-attachment-1733\" class=\"wp-caption-text\">Fotos: DWI, DBV; Composing<\/p><\/div>\n<p>Angesichts der durch den Klimawandel vermehrten Extremwetterereignisse hat DBV-Pr\u00e4sident Joachim Rukwied Landwirte dazu aufgerufen, sich aktiv mit Risikomanagement zu besch\u00e4ftigen.<\/p>\n<p>Auf der Mitgliederversammlung des Deutschen Weinbauverbandes in Karlsruhe sagte er: \u201eDie extreme Witterung in diesem Fr\u00fchjahr mit erheblichen Frostsch\u00e4den bei den Sonderkulturen hat erneut gezeigt, dass der Klimawandel und die Zunahme von Extremwetterereignissen ein wirksameres und besseres Risikomanagement erfordern.\u201c<\/p>\n<p><span style=\"font-weight: 400;\">Um das Risiko f\u00fcr die Betriebe zu reduzieren, seien Instrumente wie steuerliche Risikor\u00fcckstellungen, <\/span><a href=\"https:\/\/die-wetterversicherung.de\/\"><span style=\"font-weight: 400;\">Versicherungsl\u00f6sungen<\/span><\/a><span style=\"font-weight: 400;\"> und Investitionsf\u00f6rderung f\u00fcr Frostberegnung zu implementieren, so Rukwied. Dar\u00fcber hinaus seien f\u00fcr stark betroffene Betriebe Entsch\u00e4digungszahlungen erforderlich, sagte der Bauernpr\u00e4sident.<\/span><\/p>\n<p>Er unterstrich erneut seinen Vorschlag, auch Investitionen f\u00fcr Anlagen zur Frostschutzberegnung im Rahmen der Gemeinschaftsaufgabe zu f\u00f6rdern: \u201eNach den Erfahrungen dieses Jahres ist die Frostschutzberegnung die wirksamste der ergreifbaren Schutzma\u00dfnahmen.\u201c<\/p>\n<p><span style=\"font-weight: 400;\">Die Frostn\u00e4chte im April hatten im Wein- und Obstbau in einigen Regionen zu Sch\u00e4den mit existenzgef\u00e4hrdenden Auswirkungen gef\u00fchrt. Besonders stark betroffen waren Baden-W\u00fcrttemberg und Rheinland-Pfalz. In Baden-W\u00fcrttemberg wurde die Situation als \u201eNaturkatastrophe\u201c eingestuft.<\/span><\/p>\n","protected":false},"excerpt":{"rendered":"<p>Bauernpr\u00e4sident Joachim Rukwied r\u00e4t Landwirten und Winzern zu aktivem Risikomanagement.<\/p><p><a class=\"more-link btn\" href=\"https:\/\/die-wetterversicherung.de\/blog\/rukwied-klimawandel-erfordert-mehr-risikoabsicherung\/\">Weiterlesen<\/a><\/p>\n","protected":false},"author":5,"featured_media":1733,"comment_status":"open","ping_status":"closed","sticky":false,"template":"","format":"standard","meta":{"footnotes":""},"categories":[4],"tags":[160,64,84,161,48],"class_list":["post-1732","post","type-post","status-publish","format-standard","has-post-thumbnail","hentry","category-lasst-uns-ubers-wetter-reden","tag-extremwetter","tag-frost","tag-klimawandel","tag-risikomanagement","tag-versicherung","item-wrap"],"yoast_head":"<!-- This site is optimized with the Yoast SEO plugin v26.4 - https:\/\/yoast.com\/wordpress\/plugins\/seo\/ -->\n<title>Rukwied: \u201eKlimawandel erfordert mehr Risikoabsicherung\u201c - die-wetterversicherung.de<\/title>\n<meta name=\"robots\" content=\"index, follow, max-snippet:-1, max-image-preview:large, max-video-preview:-1\" \/>\n<link rel=\"canonical\" href=\"https:\/\/die-wetterversicherung.de\/blog\/rukwied-klimawandel-erfordert-mehr-risikoabsicherung\/\" \/>\n<meta property=\"og:locale\" content=\"de_DE\" \/>\n<meta property=\"og:type\" content=\"article\" \/>\n<meta property=\"og:title\" content=\"Rukwied: \u201eKlimawandel erfordert mehr Risikoabsicherung\u201c - die-wetterversicherung.de\" \/>\n<meta property=\"og:description\" content=\"Bauernpr\u00e4sident Joachim Rukwied r\u00e4t Landwirten und Winzern zu aktivem Risikomanagement.\" \/>\n<meta property=\"og:url\" content=\"https:\/\/die-wetterversicherung.de\/blog\/rukwied-klimawandel-erfordert-mehr-risikoabsicherung\/\" \/>\n<meta property=\"og:site_name\" content=\"die-wetterversicherung.de\" \/>\n<meta property=\"article:publisher\" content=\"https:\/\/www.facebook.com\/diewetterversicherung\" \/>\n<meta property=\"article:published_time\" content=\"2017-05-24T13:26:14+00:00\" \/>\n<meta property=\"og:image\" content=\"https:\/\/die-wetterversicherung.de\/blog\/wp-content\/uploads\/2017\/05\/Frostschaden-Rukwied.jpg\" \/>\n\t<meta property=\"og:image:width\" content=\"800\" \/>\n\t<meta property=\"og:image:height\" content=\"445\" \/>\n\t<meta property=\"og:image:type\" content=\"image\/jpeg\" \/>\n<meta name=\"author\" content=\"admin\" \/>\n<meta name=\"twitter:card\" content=\"summary_large_image\" \/>\n<meta name=\"twitter:label1\" content=\"Verfasst von\" \/>\n\t<meta name=\"twitter:data1\" content=\"admin\" \/>\n\t<meta name=\"twitter:label2\" content=\"Gesch\u00e4tzte Lesezeit\" \/>\n\t<meta name=\"twitter:data2\" content=\"1\u00a0Minute\" \/>\n<script type=\"application\/ld+json\" class=\"yoast-schema-graph\">{\"@context\":\"https:\/\/schema.org\",\"@graph\":[{\"@type\":\"WebPage\",\"@id\":\"https:\/\/die-wetterversicherung.de\/blog\/rukwied-klimawandel-erfordert-mehr-risikoabsicherung\/\",\"url\":\"https:\/\/die-wetterversicherung.de\/blog\/rukwied-klimawandel-erfordert-mehr-risikoabsicherung\/\",\"name\":\"Rukwied: \u201eKlimawandel erfordert mehr Risikoabsicherung\u201c - die-wetterversicherung.de\",\"isPartOf\":{\"@id\":\"https:\/\/die-wetterversicherung.de\/blog\/#website\"},\"primaryImageOfPage\":{\"@id\":\"https:\/\/die-wetterversicherung.de\/blog\/rukwied-klimawandel-erfordert-mehr-risikoabsicherung\/#primaryimage\"},\"image\":{\"@id\":\"https:\/\/die-wetterversicherung.de\/blog\/rukwied-klimawandel-erfordert-mehr-risikoabsicherung\/#primaryimage\"},\"thumbnailUrl\":\"https:\/\/die-wetterversicherung.de\/blog\/wp-content\/uploads\/2017\/05\/Frostschaden-Rukwied.jpg\",\"datePublished\":\"2017-05-24T13:26:14+00:00\",\"author\":{\"@id\":\"https:\/\/die-wetterversicherung.de\/blog\/#\/schema\/person\/ece359d1fb2756d4f371d523c75b881a\"},\"breadcrumb\":{\"@id\":\"https:\/\/die-wetterversicherung.de\/blog\/rukwied-klimawandel-erfordert-mehr-risikoabsicherung\/#breadcrumb\"},\"inLanguage\":\"de\",\"potentialAction\":[{\"@type\":\"ReadAction\",\"target\":[\"https:\/\/die-wetterversicherung.de\/blog\/rukwied-klimawandel-erfordert-mehr-risikoabsicherung\/\"]}]},{\"@type\":\"ImageObject\",\"inLanguage\":\"de\",\"@id\":\"https:\/\/die-wetterversicherung.de\/blog\/rukwied-klimawandel-erfordert-mehr-risikoabsicherung\/#primaryimage\",\"url\":\"https:\/\/die-wetterversicherung.de\/blog\/wp-content\/uploads\/2017\/05\/Frostschaden-Rukwied.jpg\",\"contentUrl\":\"https:\/\/die-wetterversicherung.de\/blog\/wp-content\/uploads\/2017\/05\/Frostschaden-Rukwied.jpg\",\"width\":800,\"height\":445,\"caption\":\"Fotos: DWI, DBV; Composing\"},{\"@type\":\"BreadcrumbList\",\"@id\":\"https:\/\/die-wetterversicherung.de\/blog\/rukwied-klimawandel-erfordert-mehr-risikoabsicherung\/#breadcrumb\",\"itemListElement\":[{\"@type\":\"ListItem\",\"position\":1,\"name\":\"Startseite\",\"item\":\"https:\/\/die-wetterversicherung.de\/blog\/\"},{\"@type\":\"ListItem\",\"position\":2,\"name\":\"Rukwied: \u201eKlimawandel erfordert mehr Risikoabsicherung\u201c\"}]},{\"@type\":\"WebSite\",\"@id\":\"https:\/\/die-wetterversicherung.de\/blog\/#website\",\"url\":\"https:\/\/die-wetterversicherung.de\/blog\/\",\"name\":\"die-wetterversicherung.de\",\"description\":\"Wetterversicherung-Blog\",\"potentialAction\":[{\"@type\":\"SearchAction\",\"target\":{\"@type\":\"EntryPoint\",\"urlTemplate\":\"https:\/\/die-wetterversicherung.de\/blog\/?s={search_term_string}\"},\"query-input\":{\"@type\":\"PropertyValueSpecification\",\"valueRequired\":true,\"valueName\":\"search_term_string\"}}],\"inLanguage\":\"de\"},{\"@type\":\"Person\",\"@id\":\"https:\/\/die-wetterversicherung.de\/blog\/#\/schema\/person\/ece359d1fb2756d4f371d523c75b881a\",\"name\":\"admin\",\"url\":\"https:\/\/die-wetterversicherung.de\/blog\/author\/admin\/\"}]}<\/script>\n<!-- \/ Yoast SEO plugin. -->","yoast_head_json":{"title":"Rukwied: \u201eKlimawandel erfordert mehr Risikoabsicherung\u201c - die-wetterversicherung.de","robots":{"index":"index","follow":"follow","max-snippet":"max-snippet:-1","max-image-preview":"max-image-preview:large","max-video-preview":"max-video-preview:-1"},"canonical":"https:\/\/die-wetterversicherung.de\/blog\/rukwied-klimawandel-erfordert-mehr-risikoabsicherung\/","og_locale":"de_DE","og_type":"article","og_title":"Rukwied: \u201eKlimawandel erfordert mehr Risikoabsicherung\u201c - die-wetterversicherung.de","og_description":"Bauernpr\u00e4sident Joachim Rukwied r\u00e4t Landwirten und Winzern zu aktivem Risikomanagement.","og_url":"https:\/\/die-wetterversicherung.de\/blog\/rukwied-klimawandel-erfordert-mehr-risikoabsicherung\/","og_site_name":"die-wetterversicherung.de","article_publisher":"https:\/\/www.facebook.com\/diewetterversicherung","article_published_time":"2017-05-24T13:26:14+00:00","og_image":[{"width":800,"height":445,"url":"https:\/\/die-wetterversicherung.de\/blog\/wp-content\/uploads\/2017\/05\/Frostschaden-Rukwied.jpg","type":"image\/jpeg"}],"author":"admin","twitter_card":"summary_large_image","twitter_misc":{"Verfasst von":"admin","Gesch\u00e4tzte Lesezeit":"1\u00a0Minute"},"schema":{"@context":"https:\/\/schema.org","@graph":[{"@type":"WebPage","@id":"https:\/\/die-wetterversicherung.de\/blog\/rukwied-klimawandel-erfordert-mehr-risikoabsicherung\/","url":"https:\/\/die-wetterversicherung.de\/blog\/rukwied-klimawandel-erfordert-mehr-risikoabsicherung\/","name":"Rukwied: \u201eKlimawandel erfordert mehr Risikoabsicherung\u201c - die-wetterversicherung.de","isPartOf":{"@id":"https:\/\/die-wetterversicherung.de\/blog\/#website"},"primaryImageOfPage":{"@id":"https:\/\/die-wetterversicherung.de\/blog\/rukwied-klimawandel-erfordert-mehr-risikoabsicherung\/#primaryimage"},"image":{"@id":"https:\/\/die-wetterversicherung.de\/blog\/rukwied-klimawandel-erfordert-mehr-risikoabsicherung\/#primaryimage"},"thumbnailUrl":"https:\/\/die-wetterversicherung.de\/blog\/wp-content\/uploads\/2017\/05\/Frostschaden-Rukwied.jpg","datePublished":"2017-05-24T13:26:14+00:00","author":{"@id":"https:\/\/die-wetterversicherung.de\/blog\/#\/schema\/person\/ece359d1fb2756d4f371d523c75b881a"},"breadcrumb":{"@id":"https:\/\/die-wetterversicherung.de\/blog\/rukwied-klimawandel-erfordert-mehr-risikoabsicherung\/#breadcrumb"},"inLanguage":"de","potentialAction":[{"@type":"ReadAction","target":["https:\/\/die-wetterversicherung.de\/blog\/rukwied-klimawandel-erfordert-mehr-risikoabsicherung\/"]}]},{"@type":"ImageObject","inLanguage":"de","@id":"https:\/\/die-wetterversicherung.de\/blog\/rukwied-klimawandel-erfordert-mehr-risikoabsicherung\/#primaryimage","url":"https:\/\/die-wetterversicherung.de\/blog\/wp-content\/uploads\/2017\/05\/Frostschaden-Rukwied.jpg","contentUrl":"https:\/\/die-wetterversicherung.de\/blog\/wp-content\/uploads\/2017\/05\/Frostschaden-Rukwied.jpg","width":800,"height":445,"caption":"Fotos: DWI, DBV; Composing"},{"@type":"BreadcrumbList","@id":"https:\/\/die-wetterversicherung.de\/blog\/rukwied-klimawandel-erfordert-mehr-risikoabsicherung\/#breadcrumb","itemListElement":[{"@type":"ListItem","position":1,"name":"Startseite","item":"https:\/\/die-wetterversicherung.de\/blog\/"},{"@type":"ListItem","position":2,"name":"Rukwied: \u201eKlimawandel erfordert mehr Risikoabsicherung\u201c"}]},{"@type":"WebSite","@id":"https:\/\/die-wetterversicherung.de\/blog\/#website","url":"https:\/\/die-wetterversicherung.de\/blog\/","name":"die-wetterversicherung.de","description":"Wetterversicherung-Blog","potentialAction":[{"@type":"SearchAction","target":{"@type":"EntryPoint","urlTemplate":"https:\/\/die-wetterversicherung.de\/blog\/?s={search_term_string}"},"query-input":{"@type":"PropertyValueSpecification","valueRequired":true,"valueName":"search_term_string"}}],"inLanguage":"de"},{"@type":"Person","@id":"https:\/\/die-wetterversicherung.de\/blog\/#\/schema\/person\/ece359d1fb2756d4f371d523c75b881a","name":"admin","url":"https:\/\/die-wetterversicherung.de\/blog\/author\/admin\/"}]}},"_links":{"self":[{"href":"https:\/\/die-wetterversicherung.de\/blog\/wp-json\/wp\/v2\/posts\/1732","targetHints":{"allow":["GET"]}}],"collection":[{"href":"https:\/\/die-wetterversicherung.de\/blog\/wp-json\/wp\/v2\/posts"}],"about":[{"href":"https:\/\/die-wetterversicherung.de\/blog\/wp-json\/wp\/v2\/types\/post"}],"author":[{"embeddable":true,"href":"https:\/\/die-wetterversicherung.de\/blog\/wp-json\/wp\/v2\/users\/5"}],"replies":[{"embeddable":true,"href":"https:\/\/die-wetterversicherung.de\/blog\/wp-json\/wp\/v2\/comments?post=1732"}],"version-history":[{"count":1,"href":"https:\/\/die-wetterversicherung.de\/blog\/wp-json\/wp\/v2\/posts\/1732\/revisions"}],"predecessor-version":[{"id":1734,"href":"https:\/\/die-wetterversicherung.de\/blog\/wp-json\/wp\/v2\/posts\/1732\/revisions\/1734"}],"wp:featuredmedia":[{"embeddable":true,"href":"https:\/\/die-wetterversicherung.de\/blog\/wp-json\/wp\/v2\/media\/1733"}],"wp:attachment":[{"href":"https:\/\/die-wetterversicherung.de\/blog\/wp-json\/wp\/v2\/media?parent=1732"}],"wp:term":[{"taxonomy":"category","embeddable":true,"href":"https:\/\/die-wetterversicherung.de\/blog\/wp-json\/wp\/v2\/categories?post=1732"},{"taxonomy":"post_tag","embeddable":true,"href":"https:\/\/die-wetterversicherung.de\/blog\/wp-json\/wp\/v2\/tags?post=1732"}],"curies":[{"name":"wp","href":"https:\/\/api.w.org\/{rel}","templated":true}]}}