{"id":1723,"date":"2017-05-10T12:28:34","date_gmt":"2017-05-10T10:28:34","guid":{"rendered":"https:\/\/die-wetterversicherung.de\/?p=1723"},"modified":"2017-05-10T12:28:34","modified_gmt":"2017-05-10T10:28:34","slug":"frostschaeden-zuwendungen-lindern-nur-erste-not","status":"publish","type":"post","link":"https:\/\/die-wetterversicherung.de\/blog\/frostschaeden-zuwendungen-lindern-nur-erste-not\/","title":{"rendered":"Frostsch\u00e4den: Zuwendungen lindern nur erste Not"},"content":{"rendered":"<p><b>Baden-W\u00fcrttemberg stuft Frost als Naturkatastrophe ein. Auch Berlin und Brandenburg sind betroffen.<\/b><\/p>\n<p><img loading=\"lazy\" decoding=\"async\" class=\"alignleft size-medium wp-image-1724\" src=\"https:\/\/die-wetterversicherung.de\/wp-content\/uploads\/2017\/05\/Frostscha\u0308den-300x200.jpg\" alt=\"frostscha%cc%88den\" width=\"300\" height=\"200\" srcset=\"https:\/\/die-wetterversicherung.de\/blog\/wp-content\/uploads\/2017\/05\/Frostscha\u0308den-300x200.jpg 300w, https:\/\/die-wetterversicherung.de\/blog\/wp-content\/uploads\/2017\/05\/Frostscha\u0308den-768x512.jpg 768w, https:\/\/die-wetterversicherung.de\/blog\/wp-content\/uploads\/2017\/05\/Frostscha\u0308den-1024x683.jpg 1024w, https:\/\/die-wetterversicherung.de\/blog\/wp-content\/uploads\/2017\/05\/Frostscha\u0308den.jpg 1500w\" sizes=\"auto, (max-width: 300px) 100vw, 300px\" \/>Auch wenn Mitte dieser Woche vereinzelte Sonnenstunden den Fr\u00fchling zum Fr\u00fchling machen, kann es nachts noch immer zu Frost kommen. Gerade in S\u00fcd- und S\u00fcdwestdeutschland hatten Obstbauern und Winzer mit enormen Frostsch\u00e4den zu k\u00e4mpfen. Der baden-w\u00fcrttembergische Landwirtschaftsminister Peter Hauk macht die Lage zur Chefsache.<\/p>\n<p>\u201eDie verheerenden Frostsch\u00e4den im Land erfordern ein umfassendes Verwaltungshandeln. Der Beschluss der Landesregierung, den gesch\u00e4digten Betrieben zu helfen, ist uns ein klarer politischer Auftrag, den wir Zug um Zug abarbeiten\u201c, sagte der Minister vergangenen Montag. Hauptaufgabe neben der Erhebung der Sch\u00e4den sei es nun, ein Verwaltungsverfahren auf den Weg zu bringen, das die f\u00fcr die Gew\u00e4hrung von Hilfen ma\u00dfgebliche Rahmenrichtlinie des Bundes auf die Verh\u00e4ltnisse vor Ort herunterbreche.<\/p>\n<p><span style=\"font-weight: 400;\">Auch die Obstbauern in Berlin und Brandenburg m\u00fcssen sich mit Frostsch\u00e4den auseinandersetzen, allerdings nicht in dem Ausma\u00df wie im S\u00fcdwesten.<\/span><\/p>\n<p><b>Betriebe selbst verantwortlich<\/b><\/p>\n<p>Obwohl die Landesregierung Baden-W\u00fcrttemberg den Frost offiziell zur Naturkatastrophe erkl\u00e4rt hat, lenkte Hauk aber auch ein: \u201eGrunds\u00e4tzlich liegt die Verantwortung f\u00fcr die Bew\u00e4ltigung von Sch\u00e4den in der Landwirtschaft, wie im \u00fcbrigen Wirtschaftsleben auch, beim jeweiligen Unternehmer selbst. Staatliche Zuwendungen unterst\u00fctzen das Krisenmanagement gesch\u00e4digter Betriebe. Uns geht es darum, die gr\u00f6\u00dfte Not abzumildern\u201c, erkl\u00e4rte der Minister. Die Gespr\u00e4che, die er bislang mit der Branche gef\u00fchrt habe, w\u00fcrden dieses Bild best\u00e4tigen.<\/p>\n<p><b>Betriebswirtschaftliche Absicherung<\/b><\/p>\n<p><span style=\"font-weight: 400;\">Mit einer hundertprozentigen Entsch\u00e4digung kann man nur mit einer privaten Versicherung rechnen. \u00a0Betriebe, die eine Versicherung gegen Elementarsch\u00e4den haben, sind auch gegen Frostsch\u00e4den versichert. Die <\/span><a href=\"http:\/\/www.gvf.de\/die-wetterversicherung\/\" target=\"_blank\"><span style=\"font-weight: 400;\">gvf VersicherungsMakler AG<\/span><\/a><span style=\"font-weight: 400;\"> etwa bietet auf Betriebe zugeschnittene Pakete an. Die <\/span><a href=\"https:\/\/die-wetterversicherung.de\" target=\"_blank\"><span style=\"font-weight: 400;\">Wetterversicherung<\/span><\/a><span style=\"font-weight: 400;\"> der Chemnitzer Agrarprofis gl\u00e4ttet durch finanzielle Entsch\u00e4digung bei Ernteertragsverlusten die Einnahmesituation und das Jahresergebnis bleibt kalkulierbar.<\/span><\/p>\n","protected":false},"excerpt":{"rendered":"<p>Baden-W\u00fcrttemberg stuft Frost als Naturkatastrophe ein. Auch Berlin und Brandenburg sind betroffen.<\/p><p><a class=\"more-link btn\" href=\"https:\/\/die-wetterversicherung.de\/blog\/frostschaeden-zuwendungen-lindern-nur-erste-not\/\">Weiterlesen<\/a><\/p>\n","protected":false},"author":5,"featured_media":1724,"comment_status":"open","ping_status":"closed","sticky":false,"template":"","format":"standard","meta":{"footnotes":""},"categories":[4],"tags":[64,155,156,157],"class_list":["post-1723","post","type-post","status-publish","format-standard","has-post-thumbnail","hentry","category-lasst-uns-ubers-wetter-reden","tag-frost","tag-frostschaeden","tag-obst","tag-wein","item-wrap"],"yoast_head":"<!-- This site is optimized with the Yoast SEO plugin v26.4 - https:\/\/yoast.com\/wordpress\/plugins\/seo\/ -->\n<title>Frostsch\u00e4den: Zuwendungen lindern nur erste Not - die-wetterversicherung.de<\/title>\n<meta name=\"robots\" content=\"index, follow, max-snippet:-1, max-image-preview:large, max-video-preview:-1\" \/>\n<link rel=\"canonical\" href=\"https:\/\/die-wetterversicherung.de\/blog\/frostschaeden-zuwendungen-lindern-nur-erste-not\/\" \/>\n<meta property=\"og:locale\" content=\"de_DE\" \/>\n<meta property=\"og:type\" content=\"article\" \/>\n<meta property=\"og:title\" content=\"Frostsch\u00e4den: Zuwendungen lindern nur erste Not - die-wetterversicherung.de\" \/>\n<meta property=\"og:description\" content=\"Baden-W\u00fcrttemberg stuft Frost als Naturkatastrophe ein. Auch Berlin und Brandenburg sind betroffen.\" \/>\n<meta property=\"og:url\" content=\"https:\/\/die-wetterversicherung.de\/blog\/frostschaeden-zuwendungen-lindern-nur-erste-not\/\" \/>\n<meta property=\"og:site_name\" content=\"die-wetterversicherung.de\" \/>\n<meta property=\"article:publisher\" content=\"https:\/\/www.facebook.com\/diewetterversicherung\" \/>\n<meta property=\"article:published_time\" content=\"2017-05-10T10:28:34+00:00\" \/>\n<meta property=\"og:image\" content=\"https:\/\/die-wetterversicherung.de\/blog\/wp-content\/uploads\/2017\/05\/Frostscha\u0308den.jpg\" \/>\n\t<meta property=\"og:image:width\" content=\"1500\" \/>\n\t<meta property=\"og:image:height\" content=\"1000\" \/>\n\t<meta property=\"og:image:type\" content=\"image\/jpeg\" \/>\n<meta name=\"author\" content=\"admin\" \/>\n<meta name=\"twitter:card\" content=\"summary_large_image\" \/>\n<meta name=\"twitter:label1\" content=\"Verfasst von\" \/>\n\t<meta name=\"twitter:data1\" content=\"admin\" \/>\n\t<meta name=\"twitter:label2\" content=\"Gesch\u00e4tzte Lesezeit\" \/>\n\t<meta name=\"twitter:data2\" content=\"2\u00a0Minuten\" \/>\n<script type=\"application\/ld+json\" class=\"yoast-schema-graph\">{\"@context\":\"https:\/\/schema.org\",\"@graph\":[{\"@type\":\"WebPage\",\"@id\":\"https:\/\/die-wetterversicherung.de\/blog\/frostschaeden-zuwendungen-lindern-nur-erste-not\/\",\"url\":\"https:\/\/die-wetterversicherung.de\/blog\/frostschaeden-zuwendungen-lindern-nur-erste-not\/\",\"name\":\"Frostsch\u00e4den: Zuwendungen lindern nur erste Not - die-wetterversicherung.de\",\"isPartOf\":{\"@id\":\"https:\/\/die-wetterversicherung.de\/blog\/#website\"},\"primaryImageOfPage\":{\"@id\":\"https:\/\/die-wetterversicherung.de\/blog\/frostschaeden-zuwendungen-lindern-nur-erste-not\/#primaryimage\"},\"image\":{\"@id\":\"https:\/\/die-wetterversicherung.de\/blog\/frostschaeden-zuwendungen-lindern-nur-erste-not\/#primaryimage\"},\"thumbnailUrl\":\"https:\/\/die-wetterversicherung.de\/blog\/wp-content\/uploads\/2017\/05\/Frostscha\u0308den.jpg\",\"datePublished\":\"2017-05-10T10:28:34+00:00\",\"author\":{\"@id\":\"https:\/\/die-wetterversicherung.de\/blog\/#\/schema\/person\/ece359d1fb2756d4f371d523c75b881a\"},\"breadcrumb\":{\"@id\":\"https:\/\/die-wetterversicherung.de\/blog\/frostschaeden-zuwendungen-lindern-nur-erste-not\/#breadcrumb\"},\"inLanguage\":\"de\",\"potentialAction\":[{\"@type\":\"ReadAction\",\"target\":[\"https:\/\/die-wetterversicherung.de\/blog\/frostschaeden-zuwendungen-lindern-nur-erste-not\/\"]}]},{\"@type\":\"ImageObject\",\"inLanguage\":\"de\",\"@id\":\"https:\/\/die-wetterversicherung.de\/blog\/frostschaeden-zuwendungen-lindern-nur-erste-not\/#primaryimage\",\"url\":\"https:\/\/die-wetterversicherung.de\/blog\/wp-content\/uploads\/2017\/05\/Frostscha\u0308den.jpg\",\"contentUrl\":\"https:\/\/die-wetterversicherung.de\/blog\/wp-content\/uploads\/2017\/05\/Frostscha\u0308den.jpg\",\"width\":1500,\"height\":1000},{\"@type\":\"BreadcrumbList\",\"@id\":\"https:\/\/die-wetterversicherung.de\/blog\/frostschaeden-zuwendungen-lindern-nur-erste-not\/#breadcrumb\",\"itemListElement\":[{\"@type\":\"ListItem\",\"position\":1,\"name\":\"Startseite\",\"item\":\"https:\/\/die-wetterversicherung.de\/blog\/\"},{\"@type\":\"ListItem\",\"position\":2,\"name\":\"Frostsch\u00e4den: Zuwendungen lindern nur erste Not\"}]},{\"@type\":\"WebSite\",\"@id\":\"https:\/\/die-wetterversicherung.de\/blog\/#website\",\"url\":\"https:\/\/die-wetterversicherung.de\/blog\/\",\"name\":\"die-wetterversicherung.de\",\"description\":\"Wetterversicherung-Blog\",\"potentialAction\":[{\"@type\":\"SearchAction\",\"target\":{\"@type\":\"EntryPoint\",\"urlTemplate\":\"https:\/\/die-wetterversicherung.de\/blog\/?s={search_term_string}\"},\"query-input\":{\"@type\":\"PropertyValueSpecification\",\"valueRequired\":true,\"valueName\":\"search_term_string\"}}],\"inLanguage\":\"de\"},{\"@type\":\"Person\",\"@id\":\"https:\/\/die-wetterversicherung.de\/blog\/#\/schema\/person\/ece359d1fb2756d4f371d523c75b881a\",\"name\":\"admin\",\"url\":\"https:\/\/die-wetterversicherung.de\/blog\/author\/admin\/\"}]}<\/script>\n<!-- \/ Yoast SEO plugin. -->","yoast_head_json":{"title":"Frostsch\u00e4den: Zuwendungen lindern nur erste Not - die-wetterversicherung.de","robots":{"index":"index","follow":"follow","max-snippet":"max-snippet:-1","max-image-preview":"max-image-preview:large","max-video-preview":"max-video-preview:-1"},"canonical":"https:\/\/die-wetterversicherung.de\/blog\/frostschaeden-zuwendungen-lindern-nur-erste-not\/","og_locale":"de_DE","og_type":"article","og_title":"Frostsch\u00e4den: Zuwendungen lindern nur erste Not - die-wetterversicherung.de","og_description":"Baden-W\u00fcrttemberg stuft Frost als Naturkatastrophe ein. Auch Berlin und Brandenburg sind betroffen.","og_url":"https:\/\/die-wetterversicherung.de\/blog\/frostschaeden-zuwendungen-lindern-nur-erste-not\/","og_site_name":"die-wetterversicherung.de","article_publisher":"https:\/\/www.facebook.com\/diewetterversicherung","article_published_time":"2017-05-10T10:28:34+00:00","og_image":[{"width":1500,"height":1000,"url":"https:\/\/die-wetterversicherung.de\/blog\/wp-content\/uploads\/2017\/05\/Frostscha\u0308den.jpg","type":"image\/jpeg"}],"author":"admin","twitter_card":"summary_large_image","twitter_misc":{"Verfasst von":"admin","Gesch\u00e4tzte Lesezeit":"2\u00a0Minuten"},"schema":{"@context":"https:\/\/schema.org","@graph":[{"@type":"WebPage","@id":"https:\/\/die-wetterversicherung.de\/blog\/frostschaeden-zuwendungen-lindern-nur-erste-not\/","url":"https:\/\/die-wetterversicherung.de\/blog\/frostschaeden-zuwendungen-lindern-nur-erste-not\/","name":"Frostsch\u00e4den: Zuwendungen lindern nur erste Not - die-wetterversicherung.de","isPartOf":{"@id":"https:\/\/die-wetterversicherung.de\/blog\/#website"},"primaryImageOfPage":{"@id":"https:\/\/die-wetterversicherung.de\/blog\/frostschaeden-zuwendungen-lindern-nur-erste-not\/#primaryimage"},"image":{"@id":"https:\/\/die-wetterversicherung.de\/blog\/frostschaeden-zuwendungen-lindern-nur-erste-not\/#primaryimage"},"thumbnailUrl":"https:\/\/die-wetterversicherung.de\/blog\/wp-content\/uploads\/2017\/05\/Frostscha\u0308den.jpg","datePublished":"2017-05-10T10:28:34+00:00","author":{"@id":"https:\/\/die-wetterversicherung.de\/blog\/#\/schema\/person\/ece359d1fb2756d4f371d523c75b881a"},"breadcrumb":{"@id":"https:\/\/die-wetterversicherung.de\/blog\/frostschaeden-zuwendungen-lindern-nur-erste-not\/#breadcrumb"},"inLanguage":"de","potentialAction":[{"@type":"ReadAction","target":["https:\/\/die-wetterversicherung.de\/blog\/frostschaeden-zuwendungen-lindern-nur-erste-not\/"]}]},{"@type":"ImageObject","inLanguage":"de","@id":"https:\/\/die-wetterversicherung.de\/blog\/frostschaeden-zuwendungen-lindern-nur-erste-not\/#primaryimage","url":"https:\/\/die-wetterversicherung.de\/blog\/wp-content\/uploads\/2017\/05\/Frostscha\u0308den.jpg","contentUrl":"https:\/\/die-wetterversicherung.de\/blog\/wp-content\/uploads\/2017\/05\/Frostscha\u0308den.jpg","width":1500,"height":1000},{"@type":"BreadcrumbList","@id":"https:\/\/die-wetterversicherung.de\/blog\/frostschaeden-zuwendungen-lindern-nur-erste-not\/#breadcrumb","itemListElement":[{"@type":"ListItem","position":1,"name":"Startseite","item":"https:\/\/die-wetterversicherung.de\/blog\/"},{"@type":"ListItem","position":2,"name":"Frostsch\u00e4den: Zuwendungen lindern nur erste Not"}]},{"@type":"WebSite","@id":"https:\/\/die-wetterversicherung.de\/blog\/#website","url":"https:\/\/die-wetterversicherung.de\/blog\/","name":"die-wetterversicherung.de","description":"Wetterversicherung-Blog","potentialAction":[{"@type":"SearchAction","target":{"@type":"EntryPoint","urlTemplate":"https:\/\/die-wetterversicherung.de\/blog\/?s={search_term_string}"},"query-input":{"@type":"PropertyValueSpecification","valueRequired":true,"valueName":"search_term_string"}}],"inLanguage":"de"},{"@type":"Person","@id":"https:\/\/die-wetterversicherung.de\/blog\/#\/schema\/person\/ece359d1fb2756d4f371d523c75b881a","name":"admin","url":"https:\/\/die-wetterversicherung.de\/blog\/author\/admin\/"}]}},"_links":{"self":[{"href":"https:\/\/die-wetterversicherung.de\/blog\/wp-json\/wp\/v2\/posts\/1723","targetHints":{"allow":["GET"]}}],"collection":[{"href":"https:\/\/die-wetterversicherung.de\/blog\/wp-json\/wp\/v2\/posts"}],"about":[{"href":"https:\/\/die-wetterversicherung.de\/blog\/wp-json\/wp\/v2\/types\/post"}],"author":[{"embeddable":true,"href":"https:\/\/die-wetterversicherung.de\/blog\/wp-json\/wp\/v2\/users\/5"}],"replies":[{"embeddable":true,"href":"https:\/\/die-wetterversicherung.de\/blog\/wp-json\/wp\/v2\/comments?post=1723"}],"version-history":[{"count":1,"href":"https:\/\/die-wetterversicherung.de\/blog\/wp-json\/wp\/v2\/posts\/1723\/revisions"}],"predecessor-version":[{"id":1725,"href":"https:\/\/die-wetterversicherung.de\/blog\/wp-json\/wp\/v2\/posts\/1723\/revisions\/1725"}],"wp:featuredmedia":[{"embeddable":true,"href":"https:\/\/die-wetterversicherung.de\/blog\/wp-json\/wp\/v2\/media\/1724"}],"wp:attachment":[{"href":"https:\/\/die-wetterversicherung.de\/blog\/wp-json\/wp\/v2\/media?parent=1723"}],"wp:term":[{"taxonomy":"category","embeddable":true,"href":"https:\/\/die-wetterversicherung.de\/blog\/wp-json\/wp\/v2\/categories?post=1723"},{"taxonomy":"post_tag","embeddable":true,"href":"https:\/\/die-wetterversicherung.de\/blog\/wp-json\/wp\/v2\/tags?post=1723"}],"curies":[{"name":"wp","href":"https:\/\/api.w.org\/{rel}","templated":true}]}}