{"id":1719,"date":"2017-05-03T15:38:12","date_gmt":"2017-05-03T13:38:12","guid":{"rendered":"https:\/\/die-wetterversicherung.de\/?p=1719"},"modified":"2017-05-03T15:38:12","modified_gmt":"2017-05-03T13:38:12","slug":"wetterextreme-machen-die-weizenpreise","status":"publish","type":"post","link":"https:\/\/die-wetterversicherung.de\/blog\/wetterextreme-machen-die-weizenpreise\/","title":{"rendered":"Wetterextreme machen die Weizenpreise"},"content":{"rendered":"<p><b>Wissenschaftler haben herausgefunden, dass Rohstoff-Spekulation nicht der Hauptfaktor f\u00fcr die weltweiten Weizenpreise sind.<\/b><\/p>\n<div id=\"attachment_1720\" style=\"width: 300px\" class=\"wp-caption alignleft\"><img loading=\"lazy\" decoding=\"async\" aria-describedby=\"caption-attachment-1720\" class=\"size-medium wp-image-1720\" src=\"https:\/\/die-wetterversicherung.de\/wp-content\/uploads\/2017\/05\/Weizenernte2014\u00a9WLV-300x201.jpg\" alt=\"Foto: WLV\" width=\"300\" height=\"201\" srcset=\"https:\/\/die-wetterversicherung.de\/blog\/wp-content\/uploads\/2017\/05\/Weizenernte2014\u00a9WLV-300x201.jpg 300w, https:\/\/die-wetterversicherung.de\/blog\/wp-content\/uploads\/2017\/05\/Weizenernte2014\u00a9WLV-768x514.jpg 768w, https:\/\/die-wetterversicherung.de\/blog\/wp-content\/uploads\/2017\/05\/Weizenernte2014\u00a9WLV-1024x685.jpg 1024w, https:\/\/die-wetterversicherung.de\/blog\/wp-content\/uploads\/2017\/05\/Weizenernte2014\u00a9WLV.jpg 1500w\" sizes=\"auto, (max-width: 300px) 100vw, 300px\" \/><p id=\"caption-attachment-1720\" class=\"wp-caption-text\">Foto: WLV<\/p><\/div>\n<p>Preisspitzen beim Weizen-Welthandel werden haupts\u00e4chlich von Ernte-Schocks, wie D\u00fcrren, verursacht. Diese Schocks werden verst\u00e4rkt wenn die Lagerbest\u00e4nde des Getreides gering sind oder eine Handelspolitik der Abschottung betrieben wird. Das zeigt eine Analyse von globalen Daten des US-Landwirtschaftsministerium.<\/p>\n<p>Die Autoren der Studie sind zu dem Ergebnis gekommen, dass hinsichtlich der j\u00e4hrlichen Weizenpreise in den vergangenen vier Jahrzehnten weder Rohstoff-Spekulation noch die Nutzung von Land f\u00fcr die Biosprit-Produktion entscheidend war. Diese Erkenntnis erlaube eine bessere Absch\u00e4tzung von Risiken, so das Potsdam-Institut f\u00fcr Klimaforschung (PIK) ein. Explodierende Getreidepreise k\u00f6nnen in manchen Jahren zu regionalen Ern\u00e4hrungskrisen beitragen. Denn mit dem Klimawandel nehmen Wetterschwankungen sowie entsprechende Risiken f\u00fcr die Getreideproduktion zu.<\/p>\n<p>\u201eErn\u00e4hrungssicherheit ist zum gro\u00dfen Teil eine Frage von Preisen. Deshalb wollten wir die Treiber der Preisschwankungen von einem Jahr zum anderen besser verstehen.\u201c, sagt Leit-Autor und PIK-Forscher Jacob Schewe.<\/p>\n<p>\u201eDiese Preisspitzen sind nach schweren D\u00fcrren aufgetreten, die nat\u00fcrlich die Ernteertr\u00e4ge verringert haben. Wir k\u00f6nnen jetzt zeigen, dass solche vom Wetter ausgel\u00f6sten Schocks tats\u00e4chlich starke Preisanstiege ausl\u00f6sen k\u00f6nnen.\u201c, ist sich Schewe sicher. Zus\u00e4tzlich k\u00f6nnen Exportstopps und Handelspolitik, bei der Staaten ausl\u00e4ndische Unternehmen benachteiligen, die weltweiten Effekte verst\u00e4rken.<\/p>\n<p>\u201eW\u00e4hrend die Spekulation auf den M\u00e4rkten das Problem vor\u00fcbergehend durchaus noch verst\u00e4rkt haben mag, zeigen die Daten dass f\u00fcr die Jahrespreise diese Spekulation nur ein kleiner Faktor war.\u201c, so Ko-Autor Christian Otto.<\/p>\n<p><span style=\"font-weight: 400;\">Deshalb ist das Fazit der Wissenschaftler, dass man f\u00fcr die Ern\u00e4hrungssicherung haupts\u00e4chlich den Klimawandel sowie die Handelspolitik verschiedener L\u00e4nder im Blick haben sollte.<\/span><\/p>\n","protected":false},"excerpt":{"rendered":"<p>Wissenschaftler haben herausgefunden, dass Rohstoff-Spekulation nicht der Hauptfaktor f\u00fcr die weltweiten Weizenpreise sind.<\/p><p><a class=\"more-link btn\" href=\"https:\/\/die-wetterversicherung.de\/blog\/wetterextreme-machen-die-weizenpreise\/\">Weiterlesen<\/a><\/p>\n","protected":false},"author":5,"featured_media":1720,"comment_status":"open","ping_status":"closed","sticky":false,"template":"","format":"standard","meta":{"footnotes":""},"categories":[4],"tags":[154,153,152],"class_list":["post-1719","post","type-post","status-publish","format-standard","has-post-thumbnail","hentry","category-lasst-uns-ubers-wetter-reden","tag-ernaehrungssicherheit","tag-global","tag-weizenpreise","item-wrap"],"yoast_head":"<!-- This site is optimized with the Yoast SEO plugin v26.4 - https:\/\/yoast.com\/wordpress\/plugins\/seo\/ -->\n<title>Wetterextreme machen die Weizenpreise - die-wetterversicherung.de<\/title>\n<meta name=\"robots\" content=\"index, follow, max-snippet:-1, max-image-preview:large, max-video-preview:-1\" \/>\n<link rel=\"canonical\" href=\"https:\/\/die-wetterversicherung.de\/blog\/wetterextreme-machen-die-weizenpreise\/\" \/>\n<meta property=\"og:locale\" content=\"de_DE\" \/>\n<meta property=\"og:type\" content=\"article\" \/>\n<meta property=\"og:title\" content=\"Wetterextreme machen die Weizenpreise - die-wetterversicherung.de\" \/>\n<meta property=\"og:description\" content=\"Wissenschaftler haben herausgefunden, dass Rohstoff-Spekulation nicht der Hauptfaktor f\u00fcr die weltweiten Weizenpreise sind.\" \/>\n<meta property=\"og:url\" content=\"https:\/\/die-wetterversicherung.de\/blog\/wetterextreme-machen-die-weizenpreise\/\" \/>\n<meta property=\"og:site_name\" content=\"die-wetterversicherung.de\" \/>\n<meta property=\"article:publisher\" content=\"https:\/\/www.facebook.com\/diewetterversicherung\" \/>\n<meta property=\"article:published_time\" content=\"2017-05-03T13:38:12+00:00\" \/>\n<meta property=\"og:image\" content=\"https:\/\/die-wetterversicherung.de\/blog\/wp-content\/uploads\/2017\/05\/Weizenernte2014\u00a9WLV.jpg\" \/>\n\t<meta property=\"og:image:width\" content=\"1500\" \/>\n\t<meta property=\"og:image:height\" content=\"1004\" \/>\n\t<meta property=\"og:image:type\" content=\"image\/jpeg\" \/>\n<meta name=\"author\" content=\"admin\" \/>\n<meta name=\"twitter:card\" content=\"summary_large_image\" \/>\n<meta name=\"twitter:label1\" content=\"Verfasst von\" \/>\n\t<meta name=\"twitter:data1\" content=\"admin\" \/>\n\t<meta name=\"twitter:label2\" content=\"Gesch\u00e4tzte Lesezeit\" \/>\n\t<meta name=\"twitter:data2\" content=\"1\u00a0Minute\" \/>\n<script type=\"application\/ld+json\" class=\"yoast-schema-graph\">{\"@context\":\"https:\/\/schema.org\",\"@graph\":[{\"@type\":\"WebPage\",\"@id\":\"https:\/\/die-wetterversicherung.de\/blog\/wetterextreme-machen-die-weizenpreise\/\",\"url\":\"https:\/\/die-wetterversicherung.de\/blog\/wetterextreme-machen-die-weizenpreise\/\",\"name\":\"Wetterextreme machen die Weizenpreise - die-wetterversicherung.de\",\"isPartOf\":{\"@id\":\"https:\/\/die-wetterversicherung.de\/blog\/#website\"},\"primaryImageOfPage\":{\"@id\":\"https:\/\/die-wetterversicherung.de\/blog\/wetterextreme-machen-die-weizenpreise\/#primaryimage\"},\"image\":{\"@id\":\"https:\/\/die-wetterversicherung.de\/blog\/wetterextreme-machen-die-weizenpreise\/#primaryimage\"},\"thumbnailUrl\":\"https:\/\/die-wetterversicherung.de\/blog\/wp-content\/uploads\/2017\/05\/Weizenernte2014\u00a9WLV.jpg\",\"datePublished\":\"2017-05-03T13:38:12+00:00\",\"author\":{\"@id\":\"https:\/\/die-wetterversicherung.de\/blog\/#\/schema\/person\/ece359d1fb2756d4f371d523c75b881a\"},\"breadcrumb\":{\"@id\":\"https:\/\/die-wetterversicherung.de\/blog\/wetterextreme-machen-die-weizenpreise\/#breadcrumb\"},\"inLanguage\":\"de\",\"potentialAction\":[{\"@type\":\"ReadAction\",\"target\":[\"https:\/\/die-wetterversicherung.de\/blog\/wetterextreme-machen-die-weizenpreise\/\"]}]},{\"@type\":\"ImageObject\",\"inLanguage\":\"de\",\"@id\":\"https:\/\/die-wetterversicherung.de\/blog\/wetterextreme-machen-die-weizenpreise\/#primaryimage\",\"url\":\"https:\/\/die-wetterversicherung.de\/blog\/wp-content\/uploads\/2017\/05\/Weizenernte2014\u00a9WLV.jpg\",\"contentUrl\":\"https:\/\/die-wetterversicherung.de\/blog\/wp-content\/uploads\/2017\/05\/Weizenernte2014\u00a9WLV.jpg\",\"width\":1500,\"height\":1004,\"caption\":\"Foto: WLV\"},{\"@type\":\"BreadcrumbList\",\"@id\":\"https:\/\/die-wetterversicherung.de\/blog\/wetterextreme-machen-die-weizenpreise\/#breadcrumb\",\"itemListElement\":[{\"@type\":\"ListItem\",\"position\":1,\"name\":\"Startseite\",\"item\":\"https:\/\/die-wetterversicherung.de\/blog\/\"},{\"@type\":\"ListItem\",\"position\":2,\"name\":\"Wetterextreme machen die Weizenpreise\"}]},{\"@type\":\"WebSite\",\"@id\":\"https:\/\/die-wetterversicherung.de\/blog\/#website\",\"url\":\"https:\/\/die-wetterversicherung.de\/blog\/\",\"name\":\"die-wetterversicherung.de\",\"description\":\"Wetterversicherung-Blog\",\"potentialAction\":[{\"@type\":\"SearchAction\",\"target\":{\"@type\":\"EntryPoint\",\"urlTemplate\":\"https:\/\/die-wetterversicherung.de\/blog\/?s={search_term_string}\"},\"query-input\":{\"@type\":\"PropertyValueSpecification\",\"valueRequired\":true,\"valueName\":\"search_term_string\"}}],\"inLanguage\":\"de\"},{\"@type\":\"Person\",\"@id\":\"https:\/\/die-wetterversicherung.de\/blog\/#\/schema\/person\/ece359d1fb2756d4f371d523c75b881a\",\"name\":\"admin\",\"url\":\"https:\/\/die-wetterversicherung.de\/blog\/author\/admin\/\"}]}<\/script>\n<!-- \/ Yoast SEO plugin. -->","yoast_head_json":{"title":"Wetterextreme machen die Weizenpreise - die-wetterversicherung.de","robots":{"index":"index","follow":"follow","max-snippet":"max-snippet:-1","max-image-preview":"max-image-preview:large","max-video-preview":"max-video-preview:-1"},"canonical":"https:\/\/die-wetterversicherung.de\/blog\/wetterextreme-machen-die-weizenpreise\/","og_locale":"de_DE","og_type":"article","og_title":"Wetterextreme machen die Weizenpreise - die-wetterversicherung.de","og_description":"Wissenschaftler haben herausgefunden, dass Rohstoff-Spekulation nicht der Hauptfaktor f\u00fcr die weltweiten Weizenpreise sind.","og_url":"https:\/\/die-wetterversicherung.de\/blog\/wetterextreme-machen-die-weizenpreise\/","og_site_name":"die-wetterversicherung.de","article_publisher":"https:\/\/www.facebook.com\/diewetterversicherung","article_published_time":"2017-05-03T13:38:12+00:00","og_image":[{"width":1500,"height":1004,"url":"https:\/\/die-wetterversicherung.de\/blog\/wp-content\/uploads\/2017\/05\/Weizenernte2014\u00a9WLV.jpg","type":"image\/jpeg"}],"author":"admin","twitter_card":"summary_large_image","twitter_misc":{"Verfasst von":"admin","Gesch\u00e4tzte Lesezeit":"1\u00a0Minute"},"schema":{"@context":"https:\/\/schema.org","@graph":[{"@type":"WebPage","@id":"https:\/\/die-wetterversicherung.de\/blog\/wetterextreme-machen-die-weizenpreise\/","url":"https:\/\/die-wetterversicherung.de\/blog\/wetterextreme-machen-die-weizenpreise\/","name":"Wetterextreme machen die Weizenpreise - die-wetterversicherung.de","isPartOf":{"@id":"https:\/\/die-wetterversicherung.de\/blog\/#website"},"primaryImageOfPage":{"@id":"https:\/\/die-wetterversicherung.de\/blog\/wetterextreme-machen-die-weizenpreise\/#primaryimage"},"image":{"@id":"https:\/\/die-wetterversicherung.de\/blog\/wetterextreme-machen-die-weizenpreise\/#primaryimage"},"thumbnailUrl":"https:\/\/die-wetterversicherung.de\/blog\/wp-content\/uploads\/2017\/05\/Weizenernte2014\u00a9WLV.jpg","datePublished":"2017-05-03T13:38:12+00:00","author":{"@id":"https:\/\/die-wetterversicherung.de\/blog\/#\/schema\/person\/ece359d1fb2756d4f371d523c75b881a"},"breadcrumb":{"@id":"https:\/\/die-wetterversicherung.de\/blog\/wetterextreme-machen-die-weizenpreise\/#breadcrumb"},"inLanguage":"de","potentialAction":[{"@type":"ReadAction","target":["https:\/\/die-wetterversicherung.de\/blog\/wetterextreme-machen-die-weizenpreise\/"]}]},{"@type":"ImageObject","inLanguage":"de","@id":"https:\/\/die-wetterversicherung.de\/blog\/wetterextreme-machen-die-weizenpreise\/#primaryimage","url":"https:\/\/die-wetterversicherung.de\/blog\/wp-content\/uploads\/2017\/05\/Weizenernte2014\u00a9WLV.jpg","contentUrl":"https:\/\/die-wetterversicherung.de\/blog\/wp-content\/uploads\/2017\/05\/Weizenernte2014\u00a9WLV.jpg","width":1500,"height":1004,"caption":"Foto: WLV"},{"@type":"BreadcrumbList","@id":"https:\/\/die-wetterversicherung.de\/blog\/wetterextreme-machen-die-weizenpreise\/#breadcrumb","itemListElement":[{"@type":"ListItem","position":1,"name":"Startseite","item":"https:\/\/die-wetterversicherung.de\/blog\/"},{"@type":"ListItem","position":2,"name":"Wetterextreme machen die Weizenpreise"}]},{"@type":"WebSite","@id":"https:\/\/die-wetterversicherung.de\/blog\/#website","url":"https:\/\/die-wetterversicherung.de\/blog\/","name":"die-wetterversicherung.de","description":"Wetterversicherung-Blog","potentialAction":[{"@type":"SearchAction","target":{"@type":"EntryPoint","urlTemplate":"https:\/\/die-wetterversicherung.de\/blog\/?s={search_term_string}"},"query-input":{"@type":"PropertyValueSpecification","valueRequired":true,"valueName":"search_term_string"}}],"inLanguage":"de"},{"@type":"Person","@id":"https:\/\/die-wetterversicherung.de\/blog\/#\/schema\/person\/ece359d1fb2756d4f371d523c75b881a","name":"admin","url":"https:\/\/die-wetterversicherung.de\/blog\/author\/admin\/"}]}},"_links":{"self":[{"href":"https:\/\/die-wetterversicherung.de\/blog\/wp-json\/wp\/v2\/posts\/1719","targetHints":{"allow":["GET"]}}],"collection":[{"href":"https:\/\/die-wetterversicherung.de\/blog\/wp-json\/wp\/v2\/posts"}],"about":[{"href":"https:\/\/die-wetterversicherung.de\/blog\/wp-json\/wp\/v2\/types\/post"}],"author":[{"embeddable":true,"href":"https:\/\/die-wetterversicherung.de\/blog\/wp-json\/wp\/v2\/users\/5"}],"replies":[{"embeddable":true,"href":"https:\/\/die-wetterversicherung.de\/blog\/wp-json\/wp\/v2\/comments?post=1719"}],"version-history":[{"count":1,"href":"https:\/\/die-wetterversicherung.de\/blog\/wp-json\/wp\/v2\/posts\/1719\/revisions"}],"predecessor-version":[{"id":1721,"href":"https:\/\/die-wetterversicherung.de\/blog\/wp-json\/wp\/v2\/posts\/1719\/revisions\/1721"}],"wp:featuredmedia":[{"embeddable":true,"href":"https:\/\/die-wetterversicherung.de\/blog\/wp-json\/wp\/v2\/media\/1720"}],"wp:attachment":[{"href":"https:\/\/die-wetterversicherung.de\/blog\/wp-json\/wp\/v2\/media?parent=1719"}],"wp:term":[{"taxonomy":"category","embeddable":true,"href":"https:\/\/die-wetterversicherung.de\/blog\/wp-json\/wp\/v2\/categories?post=1719"},{"taxonomy":"post_tag","embeddable":true,"href":"https:\/\/die-wetterversicherung.de\/blog\/wp-json\/wp\/v2\/tags?post=1719"}],"curies":[{"name":"wp","href":"https:\/\/api.w.org\/{rel}","templated":true}]}}