{"id":1219,"date":"2015-04-29T14:59:22","date_gmt":"2015-04-29T12:59:22","guid":{"rendered":"https:\/\/die-wetterversicherung.de\/?p=1219"},"modified":"2015-04-29T14:59:22","modified_gmt":"2015-04-29T12:59:22","slug":"hochdruckwetter-sorgt-fuer-waldbrandgefahr","status":"publish","type":"post","link":"https:\/\/die-wetterversicherung.de\/blog\/hochdruckwetter-sorgt-fuer-waldbrandgefahr\/","title":{"rendered":"Hochdruckwetter sorgt f\u00fcr Waldbrandgefahr"},"content":{"rendered":"<p><b>Waldbr\u00e4nde in Europa: Auch Deutschland ist nicht gefeit.<\/b><\/p>\n<p>In einigen Regionen Europas w\u00fcten derzeit Waldbr\u00e4nde. Nach einem gro\u00dffl\u00e4chigen Feuer im S\u00fcden \u00d6sterreichs schlagen jetzt Flammen aus den W\u00e4ldern rund um die Ruine des vor 30 Jahren havarierten Atomkraftwerkes Tschernobyl in der Ukraine. Doch auch f\u00fcr Deutschland gibt es Warnungen.<\/p>\n<p>Der Waldbrand, der vergangene Woche im \u00f6sterreichischen Bundesland K\u00e4rnten ausgebrochen ist, ist noch immer nicht einged\u00e4mmt. Immer wieder tauchen Glutnester in dem alpinen Gebiet auf. Immer noch sind einige hundert Feuerwehr Leute im Einsatz. Ein Ende der L\u00f6scharbeiten sei noch nicht abzusehen, sagte der Einsatzleiter am Dienstag zum ORF. Insgesamt 75 Hektar Wald hat der Brand zerst\u00f6rt.<\/p>\n<div id=\"attachment_1220\" style=\"width: 1024px\" class=\"wp-caption aligncenter\"><img loading=\"lazy\" decoding=\"async\" aria-describedby=\"caption-attachment-1220\" class=\"size-large wp-image-1220\" src=\"https:\/\/die-wetterversicherung.de\/wp-content\/uploads\/2015\/04\/Waldbrand\u00a9Ylvers-pixabay-1024x676.jpg\" alt=\"Foto: Ylvers\/pixabay.com\" width=\"1024\" height=\"676\" srcset=\"https:\/\/die-wetterversicherung.de\/blog\/wp-content\/uploads\/2015\/04\/Waldbrand\u00a9Ylvers-pixabay-1024x676.jpg 1024w, https:\/\/die-wetterversicherung.de\/blog\/wp-content\/uploads\/2015\/04\/Waldbrand\u00a9Ylvers-pixabay-300x198.jpg 300w, https:\/\/die-wetterversicherung.de\/blog\/wp-content\/uploads\/2015\/04\/Waldbrand\u00a9Ylvers-pixabay.jpg 1280w\" sizes=\"auto, (max-width: 1024px) 100vw, 1024px\" \/><p id=\"caption-attachment-1220\" class=\"wp-caption-text\">Foto: Ylvers\/pixabay.com<\/p><\/div>\n<p>In Deutschland ist es derzeit noch nicht ganz so schlimm, die Unwetterzentrale hat aber bereits Warnungen herausgegeben. Laut Waldbrandgefahrenindex (WBI) besteht f\u00fcr Mittwoch die Gefahrenstufe 3 von m\u00f6glichen 5, was \u201emittlere Gefahr\u201c bedeutet und auf der WBI-Deutschlandkarte orange erscheint. Betroffen sind Teile von Rheinland-Pfalz, Baden-W\u00fcrttemberg, Hessen und Mecklenburg-Vorpommern. In weiteren Regionen, \u00fcber die gesamte Bundesrepublik verteilt, besteht Warnstufe 2, was geringe Gefahr bedeutet und gelb ist.<\/p>\n<p>Am Donnerstag wird sich die Lage aber blitzartig \u00e4ndern. Orange \u00fcberdeckt gro\u00dffl\u00e4chig gelb. Die Waldbrandgefahr steigt. In Brandenburg, westlich von Berlin, taucht in der Vorschaukarte f\u00fcr Donnerstag sogar ein roter Fleck auf \u2013 Stufe 4, hohe Waldbrandgefahr!<\/p>\n<p>Schuld an der Situation ist die derzeitige Trockenheit in vielen Regionen. Was Deutschlands Feiertagsausfl\u00fcgler und Grillmeister die Nase r\u00fcmpfen l\u00e4sst, wird Waldbesitzer freuen: Am Freitag, 1. Mai, wird es n\u00e4mlich gro\u00dffl\u00e4chig regnen und die Waldbrandgefahr geht wieder zur\u00fcck.<\/p>\n<p>Auf der Internetseite des Deutschen Wetterdienstes kann man die<a href=\"http:\/\/www.dwd.de\/waldbrand\"> Entwicklung des Waldbrandindexes<\/a> beobachten.<\/p>\n","protected":false},"excerpt":{"rendered":"<p>Waldbr\u00e4nde in Europa: Auch Deutschland ist nicht gefeit. In einigen Regionen Europas w\u00fcten derzeit Waldbr\u00e4nde. Nach einem gro\u00dffl\u00e4chigen Feuer im S\u00fcden \u00d6sterreichs schlagen jetzt Flammen aus den W\u00e4ldern rund um die Ruine des vor 30 Jahren havarierten Atomkraftwerkes Tschernobyl in der Ukraine. Doch auch f\u00fcr Deutschland gibt es Warnungen. Der Waldbrand, der vergangene Woche im &hellip; <\/p>\n<p><a class=\"more-link btn\" href=\"https:\/\/die-wetterversicherung.de\/blog\/hochdruckwetter-sorgt-fuer-waldbrandgefahr\/\">Weiterlesen<\/a><\/p>\n","protected":false},"author":5,"featured_media":1220,"comment_status":"open","ping_status":"closed","sticky":false,"template":"","format":"standard","meta":{"footnotes":""},"categories":[4],"tags":[],"class_list":["post-1219","post","type-post","status-publish","format-standard","has-post-thumbnail","hentry","category-lasst-uns-ubers-wetter-reden","item-wrap"],"yoast_head":"<!-- This site is optimized with the Yoast SEO plugin v26.4 - https:\/\/yoast.com\/wordpress\/plugins\/seo\/ -->\n<title>Hochdruckwetter sorgt f\u00fcr Waldbrandgefahr - die-wetterversicherung.de<\/title>\n<meta name=\"robots\" content=\"index, follow, max-snippet:-1, max-image-preview:large, max-video-preview:-1\" \/>\n<link rel=\"canonical\" href=\"https:\/\/die-wetterversicherung.de\/blog\/hochdruckwetter-sorgt-fuer-waldbrandgefahr\/\" \/>\n<meta property=\"og:locale\" content=\"de_DE\" \/>\n<meta property=\"og:type\" content=\"article\" \/>\n<meta property=\"og:title\" content=\"Hochdruckwetter sorgt f\u00fcr Waldbrandgefahr - die-wetterversicherung.de\" \/>\n<meta property=\"og:description\" content=\"Waldbr\u00e4nde in Europa: Auch Deutschland ist nicht gefeit. In einigen Regionen Europas w\u00fcten derzeit Waldbr\u00e4nde. Nach einem gro\u00dffl\u00e4chigen Feuer im S\u00fcden \u00d6sterreichs schlagen jetzt Flammen aus den W\u00e4ldern rund um die Ruine des vor 30 Jahren havarierten Atomkraftwerkes Tschernobyl in der Ukraine. Doch auch f\u00fcr Deutschland gibt es Warnungen. Der Waldbrand, der vergangene Woche im &hellip; Weiterlesen\" \/>\n<meta property=\"og:url\" content=\"https:\/\/die-wetterversicherung.de\/blog\/hochdruckwetter-sorgt-fuer-waldbrandgefahr\/\" \/>\n<meta property=\"og:site_name\" content=\"die-wetterversicherung.de\" \/>\n<meta property=\"article:publisher\" content=\"https:\/\/www.facebook.com\/diewetterversicherung\" \/>\n<meta property=\"article:published_time\" content=\"2015-04-29T12:59:22+00:00\" \/>\n<meta property=\"og:image\" content=\"https:\/\/die-wetterversicherung.de\/blog\/wp-content\/uploads\/2015\/04\/Waldbrand\u00a9Ylvers-pixabay.jpg\" \/>\n\t<meta property=\"og:image:width\" content=\"1280\" \/>\n\t<meta property=\"og:image:height\" content=\"845\" \/>\n\t<meta property=\"og:image:type\" content=\"image\/jpeg\" \/>\n<meta name=\"author\" content=\"admin\" \/>\n<meta name=\"twitter:card\" content=\"summary_large_image\" \/>\n<meta name=\"twitter:label1\" content=\"Verfasst von\" \/>\n\t<meta name=\"twitter:data1\" content=\"admin\" \/>\n\t<meta name=\"twitter:label2\" content=\"Gesch\u00e4tzte Lesezeit\" \/>\n\t<meta name=\"twitter:data2\" content=\"1\u00a0Minute\" \/>\n<script type=\"application\/ld+json\" class=\"yoast-schema-graph\">{\"@context\":\"https:\/\/schema.org\",\"@graph\":[{\"@type\":\"WebPage\",\"@id\":\"https:\/\/die-wetterversicherung.de\/blog\/hochdruckwetter-sorgt-fuer-waldbrandgefahr\/\",\"url\":\"https:\/\/die-wetterversicherung.de\/blog\/hochdruckwetter-sorgt-fuer-waldbrandgefahr\/\",\"name\":\"Hochdruckwetter sorgt f\u00fcr Waldbrandgefahr - die-wetterversicherung.de\",\"isPartOf\":{\"@id\":\"https:\/\/die-wetterversicherung.de\/blog\/#website\"},\"primaryImageOfPage\":{\"@id\":\"https:\/\/die-wetterversicherung.de\/blog\/hochdruckwetter-sorgt-fuer-waldbrandgefahr\/#primaryimage\"},\"image\":{\"@id\":\"https:\/\/die-wetterversicherung.de\/blog\/hochdruckwetter-sorgt-fuer-waldbrandgefahr\/#primaryimage\"},\"thumbnailUrl\":\"https:\/\/die-wetterversicherung.de\/blog\/wp-content\/uploads\/2015\/04\/Waldbrand\u00a9Ylvers-pixabay.jpg\",\"datePublished\":\"2015-04-29T12:59:22+00:00\",\"author\":{\"@id\":\"https:\/\/die-wetterversicherung.de\/blog\/#\/schema\/person\/ece359d1fb2756d4f371d523c75b881a\"},\"breadcrumb\":{\"@id\":\"https:\/\/die-wetterversicherung.de\/blog\/hochdruckwetter-sorgt-fuer-waldbrandgefahr\/#breadcrumb\"},\"inLanguage\":\"de\",\"potentialAction\":[{\"@type\":\"ReadAction\",\"target\":[\"https:\/\/die-wetterversicherung.de\/blog\/hochdruckwetter-sorgt-fuer-waldbrandgefahr\/\"]}]},{\"@type\":\"ImageObject\",\"inLanguage\":\"de\",\"@id\":\"https:\/\/die-wetterversicherung.de\/blog\/hochdruckwetter-sorgt-fuer-waldbrandgefahr\/#primaryimage\",\"url\":\"https:\/\/die-wetterversicherung.de\/blog\/wp-content\/uploads\/2015\/04\/Waldbrand\u00a9Ylvers-pixabay.jpg\",\"contentUrl\":\"https:\/\/die-wetterversicherung.de\/blog\/wp-content\/uploads\/2015\/04\/Waldbrand\u00a9Ylvers-pixabay.jpg\",\"width\":1280,\"height\":845,\"caption\":\"Foto: Ylvers\/pixabay.com\"},{\"@type\":\"BreadcrumbList\",\"@id\":\"https:\/\/die-wetterversicherung.de\/blog\/hochdruckwetter-sorgt-fuer-waldbrandgefahr\/#breadcrumb\",\"itemListElement\":[{\"@type\":\"ListItem\",\"position\":1,\"name\":\"Startseite\",\"item\":\"https:\/\/die-wetterversicherung.de\/blog\/\"},{\"@type\":\"ListItem\",\"position\":2,\"name\":\"Hochdruckwetter sorgt f\u00fcr Waldbrandgefahr\"}]},{\"@type\":\"WebSite\",\"@id\":\"https:\/\/die-wetterversicherung.de\/blog\/#website\",\"url\":\"https:\/\/die-wetterversicherung.de\/blog\/\",\"name\":\"die-wetterversicherung.de\",\"description\":\"Wetterversicherung-Blog\",\"potentialAction\":[{\"@type\":\"SearchAction\",\"target\":{\"@type\":\"EntryPoint\",\"urlTemplate\":\"https:\/\/die-wetterversicherung.de\/blog\/?s={search_term_string}\"},\"query-input\":{\"@type\":\"PropertyValueSpecification\",\"valueRequired\":true,\"valueName\":\"search_term_string\"}}],\"inLanguage\":\"de\"},{\"@type\":\"Person\",\"@id\":\"https:\/\/die-wetterversicherung.de\/blog\/#\/schema\/person\/ece359d1fb2756d4f371d523c75b881a\",\"name\":\"admin\",\"url\":\"https:\/\/die-wetterversicherung.de\/blog\/author\/admin\/\"}]}<\/script>\n<!-- \/ Yoast SEO plugin. -->","yoast_head_json":{"title":"Hochdruckwetter sorgt f\u00fcr Waldbrandgefahr - die-wetterversicherung.de","robots":{"index":"index","follow":"follow","max-snippet":"max-snippet:-1","max-image-preview":"max-image-preview:large","max-video-preview":"max-video-preview:-1"},"canonical":"https:\/\/die-wetterversicherung.de\/blog\/hochdruckwetter-sorgt-fuer-waldbrandgefahr\/","og_locale":"de_DE","og_type":"article","og_title":"Hochdruckwetter sorgt f\u00fcr Waldbrandgefahr - die-wetterversicherung.de","og_description":"Waldbr\u00e4nde in Europa: Auch Deutschland ist nicht gefeit. In einigen Regionen Europas w\u00fcten derzeit Waldbr\u00e4nde. Nach einem gro\u00dffl\u00e4chigen Feuer im S\u00fcden \u00d6sterreichs schlagen jetzt Flammen aus den W\u00e4ldern rund um die Ruine des vor 30 Jahren havarierten Atomkraftwerkes Tschernobyl in der Ukraine. Doch auch f\u00fcr Deutschland gibt es Warnungen. Der Waldbrand, der vergangene Woche im &hellip; Weiterlesen","og_url":"https:\/\/die-wetterversicherung.de\/blog\/hochdruckwetter-sorgt-fuer-waldbrandgefahr\/","og_site_name":"die-wetterversicherung.de","article_publisher":"https:\/\/www.facebook.com\/diewetterversicherung","article_published_time":"2015-04-29T12:59:22+00:00","og_image":[{"width":1280,"height":845,"url":"https:\/\/die-wetterversicherung.de\/blog\/wp-content\/uploads\/2015\/04\/Waldbrand\u00a9Ylvers-pixabay.jpg","type":"image\/jpeg"}],"author":"admin","twitter_card":"summary_large_image","twitter_misc":{"Verfasst von":"admin","Gesch\u00e4tzte Lesezeit":"1\u00a0Minute"},"schema":{"@context":"https:\/\/schema.org","@graph":[{"@type":"WebPage","@id":"https:\/\/die-wetterversicherung.de\/blog\/hochdruckwetter-sorgt-fuer-waldbrandgefahr\/","url":"https:\/\/die-wetterversicherung.de\/blog\/hochdruckwetter-sorgt-fuer-waldbrandgefahr\/","name":"Hochdruckwetter sorgt f\u00fcr Waldbrandgefahr - die-wetterversicherung.de","isPartOf":{"@id":"https:\/\/die-wetterversicherung.de\/blog\/#website"},"primaryImageOfPage":{"@id":"https:\/\/die-wetterversicherung.de\/blog\/hochdruckwetter-sorgt-fuer-waldbrandgefahr\/#primaryimage"},"image":{"@id":"https:\/\/die-wetterversicherung.de\/blog\/hochdruckwetter-sorgt-fuer-waldbrandgefahr\/#primaryimage"},"thumbnailUrl":"https:\/\/die-wetterversicherung.de\/blog\/wp-content\/uploads\/2015\/04\/Waldbrand\u00a9Ylvers-pixabay.jpg","datePublished":"2015-04-29T12:59:22+00:00","author":{"@id":"https:\/\/die-wetterversicherung.de\/blog\/#\/schema\/person\/ece359d1fb2756d4f371d523c75b881a"},"breadcrumb":{"@id":"https:\/\/die-wetterversicherung.de\/blog\/hochdruckwetter-sorgt-fuer-waldbrandgefahr\/#breadcrumb"},"inLanguage":"de","potentialAction":[{"@type":"ReadAction","target":["https:\/\/die-wetterversicherung.de\/blog\/hochdruckwetter-sorgt-fuer-waldbrandgefahr\/"]}]},{"@type":"ImageObject","inLanguage":"de","@id":"https:\/\/die-wetterversicherung.de\/blog\/hochdruckwetter-sorgt-fuer-waldbrandgefahr\/#primaryimage","url":"https:\/\/die-wetterversicherung.de\/blog\/wp-content\/uploads\/2015\/04\/Waldbrand\u00a9Ylvers-pixabay.jpg","contentUrl":"https:\/\/die-wetterversicherung.de\/blog\/wp-content\/uploads\/2015\/04\/Waldbrand\u00a9Ylvers-pixabay.jpg","width":1280,"height":845,"caption":"Foto: Ylvers\/pixabay.com"},{"@type":"BreadcrumbList","@id":"https:\/\/die-wetterversicherung.de\/blog\/hochdruckwetter-sorgt-fuer-waldbrandgefahr\/#breadcrumb","itemListElement":[{"@type":"ListItem","position":1,"name":"Startseite","item":"https:\/\/die-wetterversicherung.de\/blog\/"},{"@type":"ListItem","position":2,"name":"Hochdruckwetter sorgt f\u00fcr Waldbrandgefahr"}]},{"@type":"WebSite","@id":"https:\/\/die-wetterversicherung.de\/blog\/#website","url":"https:\/\/die-wetterversicherung.de\/blog\/","name":"die-wetterversicherung.de","description":"Wetterversicherung-Blog","potentialAction":[{"@type":"SearchAction","target":{"@type":"EntryPoint","urlTemplate":"https:\/\/die-wetterversicherung.de\/blog\/?s={search_term_string}"},"query-input":{"@type":"PropertyValueSpecification","valueRequired":true,"valueName":"search_term_string"}}],"inLanguage":"de"},{"@type":"Person","@id":"https:\/\/die-wetterversicherung.de\/blog\/#\/schema\/person\/ece359d1fb2756d4f371d523c75b881a","name":"admin","url":"https:\/\/die-wetterversicherung.de\/blog\/author\/admin\/"}]}},"_links":{"self":[{"href":"https:\/\/die-wetterversicherung.de\/blog\/wp-json\/wp\/v2\/posts\/1219","targetHints":{"allow":["GET"]}}],"collection":[{"href":"https:\/\/die-wetterversicherung.de\/blog\/wp-json\/wp\/v2\/posts"}],"about":[{"href":"https:\/\/die-wetterversicherung.de\/blog\/wp-json\/wp\/v2\/types\/post"}],"author":[{"embeddable":true,"href":"https:\/\/die-wetterversicherung.de\/blog\/wp-json\/wp\/v2\/users\/5"}],"replies":[{"embeddable":true,"href":"https:\/\/die-wetterversicherung.de\/blog\/wp-json\/wp\/v2\/comments?post=1219"}],"version-history":[{"count":2,"href":"https:\/\/die-wetterversicherung.de\/blog\/wp-json\/wp\/v2\/posts\/1219\/revisions"}],"predecessor-version":[{"id":1222,"href":"https:\/\/die-wetterversicherung.de\/blog\/wp-json\/wp\/v2\/posts\/1219\/revisions\/1222"}],"wp:featuredmedia":[{"embeddable":true,"href":"https:\/\/die-wetterversicherung.de\/blog\/wp-json\/wp\/v2\/media\/1220"}],"wp:attachment":[{"href":"https:\/\/die-wetterversicherung.de\/blog\/wp-json\/wp\/v2\/media?parent=1219"}],"wp:term":[{"taxonomy":"category","embeddable":true,"href":"https:\/\/die-wetterversicherung.de\/blog\/wp-json\/wp\/v2\/categories?post=1219"},{"taxonomy":"post_tag","embeddable":true,"href":"https:\/\/die-wetterversicherung.de\/blog\/wp-json\/wp\/v2\/tags?post=1219"}],"curies":[{"name":"wp","href":"https:\/\/api.w.org\/{rel}","templated":true}]}}