{"id":1202,"date":"2015-04-01T10:40:31","date_gmt":"2015-04-01T08:40:31","guid":{"rendered":"https:\/\/die-wetterversicherung.de\/?p=1202"},"modified":"2015-04-01T10:40:31","modified_gmt":"2015-04-01T08:40:31","slug":"april-zeigt-charakter","status":"publish","type":"post","link":"https:\/\/die-wetterversicherung.de\/blog\/april-zeigt-charakter\/","title":{"rendered":"April zeigt Charakter"},"content":{"rendered":"<div id=\"attachment_1203\" style=\"width: 1500px\" class=\"wp-caption aligncenter\"><a href=\"https:\/\/die-wetterversicherung.de\/wp-content\/uploads\/2015\/04\/Kaiserlind\u00a9PI-Neunkirchen.jpg\"><img loading=\"lazy\" decoding=\"async\" aria-describedby=\"caption-attachment-1203\" class=\"size-full wp-image-1203\" src=\"https:\/\/die-wetterversicherung.de\/wp-content\/uploads\/2015\/04\/Kaiserlind\u00a9PI-Neunkirchen.jpg\" alt=\"Gefallenes Wahrzeichen: So wie der ber\u00fchmten saarl\u00e4ndischen Kaiserlinde erging es in den vergangenen Tage vielen B\u00e4umen. Foto: Polizeiinspektion Neunkirchen\/Saar\" width=\"1500\" height=\"987\" srcset=\"https:\/\/die-wetterversicherung.de\/blog\/wp-content\/uploads\/2015\/04\/Kaiserlind\u00a9PI-Neunkirchen.jpg 1500w, https:\/\/die-wetterversicherung.de\/blog\/wp-content\/uploads\/2015\/04\/Kaiserlind\u00a9PI-Neunkirchen-300x197.jpg 300w, https:\/\/die-wetterversicherung.de\/blog\/wp-content\/uploads\/2015\/04\/Kaiserlind\u00a9PI-Neunkirchen-1024x674.jpg 1024w\" sizes=\"auto, (max-width: 1500px) 100vw, 1500px\" \/><\/a><p id=\"caption-attachment-1203\" class=\"wp-caption-text\">Gefallenes Wahrzeichen: So wie der ber\u00fchmten saarl\u00e4ndischen Kaiserlinde erging es in den vergangenen Tage vielen B\u00e4umen. Foto: Polizeiinspektion Neunkirchen\/Saar<\/p><\/div>\n<p><b><i>Sturmb\u00f6en, Sonne, Regen, Graupelschauer, wieder Sonne. Der April entspricht dieses Jahr seinem Klischee wie schon lange nicht mehr &#8211; und das schon seit M\u00e4rz.<\/i><\/b><\/p>\n<p>Gepr\u00e4gt ist die derzeitige Wettersituation immer noch vom Orkantief \u201eNiklas\u201c, das von Schottland ausgehend f\u00fcr das Sturmfeld \u00fcber Deutschland verantwortlich ist. Mit bis zu 140 km\/h, gemessen im Schwarzwald, braust der Sturm \u00fcber die Bundesrepublik und scheint sich auch nicht zu beruhigen. Im Gebirge \u00fcber 1.500 Meter sind die B\u00f6en noch schneller unterwegs.<\/p>\n<p>Optisch pr\u00e4sentiert sich das Tief mit aufquellenden Haufenwolken, die sich aber mit strahlendblauem Himmel, Regen und sogar hagel\u00e4hnlichen Schauern abwechseln. Der Wechsel geht nahezu im Minutentakt vonstatten. Auch die n\u00e4chsten Tage bleiben durch die kr\u00e4ftige nordwestliche Str\u00f6mung st\u00fcrmisch, die Sturmb\u00f6en nehmen sich aber etwas zur\u00fcck. \u201eErst zum Karfreitag und Ostersamstag schw\u00e4cht sich der Wind merklich ab.\u201c, wei\u00df Diplom-Metereologe Lars Kirchh\u00fcbel vom Deutschen Wetterdienst (DWD).<\/p>\n<p><b>Sch\u00e4den vorwiegend durch B\u00e4ume<\/b><br \/>\n\u201eNiklas\u201c behindert nicht nur Bahn-, Stra\u00dfen- und Flugverkehr, sondern hat auch zahlreiche Sch\u00e4den hinterlassen. Vor allem umst\u00fcrzende B\u00e4ume und herumfliegende Dachziegel sorgten und sorgen immer noch f\u00fcr Chaos. Der M\u00fcnchner Hauptbahnhof musste wegen Besch\u00e4digung der Dachkonstruktion evakuiert werden, die Berliner Feuerwehr hat den Ausnahmezustand ausgerufen. Sogar Tote sind zu beklagen: In Deutschland, \u00d6sterreich und der Schweiz kamen insgesamt mindestens neun Menschen bei Unf\u00e4llen ums Leben. Wie die FAZ schreibt, wurden in Bayern und Rheinland-Pfalz eine Frau und zwei M\u00e4nner von umst\u00fcrzenden B\u00e4umen erschlagen, in Sachsen-Anhalt wurde ein Mann durch eine umst\u00fcrzende Mauer get\u00f6tet. Auf der A95 in Bayern kam ein Mann durch Hagel (!) ums Leben.<\/p>\n<p>Hamburg kam im Vergleich zu anderen Sturmfluten in der Vergangenheit fast ungeschoren davon. Die f\u00fcr Mittwochmorgen angek\u00fcndigte Sturmflut war weniger dramatisch als im Vorfeld erwartet. Die bef\u00fcrchtete \u00dcberflutung des Fischmarktes in St. Pauli blieb aus. Das Saarland im \u00e4u\u00dfersten Westen der Bundesrepublik trauert um ein Wahrzeichen: In der Gemeinde Spiesen-Elversberg wurde die \u201eKaiserlinde\u201c durch eine Sturmb\u00f6e entwurzelt und ist somit unwiederbringlich verloren. Der alte, etwa 2 Meter dicke Baum stand unter Denkmalschutz und hat unter anderem dem \u201eWaldstadion Kaiserlinde\u201c des S\u00fcdwest-Ligisten SV 07 Elversberg ihren Namen gegeben. Der Baum hat zwar zwei Autos touchiert, verletzt wurde in diesem Fall aber zum Gl\u00fcck niemand.<\/p>\n","protected":false},"excerpt":{"rendered":"<p>Sturmb\u00f6en, Sonne, Regen, Graupelschauer, wieder Sonne. Der April entspricht dieses Jahr seinem Klischee wie schon lange nicht mehr &#8211; und das schon seit M\u00e4rz. Gepr\u00e4gt ist die derzeitige Wettersituation immer noch vom Orkantief \u201eNiklas\u201c, das von Schottland ausgehend f\u00fcr das Sturmfeld \u00fcber Deutschland verantwortlich ist. Mit bis zu 140 km\/h, gemessen im Schwarzwald, braust der &hellip; <\/p>\n<p><a class=\"more-link btn\" href=\"https:\/\/die-wetterversicherung.de\/blog\/april-zeigt-charakter\/\">Weiterlesen<\/a><\/p>\n","protected":false},"author":5,"featured_media":1203,"comment_status":"open","ping_status":"closed","sticky":false,"template":"","format":"standard","meta":{"footnotes":""},"categories":[5],"tags":[],"class_list":["post-1202","post","type-post","status-publish","format-standard","has-post-thumbnail","hentry","category-wetter-extrem","item-wrap"],"yoast_head":"<!-- This site is optimized with the Yoast SEO plugin v26.4 - https:\/\/yoast.com\/wordpress\/plugins\/seo\/ -->\n<title>April zeigt Charakter - die-wetterversicherung.de<\/title>\n<meta name=\"robots\" content=\"index, follow, max-snippet:-1, max-image-preview:large, max-video-preview:-1\" \/>\n<link rel=\"canonical\" href=\"https:\/\/die-wetterversicherung.de\/blog\/april-zeigt-charakter\/\" \/>\n<meta property=\"og:locale\" content=\"de_DE\" \/>\n<meta property=\"og:type\" content=\"article\" \/>\n<meta property=\"og:title\" content=\"April zeigt Charakter - die-wetterversicherung.de\" \/>\n<meta property=\"og:description\" content=\"Sturmb\u00f6en, Sonne, Regen, Graupelschauer, wieder Sonne. Der April entspricht dieses Jahr seinem Klischee wie schon lange nicht mehr &#8211; und das schon seit M\u00e4rz. Gepr\u00e4gt ist die derzeitige Wettersituation immer noch vom Orkantief \u201eNiklas\u201c, das von Schottland ausgehend f\u00fcr das Sturmfeld \u00fcber Deutschland verantwortlich ist. Mit bis zu 140 km\/h, gemessen im Schwarzwald, braust der &hellip; Weiterlesen\" \/>\n<meta property=\"og:url\" content=\"https:\/\/die-wetterversicherung.de\/blog\/april-zeigt-charakter\/\" \/>\n<meta property=\"og:site_name\" content=\"die-wetterversicherung.de\" \/>\n<meta property=\"article:publisher\" content=\"https:\/\/www.facebook.com\/diewetterversicherung\" \/>\n<meta property=\"article:published_time\" content=\"2015-04-01T08:40:31+00:00\" \/>\n<meta property=\"og:image\" content=\"https:\/\/die-wetterversicherung.de\/blog\/wp-content\/uploads\/2015\/04\/Kaiserlind\u00a9PI-Neunkirchen.jpg\" \/>\n\t<meta property=\"og:image:width\" content=\"1500\" \/>\n\t<meta property=\"og:image:height\" content=\"987\" \/>\n\t<meta property=\"og:image:type\" content=\"image\/jpeg\" \/>\n<meta name=\"author\" content=\"admin\" \/>\n<meta name=\"twitter:card\" content=\"summary_large_image\" \/>\n<meta name=\"twitter:label1\" content=\"Verfasst von\" \/>\n\t<meta name=\"twitter:data1\" content=\"admin\" \/>\n\t<meta name=\"twitter:label2\" content=\"Gesch\u00e4tzte Lesezeit\" \/>\n\t<meta name=\"twitter:data2\" content=\"2\u00a0Minuten\" \/>\n<script type=\"application\/ld+json\" class=\"yoast-schema-graph\">{\"@context\":\"https:\/\/schema.org\",\"@graph\":[{\"@type\":\"WebPage\",\"@id\":\"https:\/\/die-wetterversicherung.de\/blog\/april-zeigt-charakter\/\",\"url\":\"https:\/\/die-wetterversicherung.de\/blog\/april-zeigt-charakter\/\",\"name\":\"April zeigt Charakter - die-wetterversicherung.de\",\"isPartOf\":{\"@id\":\"https:\/\/die-wetterversicherung.de\/blog\/#website\"},\"primaryImageOfPage\":{\"@id\":\"https:\/\/die-wetterversicherung.de\/blog\/april-zeigt-charakter\/#primaryimage\"},\"image\":{\"@id\":\"https:\/\/die-wetterversicherung.de\/blog\/april-zeigt-charakter\/#primaryimage\"},\"thumbnailUrl\":\"https:\/\/die-wetterversicherung.de\/blog\/wp-content\/uploads\/2015\/04\/Kaiserlind\u00a9PI-Neunkirchen.jpg\",\"datePublished\":\"2015-04-01T08:40:31+00:00\",\"author\":{\"@id\":\"https:\/\/die-wetterversicherung.de\/blog\/#\/schema\/person\/ece359d1fb2756d4f371d523c75b881a\"},\"breadcrumb\":{\"@id\":\"https:\/\/die-wetterversicherung.de\/blog\/april-zeigt-charakter\/#breadcrumb\"},\"inLanguage\":\"de\",\"potentialAction\":[{\"@type\":\"ReadAction\",\"target\":[\"https:\/\/die-wetterversicherung.de\/blog\/april-zeigt-charakter\/\"]}]},{\"@type\":\"ImageObject\",\"inLanguage\":\"de\",\"@id\":\"https:\/\/die-wetterversicherung.de\/blog\/april-zeigt-charakter\/#primaryimage\",\"url\":\"https:\/\/die-wetterversicherung.de\/blog\/wp-content\/uploads\/2015\/04\/Kaiserlind\u00a9PI-Neunkirchen.jpg\",\"contentUrl\":\"https:\/\/die-wetterversicherung.de\/blog\/wp-content\/uploads\/2015\/04\/Kaiserlind\u00a9PI-Neunkirchen.jpg\",\"width\":1500,\"height\":987,\"caption\":\"Gefallenes Wahrzeichen: So wie der ber\u00fchmten saarl\u00e4ndischen Kaiserlinde erging es in den vergangenen Tage vielen B\u00e4umen. Foto: Polizeiinspektion Neunkirchen\/Saar\"},{\"@type\":\"BreadcrumbList\",\"@id\":\"https:\/\/die-wetterversicherung.de\/blog\/april-zeigt-charakter\/#breadcrumb\",\"itemListElement\":[{\"@type\":\"ListItem\",\"position\":1,\"name\":\"Startseite\",\"item\":\"https:\/\/die-wetterversicherung.de\/blog\/\"},{\"@type\":\"ListItem\",\"position\":2,\"name\":\"April zeigt Charakter\"}]},{\"@type\":\"WebSite\",\"@id\":\"https:\/\/die-wetterversicherung.de\/blog\/#website\",\"url\":\"https:\/\/die-wetterversicherung.de\/blog\/\",\"name\":\"die-wetterversicherung.de\",\"description\":\"Wetterversicherung-Blog\",\"potentialAction\":[{\"@type\":\"SearchAction\",\"target\":{\"@type\":\"EntryPoint\",\"urlTemplate\":\"https:\/\/die-wetterversicherung.de\/blog\/?s={search_term_string}\"},\"query-input\":{\"@type\":\"PropertyValueSpecification\",\"valueRequired\":true,\"valueName\":\"search_term_string\"}}],\"inLanguage\":\"de\"},{\"@type\":\"Person\",\"@id\":\"https:\/\/die-wetterversicherung.de\/blog\/#\/schema\/person\/ece359d1fb2756d4f371d523c75b881a\",\"name\":\"admin\",\"url\":\"https:\/\/die-wetterversicherung.de\/blog\/author\/admin\/\"}]}<\/script>\n<!-- \/ Yoast SEO plugin. -->","yoast_head_json":{"title":"April zeigt Charakter - die-wetterversicherung.de","robots":{"index":"index","follow":"follow","max-snippet":"max-snippet:-1","max-image-preview":"max-image-preview:large","max-video-preview":"max-video-preview:-1"},"canonical":"https:\/\/die-wetterversicherung.de\/blog\/april-zeigt-charakter\/","og_locale":"de_DE","og_type":"article","og_title":"April zeigt Charakter - die-wetterversicherung.de","og_description":"Sturmb\u00f6en, Sonne, Regen, Graupelschauer, wieder Sonne. Der April entspricht dieses Jahr seinem Klischee wie schon lange nicht mehr &#8211; und das schon seit M\u00e4rz. Gepr\u00e4gt ist die derzeitige Wettersituation immer noch vom Orkantief \u201eNiklas\u201c, das von Schottland ausgehend f\u00fcr das Sturmfeld \u00fcber Deutschland verantwortlich ist. Mit bis zu 140 km\/h, gemessen im Schwarzwald, braust der &hellip; Weiterlesen","og_url":"https:\/\/die-wetterversicherung.de\/blog\/april-zeigt-charakter\/","og_site_name":"die-wetterversicherung.de","article_publisher":"https:\/\/www.facebook.com\/diewetterversicherung","article_published_time":"2015-04-01T08:40:31+00:00","og_image":[{"width":1500,"height":987,"url":"https:\/\/die-wetterversicherung.de\/blog\/wp-content\/uploads\/2015\/04\/Kaiserlind\u00a9PI-Neunkirchen.jpg","type":"image\/jpeg"}],"author":"admin","twitter_card":"summary_large_image","twitter_misc":{"Verfasst von":"admin","Gesch\u00e4tzte Lesezeit":"2\u00a0Minuten"},"schema":{"@context":"https:\/\/schema.org","@graph":[{"@type":"WebPage","@id":"https:\/\/die-wetterversicherung.de\/blog\/april-zeigt-charakter\/","url":"https:\/\/die-wetterversicherung.de\/blog\/april-zeigt-charakter\/","name":"April zeigt Charakter - die-wetterversicherung.de","isPartOf":{"@id":"https:\/\/die-wetterversicherung.de\/blog\/#website"},"primaryImageOfPage":{"@id":"https:\/\/die-wetterversicherung.de\/blog\/april-zeigt-charakter\/#primaryimage"},"image":{"@id":"https:\/\/die-wetterversicherung.de\/blog\/april-zeigt-charakter\/#primaryimage"},"thumbnailUrl":"https:\/\/die-wetterversicherung.de\/blog\/wp-content\/uploads\/2015\/04\/Kaiserlind\u00a9PI-Neunkirchen.jpg","datePublished":"2015-04-01T08:40:31+00:00","author":{"@id":"https:\/\/die-wetterversicherung.de\/blog\/#\/schema\/person\/ece359d1fb2756d4f371d523c75b881a"},"breadcrumb":{"@id":"https:\/\/die-wetterversicherung.de\/blog\/april-zeigt-charakter\/#breadcrumb"},"inLanguage":"de","potentialAction":[{"@type":"ReadAction","target":["https:\/\/die-wetterversicherung.de\/blog\/april-zeigt-charakter\/"]}]},{"@type":"ImageObject","inLanguage":"de","@id":"https:\/\/die-wetterversicherung.de\/blog\/april-zeigt-charakter\/#primaryimage","url":"https:\/\/die-wetterversicherung.de\/blog\/wp-content\/uploads\/2015\/04\/Kaiserlind\u00a9PI-Neunkirchen.jpg","contentUrl":"https:\/\/die-wetterversicherung.de\/blog\/wp-content\/uploads\/2015\/04\/Kaiserlind\u00a9PI-Neunkirchen.jpg","width":1500,"height":987,"caption":"Gefallenes Wahrzeichen: So wie der ber\u00fchmten saarl\u00e4ndischen Kaiserlinde erging es in den vergangenen Tage vielen B\u00e4umen. Foto: Polizeiinspektion Neunkirchen\/Saar"},{"@type":"BreadcrumbList","@id":"https:\/\/die-wetterversicherung.de\/blog\/april-zeigt-charakter\/#breadcrumb","itemListElement":[{"@type":"ListItem","position":1,"name":"Startseite","item":"https:\/\/die-wetterversicherung.de\/blog\/"},{"@type":"ListItem","position":2,"name":"April zeigt Charakter"}]},{"@type":"WebSite","@id":"https:\/\/die-wetterversicherung.de\/blog\/#website","url":"https:\/\/die-wetterversicherung.de\/blog\/","name":"die-wetterversicherung.de","description":"Wetterversicherung-Blog","potentialAction":[{"@type":"SearchAction","target":{"@type":"EntryPoint","urlTemplate":"https:\/\/die-wetterversicherung.de\/blog\/?s={search_term_string}"},"query-input":{"@type":"PropertyValueSpecification","valueRequired":true,"valueName":"search_term_string"}}],"inLanguage":"de"},{"@type":"Person","@id":"https:\/\/die-wetterversicherung.de\/blog\/#\/schema\/person\/ece359d1fb2756d4f371d523c75b881a","name":"admin","url":"https:\/\/die-wetterversicherung.de\/blog\/author\/admin\/"}]}},"_links":{"self":[{"href":"https:\/\/die-wetterversicherung.de\/blog\/wp-json\/wp\/v2\/posts\/1202","targetHints":{"allow":["GET"]}}],"collection":[{"href":"https:\/\/die-wetterversicherung.de\/blog\/wp-json\/wp\/v2\/posts"}],"about":[{"href":"https:\/\/die-wetterversicherung.de\/blog\/wp-json\/wp\/v2\/types\/post"}],"author":[{"embeddable":true,"href":"https:\/\/die-wetterversicherung.de\/blog\/wp-json\/wp\/v2\/users\/5"}],"replies":[{"embeddable":true,"href":"https:\/\/die-wetterversicherung.de\/blog\/wp-json\/wp\/v2\/comments?post=1202"}],"version-history":[{"count":1,"href":"https:\/\/die-wetterversicherung.de\/blog\/wp-json\/wp\/v2\/posts\/1202\/revisions"}],"predecessor-version":[{"id":1204,"href":"https:\/\/die-wetterversicherung.de\/blog\/wp-json\/wp\/v2\/posts\/1202\/revisions\/1204"}],"wp:featuredmedia":[{"embeddable":true,"href":"https:\/\/die-wetterversicherung.de\/blog\/wp-json\/wp\/v2\/media\/1203"}],"wp:attachment":[{"href":"https:\/\/die-wetterversicherung.de\/blog\/wp-json\/wp\/v2\/media?parent=1202"}],"wp:term":[{"taxonomy":"category","embeddable":true,"href":"https:\/\/die-wetterversicherung.de\/blog\/wp-json\/wp\/v2\/categories?post=1202"},{"taxonomy":"post_tag","embeddable":true,"href":"https:\/\/die-wetterversicherung.de\/blog\/wp-json\/wp\/v2\/tags?post=1202"}],"curies":[{"name":"wp","href":"https:\/\/api.w.org\/{rel}","templated":true}]}}