{"id":1198,"date":"2015-03-25T14:16:00","date_gmt":"2015-03-25T13:16:00","guid":{"rendered":"https:\/\/die-wetterversicherung.de\/?p=1198"},"modified":"2015-03-25T14:16:00","modified_gmt":"2015-03-25T13:16:00","slug":"faszination-alpenpanorama","status":"publish","type":"post","link":"https:\/\/die-wetterversicherung.de\/blog\/faszination-alpenpanorama\/","title":{"rendered":"Faszination Alpenpanorama"},"content":{"rendered":"<p><b><i>Zahlt es sich aus, heute in der Region wandern zu gehen oder die Ski anzuschnallen? Oder einen Ausflug in die M\u00fcnchner Innenstadt zu planen? Die Panoramabilder des Bayerischen Rundfunks zeigen seit Jahren live im Fernsehen dichten Nebel, sonnendurchflutete Bergt\u00e4ler, erwachende St\u00e4dte und Makroaufnahmen von Regentropfen auf den Kameraobjektiven.<\/i><\/b><\/p>\n<p>Schon lange bevor es Internet, geschweige denn Webcamsgegeben hat, hat das Alpenpanorama des Bayerischen Rundfunks (BR) Tourismusregionen in die Wohnzimmer gebracht. Man kann die ruhigen Bilder mit passender Volksmusik im Hintergrund auch der Kategorie \u201eSlow TV\u201c zuordnen, \u00e4hnlich wie einem \u00fcber Stunden \u00fcber den Bildschirm flackernden Kaminfeuer oder den \u201eSch\u00f6nsten Bahnstrecken\u201c. Denn auch wenn man nicht vor hat, eine der ausgestrahlten Gegenden zu besuchen, die Bilder entspannen und faszinieren zugleich.<\/p>\n<div id=\"attachment_1199\" style=\"width: 300px\" class=\"wp-caption alignright\"><a href=\"https:\/\/die-wetterversicherung.de\/wp-content\/uploads\/2015\/03\/panorama-zuspitze.jpg\"><img loading=\"lazy\" decoding=\"async\" aria-describedby=\"caption-attachment-1199\" class=\"size-medium wp-image-1199\" src=\"https:\/\/die-wetterversicherung.de\/wp-content\/uploads\/2015\/03\/panorama-zuspitze-300x170.jpg\" alt=\"Quelle: Youtube\/WetterkanalBenny\/BR\" width=\"300\" height=\"170\" srcset=\"https:\/\/die-wetterversicherung.de\/blog\/wp-content\/uploads\/2015\/03\/panorama-zuspitze-300x170.jpg 300w, https:\/\/die-wetterversicherung.de\/blog\/wp-content\/uploads\/2015\/03\/panorama-zuspitze.jpg 618w\" sizes=\"auto, (max-width: 300px) 100vw, 300px\" \/><\/a><p id=\"caption-attachment-1199\" class=\"wp-caption-text\">Quelle: Youtube\/WetterkanalBenny\/BR<\/p><\/div>\n<p><b>Wie kommt die Region ins Fernsehen?<\/b><br \/>\n\u201eBei den Panoramabildern im Bayerischen Fernsehen handelt es sich um eine Servicesendung f\u00fcr die Zuschauer \u2013 Wetterinformationen, Temperatur, Schneeh\u00f6he, und so weiter.\u201c, erkl\u00e4rt die zust\u00e4ndige BR-Redakteurin Marianne Riermeier. In die Wege geleitet werden die Live\u00fcbertragungen meist von den jeweiligen Tourismusmanagern, die Interesse haben, die Zuschauer f\u00fcr ihre Region zu begeistern. Sie m\u00fcssen sich dann beim BR bewerben, um ins Programm aufgenommen zu werden. Um die technische Realisierung m\u00fcssen sich die Tourismusverb\u00e4nde selbst k\u00fcmmern. Der Sender verlangt dabei nat\u00fcrlich TV-Qualit\u00e4t, Webcams gehen also nicht.<\/p>\n<p><b>Wer hat\u2019s erfunden?<\/b><br \/>\nErfunden haben die 360-Grad-Panoramakameras in TV-Qualit\u00e4t allerdings nicht die Schweizer, sondern das \u00f6sterreichische Unternehmen Feratel mit Hauptsitz in Innsbruck, die auch f\u00fcr die Montage der Kameras zust\u00e4ndig ist. Sie wird von den Tourismusregionen daf\u00fcr beauftragt. Nicht nur \u00fcber den Bayerischen Rundfunk erreichen Bilder der Feratel-Kameras die Zuschauer. International werden aus 440 Standorten verschiedene Fernsehstationen mit bewegten Wetterbildern beliefert.<\/p>\n<p><b>Stimmungsmache<\/b><br \/>\nMusik tr\u00e4gt einen wesentlichen Teil zur Wirkung von Fernsehbildern bei. Deshalb wird die zur jeweiligen Region passende Musik von der Abteilung Volksmusik des BR in Zusammenarbeit mit dem Volksmusikarchiv in Bruckm\u00fchl ausgew\u00e4hlt.<\/p>\n<p><b>Weitere Infos:<\/b><br \/>\n<a href=\"http:\/\/www.feratel.com\" target=\"_blank\">www.feratel.com<\/a><br \/>\n<a href=\"http:\/\/www.br.de\/fernsehen\/bayerisches-fernsehen\/sendungen\/panoramabilder\/index.html\" target=\"_blank\">www.br.de<\/a><\/p>\n","protected":false},"excerpt":{"rendered":"<p>Zahlt es sich aus, heute in der Region wandern zu gehen oder die Ski anzuschnallen? Oder einen Ausflug in die M\u00fcnchner Innenstadt zu planen? Die Panoramabilder des Bayerischen Rundfunks zeigen seit Jahren live im Fernsehen dichten Nebel, sonnendurchflutete Bergt\u00e4ler, erwachende St\u00e4dte und Makroaufnahmen von Regentropfen auf den Kameraobjektiven. Schon lange bevor es Internet, geschweige denn &hellip; <\/p>\n<p><a class=\"more-link btn\" href=\"https:\/\/die-wetterversicherung.de\/blog\/faszination-alpenpanorama\/\">Weiterlesen<\/a><\/p>\n","protected":false},"author":5,"featured_media":1199,"comment_status":"open","ping_status":"closed","sticky":false,"template":"","format":"standard","meta":{"footnotes":""},"categories":[4],"tags":[],"class_list":["post-1198","post","type-post","status-publish","format-standard","has-post-thumbnail","hentry","category-lasst-uns-ubers-wetter-reden","item-wrap"],"yoast_head":"<!-- This site is optimized with the Yoast SEO plugin v26.4 - https:\/\/yoast.com\/wordpress\/plugins\/seo\/ -->\n<title>Faszination Alpenpanorama - die-wetterversicherung.de<\/title>\n<meta name=\"robots\" content=\"index, follow, max-snippet:-1, max-image-preview:large, max-video-preview:-1\" \/>\n<link rel=\"canonical\" href=\"https:\/\/die-wetterversicherung.de\/blog\/faszination-alpenpanorama\/\" \/>\n<meta property=\"og:locale\" content=\"de_DE\" \/>\n<meta property=\"og:type\" content=\"article\" \/>\n<meta property=\"og:title\" content=\"Faszination Alpenpanorama - die-wetterversicherung.de\" \/>\n<meta property=\"og:description\" content=\"Zahlt es sich aus, heute in der Region wandern zu gehen oder die Ski anzuschnallen? Oder einen Ausflug in die M\u00fcnchner Innenstadt zu planen? Die Panoramabilder des Bayerischen Rundfunks zeigen seit Jahren live im Fernsehen dichten Nebel, sonnendurchflutete Bergt\u00e4ler, erwachende St\u00e4dte und Makroaufnahmen von Regentropfen auf den Kameraobjektiven. Schon lange bevor es Internet, geschweige denn &hellip; Weiterlesen\" \/>\n<meta property=\"og:url\" content=\"https:\/\/die-wetterversicherung.de\/blog\/faszination-alpenpanorama\/\" \/>\n<meta property=\"og:site_name\" content=\"die-wetterversicherung.de\" \/>\n<meta property=\"article:publisher\" content=\"https:\/\/www.facebook.com\/diewetterversicherung\" \/>\n<meta property=\"article:published_time\" content=\"2015-03-25T13:16:00+00:00\" \/>\n<meta property=\"og:image\" content=\"https:\/\/die-wetterversicherung.de\/blog\/wp-content\/uploads\/2015\/03\/panorama-zuspitze.jpg\" \/>\n\t<meta property=\"og:image:width\" content=\"618\" \/>\n\t<meta property=\"og:image:height\" content=\"350\" \/>\n\t<meta property=\"og:image:type\" content=\"image\/jpeg\" \/>\n<meta name=\"author\" content=\"admin\" \/>\n<meta name=\"twitter:card\" content=\"summary_large_image\" \/>\n<meta name=\"twitter:label1\" content=\"Verfasst von\" \/>\n\t<meta name=\"twitter:data1\" content=\"admin\" \/>\n\t<meta name=\"twitter:label2\" content=\"Gesch\u00e4tzte Lesezeit\" \/>\n\t<meta name=\"twitter:data2\" content=\"2\u00a0Minuten\" \/>\n<script type=\"application\/ld+json\" class=\"yoast-schema-graph\">{\"@context\":\"https:\/\/schema.org\",\"@graph\":[{\"@type\":\"WebPage\",\"@id\":\"https:\/\/die-wetterversicherung.de\/blog\/faszination-alpenpanorama\/\",\"url\":\"https:\/\/die-wetterversicherung.de\/blog\/faszination-alpenpanorama\/\",\"name\":\"Faszination Alpenpanorama - die-wetterversicherung.de\",\"isPartOf\":{\"@id\":\"https:\/\/die-wetterversicherung.de\/blog\/#website\"},\"primaryImageOfPage\":{\"@id\":\"https:\/\/die-wetterversicherung.de\/blog\/faszination-alpenpanorama\/#primaryimage\"},\"image\":{\"@id\":\"https:\/\/die-wetterversicherung.de\/blog\/faszination-alpenpanorama\/#primaryimage\"},\"thumbnailUrl\":\"https:\/\/die-wetterversicherung.de\/blog\/wp-content\/uploads\/2015\/03\/panorama-zuspitze.jpg\",\"datePublished\":\"2015-03-25T13:16:00+00:00\",\"author\":{\"@id\":\"https:\/\/die-wetterversicherung.de\/blog\/#\/schema\/person\/ece359d1fb2756d4f371d523c75b881a\"},\"breadcrumb\":{\"@id\":\"https:\/\/die-wetterversicherung.de\/blog\/faszination-alpenpanorama\/#breadcrumb\"},\"inLanguage\":\"de\",\"potentialAction\":[{\"@type\":\"ReadAction\",\"target\":[\"https:\/\/die-wetterversicherung.de\/blog\/faszination-alpenpanorama\/\"]}]},{\"@type\":\"ImageObject\",\"inLanguage\":\"de\",\"@id\":\"https:\/\/die-wetterversicherung.de\/blog\/faszination-alpenpanorama\/#primaryimage\",\"url\":\"https:\/\/die-wetterversicherung.de\/blog\/wp-content\/uploads\/2015\/03\/panorama-zuspitze.jpg\",\"contentUrl\":\"https:\/\/die-wetterversicherung.de\/blog\/wp-content\/uploads\/2015\/03\/panorama-zuspitze.jpg\",\"width\":618,\"height\":350,\"caption\":\"Quelle: Youtube\/WetterkanalBenny\/BR\"},{\"@type\":\"BreadcrumbList\",\"@id\":\"https:\/\/die-wetterversicherung.de\/blog\/faszination-alpenpanorama\/#breadcrumb\",\"itemListElement\":[{\"@type\":\"ListItem\",\"position\":1,\"name\":\"Startseite\",\"item\":\"https:\/\/die-wetterversicherung.de\/blog\/\"},{\"@type\":\"ListItem\",\"position\":2,\"name\":\"Faszination Alpenpanorama\"}]},{\"@type\":\"WebSite\",\"@id\":\"https:\/\/die-wetterversicherung.de\/blog\/#website\",\"url\":\"https:\/\/die-wetterversicherung.de\/blog\/\",\"name\":\"die-wetterversicherung.de\",\"description\":\"Wetterversicherung-Blog\",\"potentialAction\":[{\"@type\":\"SearchAction\",\"target\":{\"@type\":\"EntryPoint\",\"urlTemplate\":\"https:\/\/die-wetterversicherung.de\/blog\/?s={search_term_string}\"},\"query-input\":{\"@type\":\"PropertyValueSpecification\",\"valueRequired\":true,\"valueName\":\"search_term_string\"}}],\"inLanguage\":\"de\"},{\"@type\":\"Person\",\"@id\":\"https:\/\/die-wetterversicherung.de\/blog\/#\/schema\/person\/ece359d1fb2756d4f371d523c75b881a\",\"name\":\"admin\",\"url\":\"https:\/\/die-wetterversicherung.de\/blog\/author\/admin\/\"}]}<\/script>\n<!-- \/ Yoast SEO plugin. -->","yoast_head_json":{"title":"Faszination Alpenpanorama - die-wetterversicherung.de","robots":{"index":"index","follow":"follow","max-snippet":"max-snippet:-1","max-image-preview":"max-image-preview:large","max-video-preview":"max-video-preview:-1"},"canonical":"https:\/\/die-wetterversicherung.de\/blog\/faszination-alpenpanorama\/","og_locale":"de_DE","og_type":"article","og_title":"Faszination Alpenpanorama - die-wetterversicherung.de","og_description":"Zahlt es sich aus, heute in der Region wandern zu gehen oder die Ski anzuschnallen? Oder einen Ausflug in die M\u00fcnchner Innenstadt zu planen? Die Panoramabilder des Bayerischen Rundfunks zeigen seit Jahren live im Fernsehen dichten Nebel, sonnendurchflutete Bergt\u00e4ler, erwachende St\u00e4dte und Makroaufnahmen von Regentropfen auf den Kameraobjektiven. Schon lange bevor es Internet, geschweige denn &hellip; Weiterlesen","og_url":"https:\/\/die-wetterversicherung.de\/blog\/faszination-alpenpanorama\/","og_site_name":"die-wetterversicherung.de","article_publisher":"https:\/\/www.facebook.com\/diewetterversicherung","article_published_time":"2015-03-25T13:16:00+00:00","og_image":[{"width":618,"height":350,"url":"https:\/\/die-wetterversicherung.de\/blog\/wp-content\/uploads\/2015\/03\/panorama-zuspitze.jpg","type":"image\/jpeg"}],"author":"admin","twitter_card":"summary_large_image","twitter_misc":{"Verfasst von":"admin","Gesch\u00e4tzte Lesezeit":"2\u00a0Minuten"},"schema":{"@context":"https:\/\/schema.org","@graph":[{"@type":"WebPage","@id":"https:\/\/die-wetterversicherung.de\/blog\/faszination-alpenpanorama\/","url":"https:\/\/die-wetterversicherung.de\/blog\/faszination-alpenpanorama\/","name":"Faszination Alpenpanorama - die-wetterversicherung.de","isPartOf":{"@id":"https:\/\/die-wetterversicherung.de\/blog\/#website"},"primaryImageOfPage":{"@id":"https:\/\/die-wetterversicherung.de\/blog\/faszination-alpenpanorama\/#primaryimage"},"image":{"@id":"https:\/\/die-wetterversicherung.de\/blog\/faszination-alpenpanorama\/#primaryimage"},"thumbnailUrl":"https:\/\/die-wetterversicherung.de\/blog\/wp-content\/uploads\/2015\/03\/panorama-zuspitze.jpg","datePublished":"2015-03-25T13:16:00+00:00","author":{"@id":"https:\/\/die-wetterversicherung.de\/blog\/#\/schema\/person\/ece359d1fb2756d4f371d523c75b881a"},"breadcrumb":{"@id":"https:\/\/die-wetterversicherung.de\/blog\/faszination-alpenpanorama\/#breadcrumb"},"inLanguage":"de","potentialAction":[{"@type":"ReadAction","target":["https:\/\/die-wetterversicherung.de\/blog\/faszination-alpenpanorama\/"]}]},{"@type":"ImageObject","inLanguage":"de","@id":"https:\/\/die-wetterversicherung.de\/blog\/faszination-alpenpanorama\/#primaryimage","url":"https:\/\/die-wetterversicherung.de\/blog\/wp-content\/uploads\/2015\/03\/panorama-zuspitze.jpg","contentUrl":"https:\/\/die-wetterversicherung.de\/blog\/wp-content\/uploads\/2015\/03\/panorama-zuspitze.jpg","width":618,"height":350,"caption":"Quelle: Youtube\/WetterkanalBenny\/BR"},{"@type":"BreadcrumbList","@id":"https:\/\/die-wetterversicherung.de\/blog\/faszination-alpenpanorama\/#breadcrumb","itemListElement":[{"@type":"ListItem","position":1,"name":"Startseite","item":"https:\/\/die-wetterversicherung.de\/blog\/"},{"@type":"ListItem","position":2,"name":"Faszination Alpenpanorama"}]},{"@type":"WebSite","@id":"https:\/\/die-wetterversicherung.de\/blog\/#website","url":"https:\/\/die-wetterversicherung.de\/blog\/","name":"die-wetterversicherung.de","description":"Wetterversicherung-Blog","potentialAction":[{"@type":"SearchAction","target":{"@type":"EntryPoint","urlTemplate":"https:\/\/die-wetterversicherung.de\/blog\/?s={search_term_string}"},"query-input":{"@type":"PropertyValueSpecification","valueRequired":true,"valueName":"search_term_string"}}],"inLanguage":"de"},{"@type":"Person","@id":"https:\/\/die-wetterversicherung.de\/blog\/#\/schema\/person\/ece359d1fb2756d4f371d523c75b881a","name":"admin","url":"https:\/\/die-wetterversicherung.de\/blog\/author\/admin\/"}]}},"_links":{"self":[{"href":"https:\/\/die-wetterversicherung.de\/blog\/wp-json\/wp\/v2\/posts\/1198","targetHints":{"allow":["GET"]}}],"collection":[{"href":"https:\/\/die-wetterversicherung.de\/blog\/wp-json\/wp\/v2\/posts"}],"about":[{"href":"https:\/\/die-wetterversicherung.de\/blog\/wp-json\/wp\/v2\/types\/post"}],"author":[{"embeddable":true,"href":"https:\/\/die-wetterversicherung.de\/blog\/wp-json\/wp\/v2\/users\/5"}],"replies":[{"embeddable":true,"href":"https:\/\/die-wetterversicherung.de\/blog\/wp-json\/wp\/v2\/comments?post=1198"}],"version-history":[{"count":2,"href":"https:\/\/die-wetterversicherung.de\/blog\/wp-json\/wp\/v2\/posts\/1198\/revisions"}],"predecessor-version":[{"id":1201,"href":"https:\/\/die-wetterversicherung.de\/blog\/wp-json\/wp\/v2\/posts\/1198\/revisions\/1201"}],"wp:featuredmedia":[{"embeddable":true,"href":"https:\/\/die-wetterversicherung.de\/blog\/wp-json\/wp\/v2\/media\/1199"}],"wp:attachment":[{"href":"https:\/\/die-wetterversicherung.de\/blog\/wp-json\/wp\/v2\/media?parent=1198"}],"wp:term":[{"taxonomy":"category","embeddable":true,"href":"https:\/\/die-wetterversicherung.de\/blog\/wp-json\/wp\/v2\/categories?post=1198"},{"taxonomy":"post_tag","embeddable":true,"href":"https:\/\/die-wetterversicherung.de\/blog\/wp-json\/wp\/v2\/tags?post=1198"}],"curies":[{"name":"wp","href":"https:\/\/api.w.org\/{rel}","templated":true}]}}