{"id":1191,"date":"2015-03-18T13:57:13","date_gmt":"2015-03-18T12:57:13","guid":{"rendered":"https:\/\/die-wetterversicherung.de\/?p=1191"},"modified":"2015-03-18T14:02:05","modified_gmt":"2015-03-18T13:02:05","slug":"ist-der-sommer-dieses-jahr-im-fruehling","status":"publish","type":"post","link":"https:\/\/die-wetterversicherung.de\/blog\/ist-der-sommer-dieses-jahr-im-fruehling\/","title":{"rendered":"Ist der Sommer dieses Jahr im Fr\u00fchling?"},"content":{"rendered":"<p><b><i>\u00dcber das laufende Fr\u00fchjahr gibt es bisher nichts zu meckern: weitgehend Sonne, Temperaturen bis 18 Grad Celsius. Doch der Sommer k\u00f6nnte 2015 ausfallen.<\/i><\/b><\/p>\n<p>Wer dieses Jahr die Sonne genie\u00dfen, sich mit Freunden im Biergarten treffen oder geplante Au\u00dfenarbeiten erledigen will, sollte das jetzt tun. Die Durchschnittstemperatur liegt bereits 1,3 Grad \u00fcber dem langj\u00e4hrigen Jahresmittel, das durchschnittliche Sonnenschein-Soll liegt bereits jetzt bei 45 Prozent, das Niederschlags-Soll erst bei 22 Prozent. Lediglich vereinzelt soll es im Osten zu vereinzelten Regenschauern kommen. Aber was der Fr\u00fchling verspricht, wird der Sommer laut Wetterportal wetter.net nicht halten.<\/p>\n<p>Denn der Sommer soll nass und d\u00fcster werden. Das Portal beruft sich dabei auf den Langfrist-Trend des US-Wetterdienstes NOAA. wetter.net-Diplommeteorologe Dominik Jung versucht aber zu beruhigen. \u201eDas ist keine echte Wettervorhersage, wirklich nur ein grober Trend.\u201c, so der Experte. Dass diese langfristigen Europa-Vorhersagen aus den USA aber eine Trefferquote von 50 Prozent haben, wei\u00df er aus den Statistiken.<\/p>\n<p>Wie sind eure Erfahrungen mit Wettervorhersagen? Sind sie zuverl\u00e4ssig?<\/p>\n<div id=\"attachment_1192\" style=\"width: 1024px\" class=\"wp-caption aligncenter\"><img loading=\"lazy\" decoding=\"async\" aria-describedby=\"caption-attachment-1192\" class=\"wp-image-1192 size-large\" src=\"https:\/\/die-wetterversicherung.de\/wp-content\/uploads\/2015\/03\/sonnenuntergang@pixabay-1024x720.jpg\" alt=\"Foto: pixabay\" width=\"1024\" height=\"720\" srcset=\"https:\/\/die-wetterversicherung.de\/blog\/wp-content\/uploads\/2015\/03\/sonnenuntergang@pixabay-1024x720.jpg 1024w, https:\/\/die-wetterversicherung.de\/blog\/wp-content\/uploads\/2015\/03\/sonnenuntergang@pixabay-300x211.jpg 300w, https:\/\/die-wetterversicherung.de\/blog\/wp-content\/uploads\/2015\/03\/sonnenuntergang@pixabay.jpg 1280w\" sizes=\"auto, (max-width: 1024px) 100vw, 1024px\" \/><p id=\"caption-attachment-1192\" class=\"wp-caption-text\">Foto: pixabay<\/p><\/div>\n","protected":false},"excerpt":{"rendered":"<p>\u00dcber das laufende Fr\u00fchjahr gibt es bisher nichts zu meckern: weitgehend Sonne, Temperaturen bis 18 Grad Celsius. Doch der Sommer k\u00f6nnte 2015 ausfallen. Wer dieses Jahr die Sonne genie\u00dfen, sich mit Freunden im Biergarten treffen oder geplante Au\u00dfenarbeiten erledigen will, sollte das jetzt tun. Die Durchschnittstemperatur liegt bereits 1,3 Grad \u00fcber dem langj\u00e4hrigen Jahresmittel, das &hellip; <\/p>\n<p><a class=\"more-link btn\" href=\"https:\/\/die-wetterversicherung.de\/blog\/ist-der-sommer-dieses-jahr-im-fruehling\/\">Weiterlesen<\/a><\/p>\n","protected":false},"author":5,"featured_media":1192,"comment_status":"open","ping_status":"closed","sticky":false,"template":"","format":"standard","meta":{"footnotes":""},"categories":[4],"tags":[],"class_list":["post-1191","post","type-post","status-publish","format-standard","has-post-thumbnail","hentry","category-lasst-uns-ubers-wetter-reden","item-wrap"],"yoast_head":"<!-- This site is optimized with the Yoast SEO plugin v26.4 - https:\/\/yoast.com\/wordpress\/plugins\/seo\/ -->\n<title>Ist der Sommer dieses Jahr im Fr\u00fchling? - die-wetterversicherung.de<\/title>\n<meta name=\"robots\" content=\"index, follow, max-snippet:-1, max-image-preview:large, max-video-preview:-1\" \/>\n<link rel=\"canonical\" href=\"https:\/\/die-wetterversicherung.de\/blog\/ist-der-sommer-dieses-jahr-im-fruehling\/\" \/>\n<meta property=\"og:locale\" content=\"de_DE\" \/>\n<meta property=\"og:type\" content=\"article\" \/>\n<meta property=\"og:title\" content=\"Ist der Sommer dieses Jahr im Fr\u00fchling? - die-wetterversicherung.de\" \/>\n<meta property=\"og:description\" content=\"\u00dcber das laufende Fr\u00fchjahr gibt es bisher nichts zu meckern: weitgehend Sonne, Temperaturen bis 18 Grad Celsius. Doch der Sommer k\u00f6nnte 2015 ausfallen. Wer dieses Jahr die Sonne genie\u00dfen, sich mit Freunden im Biergarten treffen oder geplante Au\u00dfenarbeiten erledigen will, sollte das jetzt tun. Die Durchschnittstemperatur liegt bereits 1,3 Grad \u00fcber dem langj\u00e4hrigen Jahresmittel, das &hellip; Weiterlesen\" \/>\n<meta property=\"og:url\" content=\"https:\/\/die-wetterversicherung.de\/blog\/ist-der-sommer-dieses-jahr-im-fruehling\/\" \/>\n<meta property=\"og:site_name\" content=\"die-wetterversicherung.de\" \/>\n<meta property=\"article:publisher\" content=\"https:\/\/www.facebook.com\/diewetterversicherung\" \/>\n<meta property=\"article:published_time\" content=\"2015-03-18T12:57:13+00:00\" \/>\n<meta property=\"article:modified_time\" content=\"2015-03-18T13:02:05+00:00\" \/>\n<meta property=\"og:image\" content=\"https:\/\/die-wetterversicherung.de\/blog\/wp-content\/uploads\/2015\/03\/sonnenuntergang@pixabay.jpg\" \/>\n\t<meta property=\"og:image:width\" content=\"1280\" \/>\n\t<meta property=\"og:image:height\" content=\"900\" \/>\n\t<meta property=\"og:image:type\" content=\"image\/jpeg\" \/>\n<meta name=\"author\" content=\"admin\" \/>\n<meta name=\"twitter:card\" content=\"summary_large_image\" \/>\n<meta name=\"twitter:label1\" content=\"Verfasst von\" \/>\n\t<meta name=\"twitter:data1\" content=\"admin\" \/>\n\t<meta name=\"twitter:label2\" content=\"Gesch\u00e4tzte Lesezeit\" \/>\n\t<meta name=\"twitter:data2\" content=\"1\u00a0Minute\" \/>\n<script type=\"application\/ld+json\" class=\"yoast-schema-graph\">{\"@context\":\"https:\/\/schema.org\",\"@graph\":[{\"@type\":\"WebPage\",\"@id\":\"https:\/\/die-wetterversicherung.de\/blog\/ist-der-sommer-dieses-jahr-im-fruehling\/\",\"url\":\"https:\/\/die-wetterversicherung.de\/blog\/ist-der-sommer-dieses-jahr-im-fruehling\/\",\"name\":\"Ist der Sommer dieses Jahr im Fr\u00fchling? - die-wetterversicherung.de\",\"isPartOf\":{\"@id\":\"https:\/\/die-wetterversicherung.de\/blog\/#website\"},\"primaryImageOfPage\":{\"@id\":\"https:\/\/die-wetterversicherung.de\/blog\/ist-der-sommer-dieses-jahr-im-fruehling\/#primaryimage\"},\"image\":{\"@id\":\"https:\/\/die-wetterversicherung.de\/blog\/ist-der-sommer-dieses-jahr-im-fruehling\/#primaryimage\"},\"thumbnailUrl\":\"https:\/\/die-wetterversicherung.de\/blog\/wp-content\/uploads\/2015\/03\/sonnenuntergang@pixabay.jpg\",\"datePublished\":\"2015-03-18T12:57:13+00:00\",\"dateModified\":\"2015-03-18T13:02:05+00:00\",\"author\":{\"@id\":\"https:\/\/die-wetterversicherung.de\/blog\/#\/schema\/person\/ece359d1fb2756d4f371d523c75b881a\"},\"breadcrumb\":{\"@id\":\"https:\/\/die-wetterversicherung.de\/blog\/ist-der-sommer-dieses-jahr-im-fruehling\/#breadcrumb\"},\"inLanguage\":\"de\",\"potentialAction\":[{\"@type\":\"ReadAction\",\"target\":[\"https:\/\/die-wetterversicherung.de\/blog\/ist-der-sommer-dieses-jahr-im-fruehling\/\"]}]},{\"@type\":\"ImageObject\",\"inLanguage\":\"de\",\"@id\":\"https:\/\/die-wetterversicherung.de\/blog\/ist-der-sommer-dieses-jahr-im-fruehling\/#primaryimage\",\"url\":\"https:\/\/die-wetterversicherung.de\/blog\/wp-content\/uploads\/2015\/03\/sonnenuntergang@pixabay.jpg\",\"contentUrl\":\"https:\/\/die-wetterversicherung.de\/blog\/wp-content\/uploads\/2015\/03\/sonnenuntergang@pixabay.jpg\",\"width\":1280,\"height\":900,\"caption\":\"Foto: pixabay\"},{\"@type\":\"BreadcrumbList\",\"@id\":\"https:\/\/die-wetterversicherung.de\/blog\/ist-der-sommer-dieses-jahr-im-fruehling\/#breadcrumb\",\"itemListElement\":[{\"@type\":\"ListItem\",\"position\":1,\"name\":\"Startseite\",\"item\":\"https:\/\/die-wetterversicherung.de\/blog\/\"},{\"@type\":\"ListItem\",\"position\":2,\"name\":\"Ist der Sommer dieses Jahr im Fr\u00fchling?\"}]},{\"@type\":\"WebSite\",\"@id\":\"https:\/\/die-wetterversicherung.de\/blog\/#website\",\"url\":\"https:\/\/die-wetterversicherung.de\/blog\/\",\"name\":\"die-wetterversicherung.de\",\"description\":\"Wetterversicherung-Blog\",\"potentialAction\":[{\"@type\":\"SearchAction\",\"target\":{\"@type\":\"EntryPoint\",\"urlTemplate\":\"https:\/\/die-wetterversicherung.de\/blog\/?s={search_term_string}\"},\"query-input\":{\"@type\":\"PropertyValueSpecification\",\"valueRequired\":true,\"valueName\":\"search_term_string\"}}],\"inLanguage\":\"de\"},{\"@type\":\"Person\",\"@id\":\"https:\/\/die-wetterversicherung.de\/blog\/#\/schema\/person\/ece359d1fb2756d4f371d523c75b881a\",\"name\":\"admin\",\"url\":\"https:\/\/die-wetterversicherung.de\/blog\/author\/admin\/\"}]}<\/script>\n<!-- \/ Yoast SEO plugin. -->","yoast_head_json":{"title":"Ist der Sommer dieses Jahr im Fr\u00fchling? - die-wetterversicherung.de","robots":{"index":"index","follow":"follow","max-snippet":"max-snippet:-1","max-image-preview":"max-image-preview:large","max-video-preview":"max-video-preview:-1"},"canonical":"https:\/\/die-wetterversicherung.de\/blog\/ist-der-sommer-dieses-jahr-im-fruehling\/","og_locale":"de_DE","og_type":"article","og_title":"Ist der Sommer dieses Jahr im Fr\u00fchling? - die-wetterversicherung.de","og_description":"\u00dcber das laufende Fr\u00fchjahr gibt es bisher nichts zu meckern: weitgehend Sonne, Temperaturen bis 18 Grad Celsius. Doch der Sommer k\u00f6nnte 2015 ausfallen. Wer dieses Jahr die Sonne genie\u00dfen, sich mit Freunden im Biergarten treffen oder geplante Au\u00dfenarbeiten erledigen will, sollte das jetzt tun. Die Durchschnittstemperatur liegt bereits 1,3 Grad \u00fcber dem langj\u00e4hrigen Jahresmittel, das &hellip; Weiterlesen","og_url":"https:\/\/die-wetterversicherung.de\/blog\/ist-der-sommer-dieses-jahr-im-fruehling\/","og_site_name":"die-wetterversicherung.de","article_publisher":"https:\/\/www.facebook.com\/diewetterversicherung","article_published_time":"2015-03-18T12:57:13+00:00","article_modified_time":"2015-03-18T13:02:05+00:00","og_image":[{"width":1280,"height":900,"url":"https:\/\/die-wetterversicherung.de\/blog\/wp-content\/uploads\/2015\/03\/sonnenuntergang@pixabay.jpg","type":"image\/jpeg"}],"author":"admin","twitter_card":"summary_large_image","twitter_misc":{"Verfasst von":"admin","Gesch\u00e4tzte Lesezeit":"1\u00a0Minute"},"schema":{"@context":"https:\/\/schema.org","@graph":[{"@type":"WebPage","@id":"https:\/\/die-wetterversicherung.de\/blog\/ist-der-sommer-dieses-jahr-im-fruehling\/","url":"https:\/\/die-wetterversicherung.de\/blog\/ist-der-sommer-dieses-jahr-im-fruehling\/","name":"Ist der Sommer dieses Jahr im Fr\u00fchling? - die-wetterversicherung.de","isPartOf":{"@id":"https:\/\/die-wetterversicherung.de\/blog\/#website"},"primaryImageOfPage":{"@id":"https:\/\/die-wetterversicherung.de\/blog\/ist-der-sommer-dieses-jahr-im-fruehling\/#primaryimage"},"image":{"@id":"https:\/\/die-wetterversicherung.de\/blog\/ist-der-sommer-dieses-jahr-im-fruehling\/#primaryimage"},"thumbnailUrl":"https:\/\/die-wetterversicherung.de\/blog\/wp-content\/uploads\/2015\/03\/sonnenuntergang@pixabay.jpg","datePublished":"2015-03-18T12:57:13+00:00","dateModified":"2015-03-18T13:02:05+00:00","author":{"@id":"https:\/\/die-wetterversicherung.de\/blog\/#\/schema\/person\/ece359d1fb2756d4f371d523c75b881a"},"breadcrumb":{"@id":"https:\/\/die-wetterversicherung.de\/blog\/ist-der-sommer-dieses-jahr-im-fruehling\/#breadcrumb"},"inLanguage":"de","potentialAction":[{"@type":"ReadAction","target":["https:\/\/die-wetterversicherung.de\/blog\/ist-der-sommer-dieses-jahr-im-fruehling\/"]}]},{"@type":"ImageObject","inLanguage":"de","@id":"https:\/\/die-wetterversicherung.de\/blog\/ist-der-sommer-dieses-jahr-im-fruehling\/#primaryimage","url":"https:\/\/die-wetterversicherung.de\/blog\/wp-content\/uploads\/2015\/03\/sonnenuntergang@pixabay.jpg","contentUrl":"https:\/\/die-wetterversicherung.de\/blog\/wp-content\/uploads\/2015\/03\/sonnenuntergang@pixabay.jpg","width":1280,"height":900,"caption":"Foto: pixabay"},{"@type":"BreadcrumbList","@id":"https:\/\/die-wetterversicherung.de\/blog\/ist-der-sommer-dieses-jahr-im-fruehling\/#breadcrumb","itemListElement":[{"@type":"ListItem","position":1,"name":"Startseite","item":"https:\/\/die-wetterversicherung.de\/blog\/"},{"@type":"ListItem","position":2,"name":"Ist der Sommer dieses Jahr im Fr\u00fchling?"}]},{"@type":"WebSite","@id":"https:\/\/die-wetterversicherung.de\/blog\/#website","url":"https:\/\/die-wetterversicherung.de\/blog\/","name":"die-wetterversicherung.de","description":"Wetterversicherung-Blog","potentialAction":[{"@type":"SearchAction","target":{"@type":"EntryPoint","urlTemplate":"https:\/\/die-wetterversicherung.de\/blog\/?s={search_term_string}"},"query-input":{"@type":"PropertyValueSpecification","valueRequired":true,"valueName":"search_term_string"}}],"inLanguage":"de"},{"@type":"Person","@id":"https:\/\/die-wetterversicherung.de\/blog\/#\/schema\/person\/ece359d1fb2756d4f371d523c75b881a","name":"admin","url":"https:\/\/die-wetterversicherung.de\/blog\/author\/admin\/"}]}},"_links":{"self":[{"href":"https:\/\/die-wetterversicherung.de\/blog\/wp-json\/wp\/v2\/posts\/1191","targetHints":{"allow":["GET"]}}],"collection":[{"href":"https:\/\/die-wetterversicherung.de\/blog\/wp-json\/wp\/v2\/posts"}],"about":[{"href":"https:\/\/die-wetterversicherung.de\/blog\/wp-json\/wp\/v2\/types\/post"}],"author":[{"embeddable":true,"href":"https:\/\/die-wetterversicherung.de\/blog\/wp-json\/wp\/v2\/users\/5"}],"replies":[{"embeddable":true,"href":"https:\/\/die-wetterversicherung.de\/blog\/wp-json\/wp\/v2\/comments?post=1191"}],"version-history":[{"count":4,"href":"https:\/\/die-wetterversicherung.de\/blog\/wp-json\/wp\/v2\/posts\/1191\/revisions"}],"predecessor-version":[{"id":1196,"href":"https:\/\/die-wetterversicherung.de\/blog\/wp-json\/wp\/v2\/posts\/1191\/revisions\/1196"}],"wp:featuredmedia":[{"embeddable":true,"href":"https:\/\/die-wetterversicherung.de\/blog\/wp-json\/wp\/v2\/media\/1192"}],"wp:attachment":[{"href":"https:\/\/die-wetterversicherung.de\/blog\/wp-json\/wp\/v2\/media?parent=1191"}],"wp:term":[{"taxonomy":"category","embeddable":true,"href":"https:\/\/die-wetterversicherung.de\/blog\/wp-json\/wp\/v2\/categories?post=1191"},{"taxonomy":"post_tag","embeddable":true,"href":"https:\/\/die-wetterversicherung.de\/blog\/wp-json\/wp\/v2\/tags?post=1191"}],"curies":[{"name":"wp","href":"https:\/\/api.w.org\/{rel}","templated":true}]}}