{"id":1185,"date":"2015-03-11T12:26:09","date_gmt":"2015-03-11T11:26:09","guid":{"rendered":"https:\/\/die-wetterversicherung.de\/?p=1185"},"modified":"2015-03-11T12:52:00","modified_gmt":"2015-03-11T11:52:00","slug":"sonnenfinsternis-energieversorger-bangen-um-stromnetz","status":"publish","type":"post","link":"https:\/\/die-wetterversicherung.de\/blog\/sonnenfinsternis-energieversorger-bangen-um-stromnetz\/","title":{"rendered":"Sonnenfinsternis: Energieversorger bangen um Stromnetz"},"content":{"rendered":"<p><i>Am 20. M\u00e4rz verdunkelt sich die Sonne f\u00fcr zwei Stunden. Die Stromversorger bef\u00fcrchten Einbr\u00fcche im Solarenergienetz.<\/i><\/p>\n<div id=\"attachment_1186\" style=\"width: 300px\" class=\"wp-caption alignright\"><a href=\"https:\/\/die-wetterversicherung.de\/wp-content\/uploads\/2015\/03\/sonnenfinsternis\u00a9pixabay.jpg\"><img loading=\"lazy\" decoding=\"async\" aria-describedby=\"caption-attachment-1186\" class=\"size-medium wp-image-1186\" src=\"https:\/\/die-wetterversicherung.de\/wp-content\/uploads\/2015\/03\/sonnenfinsternis\u00a9pixabay-300x203.jpg\" alt=\"Foto: pixabay.com\" width=\"300\" height=\"203\" srcset=\"https:\/\/die-wetterversicherung.de\/blog\/wp-content\/uploads\/2015\/03\/sonnenfinsternis\u00a9pixabay-300x203.jpg 300w, https:\/\/die-wetterversicherung.de\/blog\/wp-content\/uploads\/2015\/03\/sonnenfinsternis\u00a9pixabay-1024x691.jpg 1024w, https:\/\/die-wetterversicherung.de\/blog\/wp-content\/uploads\/2015\/03\/sonnenfinsternis\u00a9pixabay.jpg 1659w\" sizes=\"auto, (max-width: 300px) 100vw, 300px\" \/><\/a><p id=\"caption-attachment-1186\" class=\"wp-caption-text\">Foto: pixabay.com<\/p><\/div>\n<p>An dem Freitag der kommenden Woche wird in Deutschland ein seltenes Naturereignis zu sehen sein. \u00dcber dem Nordatlantik kommt es zu einer totalen Sonnenfinsternis (SoFi). In Norddeutschland wird sich die Sonne zu 83 Prozent verdunkeln, im S\u00fcden der Bundesrepublik immerhin noch um 67 Prozent.<\/p>\n<p>Doch was f\u00fcr SoFi-Fans ein Erlebnis ist, macht den Stromversorgern Kopfzerbrechen. Denn seit der letzten totalen Sonnenfinsternis 1999 hat sich am Energiemarkt viel getan. Die Einspeisung von Strom aus Photovoltaik-Anlagen hat stetig zugenommen. Sogar so viel, dass an sonnigen Tagen im Sommer die Solaranlagen bald den gesamten Strombedarf Deutschlands abdecken k\u00f6nnten. Doch was aber, wenn die Sonneneinstrahlung ausbleibt? Selbst eine Teilfinsternis, wie die am 20. M\u00e4rz, kann durch die verminderte Einspeisung zu einer Instabilit\u00e4t im Stromnetz f\u00fchren und im schlimmsten Fall zu einem gef\u00fcrchteten Blackout. Der Deutsche Wetterdienst (DWD) hat in Zusammenarbeit mit dem Fraunhofer-Institut IWES Szenarien berechnet, um das zu verhindern.<\/p>\n<p>Auf Basis der Berechnungen k\u00f6nnen nunmehr verbesserte Leistungsprognosen f\u00fcr die deutschen \u00dcbertragungsnetzbetreiber erstellt werden. Diese Prognosen bilden die Grundlage, um notwendige Ma\u00dfnahmen zur Sicherung des Stromnetzes in dieser kritischen Situation vorzubereiten, beispielsweise durch den kurzfristigen Einsatz mehrerer Gaskraftwerke, die den fehlenden PV-Strom ersetzen k\u00f6nnen. Wenige Tage vor der Sonnenfinsternis werden dann spezielle Wettervorhersagen des DWD mit besonderer Ber\u00fccksichtigung der ver\u00e4nderten Globalstrahlung zur Verf\u00fcgung gestellt und unterst\u00fctzen so die jeweiligen Ma\u00dfnahmen zur Stabilisierung des deutschen Stromnetzes.<\/p>\n<p><b>Was passiert bei einer Sonnenfinsternis?<\/b><br \/>\nBei einer Sonnenfinsternis stehen Sonne, Mond und Erde genau in einer Linie. Sobald sich vom jeweiligen Punkt auf der Erde aus gesehen der Mond vor die Sonne schiebt, verdunkelt sich diese. Wissenschaftler sprechen vom Kernschatten des Mondes, der sich auf unseren Planeten wirft. Im <a href=\"https:\/\/www.youtube.com\/watch?v=OmwD8DCyrRY\" target=\"_blank\">Video<\/a> ist der Verlauf der kommenden Sonnenfinsternis zu sehen. In Deutschland wird sich die Sonne ab 9:38 Uhr f\u00fcr etwa zwei Stunden partiell verdunkeln. Der DWD sagt f\u00fcr diesen Vormittag wolkenlosen Himmel voraus, was die Voraussetzung ist, das Naturschauspiel beobachten zu k\u00f6nnen.<\/p>\n<p>Wer in Deutschland \u00fcbrigens die n\u00e4chste totale Sonnenfinsternis beobachten will, muss sich bis zum 3. September 2081 gedulden.<\/p>\n","protected":false},"excerpt":{"rendered":"<p>Am 20. M\u00e4rz verdunkelt sich die Sonne f\u00fcr zwei Stunden. Die Stromversorger bef\u00fcrchten Einbr\u00fcche im Solarenergienetz. An dem Freitag der kommenden Woche wird in Deutschland ein seltenes Naturereignis zu sehen sein. \u00dcber dem Nordatlantik kommt es zu einer totalen Sonnenfinsternis (SoFi). In Norddeutschland wird sich die Sonne zu 83 Prozent verdunkeln, im S\u00fcden der Bundesrepublik &hellip; <\/p>\n<p><a class=\"more-link btn\" href=\"https:\/\/die-wetterversicherung.de\/blog\/sonnenfinsternis-energieversorger-bangen-um-stromnetz\/\">Weiterlesen<\/a><\/p>\n","protected":false},"author":5,"featured_media":1186,"comment_status":"open","ping_status":"closed","sticky":false,"template":"","format":"standard","meta":{"footnotes":""},"categories":[4],"tags":[],"class_list":["post-1185","post","type-post","status-publish","format-standard","has-post-thumbnail","hentry","category-lasst-uns-ubers-wetter-reden","item-wrap"],"yoast_head":"<!-- This site is optimized with the Yoast SEO plugin v26.4 - https:\/\/yoast.com\/wordpress\/plugins\/seo\/ -->\n<title>Sonnenfinsternis: Energieversorger bangen um Stromnetz - die-wetterversicherung.de<\/title>\n<meta name=\"robots\" content=\"index, follow, max-snippet:-1, max-image-preview:large, max-video-preview:-1\" \/>\n<link rel=\"canonical\" href=\"https:\/\/die-wetterversicherung.de\/blog\/sonnenfinsternis-energieversorger-bangen-um-stromnetz\/\" \/>\n<meta property=\"og:locale\" content=\"de_DE\" \/>\n<meta property=\"og:type\" content=\"article\" \/>\n<meta property=\"og:title\" content=\"Sonnenfinsternis: Energieversorger bangen um Stromnetz - die-wetterversicherung.de\" \/>\n<meta property=\"og:description\" content=\"Am 20. M\u00e4rz verdunkelt sich die Sonne f\u00fcr zwei Stunden. Die Stromversorger bef\u00fcrchten Einbr\u00fcche im Solarenergienetz. An dem Freitag der kommenden Woche wird in Deutschland ein seltenes Naturereignis zu sehen sein. \u00dcber dem Nordatlantik kommt es zu einer totalen Sonnenfinsternis (SoFi). In Norddeutschland wird sich die Sonne zu 83 Prozent verdunkeln, im S\u00fcden der Bundesrepublik &hellip; Weiterlesen\" \/>\n<meta property=\"og:url\" content=\"https:\/\/die-wetterversicherung.de\/blog\/sonnenfinsternis-energieversorger-bangen-um-stromnetz\/\" \/>\n<meta property=\"og:site_name\" content=\"die-wetterversicherung.de\" \/>\n<meta property=\"article:publisher\" content=\"https:\/\/www.facebook.com\/diewetterversicherung\" \/>\n<meta property=\"article:published_time\" content=\"2015-03-11T11:26:09+00:00\" \/>\n<meta property=\"article:modified_time\" content=\"2015-03-11T11:52:00+00:00\" \/>\n<meta property=\"og:image\" content=\"https:\/\/die-wetterversicherung.de\/blog\/wp-content\/uploads\/2015\/03\/sonnenfinsternis\u00a9pixabay.jpg\" \/>\n\t<meta property=\"og:image:width\" content=\"1659\" \/>\n\t<meta property=\"og:image:height\" content=\"1120\" \/>\n\t<meta property=\"og:image:type\" content=\"image\/jpeg\" \/>\n<meta name=\"author\" content=\"admin\" \/>\n<meta name=\"twitter:card\" content=\"summary_large_image\" \/>\n<meta name=\"twitter:label1\" content=\"Verfasst von\" \/>\n\t<meta name=\"twitter:data1\" content=\"admin\" \/>\n\t<meta name=\"twitter:label2\" content=\"Gesch\u00e4tzte Lesezeit\" \/>\n\t<meta name=\"twitter:data2\" content=\"2\u00a0Minuten\" \/>\n<script type=\"application\/ld+json\" class=\"yoast-schema-graph\">{\"@context\":\"https:\/\/schema.org\",\"@graph\":[{\"@type\":\"WebPage\",\"@id\":\"https:\/\/die-wetterversicherung.de\/blog\/sonnenfinsternis-energieversorger-bangen-um-stromnetz\/\",\"url\":\"https:\/\/die-wetterversicherung.de\/blog\/sonnenfinsternis-energieversorger-bangen-um-stromnetz\/\",\"name\":\"Sonnenfinsternis: Energieversorger bangen um Stromnetz - die-wetterversicherung.de\",\"isPartOf\":{\"@id\":\"https:\/\/die-wetterversicherung.de\/blog\/#website\"},\"primaryImageOfPage\":{\"@id\":\"https:\/\/die-wetterversicherung.de\/blog\/sonnenfinsternis-energieversorger-bangen-um-stromnetz\/#primaryimage\"},\"image\":{\"@id\":\"https:\/\/die-wetterversicherung.de\/blog\/sonnenfinsternis-energieversorger-bangen-um-stromnetz\/#primaryimage\"},\"thumbnailUrl\":\"https:\/\/die-wetterversicherung.de\/blog\/wp-content\/uploads\/2015\/03\/sonnenfinsternis\u00a9pixabay.jpg\",\"datePublished\":\"2015-03-11T11:26:09+00:00\",\"dateModified\":\"2015-03-11T11:52:00+00:00\",\"author\":{\"@id\":\"https:\/\/die-wetterversicherung.de\/blog\/#\/schema\/person\/ece359d1fb2756d4f371d523c75b881a\"},\"breadcrumb\":{\"@id\":\"https:\/\/die-wetterversicherung.de\/blog\/sonnenfinsternis-energieversorger-bangen-um-stromnetz\/#breadcrumb\"},\"inLanguage\":\"de\",\"potentialAction\":[{\"@type\":\"ReadAction\",\"target\":[\"https:\/\/die-wetterversicherung.de\/blog\/sonnenfinsternis-energieversorger-bangen-um-stromnetz\/\"]}]},{\"@type\":\"ImageObject\",\"inLanguage\":\"de\",\"@id\":\"https:\/\/die-wetterversicherung.de\/blog\/sonnenfinsternis-energieversorger-bangen-um-stromnetz\/#primaryimage\",\"url\":\"https:\/\/die-wetterversicherung.de\/blog\/wp-content\/uploads\/2015\/03\/sonnenfinsternis\u00a9pixabay.jpg\",\"contentUrl\":\"https:\/\/die-wetterversicherung.de\/blog\/wp-content\/uploads\/2015\/03\/sonnenfinsternis\u00a9pixabay.jpg\",\"width\":1659,\"height\":1120,\"caption\":\"Foto: pixabay.com\"},{\"@type\":\"BreadcrumbList\",\"@id\":\"https:\/\/die-wetterversicherung.de\/blog\/sonnenfinsternis-energieversorger-bangen-um-stromnetz\/#breadcrumb\",\"itemListElement\":[{\"@type\":\"ListItem\",\"position\":1,\"name\":\"Startseite\",\"item\":\"https:\/\/die-wetterversicherung.de\/blog\/\"},{\"@type\":\"ListItem\",\"position\":2,\"name\":\"Sonnenfinsternis: Energieversorger bangen um Stromnetz\"}]},{\"@type\":\"WebSite\",\"@id\":\"https:\/\/die-wetterversicherung.de\/blog\/#website\",\"url\":\"https:\/\/die-wetterversicherung.de\/blog\/\",\"name\":\"die-wetterversicherung.de\",\"description\":\"Wetterversicherung-Blog\",\"potentialAction\":[{\"@type\":\"SearchAction\",\"target\":{\"@type\":\"EntryPoint\",\"urlTemplate\":\"https:\/\/die-wetterversicherung.de\/blog\/?s={search_term_string}\"},\"query-input\":{\"@type\":\"PropertyValueSpecification\",\"valueRequired\":true,\"valueName\":\"search_term_string\"}}],\"inLanguage\":\"de\"},{\"@type\":\"Person\",\"@id\":\"https:\/\/die-wetterversicherung.de\/blog\/#\/schema\/person\/ece359d1fb2756d4f371d523c75b881a\",\"name\":\"admin\",\"url\":\"https:\/\/die-wetterversicherung.de\/blog\/author\/admin\/\"}]}<\/script>\n<!-- \/ Yoast SEO plugin. -->","yoast_head_json":{"title":"Sonnenfinsternis: Energieversorger bangen um Stromnetz - die-wetterversicherung.de","robots":{"index":"index","follow":"follow","max-snippet":"max-snippet:-1","max-image-preview":"max-image-preview:large","max-video-preview":"max-video-preview:-1"},"canonical":"https:\/\/die-wetterversicherung.de\/blog\/sonnenfinsternis-energieversorger-bangen-um-stromnetz\/","og_locale":"de_DE","og_type":"article","og_title":"Sonnenfinsternis: Energieversorger bangen um Stromnetz - die-wetterversicherung.de","og_description":"Am 20. M\u00e4rz verdunkelt sich die Sonne f\u00fcr zwei Stunden. Die Stromversorger bef\u00fcrchten Einbr\u00fcche im Solarenergienetz. An dem Freitag der kommenden Woche wird in Deutschland ein seltenes Naturereignis zu sehen sein. \u00dcber dem Nordatlantik kommt es zu einer totalen Sonnenfinsternis (SoFi). In Norddeutschland wird sich die Sonne zu 83 Prozent verdunkeln, im S\u00fcden der Bundesrepublik &hellip; Weiterlesen","og_url":"https:\/\/die-wetterversicherung.de\/blog\/sonnenfinsternis-energieversorger-bangen-um-stromnetz\/","og_site_name":"die-wetterversicherung.de","article_publisher":"https:\/\/www.facebook.com\/diewetterversicherung","article_published_time":"2015-03-11T11:26:09+00:00","article_modified_time":"2015-03-11T11:52:00+00:00","og_image":[{"width":1659,"height":1120,"url":"https:\/\/die-wetterversicherung.de\/blog\/wp-content\/uploads\/2015\/03\/sonnenfinsternis\u00a9pixabay.jpg","type":"image\/jpeg"}],"author":"admin","twitter_card":"summary_large_image","twitter_misc":{"Verfasst von":"admin","Gesch\u00e4tzte Lesezeit":"2\u00a0Minuten"},"schema":{"@context":"https:\/\/schema.org","@graph":[{"@type":"WebPage","@id":"https:\/\/die-wetterversicherung.de\/blog\/sonnenfinsternis-energieversorger-bangen-um-stromnetz\/","url":"https:\/\/die-wetterversicherung.de\/blog\/sonnenfinsternis-energieversorger-bangen-um-stromnetz\/","name":"Sonnenfinsternis: Energieversorger bangen um Stromnetz - die-wetterversicherung.de","isPartOf":{"@id":"https:\/\/die-wetterversicherung.de\/blog\/#website"},"primaryImageOfPage":{"@id":"https:\/\/die-wetterversicherung.de\/blog\/sonnenfinsternis-energieversorger-bangen-um-stromnetz\/#primaryimage"},"image":{"@id":"https:\/\/die-wetterversicherung.de\/blog\/sonnenfinsternis-energieversorger-bangen-um-stromnetz\/#primaryimage"},"thumbnailUrl":"https:\/\/die-wetterversicherung.de\/blog\/wp-content\/uploads\/2015\/03\/sonnenfinsternis\u00a9pixabay.jpg","datePublished":"2015-03-11T11:26:09+00:00","dateModified":"2015-03-11T11:52:00+00:00","author":{"@id":"https:\/\/die-wetterversicherung.de\/blog\/#\/schema\/person\/ece359d1fb2756d4f371d523c75b881a"},"breadcrumb":{"@id":"https:\/\/die-wetterversicherung.de\/blog\/sonnenfinsternis-energieversorger-bangen-um-stromnetz\/#breadcrumb"},"inLanguage":"de","potentialAction":[{"@type":"ReadAction","target":["https:\/\/die-wetterversicherung.de\/blog\/sonnenfinsternis-energieversorger-bangen-um-stromnetz\/"]}]},{"@type":"ImageObject","inLanguage":"de","@id":"https:\/\/die-wetterversicherung.de\/blog\/sonnenfinsternis-energieversorger-bangen-um-stromnetz\/#primaryimage","url":"https:\/\/die-wetterversicherung.de\/blog\/wp-content\/uploads\/2015\/03\/sonnenfinsternis\u00a9pixabay.jpg","contentUrl":"https:\/\/die-wetterversicherung.de\/blog\/wp-content\/uploads\/2015\/03\/sonnenfinsternis\u00a9pixabay.jpg","width":1659,"height":1120,"caption":"Foto: pixabay.com"},{"@type":"BreadcrumbList","@id":"https:\/\/die-wetterversicherung.de\/blog\/sonnenfinsternis-energieversorger-bangen-um-stromnetz\/#breadcrumb","itemListElement":[{"@type":"ListItem","position":1,"name":"Startseite","item":"https:\/\/die-wetterversicherung.de\/blog\/"},{"@type":"ListItem","position":2,"name":"Sonnenfinsternis: Energieversorger bangen um Stromnetz"}]},{"@type":"WebSite","@id":"https:\/\/die-wetterversicherung.de\/blog\/#website","url":"https:\/\/die-wetterversicherung.de\/blog\/","name":"die-wetterversicherung.de","description":"Wetterversicherung-Blog","potentialAction":[{"@type":"SearchAction","target":{"@type":"EntryPoint","urlTemplate":"https:\/\/die-wetterversicherung.de\/blog\/?s={search_term_string}"},"query-input":{"@type":"PropertyValueSpecification","valueRequired":true,"valueName":"search_term_string"}}],"inLanguage":"de"},{"@type":"Person","@id":"https:\/\/die-wetterversicherung.de\/blog\/#\/schema\/person\/ece359d1fb2756d4f371d523c75b881a","name":"admin","url":"https:\/\/die-wetterversicherung.de\/blog\/author\/admin\/"}]}},"_links":{"self":[{"href":"https:\/\/die-wetterversicherung.de\/blog\/wp-json\/wp\/v2\/posts\/1185","targetHints":{"allow":["GET"]}}],"collection":[{"href":"https:\/\/die-wetterversicherung.de\/blog\/wp-json\/wp\/v2\/posts"}],"about":[{"href":"https:\/\/die-wetterversicherung.de\/blog\/wp-json\/wp\/v2\/types\/post"}],"author":[{"embeddable":true,"href":"https:\/\/die-wetterversicherung.de\/blog\/wp-json\/wp\/v2\/users\/5"}],"replies":[{"embeddable":true,"href":"https:\/\/die-wetterversicherung.de\/blog\/wp-json\/wp\/v2\/comments?post=1185"}],"version-history":[{"count":4,"href":"https:\/\/die-wetterversicherung.de\/blog\/wp-json\/wp\/v2\/posts\/1185\/revisions"}],"predecessor-version":[{"id":1190,"href":"https:\/\/die-wetterversicherung.de\/blog\/wp-json\/wp\/v2\/posts\/1185\/revisions\/1190"}],"wp:featuredmedia":[{"embeddable":true,"href":"https:\/\/die-wetterversicherung.de\/blog\/wp-json\/wp\/v2\/media\/1186"}],"wp:attachment":[{"href":"https:\/\/die-wetterversicherung.de\/blog\/wp-json\/wp\/v2\/media?parent=1185"}],"wp:term":[{"taxonomy":"category","embeddable":true,"href":"https:\/\/die-wetterversicherung.de\/blog\/wp-json\/wp\/v2\/categories?post=1185"},{"taxonomy":"post_tag","embeddable":true,"href":"https:\/\/die-wetterversicherung.de\/blog\/wp-json\/wp\/v2\/tags?post=1185"}],"curies":[{"name":"wp","href":"https:\/\/api.w.org\/{rel}","templated":true}]}}